{"id":5253,"date":"2014-08-06T07:54:22","date_gmt":"2014-08-06T05:54:22","guid":{"rendered":"http:\/\/budo.wordpress.dev\/2014\/08\/06\/mia-tornblom-om-att-forelasa-pa-kampsportsfestivalen-tjejkampen\/"},"modified":"2016-12-06T22:38:06","modified_gmt":"2016-12-06T21:38:06","slug":"mia-tornblom-om-att-forelasa-pa-kampsportsfestivalen-tjejkampen","status":"publish","type":"post","link":"https:\/\/www.budokampsport.se\/2014\/08\/06\/mia-tornblom-om-att-forelasa-pa-kampsportsfestivalen-tjejkampen\/","title":{"rendered":"Mia T\u00f6rnblom om att f\u00f6rel\u00e4sa p\u00e5 \u201dKampsportsfestivalen \u2013 tjejkampen\u201d"},"content":{"rendered":"<p><strong><img decoding=\"async\" alt=\"\" src=\"\/sites\/default\/files\/mia-tornblom.jpg\" style=\"float:right; height:164px; width:125px\">Inspirat\u00f6ren och f\u00f6rel\u00e4saren Mia T\u00f6rnblom ska f\u00f6rel\u00e4sa i samband med \u201dKampsportsfestivalen \u2013 tjejkampen\u201d. T\u00f6rnblom kommer att prata om bland annat det personliga ledarskapet. F\u00f6rel\u00e4sningen \u00e4r gratis f\u00f6r medlemmar i Svenska Budo &#038; Kampsportsf\u00f6rbundet.<br \/>\u00a0\u00a0 &#8211; Det k\u00e4nns roligt att f\u00e5 g\u00f6ra n\u00e5got tillsammans med kampsportare, s\u00e4ger hon till budokampsport.se.<\/strong><!--break--><\/p>\n<p>Den 30:e augusti \u00e4r det dags f\u00f6r en heldag i kampsportens tecken. I Eriksdalshallen p\u00e5 S\u00f6dermalm kommer f\u00f6r f\u00f6rsta g\u00e5ngen \u201dKampsportsfestivalen \u2013 tjejkampen\u201d att h\u00e5llas.<\/p>\n<p>En som kommer att n\u00e4rvara \u00e4r inspirat\u00f6ren och f\u00f6rel\u00e4saren Mia T\u00f6rnblom.<br \/>\u00a0\u00a0 &#8211; Jag kommer att prata om det personliga ledarskapet och sj\u00e4lvk\u00e4nsla. Det kanske inte l\u00e5ter s\u00e5 s\u00e4rskilt kul, men jag lovar, jag \u00e4r rolig, s\u00e4ger hon.<\/p>\n<p><strong>&#8220;Hade g\u00e4rna tr\u00e4nat kampsport&#8221;<\/strong><br \/>Mia T\u00f6rnblom har sj\u00e4lv ingen kampsportsbakgrund, men \u00e4r \u00e4nd\u00e5 fascinerad av idrottsformen.<br \/>\u00a0\u00a0 &#8211; Jag har tyv\u00e4rr ingen bakgrund inom kampsport, jag har spelat fotboll sj\u00e4lv. Men hade jag kunnat g\u00f6ra en del saker annorlunda hade jag g\u00e4rna tr\u00e4nat kampsport, och det \u00e4r inget jag bara s\u00e4ger utan kampsport, och speciellt som tjej, m\u00e5ste ge en v\u00e4ldig trygghet samtidigt som jag vet att det \u00e4r en oerh\u00f6rt bra tr\u00e4ning. Men det ska bli kul att f\u00e5 lite kontakt med kampsportare.<\/p>\n<p>F\u00f6r mer information om Mia som f\u00f6rel\u00e4sare, se http:\/\/mtgruppen.com\/personal\/mia-tornblom<\/p>\n<p><a href=\"http:\/\/educationwebregistration.idrottonline.se\/Wizard\">H\u00e4r anm\u00e4ler du dig till f\u00f6rel\u00e4sningen &#8220;Vikten av god sj\u00e4lvk\u00e4nsla&#8221;<\/a>.<br \/><em>(Antalet platser \u00e4r begr\u00e4nsade och d\u00e4rf\u00f6r till\u00e4mpas f\u00f6rst-till-kvarn-principen. F\u00f6rel\u00e4sningen \u00e4r gratis, men till f\u00f6r endast kvinnliga medlemmar i SB&#038;K)<\/em><\/p>\n<p>Text: Jonathan Broberg<br \/>Foto: Peter Knutsson<\/p>\n","protected":false},"excerpt":{"rendered":"<p><strong><img decoding=\"async\" alt=\"\" src=\"\/sites\/default\/files\/mia-tornblom.jpg\" style=\"float:right; height:164px; width:125px\">Inspirat\u00f6ren och f\u00f6rel\u00e4saren Mia T\u00f6rnblom ska f\u00f6rel\u00e4sa i samband med \u201dKampsportsfestivalen \u2013 tjejkampen\u201d. T\u00f6rnblom kommer att prata om bland annat det personliga ledarskapet. F\u00f6rel\u00e4sningen \u00e4r gratis f\u00f6r medlemmar i Svenska Budo &#038; Kampsportsf\u00f6rbundet.<br \/>\u00a0\u00a0 &#8211; Det k\u00e4nns roligt att f\u00e5 g\u00f6ra n\u00e5got tillsammans med kampsportare, s\u00e4ger hon till budokampsport.se.<\/strong><\/p><br>","protected":false},"author":7,"featured_media":0,"comment_status":"closed","ping_status":"closed","sticky":false,"template":"","format":"standard","meta":{"_acf_changed":false,"footnotes":""},"categories":[1],"tags":[],"class_list":["post-5253","post","type-post","status-publish","format-standard","hentry","category-okategoriserade"],"acf":[],"yoast_head":"<!-- This site is optimized with the Yoast SEO plugin v26.8 - https:\/\/yoast.com\/product\/yoast-seo-wordpress\/ -->\n<title>Mia T\u00f6rnblom om att f\u00f6rel\u00e4sa p\u00e5 \u201dKampsportsfestivalen \u2013 tjejkampen\u201d - Svenska Budo &amp; Kampsportsf\u00f6rbundet<\/title>\n<meta name=\"description\" content=\"Inspirat\u00f6ren och f\u00f6rel\u00e4saren Mia T\u00f6rnblom ska f\u00f6rel\u00e4sa i samband med \u201dKampsportsfestivalen \u2013 tjejkampen\u201d. T\u00f6rnblom kommer att prata om bland annat det personliga ledarskapet. F\u00f6rel\u00e4sningen \u00e4r gratis f\u00f6r medlemmar i Svenska Budo &amp; Kampsportsf\u00f6rbundet.\u00a0\u00a0 - Det k\u00e4nns roligt att f\u00e5 g\u00f6ra n\u00e5got tillsammans med kampsportare, s\u00e4ger hon till budokampsport.se.\" \/>\n<meta name=\"robots\" content=\"index, follow, max-snippet:-1, max-image-preview:large, max-video-preview:-1\" \/>\n<link rel=\"canonical\" href=\"https:\/\/www.budokampsport.se\/2014\/08\/06\/mia-tornblom-om-att-forelasa-pa-kampsportsfestivalen-tjejkampen\/\" \/>\n<meta property=\"og:locale\" content=\"sv_SE\" \/>\n<meta property=\"og:type\" content=\"article\" \/>\n<meta property=\"og:title\" content=\"Mia T\u00f6rnblom om att f\u00f6rel\u00e4sa p\u00e5 \u201dKampsportsfestivalen \u2013 tjejkampen\u201d - Svenska Budo &amp; Kampsportsf\u00f6rbundet\" \/>\n<meta property=\"og:description\" content=\"Inspirat\u00f6ren och f\u00f6rel\u00e4saren Mia T\u00f6rnblom ska f\u00f6rel\u00e4sa i samband med \u201dKampsportsfestivalen \u2013 tjejkampen\u201d. T\u00f6rnblom kommer att prata om bland annat det personliga ledarskapet. F\u00f6rel\u00e4sningen \u00e4r gratis f\u00f6r medlemmar i Svenska Budo &amp; Kampsportsf\u00f6rbundet.\u00a0\u00a0 - Det k\u00e4nns roligt att f\u00e5 g\u00f6ra n\u00e5got tillsammans med kampsportare, s\u00e4ger hon till budokampsport.se.\" \/>\n<meta property=\"og:url\" content=\"https:\/\/www.budokampsport.se\/2014\/08\/06\/mia-tornblom-om-att-forelasa-pa-kampsportsfestivalen-tjejkampen\/\" \/>\n<meta property=\"og:site_name\" content=\"Svenska Budo &amp; Kampsportsf\u00f6rbundet\" \/>\n<meta property=\"article:author\" content=\"https:\/\/www.facebook.com\/jonathan.broberg.7\" \/>\n<meta property=\"article:published_time\" content=\"2014-08-06T05:54:22+00:00\" \/>\n<meta property=\"article:modified_time\" content=\"2016-12-06T21:38:06+00:00\" \/>\n<meta name=\"author\" content=\"Jonathan Broberg\" \/>\n<meta name=\"twitter:card\" content=\"summary_large_image\" \/>\n<meta name=\"twitter:label1\" content=\"Skriven av\" \/>\n\t<meta name=\"twitter:data1\" content=\"Jonathan Broberg\" \/>\n\t<meta name=\"twitter:label2\" content=\"Ber\u00e4knad l\u00e4stid\" \/>\n\t<meta name=\"twitter:data2\" content=\"2 minuter\" \/>\n<script type=\"application\/ld+json\" class=\"yoast-schema-graph\">{\"@context\":\"https:\/\/schema.org\",\"@graph\":[{\"@type\":\"Article\",\"@id\":\"https:\/\/www.budokampsport.se\/2014\/08\/06\/mia-tornblom-om-att-forelasa-pa-kampsportsfestivalen-tjejkampen\/#article\",\"isPartOf\":{\"@id\":\"https:\/\/www.budokampsport.se\/2014\/08\/06\/mia-tornblom-om-att-forelasa-pa-kampsportsfestivalen-tjejkampen\/\"},\"author\":{\"name\":\"Jonathan Broberg\",\"@id\":\"https:\/\/www.budokampsport.se\/#\/schema\/person\/5c06d81d14850e2a8ce5493386560145\"},\"headline\":\"Mia T\u00f6rnblom om att f\u00f6rel\u00e4sa p\u00e5 \u201dKampsportsfestivalen \u2013 tjejkampen\u201d\",\"datePublished\":\"2014-08-06T05:54:22+00:00\",\"dateModified\":\"2016-12-06T21:38:06+00:00\",\"mainEntityOfPage\":{\"@id\":\"https:\/\/www.budokampsport.se\/2014\/08\/06\/mia-tornblom-om-att-forelasa-pa-kampsportsfestivalen-tjejkampen\/\"},\"wordCount\":312,\"inLanguage\":\"sv-SE\"},{\"@type\":\"WebPage\",\"@id\":\"https:\/\/www.budokampsport.se\/2014\/08\/06\/mia-tornblom-om-att-forelasa-pa-kampsportsfestivalen-tjejkampen\/\",\"url\":\"https:\/\/www.budokampsport.se\/2014\/08\/06\/mia-tornblom-om-att-forelasa-pa-kampsportsfestivalen-tjejkampen\/\",\"name\":\"Mia T\u00f6rnblom om att f\u00f6rel\u00e4sa p\u00e5 \u201dKampsportsfestivalen \u2013 tjejkampen\u201d - Svenska Budo &amp; Kampsportsf\u00f6rbundet\",\"isPartOf\":{\"@id\":\"https:\/\/www.budokampsport.se\/#website\"},\"datePublished\":\"2014-08-06T05:54:22+00:00\",\"dateModified\":\"2016-12-06T21:38:06+00:00\",\"author\":{\"@id\":\"https:\/\/www.budokampsport.se\/#\/schema\/person\/5c06d81d14850e2a8ce5493386560145\"},\"description\":\"Inspirat\u00f6ren och f\u00f6rel\u00e4saren Mia T\u00f6rnblom ska f\u00f6rel\u00e4sa i samband med \u201dKampsportsfestivalen \u2013 tjejkampen\u201d. T\u00f6rnblom kommer att prata om bland annat det personliga ledarskapet. F\u00f6rel\u00e4sningen \u00e4r gratis f\u00f6r medlemmar i Svenska Budo & Kampsportsf\u00f6rbundet.\u00a0\u00a0 - Det k\u00e4nns roligt att f\u00e5 g\u00f6ra n\u00e5got tillsammans med kampsportare, s\u00e4ger hon till budokampsport.se.\",\"breadcrumb\":{\"@id\":\"https:\/\/www.budokampsport.se\/2014\/08\/06\/mia-tornblom-om-att-forelasa-pa-kampsportsfestivalen-tjejkampen\/#breadcrumb\"},\"inLanguage\":\"sv-SE\",\"potentialAction\":[{\"@type\":\"ReadAction\",\"target\":[\"https:\/\/www.budokampsport.se\/2014\/08\/06\/mia-tornblom-om-att-forelasa-pa-kampsportsfestivalen-tjejkampen\/\"]}]},{\"@type\":\"BreadcrumbList\",\"@id\":\"https:\/\/www.budokampsport.se\/2014\/08\/06\/mia-tornblom-om-att-forelasa-pa-kampsportsfestivalen-tjejkampen\/#breadcrumb\",\"itemListElement\":[{\"@type\":\"ListItem\",\"position\":1,\"name\":\"Hem\",\"item\":\"https:\/\/www.budokampsport.se\/\"},{\"@type\":\"ListItem\",\"position\":2,\"name\":\"Mia T\u00f6rnblom om att f\u00f6rel\u00e4sa p\u00e5 \u201dKampsportsfestivalen \u2013 tjejkampen\u201d\"}]},{\"@type\":\"WebSite\",\"@id\":\"https:\/\/www.budokampsport.se\/#website\",\"url\":\"https:\/\/www.budokampsport.se\/\",\"name\":\"Svenska Budo &amp; Kampsportsf\u00f6rbundet\",\"description\":\"T\u00e4vling, Tr\u00e4ning, Tradition\",\"potentialAction\":[{\"@type\":\"SearchAction\",\"target\":{\"@type\":\"EntryPoint\",\"urlTemplate\":\"https:\/\/www.budokampsport.se\/?s={search_term_string}\"},\"query-input\":{\"@type\":\"PropertyValueSpecification\",\"valueRequired\":true,\"valueName\":\"search_term_string\"}}],\"inLanguage\":\"sv-SE\"},{\"@type\":\"Person\",\"@id\":\"https:\/\/www.budokampsport.se\/#\/schema\/person\/5c06d81d14850e2a8ce5493386560145\",\"name\":\"Jonathan Broberg\",\"image\":{\"@type\":\"ImageObject\",\"inLanguage\":\"sv-SE\",\"@id\":\"https:\/\/www.budokampsport.se\/#\/schema\/person\/image\/\",\"url\":\"https:\/\/secure.gravatar.com\/avatar\/a58041c6cea9128bd9c40ee2f26d4136?s=96&d=blank&r=g\",\"contentUrl\":\"https:\/\/secure.gravatar.com\/avatar\/a58041c6cea9128bd9c40ee2f26d4136?s=96&d=blank&r=g\",\"caption\":\"Jonathan Broberg\"},\"sameAs\":[\"https:\/\/www.facebook.com\/jonathan.broberg.7\"],\"url\":\"https:\/\/www.budokampsport.se\/author\/jonathan\/\"}]}<\/script>\n<!-- \/ Yoast SEO plugin. -->","yoast_head_json":{"title":"Mia T\u00f6rnblom om att f\u00f6rel\u00e4sa p\u00e5 \u201dKampsportsfestivalen \u2013 tjejkampen\u201d - Svenska Budo &amp; Kampsportsf\u00f6rbundet","description":"Inspirat\u00f6ren och f\u00f6rel\u00e4saren Mia T\u00f6rnblom ska f\u00f6rel\u00e4sa i samband med \u201dKampsportsfestivalen \u2013 tjejkampen\u201d. T\u00f6rnblom kommer att prata om bland annat det personliga ledarskapet. F\u00f6rel\u00e4sningen \u00e4r gratis f\u00f6r medlemmar i Svenska Budo & Kampsportsf\u00f6rbundet.\u00a0\u00a0 - Det k\u00e4nns roligt att f\u00e5 g\u00f6ra n\u00e5got tillsammans med kampsportare, s\u00e4ger hon till budokampsport.se.","robots":{"index":"index","follow":"follow","max-snippet":"max-snippet:-1","max-image-preview":"max-image-preview:large","max-video-preview":"max-video-preview:-1"},"canonical":"https:\/\/www.budokampsport.se\/2014\/08\/06\/mia-tornblom-om-att-forelasa-pa-kampsportsfestivalen-tjejkampen\/","og_locale":"sv_SE","og_type":"article","og_title":"Mia T\u00f6rnblom om att f\u00f6rel\u00e4sa p\u00e5 \u201dKampsportsfestivalen \u2013 tjejkampen\u201d - Svenska Budo &amp; Kampsportsf\u00f6rbundet","og_description":"Inspirat\u00f6ren och f\u00f6rel\u00e4saren Mia T\u00f6rnblom ska f\u00f6rel\u00e4sa i samband med \u201dKampsportsfestivalen \u2013 tjejkampen\u201d. T\u00f6rnblom kommer att prata om bland annat det personliga ledarskapet. F\u00f6rel\u00e4sningen \u00e4r gratis f\u00f6r medlemmar i Svenska Budo & Kampsportsf\u00f6rbundet.\u00a0\u00a0 - Det k\u00e4nns roligt att f\u00e5 g\u00f6ra n\u00e5got tillsammans med kampsportare, s\u00e4ger hon till budokampsport.se.","og_url":"https:\/\/www.budokampsport.se\/2014\/08\/06\/mia-tornblom-om-att-forelasa-pa-kampsportsfestivalen-tjejkampen\/","og_site_name":"Svenska Budo &amp; Kampsportsf\u00f6rbundet","article_author":"https:\/\/www.facebook.com\/jonathan.broberg.7","article_published_time":"2014-08-06T05:54:22+00:00","article_modified_time":"2016-12-06T21:38:06+00:00","author":"Jonathan Broberg","twitter_card":"summary_large_image","twitter_misc":{"Skriven av":"Jonathan Broberg","Ber\u00e4knad l\u00e4stid":"2 minuter"},"schema":{"@context":"https:\/\/schema.org","@graph":[{"@type":"Article","@id":"https:\/\/www.budokampsport.se\/2014\/08\/06\/mia-tornblom-om-att-forelasa-pa-kampsportsfestivalen-tjejkampen\/#article","isPartOf":{"@id":"https:\/\/www.budokampsport.se\/2014\/08\/06\/mia-tornblom-om-att-forelasa-pa-kampsportsfestivalen-tjejkampen\/"},"author":{"name":"Jonathan Broberg","@id":"https:\/\/www.budokampsport.se\/#\/schema\/person\/5c06d81d14850e2a8ce5493386560145"},"headline":"Mia T\u00f6rnblom om att f\u00f6rel\u00e4sa p\u00e5 \u201dKampsportsfestivalen \u2013 tjejkampen\u201d","datePublished":"2014-08-06T05:54:22+00:00","dateModified":"2016-12-06T21:38:06+00:00","mainEntityOfPage":{"@id":"https:\/\/www.budokampsport.se\/2014\/08\/06\/mia-tornblom-om-att-forelasa-pa-kampsportsfestivalen-tjejkampen\/"},"wordCount":312,"inLanguage":"sv-SE"},{"@type":"WebPage","@id":"https:\/\/www.budokampsport.se\/2014\/08\/06\/mia-tornblom-om-att-forelasa-pa-kampsportsfestivalen-tjejkampen\/","url":"https:\/\/www.budokampsport.se\/2014\/08\/06\/mia-tornblom-om-att-forelasa-pa-kampsportsfestivalen-tjejkampen\/","name":"Mia T\u00f6rnblom om att f\u00f6rel\u00e4sa p\u00e5 \u201dKampsportsfestivalen \u2013 tjejkampen\u201d - Svenska Budo &amp; Kampsportsf\u00f6rbundet","isPartOf":{"@id":"https:\/\/www.budokampsport.se\/#website"},"datePublished":"2014-08-06T05:54:22+00:00","dateModified":"2016-12-06T21:38:06+00:00","author":{"@id":"https:\/\/www.budokampsport.se\/#\/schema\/person\/5c06d81d14850e2a8ce5493386560145"},"description":"Inspirat\u00f6ren och f\u00f6rel\u00e4saren Mia T\u00f6rnblom ska f\u00f6rel\u00e4sa i samband med \u201dKampsportsfestivalen \u2013 tjejkampen\u201d. T\u00f6rnblom kommer att prata om bland annat det personliga ledarskapet. F\u00f6rel\u00e4sningen \u00e4r gratis f\u00f6r medlemmar i Svenska Budo & Kampsportsf\u00f6rbundet.\u00a0\u00a0 - Det k\u00e4nns roligt att f\u00e5 g\u00f6ra n\u00e5got tillsammans med kampsportare, s\u00e4ger hon till budokampsport.se.","breadcrumb":{"@id":"https:\/\/www.budokampsport.se\/2014\/08\/06\/mia-tornblom-om-att-forelasa-pa-kampsportsfestivalen-tjejkampen\/#breadcrumb"},"inLanguage":"sv-SE","potentialAction":[{"@type":"ReadAction","target":["https:\/\/www.budokampsport.se\/2014\/08\/06\/mia-tornblom-om-att-forelasa-pa-kampsportsfestivalen-tjejkampen\/"]}]},{"@type":"BreadcrumbList","@id":"https:\/\/www.budokampsport.se\/2014\/08\/06\/mia-tornblom-om-att-forelasa-pa-kampsportsfestivalen-tjejkampen\/#breadcrumb","itemListElement":[{"@type":"ListItem","position":1,"name":"Hem","item":"https:\/\/www.budokampsport.se\/"},{"@type":"ListItem","position":2,"name":"Mia T\u00f6rnblom om att f\u00f6rel\u00e4sa p\u00e5 \u201dKampsportsfestivalen \u2013 tjejkampen\u201d"}]},{"@type":"WebSite","@id":"https:\/\/www.budokampsport.se\/#website","url":"https:\/\/www.budokampsport.se\/","name":"Svenska Budo &amp; Kampsportsf\u00f6rbundet","description":"T\u00e4vling, Tr\u00e4ning, Tradition","potentialAction":[{"@type":"SearchAction","target":{"@type":"EntryPoint","urlTemplate":"https:\/\/www.budokampsport.se\/?s={search_term_string}"},"query-input":{"@type":"PropertyValueSpecification","valueRequired":true,"valueName":"search_term_string"}}],"inLanguage":"sv-SE"},{"@type":"Person","@id":"https:\/\/www.budokampsport.se\/#\/schema\/person\/5c06d81d14850e2a8ce5493386560145","name":"Jonathan Broberg","image":{"@type":"ImageObject","inLanguage":"sv-SE","@id":"https:\/\/www.budokampsport.se\/#\/schema\/person\/image\/","url":"https:\/\/secure.gravatar.com\/avatar\/a58041c6cea9128bd9c40ee2f26d4136?s=96&d=blank&r=g","contentUrl":"https:\/\/secure.gravatar.com\/avatar\/a58041c6cea9128bd9c40ee2f26d4136?s=96&d=blank&r=g","caption":"Jonathan Broberg"},"sameAs":["https:\/\/www.facebook.com\/jonathan.broberg.7"],"url":"https:\/\/www.budokampsport.se\/author\/jonathan\/"}]}},"_links":{"self":[{"href":"https:\/\/www.budokampsport.se\/api\/wp\/v2\/posts\/5253","targetHints":{"allow":["GET"]}}],"collection":[{"href":"https:\/\/www.budokampsport.se\/api\/wp\/v2\/posts"}],"about":[{"href":"https:\/\/www.budokampsport.se\/api\/wp\/v2\/types\/post"}],"author":[{"embeddable":true,"href":"https:\/\/www.budokampsport.se\/api\/wp\/v2\/users\/7"}],"replies":[{"embeddable":true,"href":"https:\/\/www.budokampsport.se\/api\/wp\/v2\/comments?post=5253"}],"version-history":[{"count":0,"href":"https:\/\/www.budokampsport.se\/api\/wp\/v2\/posts\/5253\/revisions"}],"wp:attachment":[{"href":"https:\/\/www.budokampsport.se\/api\/wp\/v2\/media?parent=5253"}],"wp:term":[{"taxonomy":"category","embeddable":true,"href":"https:\/\/www.budokampsport.se\/api\/wp\/v2\/categories?post=5253"},{"taxonomy":"post_tag","embeddable":true,"href":"https:\/\/www.budokampsport.se\/api\/wp\/v2\/tags?post=5253"}],"curies":[{"name":"wp","href":"https:\/\/api.w.org\/{rel}","templated":true}]}}