{"id":52575,"date":"2017-10-30T10:53:04","date_gmt":"2017-10-30T09:53:04","guid":{"rendered":"http:\/\/www.budokampsport.se\/?p=52575"},"modified":"2017-10-30T10:53:04","modified_gmt":"2017-10-30T09:53:04","slug":"camilla-danielsson-klar-match-mot-sarai-medina","status":"publish","type":"post","link":"https:\/\/www.budokampsport.se\/2017\/10\/30\/camilla-danielsson-klar-match-mot-sarai-medina\/","title":{"rendered":"Camilla Danielsson klar f\u00f6r match mot Sarai Medina"},"content":{"rendered":"<p><strong>Camilla Danielsson \u00e4r klar<\/strong> f\u00f6r match mot Sarai Medina den 11:e november i Spanien. Camilla tog brons under europam\u00e4sterskapen och vann matchen dessf\u00f6rinnan mot Ellinor Ekstr\u00f6m i september. Nu v\u00e4ntar matchen mot spanjorskan Sarai, \u00e4ven kallad Iron Lady, p\u00e5 Nak8Muay i Bellvei utanf\u00f6r Barcelona.<\/p>\n<p>&#8211; <em>Formen k\u00e4nns fortfarande bra, jag b\u00f6rjade tr\u00e4na direkt igen n\u00e4r jag kom hem fr\u00e5n EM. Jag hann vila ett par dagar i Paris s\u00e5 det var bara att k\u00f6ra ig\u00e5ng och jag tar med mig den bra k\u00e4nslan jag hade i Paris<\/em>, s\u00e4ger Camilla Danielsson till budokampsport.se<\/p>\n<p><strong>Tidigare har Sarai<\/strong> m\u00f6tt Johanna Rydberg i EM 2013, en match hon f\u00f6rlorade mot svenskan.<\/p>\n<p>&#8211; <em>Jag vet att Sarai \u00e4r tuff och har g\u00e5tt fler matcher \u00e4n mig och t\u00e4vlat p\u00e5 internationell niv\u00e5 och jag kommer in som underdog p\u00e5 hennes hemmaplan, men det sporrar mig bara. Jag har\u00a0snackat med Johanna lite men det var l\u00e4nge sen hon m\u00f6tte Sarai, typ fyra eller fem \u00e5r sen, s\u00e5 mycket kan ha h\u00e4nt sen dess<\/em>, s\u00e4ger Camilla till budokampsport.se<\/p>\n<p><b>Nu ser Camilla\u00a0<\/b>fram emot att f\u00e5 g\u00e5 match utan amat\u00f6rregler.<\/p>\n<p>&#8211; <em>Jag hoppas att jag kommer f\u00e5 visa p\u00e5 lite mer clinch nu n\u00e4r det varken \u00e4r en hj\u00e4lm eller armb\u00e5gsskydd i v\u00e4gen<\/em>, s\u00e4ger Camilla.<\/p>\n<p>Text: Annie Bondefelt<br \/>\nFoto: Nak8Muay<\/p>\n","protected":false},"excerpt":{"rendered":"<p>Camilla Danielsson \u00e4r klar f\u00f6r match mot Sarai Medina den [&#8230;]<\/p><br>","protected":false},"author":120,"featured_media":50768,"comment_status":"open","ping_status":"open","sticky":false,"template":"","format":"standard","meta":{"_acf_changed":false,"footnotes":""},"categories":[1],"tags":[],"class_list":["post-52575","post","type-post","status-publish","format-standard","has-post-thumbnail","hentry","category-okategoriserade"],"acf":[],"yoast_head":"<!-- This site is optimized with the Yoast SEO plugin v26.8 - https:\/\/yoast.com\/product\/yoast-seo-wordpress\/ -->\n<title>Camilla Danielsson klar f\u00f6r match mot Sarai Medina - Svenska Budo &amp; Kampsportsf\u00f6rbundet<\/title>\n<meta name=\"description\" content=\"Camilla Danielsson \u00e4r klar f\u00f6r match mot Sarai Medina den 11:e november i Spanien. Camilla tog brons under europam\u00e4sterskapen och vann matchen\" \/>\n<meta name=\"robots\" content=\"index, follow, max-snippet:-1, max-image-preview:large, max-video-preview:-1\" \/>\n<link rel=\"canonical\" href=\"https:\/\/www.budokampsport.se\/2017\/10\/30\/camilla-danielsson-klar-match-mot-sarai-medina\/\" \/>\n<meta property=\"og:locale\" content=\"sv_SE\" \/>\n<meta property=\"og:type\" content=\"article\" \/>\n<meta property=\"og:title\" content=\"Camilla Danielsson klar f\u00f6r match mot Sarai Medina - Svenska Budo &amp; Kampsportsf\u00f6rbundet\" \/>\n<meta property=\"og:description\" content=\"Camilla Danielsson \u00e4r klar f\u00f6r match mot Sarai Medina den 11:e november i Spanien. Camilla tog brons under europam\u00e4sterskapen och vann matchen\" \/>\n<meta property=\"og:url\" content=\"https:\/\/www.budokampsport.se\/2017\/10\/30\/camilla-danielsson-klar-match-mot-sarai-medina\/\" \/>\n<meta property=\"og:site_name\" content=\"Svenska Budo &amp; Kampsportsf\u00f6rbundet\" \/>\n<meta property=\"article:published_time\" content=\"2017-10-30T09:53:04+00:00\" \/>\n<meta property=\"og:image\" content=\"https:\/\/www.budokampsport.se\/wp-content\/uploads\/2017\/10\/camilla-nakmuay.png\" \/>\n\t<meta property=\"og:image:width\" content=\"673\" \/>\n\t<meta property=\"og:image:height\" content=\"471\" \/>\n\t<meta property=\"og:image:type\" content=\"image\/png\" \/>\n<meta name=\"author\" content=\"Annie Carriage\" \/>\n<meta name=\"twitter:card\" content=\"summary_large_image\" \/>\n<meta name=\"twitter:label1\" content=\"Skriven av\" \/>\n\t<meta name=\"twitter:data1\" content=\"Annie Carriage\" \/>\n\t<meta name=\"twitter:label2\" content=\"Ber\u00e4knad l\u00e4stid\" \/>\n\t<meta name=\"twitter:data2\" content=\"1 minut\" \/>\n<script type=\"application\/ld+json\" class=\"yoast-schema-graph\">{\"@context\":\"https:\/\/schema.org\",\"@graph\":[{\"@type\":\"Article\",\"@id\":\"https:\/\/www.budokampsport.se\/2017\/10\/30\/camilla-danielsson-klar-match-mot-sarai-medina\/#article\",\"isPartOf\":{\"@id\":\"https:\/\/www.budokampsport.se\/2017\/10\/30\/camilla-danielsson-klar-match-mot-sarai-medina\/\"},\"author\":{\"name\":\"Annie Carriage\",\"@id\":\"https:\/\/www.budokampsport.se\/#\/schema\/person\/c838cace8171f692e363fde3f38f208b\"},\"headline\":\"Camilla Danielsson klar f\u00f6r match mot Sarai Medina\",\"datePublished\":\"2017-10-30T09:53:04+00:00\",\"mainEntityOfPage\":{\"@id\":\"https:\/\/www.budokampsport.se\/2017\/10\/30\/camilla-danielsson-klar-match-mot-sarai-medina\/\"},\"wordCount\":253,\"commentCount\":0,\"image\":{\"@id\":\"https:\/\/www.budokampsport.se\/2017\/10\/30\/camilla-danielsson-klar-match-mot-sarai-medina\/#primaryimage\"},\"thumbnailUrl\":\"https:\/\/www.budokampsport.se\/wp-content\/uploads\/2017\/10\/camilla-nakmuay.png\",\"inLanguage\":\"sv-SE\",\"potentialAction\":[{\"@type\":\"CommentAction\",\"name\":\"Comment\",\"target\":[\"https:\/\/www.budokampsport.se\/2017\/10\/30\/camilla-danielsson-klar-match-mot-sarai-medina\/#respond\"]}]},{\"@type\":\"WebPage\",\"@id\":\"https:\/\/www.budokampsport.se\/2017\/10\/30\/camilla-danielsson-klar-match-mot-sarai-medina\/\",\"url\":\"https:\/\/www.budokampsport.se\/2017\/10\/30\/camilla-danielsson-klar-match-mot-sarai-medina\/\",\"name\":\"Camilla Danielsson klar f\u00f6r match mot Sarai Medina - Svenska Budo &amp; Kampsportsf\u00f6rbundet\",\"isPartOf\":{\"@id\":\"https:\/\/www.budokampsport.se\/#website\"},\"primaryImageOfPage\":{\"@id\":\"https:\/\/www.budokampsport.se\/2017\/10\/30\/camilla-danielsson-klar-match-mot-sarai-medina\/#primaryimage\"},\"image\":{\"@id\":\"https:\/\/www.budokampsport.se\/2017\/10\/30\/camilla-danielsson-klar-match-mot-sarai-medina\/#primaryimage\"},\"thumbnailUrl\":\"https:\/\/www.budokampsport.se\/wp-content\/uploads\/2017\/10\/camilla-nakmuay.png\",\"datePublished\":\"2017-10-30T09:53:04+00:00\",\"author\":{\"@id\":\"https:\/\/www.budokampsport.se\/#\/schema\/person\/c838cace8171f692e363fde3f38f208b\"},\"description\":\"Camilla Danielsson \u00e4r klar f\u00f6r match mot Sarai Medina den 11:e november i Spanien. Camilla tog brons under europam\u00e4sterskapen och vann matchen\",\"breadcrumb\":{\"@id\":\"https:\/\/www.budokampsport.se\/2017\/10\/30\/camilla-danielsson-klar-match-mot-sarai-medina\/#breadcrumb\"},\"inLanguage\":\"sv-SE\",\"potentialAction\":[{\"@type\":\"ReadAction\",\"target\":[\"https:\/\/www.budokampsport.se\/2017\/10\/30\/camilla-danielsson-klar-match-mot-sarai-medina\/\"]}]},{\"@type\":\"ImageObject\",\"inLanguage\":\"sv-SE\",\"@id\":\"https:\/\/www.budokampsport.se\/2017\/10\/30\/camilla-danielsson-klar-match-mot-sarai-medina\/#primaryimage\",\"url\":\"https:\/\/www.budokampsport.se\/wp-content\/uploads\/2017\/10\/camilla-nakmuay.png\",\"contentUrl\":\"https:\/\/www.budokampsport.se\/wp-content\/uploads\/2017\/10\/camilla-nakmuay.png\",\"width\":673,\"height\":471,\"caption\":\"Foto: Nak8Muay\"},{\"@type\":\"BreadcrumbList\",\"@id\":\"https:\/\/www.budokampsport.se\/2017\/10\/30\/camilla-danielsson-klar-match-mot-sarai-medina\/#breadcrumb\",\"itemListElement\":[{\"@type\":\"ListItem\",\"position\":1,\"name\":\"Hem\",\"item\":\"https:\/\/www.budokampsport.se\/\"},{\"@type\":\"ListItem\",\"position\":2,\"name\":\"Camilla Danielsson klar f\u00f6r match mot Sarai Medina\"}]},{\"@type\":\"WebSite\",\"@id\":\"https:\/\/www.budokampsport.se\/#website\",\"url\":\"https:\/\/www.budokampsport.se\/\",\"name\":\"Svenska Budo &amp; Kampsportsf\u00f6rbundet\",\"description\":\"T\u00e4vling, Tr\u00e4ning, Tradition\",\"potentialAction\":[{\"@type\":\"SearchAction\",\"target\":{\"@type\":\"EntryPoint\",\"urlTemplate\":\"https:\/\/www.budokampsport.se\/?s={search_term_string}\"},\"query-input\":{\"@type\":\"PropertyValueSpecification\",\"valueRequired\":true,\"valueName\":\"search_term_string\"}}],\"inLanguage\":\"sv-SE\"},{\"@type\":\"Person\",\"@id\":\"https:\/\/www.budokampsport.se\/#\/schema\/person\/c838cace8171f692e363fde3f38f208b\",\"name\":\"Annie Carriage\",\"image\":{\"@type\":\"ImageObject\",\"inLanguage\":\"sv-SE\",\"@id\":\"https:\/\/www.budokampsport.se\/#\/schema\/person\/image\/\",\"url\":\"https:\/\/secure.gravatar.com\/avatar\/9311295560bdfbdf78365a26f7df1876?s=96&d=blank&r=g\",\"contentUrl\":\"https:\/\/secure.gravatar.com\/avatar\/9311295560bdfbdf78365a26f7df1876?s=96&d=blank&r=g\",\"caption\":\"Annie Carriage\"},\"url\":\"https:\/\/www.budokampsport.se\/author\/annie-bondefelt\/\"}]}<\/script>\n<!-- \/ Yoast SEO plugin. -->","yoast_head_json":{"title":"Camilla Danielsson klar f\u00f6r match mot Sarai Medina - Svenska Budo &amp; Kampsportsf\u00f6rbundet","description":"Camilla Danielsson \u00e4r klar f\u00f6r match mot Sarai Medina den 11:e november i Spanien. Camilla tog brons under europam\u00e4sterskapen och vann matchen","robots":{"index":"index","follow":"follow","max-snippet":"max-snippet:-1","max-image-preview":"max-image-preview:large","max-video-preview":"max-video-preview:-1"},"canonical":"https:\/\/www.budokampsport.se\/2017\/10\/30\/camilla-danielsson-klar-match-mot-sarai-medina\/","og_locale":"sv_SE","og_type":"article","og_title":"Camilla Danielsson klar f\u00f6r match mot Sarai Medina - Svenska Budo &amp; Kampsportsf\u00f6rbundet","og_description":"Camilla Danielsson \u00e4r klar f\u00f6r match mot Sarai Medina den 11:e november i Spanien. Camilla tog brons under europam\u00e4sterskapen och vann matchen","og_url":"https:\/\/www.budokampsport.se\/2017\/10\/30\/camilla-danielsson-klar-match-mot-sarai-medina\/","og_site_name":"Svenska Budo &amp; Kampsportsf\u00f6rbundet","article_published_time":"2017-10-30T09:53:04+00:00","og_image":[{"width":673,"height":471,"url":"https:\/\/www.budokampsport.se\/wp-content\/uploads\/2017\/10\/camilla-nakmuay.png","type":"image\/png"}],"author":"Annie Carriage","twitter_card":"summary_large_image","twitter_misc":{"Skriven av":"Annie Carriage","Ber\u00e4knad l\u00e4stid":"1 minut"},"schema":{"@context":"https:\/\/schema.org","@graph":[{"@type":"Article","@id":"https:\/\/www.budokampsport.se\/2017\/10\/30\/camilla-danielsson-klar-match-mot-sarai-medina\/#article","isPartOf":{"@id":"https:\/\/www.budokampsport.se\/2017\/10\/30\/camilla-danielsson-klar-match-mot-sarai-medina\/"},"author":{"name":"Annie Carriage","@id":"https:\/\/www.budokampsport.se\/#\/schema\/person\/c838cace8171f692e363fde3f38f208b"},"headline":"Camilla Danielsson klar f\u00f6r match mot Sarai Medina","datePublished":"2017-10-30T09:53:04+00:00","mainEntityOfPage":{"@id":"https:\/\/www.budokampsport.se\/2017\/10\/30\/camilla-danielsson-klar-match-mot-sarai-medina\/"},"wordCount":253,"commentCount":0,"image":{"@id":"https:\/\/www.budokampsport.se\/2017\/10\/30\/camilla-danielsson-klar-match-mot-sarai-medina\/#primaryimage"},"thumbnailUrl":"https:\/\/www.budokampsport.se\/wp-content\/uploads\/2017\/10\/camilla-nakmuay.png","inLanguage":"sv-SE","potentialAction":[{"@type":"CommentAction","name":"Comment","target":["https:\/\/www.budokampsport.se\/2017\/10\/30\/camilla-danielsson-klar-match-mot-sarai-medina\/#respond"]}]},{"@type":"WebPage","@id":"https:\/\/www.budokampsport.se\/2017\/10\/30\/camilla-danielsson-klar-match-mot-sarai-medina\/","url":"https:\/\/www.budokampsport.se\/2017\/10\/30\/camilla-danielsson-klar-match-mot-sarai-medina\/","name":"Camilla Danielsson klar f\u00f6r match mot Sarai Medina - Svenska Budo &amp; Kampsportsf\u00f6rbundet","isPartOf":{"@id":"https:\/\/www.budokampsport.se\/#website"},"primaryImageOfPage":{"@id":"https:\/\/www.budokampsport.se\/2017\/10\/30\/camilla-danielsson-klar-match-mot-sarai-medina\/#primaryimage"},"image":{"@id":"https:\/\/www.budokampsport.se\/2017\/10\/30\/camilla-danielsson-klar-match-mot-sarai-medina\/#primaryimage"},"thumbnailUrl":"https:\/\/www.budokampsport.se\/wp-content\/uploads\/2017\/10\/camilla-nakmuay.png","datePublished":"2017-10-30T09:53:04+00:00","author":{"@id":"https:\/\/www.budokampsport.se\/#\/schema\/person\/c838cace8171f692e363fde3f38f208b"},"description":"Camilla Danielsson \u00e4r klar f\u00f6r match mot Sarai Medina den 11:e november i Spanien. Camilla tog brons under europam\u00e4sterskapen och vann matchen","breadcrumb":{"@id":"https:\/\/www.budokampsport.se\/2017\/10\/30\/camilla-danielsson-klar-match-mot-sarai-medina\/#breadcrumb"},"inLanguage":"sv-SE","potentialAction":[{"@type":"ReadAction","target":["https:\/\/www.budokampsport.se\/2017\/10\/30\/camilla-danielsson-klar-match-mot-sarai-medina\/"]}]},{"@type":"ImageObject","inLanguage":"sv-SE","@id":"https:\/\/www.budokampsport.se\/2017\/10\/30\/camilla-danielsson-klar-match-mot-sarai-medina\/#primaryimage","url":"https:\/\/www.budokampsport.se\/wp-content\/uploads\/2017\/10\/camilla-nakmuay.png","contentUrl":"https:\/\/www.budokampsport.se\/wp-content\/uploads\/2017\/10\/camilla-nakmuay.png","width":673,"height":471,"caption":"Foto: Nak8Muay"},{"@type":"BreadcrumbList","@id":"https:\/\/www.budokampsport.se\/2017\/10\/30\/camilla-danielsson-klar-match-mot-sarai-medina\/#breadcrumb","itemListElement":[{"@type":"ListItem","position":1,"name":"Hem","item":"https:\/\/www.budokampsport.se\/"},{"@type":"ListItem","position":2,"name":"Camilla Danielsson klar f\u00f6r match mot Sarai Medina"}]},{"@type":"WebSite","@id":"https:\/\/www.budokampsport.se\/#website","url":"https:\/\/www.budokampsport.se\/","name":"Svenska Budo &amp; Kampsportsf\u00f6rbundet","description":"T\u00e4vling, Tr\u00e4ning, Tradition","potentialAction":[{"@type":"SearchAction","target":{"@type":"EntryPoint","urlTemplate":"https:\/\/www.budokampsport.se\/?s={search_term_string}"},"query-input":{"@type":"PropertyValueSpecification","valueRequired":true,"valueName":"search_term_string"}}],"inLanguage":"sv-SE"},{"@type":"Person","@id":"https:\/\/www.budokampsport.se\/#\/schema\/person\/c838cace8171f692e363fde3f38f208b","name":"Annie Carriage","image":{"@type":"ImageObject","inLanguage":"sv-SE","@id":"https:\/\/www.budokampsport.se\/#\/schema\/person\/image\/","url":"https:\/\/secure.gravatar.com\/avatar\/9311295560bdfbdf78365a26f7df1876?s=96&d=blank&r=g","contentUrl":"https:\/\/secure.gravatar.com\/avatar\/9311295560bdfbdf78365a26f7df1876?s=96&d=blank&r=g","caption":"Annie Carriage"},"url":"https:\/\/www.budokampsport.se\/author\/annie-bondefelt\/"}]}},"_links":{"self":[{"href":"https:\/\/www.budokampsport.se\/api\/wp\/v2\/posts\/52575","targetHints":{"allow":["GET"]}}],"collection":[{"href":"https:\/\/www.budokampsport.se\/api\/wp\/v2\/posts"}],"about":[{"href":"https:\/\/www.budokampsport.se\/api\/wp\/v2\/types\/post"}],"author":[{"embeddable":true,"href":"https:\/\/www.budokampsport.se\/api\/wp\/v2\/users\/120"}],"replies":[{"embeddable":true,"href":"https:\/\/www.budokampsport.se\/api\/wp\/v2\/comments?post=52575"}],"version-history":[{"count":0,"href":"https:\/\/www.budokampsport.se\/api\/wp\/v2\/posts\/52575\/revisions"}],"wp:featuredmedia":[{"embeddable":true,"href":"https:\/\/www.budokampsport.se\/api\/wp\/v2\/media\/50768"}],"wp:attachment":[{"href":"https:\/\/www.budokampsport.se\/api\/wp\/v2\/media?parent=52575"}],"wp:term":[{"taxonomy":"category","embeddable":true,"href":"https:\/\/www.budokampsport.se\/api\/wp\/v2\/categories?post=52575"},{"taxonomy":"post_tag","embeddable":true,"href":"https:\/\/www.budokampsport.se\/api\/wp\/v2\/tags?post=52575"}],"curies":[{"name":"wp","href":"https:\/\/api.w.org\/{rel}","templated":true}]}}