{"id":5265,"date":"2014-08-15T09:31:04","date_gmt":"2014-08-15T07:31:04","guid":{"rendered":"http:\/\/budo.wordpress.dev\/2014\/08\/15\/em-guld-ater-i-sikte-men-forst-uppvisningar-pa-tjejkampen-for-maria-engqvist\/"},"modified":"2016-12-06T22:38:08","modified_gmt":"2016-12-06T21:38:08","slug":"em-guld-ater-i-sikte-men-forst-uppvisningar-pa-tjejkampen-for-maria-engqvist","status":"publish","type":"post","link":"https:\/\/www.budokampsport.se\/2014\/08\/15\/em-guld-ater-i-sikte-men-forst-uppvisningar-pa-tjejkampen-for-maria-engqvist\/","title":{"rendered":"EM-guld \u00e5ter i sikte \u2013 men f\u00f6rst uppvisningar p\u00e5 Tjejkampen f\u00f6r Maria Engqvist"},"content":{"rendered":"<p><strong><img decoding=\"async\" alt=\"\" src=\"\/sites\/default\/files\/maria_engqvist.jpg\" style=\"float:right; height:233px; width:175px\">Den forne Europam\u00e4starinnan i jodo Maria Engqvist genomf\u00f6r en liten minicomeback p\u00e5 Tjejkampen. Engqvist, som relativt nyligen blivit mamma, kommer att visa upp jodo tillsammans med Caroline Lindholm p\u00e5 dagen och iaido p\u00e5 kv\u00e4llen.<br \/>\u00a0\u00a0 &#8211; Ja, det blir roligt att f\u00e5 vara med p\u00e5 det h\u00e4r initiativet, som jag tycker \u00e4r viktigt, s\u00e4ger hon till budokampsport.se.<\/strong><!--break--><\/p>\n<p>Maria Engqvist har inte synts till i medaljsammanhang p\u00e5 ett och ett halvt \u00e5r. Vare sig i jodo eller iaido.<\/p>\n<p>Det beror p\u00e5 att EM-guldmedalj\u00f6ren i jodo fr\u00e5n 2012 har blivit f\u00f6r\u00e4lder. Men nu b\u00f6rjar s\u00e5 sm\u00e5tt tankarna om nya m\u00e4sterskapsmedaljer att infinna sig.<br \/>\u00a0\u00a0 &#8211; Kroppen b\u00f6rjar \u00e5terh\u00e4mta sig efter graviditeten och f\u00f6rlossningen och snart ska jag b\u00f6rja f\u00e5 lite regelbundenhet i tr\u00e4ningsvardagen ocks\u00e5. Jag satsar mot EM i Berlin n\u00e4sta \u00e5r och ska i h\u00f6st f\u00f6rs\u00f6ka gradera mig till 3 dan.<\/p>\n<p>Men innan dess ska Maria Engqvist vara med p\u00e5 Kampsportsfestivalen \u2013 Tjejkampen och visa upp b\u00e5de jodo och iaido.<br \/>\u00a0\u00a0 &#8211; Ja, det blir roligt. Jodo kommer jag visa upp tillsammans med Caroline Lindholm och den k\u00f6r vi under dagpasset. P\u00e5 kv\u00e4llens gala blir det iaido. D\u00e4r t\u00e4nkte jag visa upp den gamla skolans iaido som jag tycker b\u00e5de \u00e4r otroligt vacker och effektfull.<\/p>\n<p><strong>&#8220;Sprida sig hela v\u00e4gen in i sj\u00e4lva hj\u00e4rtat av verksamheten&#8221;<\/strong><br \/>Och om sj\u00e4lva f\u00f6reteelsen Kampsportsfestivalen \u2013 Tjejkampen har Engqvist ett tydligt \u00f6nskem\u00e5l till arrang\u00f6rerna.<br \/>\u00a0\u00a0 &#8211; Det \u00e4r viktigt och bra att detta g\u00f6rs, men jag tror att det allra viktigaste \u00e4r att det inte blir en eng\u00e5ngsf\u00f6reteelse som endast stannar vi denna dag. Jag hoppas att de positiva vibbarna fr\u00e5n denna dag kan sprida sig hela v\u00e4gen in i sj\u00e4lva hj\u00e4rtat av verksamheten, till varje tr\u00e4ningspass p\u00e5 varje f\u00f6rening. D\u00e5 tycker jag att Tjejkampen uppfyllt en v\u00e4ldigt viktig funktion, men till dess \u00e4r det kul att vi tjejer, om \u00e4n f\u00f6r en dag, f\u00e5r st\u00e5 lite i centrum.<\/p>\n<p>Text: Jonathan Broberg<\/p>\n","protected":false},"excerpt":{"rendered":"<p><strong><img decoding=\"async\" alt=\"\" src=\"\/sites\/default\/files\/maria_engqvist.jpg\" style=\"float:right; height:233px; width:175px\">Den forne Europam\u00e4starinnan i jodo Maria Engqvist genomf\u00f6r en liten minicomeback p\u00e5 Tjejkampen. Engqvist, som relativt nyligen blivit mamma, kommer att visa upp jodo tillsammans med Caroline Lindholm p\u00e5 dagen och iaido p\u00e5 kv\u00e4llen.<br \/>\u00a0\u00a0 &#8211; Ja, det blir roligt att f\u00e5 vara med p\u00e5 det h\u00e4r initiativet, som jag tycker \u00e4r viktigt, s\u00e4ger hon till budokampsport.se.<\/strong><\/p><br>","protected":false},"author":7,"featured_media":0,"comment_status":"closed","ping_status":"closed","sticky":false,"template":"","format":"standard","meta":{"_acf_changed":false,"footnotes":""},"categories":[1],"tags":[],"class_list":["post-5265","post","type-post","status-publish","format-standard","hentry","category-okategoriserade"],"acf":[],"yoast_head":"<!-- This site is optimized with the Yoast SEO plugin v26.8 - https:\/\/yoast.com\/product\/yoast-seo-wordpress\/ -->\n<title>EM-guld \u00e5ter i sikte \u2013 men f\u00f6rst uppvisningar p\u00e5 Tjejkampen f\u00f6r Maria Engqvist - Svenska Budo &amp; Kampsportsf\u00f6rbundet<\/title>\n<meta name=\"description\" content=\"Den forne Europam\u00e4starinnan i jodo Maria Engqvist genomf\u00f6r en liten minicomeback p\u00e5 Tjejkampen. Engqvist, som relativt nyligen blivit mamma, kommer att visa upp jodo tillsammans med Caroline Lindholm p\u00e5 dagen och iaido p\u00e5 kv\u00e4llen.\u00a0\u00a0 - Ja, det blir roligt att f\u00e5 vara med p\u00e5 det h\u00e4r initiativet, som jag tycker \u00e4r viktigt, s\u00e4ger hon till budokampsport.se.\" \/>\n<meta name=\"robots\" content=\"index, follow, max-snippet:-1, max-image-preview:large, max-video-preview:-1\" \/>\n<link rel=\"canonical\" href=\"https:\/\/www.budokampsport.se\/2014\/08\/15\/em-guld-ater-i-sikte-men-forst-uppvisningar-pa-tjejkampen-for-maria-engqvist\/\" \/>\n<meta property=\"og:locale\" content=\"sv_SE\" \/>\n<meta property=\"og:type\" content=\"article\" \/>\n<meta property=\"og:title\" content=\"EM-guld \u00e5ter i sikte \u2013 men f\u00f6rst uppvisningar p\u00e5 Tjejkampen f\u00f6r Maria Engqvist - Svenska Budo &amp; Kampsportsf\u00f6rbundet\" \/>\n<meta property=\"og:description\" content=\"Den forne Europam\u00e4starinnan i jodo Maria Engqvist genomf\u00f6r en liten minicomeback p\u00e5 Tjejkampen. Engqvist, som relativt nyligen blivit mamma, kommer att visa upp jodo tillsammans med Caroline Lindholm p\u00e5 dagen och iaido p\u00e5 kv\u00e4llen.\u00a0\u00a0 - Ja, det blir roligt att f\u00e5 vara med p\u00e5 det h\u00e4r initiativet, som jag tycker \u00e4r viktigt, s\u00e4ger hon till budokampsport.se.\" \/>\n<meta property=\"og:url\" content=\"https:\/\/www.budokampsport.se\/2014\/08\/15\/em-guld-ater-i-sikte-men-forst-uppvisningar-pa-tjejkampen-for-maria-engqvist\/\" \/>\n<meta property=\"og:site_name\" content=\"Svenska Budo &amp; Kampsportsf\u00f6rbundet\" \/>\n<meta property=\"article:author\" content=\"https:\/\/www.facebook.com\/jonathan.broberg.7\" \/>\n<meta property=\"article:published_time\" content=\"2014-08-15T07:31:04+00:00\" \/>\n<meta property=\"article:modified_time\" content=\"2016-12-06T21:38:08+00:00\" \/>\n<meta name=\"author\" content=\"Jonathan Broberg\" \/>\n<meta name=\"twitter:card\" content=\"summary_large_image\" \/>\n<meta name=\"twitter:label1\" content=\"Skriven av\" \/>\n\t<meta name=\"twitter:data1\" content=\"Jonathan Broberg\" \/>\n\t<meta name=\"twitter:label2\" content=\"Ber\u00e4knad l\u00e4stid\" \/>\n\t<meta name=\"twitter:data2\" content=\"2 minuter\" \/>\n<script type=\"application\/ld+json\" class=\"yoast-schema-graph\">{\"@context\":\"https:\/\/schema.org\",\"@graph\":[{\"@type\":\"Article\",\"@id\":\"https:\/\/www.budokampsport.se\/2014\/08\/15\/em-guld-ater-i-sikte-men-forst-uppvisningar-pa-tjejkampen-for-maria-engqvist\/#article\",\"isPartOf\":{\"@id\":\"https:\/\/www.budokampsport.se\/2014\/08\/15\/em-guld-ater-i-sikte-men-forst-uppvisningar-pa-tjejkampen-for-maria-engqvist\/\"},\"author\":{\"name\":\"Jonathan Broberg\",\"@id\":\"https:\/\/www.budokampsport.se\/#\/schema\/person\/5c06d81d14850e2a8ce5493386560145\"},\"headline\":\"EM-guld \u00e5ter i sikte \u2013 men f\u00f6rst uppvisningar p\u00e5 Tjejkampen f\u00f6r Maria Engqvist\",\"datePublished\":\"2014-08-15T07:31:04+00:00\",\"dateModified\":\"2016-12-06T21:38:08+00:00\",\"mainEntityOfPage\":{\"@id\":\"https:\/\/www.budokampsport.se\/2014\/08\/15\/em-guld-ater-i-sikte-men-forst-uppvisningar-pa-tjejkampen-for-maria-engqvist\/\"},\"wordCount\":369,\"inLanguage\":\"sv-SE\"},{\"@type\":\"WebPage\",\"@id\":\"https:\/\/www.budokampsport.se\/2014\/08\/15\/em-guld-ater-i-sikte-men-forst-uppvisningar-pa-tjejkampen-for-maria-engqvist\/\",\"url\":\"https:\/\/www.budokampsport.se\/2014\/08\/15\/em-guld-ater-i-sikte-men-forst-uppvisningar-pa-tjejkampen-for-maria-engqvist\/\",\"name\":\"EM-guld \u00e5ter i sikte \u2013 men f\u00f6rst uppvisningar p\u00e5 Tjejkampen f\u00f6r Maria Engqvist - Svenska Budo &amp; Kampsportsf\u00f6rbundet\",\"isPartOf\":{\"@id\":\"https:\/\/www.budokampsport.se\/#website\"},\"datePublished\":\"2014-08-15T07:31:04+00:00\",\"dateModified\":\"2016-12-06T21:38:08+00:00\",\"author\":{\"@id\":\"https:\/\/www.budokampsport.se\/#\/schema\/person\/5c06d81d14850e2a8ce5493386560145\"},\"description\":\"Den forne Europam\u00e4starinnan i jodo Maria Engqvist genomf\u00f6r en liten minicomeback p\u00e5 Tjejkampen. Engqvist, som relativt nyligen blivit mamma, kommer att visa upp jodo tillsammans med Caroline Lindholm p\u00e5 dagen och iaido p\u00e5 kv\u00e4llen.\u00a0\u00a0 - Ja, det blir roligt att f\u00e5 vara med p\u00e5 det h\u00e4r initiativet, som jag tycker \u00e4r viktigt, s\u00e4ger hon till budokampsport.se.\",\"breadcrumb\":{\"@id\":\"https:\/\/www.budokampsport.se\/2014\/08\/15\/em-guld-ater-i-sikte-men-forst-uppvisningar-pa-tjejkampen-for-maria-engqvist\/#breadcrumb\"},\"inLanguage\":\"sv-SE\",\"potentialAction\":[{\"@type\":\"ReadAction\",\"target\":[\"https:\/\/www.budokampsport.se\/2014\/08\/15\/em-guld-ater-i-sikte-men-forst-uppvisningar-pa-tjejkampen-for-maria-engqvist\/\"]}]},{\"@type\":\"BreadcrumbList\",\"@id\":\"https:\/\/www.budokampsport.se\/2014\/08\/15\/em-guld-ater-i-sikte-men-forst-uppvisningar-pa-tjejkampen-for-maria-engqvist\/#breadcrumb\",\"itemListElement\":[{\"@type\":\"ListItem\",\"position\":1,\"name\":\"Hem\",\"item\":\"https:\/\/www.budokampsport.se\/\"},{\"@type\":\"ListItem\",\"position\":2,\"name\":\"EM-guld \u00e5ter i sikte \u2013 men f\u00f6rst uppvisningar p\u00e5 Tjejkampen f\u00f6r Maria Engqvist\"}]},{\"@type\":\"WebSite\",\"@id\":\"https:\/\/www.budokampsport.se\/#website\",\"url\":\"https:\/\/www.budokampsport.se\/\",\"name\":\"Svenska Budo &amp; Kampsportsf\u00f6rbundet\",\"description\":\"T\u00e4vling, Tr\u00e4ning, Tradition\",\"potentialAction\":[{\"@type\":\"SearchAction\",\"target\":{\"@type\":\"EntryPoint\",\"urlTemplate\":\"https:\/\/www.budokampsport.se\/?s={search_term_string}\"},\"query-input\":{\"@type\":\"PropertyValueSpecification\",\"valueRequired\":true,\"valueName\":\"search_term_string\"}}],\"inLanguage\":\"sv-SE\"},{\"@type\":\"Person\",\"@id\":\"https:\/\/www.budokampsport.se\/#\/schema\/person\/5c06d81d14850e2a8ce5493386560145\",\"name\":\"Jonathan Broberg\",\"image\":{\"@type\":\"ImageObject\",\"inLanguage\":\"sv-SE\",\"@id\":\"https:\/\/www.budokampsport.se\/#\/schema\/person\/image\/\",\"url\":\"https:\/\/secure.gravatar.com\/avatar\/a58041c6cea9128bd9c40ee2f26d4136?s=96&d=blank&r=g\",\"contentUrl\":\"https:\/\/secure.gravatar.com\/avatar\/a58041c6cea9128bd9c40ee2f26d4136?s=96&d=blank&r=g\",\"caption\":\"Jonathan Broberg\"},\"sameAs\":[\"https:\/\/www.facebook.com\/jonathan.broberg.7\"],\"url\":\"https:\/\/www.budokampsport.se\/author\/jonathan\/\"}]}<\/script>\n<!-- \/ Yoast SEO plugin. -->","yoast_head_json":{"title":"EM-guld \u00e5ter i sikte \u2013 men f\u00f6rst uppvisningar p\u00e5 Tjejkampen f\u00f6r Maria Engqvist - Svenska Budo &amp; Kampsportsf\u00f6rbundet","description":"Den forne Europam\u00e4starinnan i jodo Maria Engqvist genomf\u00f6r en liten minicomeback p\u00e5 Tjejkampen. Engqvist, som relativt nyligen blivit mamma, kommer att visa upp jodo tillsammans med Caroline Lindholm p\u00e5 dagen och iaido p\u00e5 kv\u00e4llen.\u00a0\u00a0 - Ja, det blir roligt att f\u00e5 vara med p\u00e5 det h\u00e4r initiativet, som jag tycker \u00e4r viktigt, s\u00e4ger hon till budokampsport.se.","robots":{"index":"index","follow":"follow","max-snippet":"max-snippet:-1","max-image-preview":"max-image-preview:large","max-video-preview":"max-video-preview:-1"},"canonical":"https:\/\/www.budokampsport.se\/2014\/08\/15\/em-guld-ater-i-sikte-men-forst-uppvisningar-pa-tjejkampen-for-maria-engqvist\/","og_locale":"sv_SE","og_type":"article","og_title":"EM-guld \u00e5ter i sikte \u2013 men f\u00f6rst uppvisningar p\u00e5 Tjejkampen f\u00f6r Maria Engqvist - Svenska Budo &amp; Kampsportsf\u00f6rbundet","og_description":"Den forne Europam\u00e4starinnan i jodo Maria Engqvist genomf\u00f6r en liten minicomeback p\u00e5 Tjejkampen. Engqvist, som relativt nyligen blivit mamma, kommer att visa upp jodo tillsammans med Caroline Lindholm p\u00e5 dagen och iaido p\u00e5 kv\u00e4llen.\u00a0\u00a0 - Ja, det blir roligt att f\u00e5 vara med p\u00e5 det h\u00e4r initiativet, som jag tycker \u00e4r viktigt, s\u00e4ger hon till budokampsport.se.","og_url":"https:\/\/www.budokampsport.se\/2014\/08\/15\/em-guld-ater-i-sikte-men-forst-uppvisningar-pa-tjejkampen-for-maria-engqvist\/","og_site_name":"Svenska Budo &amp; Kampsportsf\u00f6rbundet","article_author":"https:\/\/www.facebook.com\/jonathan.broberg.7","article_published_time":"2014-08-15T07:31:04+00:00","article_modified_time":"2016-12-06T21:38:08+00:00","author":"Jonathan Broberg","twitter_card":"summary_large_image","twitter_misc":{"Skriven av":"Jonathan Broberg","Ber\u00e4knad l\u00e4stid":"2 minuter"},"schema":{"@context":"https:\/\/schema.org","@graph":[{"@type":"Article","@id":"https:\/\/www.budokampsport.se\/2014\/08\/15\/em-guld-ater-i-sikte-men-forst-uppvisningar-pa-tjejkampen-for-maria-engqvist\/#article","isPartOf":{"@id":"https:\/\/www.budokampsport.se\/2014\/08\/15\/em-guld-ater-i-sikte-men-forst-uppvisningar-pa-tjejkampen-for-maria-engqvist\/"},"author":{"name":"Jonathan Broberg","@id":"https:\/\/www.budokampsport.se\/#\/schema\/person\/5c06d81d14850e2a8ce5493386560145"},"headline":"EM-guld \u00e5ter i sikte \u2013 men f\u00f6rst uppvisningar p\u00e5 Tjejkampen f\u00f6r Maria Engqvist","datePublished":"2014-08-15T07:31:04+00:00","dateModified":"2016-12-06T21:38:08+00:00","mainEntityOfPage":{"@id":"https:\/\/www.budokampsport.se\/2014\/08\/15\/em-guld-ater-i-sikte-men-forst-uppvisningar-pa-tjejkampen-for-maria-engqvist\/"},"wordCount":369,"inLanguage":"sv-SE"},{"@type":"WebPage","@id":"https:\/\/www.budokampsport.se\/2014\/08\/15\/em-guld-ater-i-sikte-men-forst-uppvisningar-pa-tjejkampen-for-maria-engqvist\/","url":"https:\/\/www.budokampsport.se\/2014\/08\/15\/em-guld-ater-i-sikte-men-forst-uppvisningar-pa-tjejkampen-for-maria-engqvist\/","name":"EM-guld \u00e5ter i sikte \u2013 men f\u00f6rst uppvisningar p\u00e5 Tjejkampen f\u00f6r Maria Engqvist - Svenska Budo &amp; Kampsportsf\u00f6rbundet","isPartOf":{"@id":"https:\/\/www.budokampsport.se\/#website"},"datePublished":"2014-08-15T07:31:04+00:00","dateModified":"2016-12-06T21:38:08+00:00","author":{"@id":"https:\/\/www.budokampsport.se\/#\/schema\/person\/5c06d81d14850e2a8ce5493386560145"},"description":"Den forne Europam\u00e4starinnan i jodo Maria Engqvist genomf\u00f6r en liten minicomeback p\u00e5 Tjejkampen. Engqvist, som relativt nyligen blivit mamma, kommer att visa upp jodo tillsammans med Caroline Lindholm p\u00e5 dagen och iaido p\u00e5 kv\u00e4llen.\u00a0\u00a0 - Ja, det blir roligt att f\u00e5 vara med p\u00e5 det h\u00e4r initiativet, som jag tycker \u00e4r viktigt, s\u00e4ger hon till budokampsport.se.","breadcrumb":{"@id":"https:\/\/www.budokampsport.se\/2014\/08\/15\/em-guld-ater-i-sikte-men-forst-uppvisningar-pa-tjejkampen-for-maria-engqvist\/#breadcrumb"},"inLanguage":"sv-SE","potentialAction":[{"@type":"ReadAction","target":["https:\/\/www.budokampsport.se\/2014\/08\/15\/em-guld-ater-i-sikte-men-forst-uppvisningar-pa-tjejkampen-for-maria-engqvist\/"]}]},{"@type":"BreadcrumbList","@id":"https:\/\/www.budokampsport.se\/2014\/08\/15\/em-guld-ater-i-sikte-men-forst-uppvisningar-pa-tjejkampen-for-maria-engqvist\/#breadcrumb","itemListElement":[{"@type":"ListItem","position":1,"name":"Hem","item":"https:\/\/www.budokampsport.se\/"},{"@type":"ListItem","position":2,"name":"EM-guld \u00e5ter i sikte \u2013 men f\u00f6rst uppvisningar p\u00e5 Tjejkampen f\u00f6r Maria Engqvist"}]},{"@type":"WebSite","@id":"https:\/\/www.budokampsport.se\/#website","url":"https:\/\/www.budokampsport.se\/","name":"Svenska Budo &amp; Kampsportsf\u00f6rbundet","description":"T\u00e4vling, Tr\u00e4ning, Tradition","potentialAction":[{"@type":"SearchAction","target":{"@type":"EntryPoint","urlTemplate":"https:\/\/www.budokampsport.se\/?s={search_term_string}"},"query-input":{"@type":"PropertyValueSpecification","valueRequired":true,"valueName":"search_term_string"}}],"inLanguage":"sv-SE"},{"@type":"Person","@id":"https:\/\/www.budokampsport.se\/#\/schema\/person\/5c06d81d14850e2a8ce5493386560145","name":"Jonathan Broberg","image":{"@type":"ImageObject","inLanguage":"sv-SE","@id":"https:\/\/www.budokampsport.se\/#\/schema\/person\/image\/","url":"https:\/\/secure.gravatar.com\/avatar\/a58041c6cea9128bd9c40ee2f26d4136?s=96&d=blank&r=g","contentUrl":"https:\/\/secure.gravatar.com\/avatar\/a58041c6cea9128bd9c40ee2f26d4136?s=96&d=blank&r=g","caption":"Jonathan Broberg"},"sameAs":["https:\/\/www.facebook.com\/jonathan.broberg.7"],"url":"https:\/\/www.budokampsport.se\/author\/jonathan\/"}]}},"_links":{"self":[{"href":"https:\/\/www.budokampsport.se\/api\/wp\/v2\/posts\/5265","targetHints":{"allow":["GET"]}}],"collection":[{"href":"https:\/\/www.budokampsport.se\/api\/wp\/v2\/posts"}],"about":[{"href":"https:\/\/www.budokampsport.se\/api\/wp\/v2\/types\/post"}],"author":[{"embeddable":true,"href":"https:\/\/www.budokampsport.se\/api\/wp\/v2\/users\/7"}],"replies":[{"embeddable":true,"href":"https:\/\/www.budokampsport.se\/api\/wp\/v2\/comments?post=5265"}],"version-history":[{"count":0,"href":"https:\/\/www.budokampsport.se\/api\/wp\/v2\/posts\/5265\/revisions"}],"wp:attachment":[{"href":"https:\/\/www.budokampsport.se\/api\/wp\/v2\/media?parent=5265"}],"wp:term":[{"taxonomy":"category","embeddable":true,"href":"https:\/\/www.budokampsport.se\/api\/wp\/v2\/categories?post=5265"},{"taxonomy":"post_tag","embeddable":true,"href":"https:\/\/www.budokampsport.se\/api\/wp\/v2\/tags?post=5265"}],"curies":[{"name":"wp","href":"https:\/\/api.w.org\/{rel}","templated":true}]}}