{"id":5267,"date":"2014-08-18T09:04:04","date_gmt":"2014-08-18T07:04:04","guid":{"rendered":"http:\/\/budo.wordpress.dev\/2014\/08\/18\/sandra-vargbom-vassar-landslagsformen-i-kickboxning-pa-kampsportsfestivalen-tjejkampen\/"},"modified":"2016-12-06T22:38:08","modified_gmt":"2016-12-06T21:38:08","slug":"sandra-vargbom-vassar-landslagsformen-i-kickboxning-pa-kampsportsfestivalen-tjejkampen","status":"publish","type":"post","link":"https:\/\/www.budokampsport.se\/2014\/08\/18\/sandra-vargbom-vassar-landslagsformen-i-kickboxning-pa-kampsportsfestivalen-tjejkampen\/","title":{"rendered":"Sandra Vargbom v\u00e4ssar landslagsformen i kickboxning p\u00e5 Kampsportsfestivalen \u2013 Tjejkampen"},"content":{"rendered":"<p><img decoding=\"async\" alt=\"\" src=\"\/sites\/default\/files\/sandra.gif\" style=\"height:244px; width:435px\"><br \/><strong><span style=\"line-height:1.6em\">Det blir en kickboxningsmatch p\u00e5 Kampsportsfestivalen \u2013 Tjejkampen. Och m\u00f6tet st\u00e5r mellan Sandra Vargbom och Ida Svedlund.<\/span><br \/><span style=\"line-height:1.6em\">\u00a0 \u00a0&#8211; Det blir en rolig match, s\u00e4ger Vargbom till budokampsport.se.<\/span><\/strong><!--break--><br \/><span style=\"line-height:1.6em\">Sandra Vargbom, 32, fr\u00e5n Sk\u00f6vde \u00e4r en v\u00e4lmeriterad landslagskickboxare. Hon tillh\u00f6r landslaget i light-kontakt, men har ocks\u00e5 ett SM-silver i fullkontakt.<\/span><\/p>\n<p><span style=\"line-height:1.6em\">Matchen mot Ida Svedlund fr\u00e5n V\u00e4ster\u00e5s blir ett perfekt avstamp mot den annalkande landslagss\u00e4songen, d\u00e4r VM i light-kontakt i Slovenien i november \u00e4r det givna m\u00e5let.<\/span><br \/><span style=\"line-height:1.6em\">\u00a0 \u00a0&#8211; Ja, det blir kul att komma ig\u00e5ng med t\u00e4vlandet efter sommaren. Jag vet inte s\u00e5 mycket om Ida, faktiskt. Men jag brukar n\u00e4stan aldrig fokusera p\u00e5 motst\u00e5ndet, utan ist\u00e4llet l\u00e4gga energi p\u00e5 min egen prestation.<\/span><\/p>\n<p><span style=\"line-height:1.6em\"><strong>&#8220;R\u00e4tt n\u00f6jd med min raka h\u00f6ger&#8221;<\/strong><br \/>Ut\u00f6ver kampsporten har Vargbom ocks\u00e5 SM-guld i kettlebells, i klassen longcycle. Men n\u00e4r budokampsport.se h\u00f6r av sig till henne \u00e4r hon mitt inne i en annat planeringsstadie.<\/span><br \/><span style=\"line-height:1.6em\">\u00a0 \u00a0&#8211; Jag ska jobba som sysl\u00f6jdsl\u00e4rare under h\u00f6sten och nu \u00e4r det full planering inf\u00f6r kommande termin.<\/span><\/p>\n<p><span style=\"line-height:1.6em\">Som kickboxare \u00e4r Sandra k\u00e4nd f\u00f6r sin tr\u00e4ningsvillighet och sitt stora fighterhj\u00e4rta, hon \u00e4r inte den som ger sig i f\u00f6rsta taget.<\/span><br \/><span style=\"line-height:1.6em\">\u00a0 \u00a0&#8211; Nej, jag \u00e4r v\u00e4l r\u00e4tt envis. Jag har alltid haft en stark vilja f\u00f6r det jag h\u00e5ller p\u00e5 med. Och s\u00e5 \u00e4r jag r\u00e4tt n\u00f6jd med min raka h\u00f6ger, avslutar hon med ett skratt.<\/span><\/p>\n<p><span style=\"line-height:1.6em\">Text: Jonathan Broberg<\/span><\/p>\n","protected":false},"excerpt":{"rendered":"<p><img decoding=\"async\" alt=\"\" src=\"\/sites\/default\/files\/sandra.gif\" style=\"height:244px; width:435px\"><br \/><strong><span style=\"line-height:1.6em\">Det blir en kickboxningsmatch p\u00e5 Kampsportsfestivalen \u2013 Tjejkampen. Och m\u00f6tet st\u00e5r mellan Sandra Vargbom och Ida Svedlund.<\/span><br \/><span style=\"line-height:1.6em\">\u00a0 \u00a0&#8211; Det blir en rolig match, s\u00e4ger Vargbom till budokampsport.se.<\/span><\/strong><\/p><br>","protected":false},"author":7,"featured_media":0,"comment_status":"closed","ping_status":"closed","sticky":false,"template":"","format":"standard","meta":{"_acf_changed":false,"footnotes":""},"categories":[1],"tags":[],"class_list":["post-5267","post","type-post","status-publish","format-standard","hentry","category-okategoriserade"],"acf":[],"yoast_head":"<!-- This site is optimized with the Yoast SEO plugin v26.8 - https:\/\/yoast.com\/product\/yoast-seo-wordpress\/ -->\n<title>Sandra Vargbom v\u00e4ssar landslagsformen i kickboxning p\u00e5 Kampsportsfestivalen \u2013 Tjejkampen - Svenska Budo &amp; Kampsportsf\u00f6rbundet<\/title>\n<meta name=\"description\" content=\"Det blir en kickboxningsmatch p\u00e5 Kampsportsfestivalen \u2013 Tjejkampen. Och m\u00f6tet st\u00e5r mellan Sandra Vargbom och Ida Svedlund.\u00a0 \u00a0- Det blir en rolig match, s\u00e4ger Vargbom till budokampsport.se.\" \/>\n<meta name=\"robots\" content=\"index, follow, max-snippet:-1, max-image-preview:large, max-video-preview:-1\" \/>\n<link rel=\"canonical\" href=\"https:\/\/www.budokampsport.se\/2014\/08\/18\/sandra-vargbom-vassar-landslagsformen-i-kickboxning-pa-kampsportsfestivalen-tjejkampen\/\" \/>\n<meta property=\"og:locale\" content=\"sv_SE\" \/>\n<meta property=\"og:type\" content=\"article\" \/>\n<meta property=\"og:title\" content=\"Sandra Vargbom v\u00e4ssar landslagsformen i kickboxning p\u00e5 Kampsportsfestivalen \u2013 Tjejkampen - Svenska Budo &amp; Kampsportsf\u00f6rbundet\" \/>\n<meta property=\"og:description\" content=\"Det blir en kickboxningsmatch p\u00e5 Kampsportsfestivalen \u2013 Tjejkampen. Och m\u00f6tet st\u00e5r mellan Sandra Vargbom och Ida Svedlund.\u00a0 \u00a0- Det blir en rolig match, s\u00e4ger Vargbom till budokampsport.se.\" \/>\n<meta property=\"og:url\" content=\"https:\/\/www.budokampsport.se\/2014\/08\/18\/sandra-vargbom-vassar-landslagsformen-i-kickboxning-pa-kampsportsfestivalen-tjejkampen\/\" \/>\n<meta property=\"og:site_name\" content=\"Svenska Budo &amp; Kampsportsf\u00f6rbundet\" \/>\n<meta property=\"article:author\" content=\"https:\/\/www.facebook.com\/jonathan.broberg.7\" \/>\n<meta property=\"article:published_time\" content=\"2014-08-18T07:04:04+00:00\" \/>\n<meta property=\"article:modified_time\" content=\"2016-12-06T21:38:08+00:00\" \/>\n<meta name=\"author\" content=\"Jonathan Broberg\" \/>\n<meta name=\"twitter:card\" content=\"summary_large_image\" \/>\n<meta name=\"twitter:label1\" content=\"Skriven av\" \/>\n\t<meta name=\"twitter:data1\" content=\"Jonathan Broberg\" \/>\n\t<meta name=\"twitter:label2\" content=\"Ber\u00e4knad l\u00e4stid\" \/>\n\t<meta name=\"twitter:data2\" content=\"1 minut\" \/>\n<script type=\"application\/ld+json\" class=\"yoast-schema-graph\">{\"@context\":\"https:\/\/schema.org\",\"@graph\":[{\"@type\":\"Article\",\"@id\":\"https:\/\/www.budokampsport.se\/2014\/08\/18\/sandra-vargbom-vassar-landslagsformen-i-kickboxning-pa-kampsportsfestivalen-tjejkampen\/#article\",\"isPartOf\":{\"@id\":\"https:\/\/www.budokampsport.se\/2014\/08\/18\/sandra-vargbom-vassar-landslagsformen-i-kickboxning-pa-kampsportsfestivalen-tjejkampen\/\"},\"author\":{\"name\":\"Jonathan Broberg\",\"@id\":\"https:\/\/www.budokampsport.se\/#\/schema\/person\/5c06d81d14850e2a8ce5493386560145\"},\"headline\":\"Sandra Vargbom v\u00e4ssar landslagsformen i kickboxning p\u00e5 Kampsportsfestivalen \u2013 Tjejkampen\",\"datePublished\":\"2014-08-18T07:04:04+00:00\",\"dateModified\":\"2016-12-06T21:38:08+00:00\",\"mainEntityOfPage\":{\"@id\":\"https:\/\/www.budokampsport.se\/2014\/08\/18\/sandra-vargbom-vassar-landslagsformen-i-kickboxning-pa-kampsportsfestivalen-tjejkampen\/\"},\"wordCount\":271,\"inLanguage\":\"sv-SE\"},{\"@type\":\"WebPage\",\"@id\":\"https:\/\/www.budokampsport.se\/2014\/08\/18\/sandra-vargbom-vassar-landslagsformen-i-kickboxning-pa-kampsportsfestivalen-tjejkampen\/\",\"url\":\"https:\/\/www.budokampsport.se\/2014\/08\/18\/sandra-vargbom-vassar-landslagsformen-i-kickboxning-pa-kampsportsfestivalen-tjejkampen\/\",\"name\":\"Sandra Vargbom v\u00e4ssar landslagsformen i kickboxning p\u00e5 Kampsportsfestivalen \u2013 Tjejkampen - Svenska Budo &amp; Kampsportsf\u00f6rbundet\",\"isPartOf\":{\"@id\":\"https:\/\/www.budokampsport.se\/#website\"},\"datePublished\":\"2014-08-18T07:04:04+00:00\",\"dateModified\":\"2016-12-06T21:38:08+00:00\",\"author\":{\"@id\":\"https:\/\/www.budokampsport.se\/#\/schema\/person\/5c06d81d14850e2a8ce5493386560145\"},\"description\":\"Det blir en kickboxningsmatch p\u00e5 Kampsportsfestivalen \u2013 Tjejkampen. Och m\u00f6tet st\u00e5r mellan Sandra Vargbom och Ida Svedlund.\u00a0 \u00a0- Det blir en rolig match, s\u00e4ger Vargbom till budokampsport.se.\",\"breadcrumb\":{\"@id\":\"https:\/\/www.budokampsport.se\/2014\/08\/18\/sandra-vargbom-vassar-landslagsformen-i-kickboxning-pa-kampsportsfestivalen-tjejkampen\/#breadcrumb\"},\"inLanguage\":\"sv-SE\",\"potentialAction\":[{\"@type\":\"ReadAction\",\"target\":[\"https:\/\/www.budokampsport.se\/2014\/08\/18\/sandra-vargbom-vassar-landslagsformen-i-kickboxning-pa-kampsportsfestivalen-tjejkampen\/\"]}]},{\"@type\":\"BreadcrumbList\",\"@id\":\"https:\/\/www.budokampsport.se\/2014\/08\/18\/sandra-vargbom-vassar-landslagsformen-i-kickboxning-pa-kampsportsfestivalen-tjejkampen\/#breadcrumb\",\"itemListElement\":[{\"@type\":\"ListItem\",\"position\":1,\"name\":\"Hem\",\"item\":\"https:\/\/www.budokampsport.se\/\"},{\"@type\":\"ListItem\",\"position\":2,\"name\":\"Sandra Vargbom v\u00e4ssar landslagsformen i kickboxning p\u00e5 Kampsportsfestivalen \u2013 Tjejkampen\"}]},{\"@type\":\"WebSite\",\"@id\":\"https:\/\/www.budokampsport.se\/#website\",\"url\":\"https:\/\/www.budokampsport.se\/\",\"name\":\"Svenska Budo &amp; Kampsportsf\u00f6rbundet\",\"description\":\"T\u00e4vling, Tr\u00e4ning, Tradition\",\"potentialAction\":[{\"@type\":\"SearchAction\",\"target\":{\"@type\":\"EntryPoint\",\"urlTemplate\":\"https:\/\/www.budokampsport.se\/?s={search_term_string}\"},\"query-input\":{\"@type\":\"PropertyValueSpecification\",\"valueRequired\":true,\"valueName\":\"search_term_string\"}}],\"inLanguage\":\"sv-SE\"},{\"@type\":\"Person\",\"@id\":\"https:\/\/www.budokampsport.se\/#\/schema\/person\/5c06d81d14850e2a8ce5493386560145\",\"name\":\"Jonathan Broberg\",\"image\":{\"@type\":\"ImageObject\",\"inLanguage\":\"sv-SE\",\"@id\":\"https:\/\/www.budokampsport.se\/#\/schema\/person\/image\/\",\"url\":\"https:\/\/secure.gravatar.com\/avatar\/a58041c6cea9128bd9c40ee2f26d4136?s=96&d=blank&r=g\",\"contentUrl\":\"https:\/\/secure.gravatar.com\/avatar\/a58041c6cea9128bd9c40ee2f26d4136?s=96&d=blank&r=g\",\"caption\":\"Jonathan Broberg\"},\"sameAs\":[\"https:\/\/www.facebook.com\/jonathan.broberg.7\"],\"url\":\"https:\/\/www.budokampsport.se\/author\/jonathan\/\"}]}<\/script>\n<!-- \/ Yoast SEO plugin. -->","yoast_head_json":{"title":"Sandra Vargbom v\u00e4ssar landslagsformen i kickboxning p\u00e5 Kampsportsfestivalen \u2013 Tjejkampen - Svenska Budo &amp; Kampsportsf\u00f6rbundet","description":"Det blir en kickboxningsmatch p\u00e5 Kampsportsfestivalen \u2013 Tjejkampen. Och m\u00f6tet st\u00e5r mellan Sandra Vargbom och Ida Svedlund.\u00a0 \u00a0- Det blir en rolig match, s\u00e4ger Vargbom till budokampsport.se.","robots":{"index":"index","follow":"follow","max-snippet":"max-snippet:-1","max-image-preview":"max-image-preview:large","max-video-preview":"max-video-preview:-1"},"canonical":"https:\/\/www.budokampsport.se\/2014\/08\/18\/sandra-vargbom-vassar-landslagsformen-i-kickboxning-pa-kampsportsfestivalen-tjejkampen\/","og_locale":"sv_SE","og_type":"article","og_title":"Sandra Vargbom v\u00e4ssar landslagsformen i kickboxning p\u00e5 Kampsportsfestivalen \u2013 Tjejkampen - Svenska Budo &amp; Kampsportsf\u00f6rbundet","og_description":"Det blir en kickboxningsmatch p\u00e5 Kampsportsfestivalen \u2013 Tjejkampen. Och m\u00f6tet st\u00e5r mellan Sandra Vargbom och Ida Svedlund.\u00a0 \u00a0- Det blir en rolig match, s\u00e4ger Vargbom till budokampsport.se.","og_url":"https:\/\/www.budokampsport.se\/2014\/08\/18\/sandra-vargbom-vassar-landslagsformen-i-kickboxning-pa-kampsportsfestivalen-tjejkampen\/","og_site_name":"Svenska Budo &amp; Kampsportsf\u00f6rbundet","article_author":"https:\/\/www.facebook.com\/jonathan.broberg.7","article_published_time":"2014-08-18T07:04:04+00:00","article_modified_time":"2016-12-06T21:38:08+00:00","author":"Jonathan Broberg","twitter_card":"summary_large_image","twitter_misc":{"Skriven av":"Jonathan Broberg","Ber\u00e4knad l\u00e4stid":"1 minut"},"schema":{"@context":"https:\/\/schema.org","@graph":[{"@type":"Article","@id":"https:\/\/www.budokampsport.se\/2014\/08\/18\/sandra-vargbom-vassar-landslagsformen-i-kickboxning-pa-kampsportsfestivalen-tjejkampen\/#article","isPartOf":{"@id":"https:\/\/www.budokampsport.se\/2014\/08\/18\/sandra-vargbom-vassar-landslagsformen-i-kickboxning-pa-kampsportsfestivalen-tjejkampen\/"},"author":{"name":"Jonathan Broberg","@id":"https:\/\/www.budokampsport.se\/#\/schema\/person\/5c06d81d14850e2a8ce5493386560145"},"headline":"Sandra Vargbom v\u00e4ssar landslagsformen i kickboxning p\u00e5 Kampsportsfestivalen \u2013 Tjejkampen","datePublished":"2014-08-18T07:04:04+00:00","dateModified":"2016-12-06T21:38:08+00:00","mainEntityOfPage":{"@id":"https:\/\/www.budokampsport.se\/2014\/08\/18\/sandra-vargbom-vassar-landslagsformen-i-kickboxning-pa-kampsportsfestivalen-tjejkampen\/"},"wordCount":271,"inLanguage":"sv-SE"},{"@type":"WebPage","@id":"https:\/\/www.budokampsport.se\/2014\/08\/18\/sandra-vargbom-vassar-landslagsformen-i-kickboxning-pa-kampsportsfestivalen-tjejkampen\/","url":"https:\/\/www.budokampsport.se\/2014\/08\/18\/sandra-vargbom-vassar-landslagsformen-i-kickboxning-pa-kampsportsfestivalen-tjejkampen\/","name":"Sandra Vargbom v\u00e4ssar landslagsformen i kickboxning p\u00e5 Kampsportsfestivalen \u2013 Tjejkampen - Svenska Budo &amp; Kampsportsf\u00f6rbundet","isPartOf":{"@id":"https:\/\/www.budokampsport.se\/#website"},"datePublished":"2014-08-18T07:04:04+00:00","dateModified":"2016-12-06T21:38:08+00:00","author":{"@id":"https:\/\/www.budokampsport.se\/#\/schema\/person\/5c06d81d14850e2a8ce5493386560145"},"description":"Det blir en kickboxningsmatch p\u00e5 Kampsportsfestivalen \u2013 Tjejkampen. Och m\u00f6tet st\u00e5r mellan Sandra Vargbom och Ida Svedlund.\u00a0 \u00a0- Det blir en rolig match, s\u00e4ger Vargbom till budokampsport.se.","breadcrumb":{"@id":"https:\/\/www.budokampsport.se\/2014\/08\/18\/sandra-vargbom-vassar-landslagsformen-i-kickboxning-pa-kampsportsfestivalen-tjejkampen\/#breadcrumb"},"inLanguage":"sv-SE","potentialAction":[{"@type":"ReadAction","target":["https:\/\/www.budokampsport.se\/2014\/08\/18\/sandra-vargbom-vassar-landslagsformen-i-kickboxning-pa-kampsportsfestivalen-tjejkampen\/"]}]},{"@type":"BreadcrumbList","@id":"https:\/\/www.budokampsport.se\/2014\/08\/18\/sandra-vargbom-vassar-landslagsformen-i-kickboxning-pa-kampsportsfestivalen-tjejkampen\/#breadcrumb","itemListElement":[{"@type":"ListItem","position":1,"name":"Hem","item":"https:\/\/www.budokampsport.se\/"},{"@type":"ListItem","position":2,"name":"Sandra Vargbom v\u00e4ssar landslagsformen i kickboxning p\u00e5 Kampsportsfestivalen \u2013 Tjejkampen"}]},{"@type":"WebSite","@id":"https:\/\/www.budokampsport.se\/#website","url":"https:\/\/www.budokampsport.se\/","name":"Svenska Budo &amp; Kampsportsf\u00f6rbundet","description":"T\u00e4vling, Tr\u00e4ning, Tradition","potentialAction":[{"@type":"SearchAction","target":{"@type":"EntryPoint","urlTemplate":"https:\/\/www.budokampsport.se\/?s={search_term_string}"},"query-input":{"@type":"PropertyValueSpecification","valueRequired":true,"valueName":"search_term_string"}}],"inLanguage":"sv-SE"},{"@type":"Person","@id":"https:\/\/www.budokampsport.se\/#\/schema\/person\/5c06d81d14850e2a8ce5493386560145","name":"Jonathan Broberg","image":{"@type":"ImageObject","inLanguage":"sv-SE","@id":"https:\/\/www.budokampsport.se\/#\/schema\/person\/image\/","url":"https:\/\/secure.gravatar.com\/avatar\/a58041c6cea9128bd9c40ee2f26d4136?s=96&d=blank&r=g","contentUrl":"https:\/\/secure.gravatar.com\/avatar\/a58041c6cea9128bd9c40ee2f26d4136?s=96&d=blank&r=g","caption":"Jonathan Broberg"},"sameAs":["https:\/\/www.facebook.com\/jonathan.broberg.7"],"url":"https:\/\/www.budokampsport.se\/author\/jonathan\/"}]}},"_links":{"self":[{"href":"https:\/\/www.budokampsport.se\/api\/wp\/v2\/posts\/5267","targetHints":{"allow":["GET"]}}],"collection":[{"href":"https:\/\/www.budokampsport.se\/api\/wp\/v2\/posts"}],"about":[{"href":"https:\/\/www.budokampsport.se\/api\/wp\/v2\/types\/post"}],"author":[{"embeddable":true,"href":"https:\/\/www.budokampsport.se\/api\/wp\/v2\/users\/7"}],"replies":[{"embeddable":true,"href":"https:\/\/www.budokampsport.se\/api\/wp\/v2\/comments?post=5267"}],"version-history":[{"count":0,"href":"https:\/\/www.budokampsport.se\/api\/wp\/v2\/posts\/5267\/revisions"}],"wp:attachment":[{"href":"https:\/\/www.budokampsport.se\/api\/wp\/v2\/media?parent=5267"}],"wp:term":[{"taxonomy":"category","embeddable":true,"href":"https:\/\/www.budokampsport.se\/api\/wp\/v2\/categories?post=5267"},{"taxonomy":"post_tag","embeddable":true,"href":"https:\/\/www.budokampsport.se\/api\/wp\/v2\/tags?post=5267"}],"curies":[{"name":"wp","href":"https:\/\/api.w.org\/{rel}","templated":true}]}}