{"id":5272,"date":"2014-08-21T13:15:16","date_gmt":"2014-08-21T11:15:16","guid":{"rendered":"http:\/\/budo.wordpress.dev\/2014\/08\/21\/vm-plats-i-sikte-i-tat-ju-jutsumatch-pa-tjejkampen\/"},"modified":"2016-12-06T22:38:09","modified_gmt":"2016-12-06T21:38:09","slug":"vm-plats-i-sikte-i-tat-ju-jutsumatch-pa-tjejkampen","status":"publish","type":"post","link":"https:\/\/www.budokampsport.se\/2014\/08\/21\/vm-plats-i-sikte-i-tat-ju-jutsumatch-pa-tjejkampen\/","title":{"rendered":"VM-plats i sikte i t\u00e4t ju jutsumatch p\u00e5 Tjejkampen"},"content":{"rendered":"<p><strong><img decoding=\"async\" alt=\"\" src=\"\/sites\/default\/files\/tjejkampen_jujustu.gif\" style=\"height:217px; width:435px\"><br \/>Tv\u00e5 idrottare i olika livsfaser men med liknande livs\u00f6den. S\u00e5 kan ju jutsumatchen p\u00e5 Kampsportsfestivalen \u2013 Tjejkampen mellan Johanna Hamberg och Isabelle Vistam beskrivas.<\/strong><!--break--><\/p>\n<p>Johanna Hamberg, 30, fr\u00e5n K\u00f6ping sp\u00e5ddes en sp\u00e4nnande framtid. Men envetna skador och senast nu \u00e4ven en graviditet har h\u00e5llit hennes talang p\u00e5 halster. Nu \u00e4r hon tillbaka, i b\u00e4ttre mentalt slag \u00e4n f\u00f6rr, och satsar \u00e5ter mot landslag och ett h\u00e4grande VM.<\/p>\n<p>Isabelle Vistam, 18, fr\u00e5n Nacka \u00e4r en av Sverige just nu mest lovande talanger. Men hennes framfart fick sig en t\u00f6rn f\u00f6rra \u00e5ret d\u00e5 hon drabbades av en axelskada. Nu \u00e4r hon, precis som Hamberg, skadefri och extremt framg\u00e5ngstr\u00f6stande.<\/p>\n<p>Under Kampsportsfestivalen \u2013 Tjejkampen m\u00f6ts de b\u00e5da VM-aspiranterna i -55kg. En match som kanske blir en liten fingervisning om vem som f\u00e5r \u00e5ka till Paris-VM i slutet av november.<\/p>\n<p>Text: Jonathan Broberg<br \/>Foto: Gunnar Hoffsten\u00a0<\/p>\n","protected":false},"excerpt":{"rendered":"<p><strong><img decoding=\"async\" alt=\"\" src=\"\/sites\/default\/files\/tjejkampen_jujustu.gif\" style=\"height:217px; width:435px\"><br \/>Tv\u00e5 idrottare i olika livsfaser men med liknande livs\u00f6den. S\u00e5 kan ju jutsumatchen p\u00e5 Kampsportsfestivalen \u2013 Tjejkampen mellan Johanna Hamberg och Isabelle Vistam beskrivas.<\/strong><\/p><br>","protected":false},"author":7,"featured_media":0,"comment_status":"closed","ping_status":"closed","sticky":false,"template":"","format":"standard","meta":{"_acf_changed":false,"footnotes":""},"categories":[1],"tags":[],"class_list":["post-5272","post","type-post","status-publish","format-standard","hentry","category-okategoriserade"],"acf":[],"yoast_head":"<!-- This site is optimized with the Yoast SEO plugin v26.8 - https:\/\/yoast.com\/product\/yoast-seo-wordpress\/ -->\n<title>VM-plats i sikte i t\u00e4t ju jutsumatch p\u00e5 Tjejkampen - Svenska Budo &amp; Kampsportsf\u00f6rbundet<\/title>\n<meta name=\"description\" content=\"Tv\u00e5 idrottare i olika livsfaser men med liknande livs\u00f6den. S\u00e5 kan ju jutsumatchen p\u00e5 Kampsportsfestivalen \u2013 Tjejkampen mellan Johanna Hamberg och Isabelle Vistam beskrivas.\" \/>\n<meta name=\"robots\" content=\"index, follow, max-snippet:-1, max-image-preview:large, max-video-preview:-1\" \/>\n<link rel=\"canonical\" href=\"https:\/\/www.budokampsport.se\/2014\/08\/21\/vm-plats-i-sikte-i-tat-ju-jutsumatch-pa-tjejkampen\/\" \/>\n<meta property=\"og:locale\" content=\"sv_SE\" \/>\n<meta property=\"og:type\" content=\"article\" \/>\n<meta property=\"og:title\" content=\"VM-plats i sikte i t\u00e4t ju jutsumatch p\u00e5 Tjejkampen - Svenska Budo &amp; Kampsportsf\u00f6rbundet\" \/>\n<meta property=\"og:description\" content=\"Tv\u00e5 idrottare i olika livsfaser men med liknande livs\u00f6den. S\u00e5 kan ju jutsumatchen p\u00e5 Kampsportsfestivalen \u2013 Tjejkampen mellan Johanna Hamberg och Isabelle Vistam beskrivas.\" \/>\n<meta property=\"og:url\" content=\"https:\/\/www.budokampsport.se\/2014\/08\/21\/vm-plats-i-sikte-i-tat-ju-jutsumatch-pa-tjejkampen\/\" \/>\n<meta property=\"og:site_name\" content=\"Svenska Budo &amp; Kampsportsf\u00f6rbundet\" \/>\n<meta property=\"article:author\" content=\"https:\/\/www.facebook.com\/jonathan.broberg.7\" \/>\n<meta property=\"article:published_time\" content=\"2014-08-21T11:15:16+00:00\" \/>\n<meta property=\"article:modified_time\" content=\"2016-12-06T21:38:09+00:00\" \/>\n<meta name=\"author\" content=\"Jonathan Broberg\" \/>\n<meta name=\"twitter:card\" content=\"summary_large_image\" \/>\n<meta name=\"twitter:label1\" content=\"Skriven av\" \/>\n\t<meta name=\"twitter:data1\" content=\"Jonathan Broberg\" \/>\n\t<meta name=\"twitter:label2\" content=\"Ber\u00e4knad l\u00e4stid\" \/>\n\t<meta name=\"twitter:data2\" content=\"1 minut\" \/>\n<script type=\"application\/ld+json\" class=\"yoast-schema-graph\">{\"@context\":\"https:\/\/schema.org\",\"@graph\":[{\"@type\":\"Article\",\"@id\":\"https:\/\/www.budokampsport.se\/2014\/08\/21\/vm-plats-i-sikte-i-tat-ju-jutsumatch-pa-tjejkampen\/#article\",\"isPartOf\":{\"@id\":\"https:\/\/www.budokampsport.se\/2014\/08\/21\/vm-plats-i-sikte-i-tat-ju-jutsumatch-pa-tjejkampen\/\"},\"author\":{\"name\":\"Jonathan Broberg\",\"@id\":\"https:\/\/www.budokampsport.se\/#\/schema\/person\/5c06d81d14850e2a8ce5493386560145\"},\"headline\":\"VM-plats i sikte i t\u00e4t ju jutsumatch p\u00e5 Tjejkampen\",\"datePublished\":\"2014-08-21T11:15:16+00:00\",\"dateModified\":\"2016-12-06T21:38:09+00:00\",\"mainEntityOfPage\":{\"@id\":\"https:\/\/www.budokampsport.se\/2014\/08\/21\/vm-plats-i-sikte-i-tat-ju-jutsumatch-pa-tjejkampen\/\"},\"wordCount\":164,\"inLanguage\":\"sv-SE\"},{\"@type\":\"WebPage\",\"@id\":\"https:\/\/www.budokampsport.se\/2014\/08\/21\/vm-plats-i-sikte-i-tat-ju-jutsumatch-pa-tjejkampen\/\",\"url\":\"https:\/\/www.budokampsport.se\/2014\/08\/21\/vm-plats-i-sikte-i-tat-ju-jutsumatch-pa-tjejkampen\/\",\"name\":\"VM-plats i sikte i t\u00e4t ju jutsumatch p\u00e5 Tjejkampen - Svenska Budo &amp; Kampsportsf\u00f6rbundet\",\"isPartOf\":{\"@id\":\"https:\/\/www.budokampsport.se\/#website\"},\"datePublished\":\"2014-08-21T11:15:16+00:00\",\"dateModified\":\"2016-12-06T21:38:09+00:00\",\"author\":{\"@id\":\"https:\/\/www.budokampsport.se\/#\/schema\/person\/5c06d81d14850e2a8ce5493386560145\"},\"description\":\"Tv\u00e5 idrottare i olika livsfaser men med liknande livs\u00f6den. S\u00e5 kan ju jutsumatchen p\u00e5 Kampsportsfestivalen \u2013 Tjejkampen mellan Johanna Hamberg och Isabelle Vistam beskrivas.\",\"breadcrumb\":{\"@id\":\"https:\/\/www.budokampsport.se\/2014\/08\/21\/vm-plats-i-sikte-i-tat-ju-jutsumatch-pa-tjejkampen\/#breadcrumb\"},\"inLanguage\":\"sv-SE\",\"potentialAction\":[{\"@type\":\"ReadAction\",\"target\":[\"https:\/\/www.budokampsport.se\/2014\/08\/21\/vm-plats-i-sikte-i-tat-ju-jutsumatch-pa-tjejkampen\/\"]}]},{\"@type\":\"BreadcrumbList\",\"@id\":\"https:\/\/www.budokampsport.se\/2014\/08\/21\/vm-plats-i-sikte-i-tat-ju-jutsumatch-pa-tjejkampen\/#breadcrumb\",\"itemListElement\":[{\"@type\":\"ListItem\",\"position\":1,\"name\":\"Hem\",\"item\":\"https:\/\/www.budokampsport.se\/\"},{\"@type\":\"ListItem\",\"position\":2,\"name\":\"VM-plats i sikte i t\u00e4t ju jutsumatch p\u00e5 Tjejkampen\"}]},{\"@type\":\"WebSite\",\"@id\":\"https:\/\/www.budokampsport.se\/#website\",\"url\":\"https:\/\/www.budokampsport.se\/\",\"name\":\"Svenska Budo &amp; Kampsportsf\u00f6rbundet\",\"description\":\"T\u00e4vling, Tr\u00e4ning, Tradition\",\"potentialAction\":[{\"@type\":\"SearchAction\",\"target\":{\"@type\":\"EntryPoint\",\"urlTemplate\":\"https:\/\/www.budokampsport.se\/?s={search_term_string}\"},\"query-input\":{\"@type\":\"PropertyValueSpecification\",\"valueRequired\":true,\"valueName\":\"search_term_string\"}}],\"inLanguage\":\"sv-SE\"},{\"@type\":\"Person\",\"@id\":\"https:\/\/www.budokampsport.se\/#\/schema\/person\/5c06d81d14850e2a8ce5493386560145\",\"name\":\"Jonathan Broberg\",\"image\":{\"@type\":\"ImageObject\",\"inLanguage\":\"sv-SE\",\"@id\":\"https:\/\/www.budokampsport.se\/#\/schema\/person\/image\/\",\"url\":\"https:\/\/secure.gravatar.com\/avatar\/a58041c6cea9128bd9c40ee2f26d4136?s=96&d=blank&r=g\",\"contentUrl\":\"https:\/\/secure.gravatar.com\/avatar\/a58041c6cea9128bd9c40ee2f26d4136?s=96&d=blank&r=g\",\"caption\":\"Jonathan Broberg\"},\"sameAs\":[\"https:\/\/www.facebook.com\/jonathan.broberg.7\"],\"url\":\"https:\/\/www.budokampsport.se\/author\/jonathan\/\"}]}<\/script>\n<!-- \/ Yoast SEO plugin. -->","yoast_head_json":{"title":"VM-plats i sikte i t\u00e4t ju jutsumatch p\u00e5 Tjejkampen - Svenska Budo &amp; Kampsportsf\u00f6rbundet","description":"Tv\u00e5 idrottare i olika livsfaser men med liknande livs\u00f6den. S\u00e5 kan ju jutsumatchen p\u00e5 Kampsportsfestivalen \u2013 Tjejkampen mellan Johanna Hamberg och Isabelle Vistam beskrivas.","robots":{"index":"index","follow":"follow","max-snippet":"max-snippet:-1","max-image-preview":"max-image-preview:large","max-video-preview":"max-video-preview:-1"},"canonical":"https:\/\/www.budokampsport.se\/2014\/08\/21\/vm-plats-i-sikte-i-tat-ju-jutsumatch-pa-tjejkampen\/","og_locale":"sv_SE","og_type":"article","og_title":"VM-plats i sikte i t\u00e4t ju jutsumatch p\u00e5 Tjejkampen - Svenska Budo &amp; Kampsportsf\u00f6rbundet","og_description":"Tv\u00e5 idrottare i olika livsfaser men med liknande livs\u00f6den. S\u00e5 kan ju jutsumatchen p\u00e5 Kampsportsfestivalen \u2013 Tjejkampen mellan Johanna Hamberg och Isabelle Vistam beskrivas.","og_url":"https:\/\/www.budokampsport.se\/2014\/08\/21\/vm-plats-i-sikte-i-tat-ju-jutsumatch-pa-tjejkampen\/","og_site_name":"Svenska Budo &amp; Kampsportsf\u00f6rbundet","article_author":"https:\/\/www.facebook.com\/jonathan.broberg.7","article_published_time":"2014-08-21T11:15:16+00:00","article_modified_time":"2016-12-06T21:38:09+00:00","author":"Jonathan Broberg","twitter_card":"summary_large_image","twitter_misc":{"Skriven av":"Jonathan Broberg","Ber\u00e4knad l\u00e4stid":"1 minut"},"schema":{"@context":"https:\/\/schema.org","@graph":[{"@type":"Article","@id":"https:\/\/www.budokampsport.se\/2014\/08\/21\/vm-plats-i-sikte-i-tat-ju-jutsumatch-pa-tjejkampen\/#article","isPartOf":{"@id":"https:\/\/www.budokampsport.se\/2014\/08\/21\/vm-plats-i-sikte-i-tat-ju-jutsumatch-pa-tjejkampen\/"},"author":{"name":"Jonathan Broberg","@id":"https:\/\/www.budokampsport.se\/#\/schema\/person\/5c06d81d14850e2a8ce5493386560145"},"headline":"VM-plats i sikte i t\u00e4t ju jutsumatch p\u00e5 Tjejkampen","datePublished":"2014-08-21T11:15:16+00:00","dateModified":"2016-12-06T21:38:09+00:00","mainEntityOfPage":{"@id":"https:\/\/www.budokampsport.se\/2014\/08\/21\/vm-plats-i-sikte-i-tat-ju-jutsumatch-pa-tjejkampen\/"},"wordCount":164,"inLanguage":"sv-SE"},{"@type":"WebPage","@id":"https:\/\/www.budokampsport.se\/2014\/08\/21\/vm-plats-i-sikte-i-tat-ju-jutsumatch-pa-tjejkampen\/","url":"https:\/\/www.budokampsport.se\/2014\/08\/21\/vm-plats-i-sikte-i-tat-ju-jutsumatch-pa-tjejkampen\/","name":"VM-plats i sikte i t\u00e4t ju jutsumatch p\u00e5 Tjejkampen - Svenska Budo &amp; Kampsportsf\u00f6rbundet","isPartOf":{"@id":"https:\/\/www.budokampsport.se\/#website"},"datePublished":"2014-08-21T11:15:16+00:00","dateModified":"2016-12-06T21:38:09+00:00","author":{"@id":"https:\/\/www.budokampsport.se\/#\/schema\/person\/5c06d81d14850e2a8ce5493386560145"},"description":"Tv\u00e5 idrottare i olika livsfaser men med liknande livs\u00f6den. S\u00e5 kan ju jutsumatchen p\u00e5 Kampsportsfestivalen \u2013 Tjejkampen mellan Johanna Hamberg och Isabelle Vistam beskrivas.","breadcrumb":{"@id":"https:\/\/www.budokampsport.se\/2014\/08\/21\/vm-plats-i-sikte-i-tat-ju-jutsumatch-pa-tjejkampen\/#breadcrumb"},"inLanguage":"sv-SE","potentialAction":[{"@type":"ReadAction","target":["https:\/\/www.budokampsport.se\/2014\/08\/21\/vm-plats-i-sikte-i-tat-ju-jutsumatch-pa-tjejkampen\/"]}]},{"@type":"BreadcrumbList","@id":"https:\/\/www.budokampsport.se\/2014\/08\/21\/vm-plats-i-sikte-i-tat-ju-jutsumatch-pa-tjejkampen\/#breadcrumb","itemListElement":[{"@type":"ListItem","position":1,"name":"Hem","item":"https:\/\/www.budokampsport.se\/"},{"@type":"ListItem","position":2,"name":"VM-plats i sikte i t\u00e4t ju jutsumatch p\u00e5 Tjejkampen"}]},{"@type":"WebSite","@id":"https:\/\/www.budokampsport.se\/#website","url":"https:\/\/www.budokampsport.se\/","name":"Svenska Budo &amp; Kampsportsf\u00f6rbundet","description":"T\u00e4vling, Tr\u00e4ning, Tradition","potentialAction":[{"@type":"SearchAction","target":{"@type":"EntryPoint","urlTemplate":"https:\/\/www.budokampsport.se\/?s={search_term_string}"},"query-input":{"@type":"PropertyValueSpecification","valueRequired":true,"valueName":"search_term_string"}}],"inLanguage":"sv-SE"},{"@type":"Person","@id":"https:\/\/www.budokampsport.se\/#\/schema\/person\/5c06d81d14850e2a8ce5493386560145","name":"Jonathan Broberg","image":{"@type":"ImageObject","inLanguage":"sv-SE","@id":"https:\/\/www.budokampsport.se\/#\/schema\/person\/image\/","url":"https:\/\/secure.gravatar.com\/avatar\/a58041c6cea9128bd9c40ee2f26d4136?s=96&d=blank&r=g","contentUrl":"https:\/\/secure.gravatar.com\/avatar\/a58041c6cea9128bd9c40ee2f26d4136?s=96&d=blank&r=g","caption":"Jonathan Broberg"},"sameAs":["https:\/\/www.facebook.com\/jonathan.broberg.7"],"url":"https:\/\/www.budokampsport.se\/author\/jonathan\/"}]}},"_links":{"self":[{"href":"https:\/\/www.budokampsport.se\/api\/wp\/v2\/posts\/5272","targetHints":{"allow":["GET"]}}],"collection":[{"href":"https:\/\/www.budokampsport.se\/api\/wp\/v2\/posts"}],"about":[{"href":"https:\/\/www.budokampsport.se\/api\/wp\/v2\/types\/post"}],"author":[{"embeddable":true,"href":"https:\/\/www.budokampsport.se\/api\/wp\/v2\/users\/7"}],"replies":[{"embeddable":true,"href":"https:\/\/www.budokampsport.se\/api\/wp\/v2\/comments?post=5272"}],"version-history":[{"count":0,"href":"https:\/\/www.budokampsport.se\/api\/wp\/v2\/posts\/5272\/revisions"}],"wp:attachment":[{"href":"https:\/\/www.budokampsport.se\/api\/wp\/v2\/media?parent=5272"}],"wp:term":[{"taxonomy":"category","embeddable":true,"href":"https:\/\/www.budokampsport.se\/api\/wp\/v2\/categories?post=5272"},{"taxonomy":"post_tag","embeddable":true,"href":"https:\/\/www.budokampsport.se\/api\/wp\/v2\/tags?post=5272"}],"curies":[{"name":"wp","href":"https:\/\/api.w.org\/{rel}","templated":true}]}}