{"id":5273,"date":"2014-08-21T13:22:15","date_gmt":"2014-08-21T11:22:15","guid":{"rendered":"http:\/\/budo.wordpress.dev\/2014\/08\/21\/johanna-hamberg-gor-comeback-i-ju-jutsu-under-tjejkampen\/"},"modified":"2016-12-06T22:38:10","modified_gmt":"2016-12-06T21:38:10","slug":"johanna-hamberg-gor-comeback-i-ju-jutsu-under-tjejkampen","status":"publish","type":"post","link":"https:\/\/www.budokampsport.se\/2014\/08\/21\/johanna-hamberg-gor-comeback-i-ju-jutsu-under-tjejkampen\/","title":{"rendered":"Johanna Hamberg g\u00f6r comeback i ju jutsu under Tjejkampen"},"content":{"rendered":"<p><strong><img decoding=\"async\" alt=\"\" src=\"\/sites\/default\/files\/hamberg.jpg\" style=\"height:657px; width:435px\"><br \/>Efter skadebekymmer och graviditet \u00e4r \u00e4ntligen Johanna Hamberg, 30, fr\u00e5n K\u00f6ping redo att matchas igen i ju jutsu. Och den 30:e augusti under Kampsportsfestivalen \u2013 Tjejkampen m\u00f6ter hon Isabelle Vistam. Tv\u00e5 idrottare som under \u00e5ret tar sikte mot samma landslagsplats.<br \/>\u00a0\u00a0 &#8211; Ja, det \u00e4r sp\u00e4nnande och roligt att vara tillbaka och kul att f\u00e5 m\u00f6ta Isabelle, s\u00e4ger Hamberg till budokampsport.se.<\/strong><!--break--><\/p>\n<p>Det blir en h\u00f6gintressant ju jutsumatch under Kampsportsfestivalen \u2013 Tjejkampen.<\/p>\n<p>B\u00e5de Isabelle Vistam och Johanna Hamberg \u00e4r aktuella f\u00f6r en landslagsplats i -55kg, och p\u00e5 sikt \u00e4r det inte alls otroligt att n\u00e5gon av dem tar platsen till VM i Paris.<\/p>\n<p>Men f\u00f6r Hamberg har resan mot landslag just tagit fart igen efter ett l\u00e4ngre uppeh\u00e5ll fr\u00e5n ju jutsu d\u00e4r dels skador g\u00e4ckat henne, och en graviditet hunnits med.<br \/>\u00a0\u00a0 &#8211; Jag k\u00e4nner mig v\u00e4ldigt redo f\u00f6r en ny satsning. Jag \u00e4r mycket b\u00e4ttre mentalt f\u00f6rberedd nu \u00e4n jag var innan uppeh\u00e5llet.<\/p>\n<p><strong>&#8220;Utvecklats enormt&#8221;<\/strong><br \/>Och att st\u00e4llas mot j\u00e4ttetalangen Isabelle Vistam ser Hamberg som en perfekt comeback.<br \/>\u00a0\u00a0 &#8211; Det s\u00e4gs ju att det \u00e4r vi tv\u00e5 som ligger n\u00e4rmast landslagsplatsen i -55, s\u00e5 det blir v\u00e4ldigt roligt att m\u00f6ta henne. Vi har m\u00f6tts f\u00f6rr och vi har tr\u00e4nat en del ihop. Det \u00e4r en j\u00e4ttefin tjej och hon har utvecklats enormt mycket de senaste s\u00e4songerna.<\/p>\n<p>Att comebacken blir under Kampsportsfestivalen \u2013 Tjejkampen \u00e4r Hamberg ocks\u00e5 glad \u00f6ver.<br \/>\u00a0\u00a0 &#8211; Det \u00e4r j\u00e4ttepositivt, ett bra initiativ f\u00f6r att f\u00f6rs\u00f6ka f\u00e5 fler unga tjejer att b\u00f6rja med n\u00e5gon kampsport. Sedan \u00e4r det kul att det g\u00f6rs n\u00e5got extra f\u00f6r de tjejer som redan tr\u00e4nar, det beh\u00f6vs.<\/p>\n<p>Text: Jonathan Broberg<br \/>Foto: Gunnar Hoffsten<\/p>\n","protected":false},"excerpt":{"rendered":"<p><strong><img decoding=\"async\" alt=\"\" src=\"\/sites\/default\/files\/hamberg.jpg\" style=\"height:657px; width:435px\"><br \/>Efter skadebekymmer och graviditet \u00e4r \u00e4ntligen Johanna Hamberg, 30, fr\u00e5n K\u00f6ping redo att matchas igen i ju jutsu. Och den 30:e augusti under Kampsportsfestivalen \u2013 Tjejkampen m\u00f6ter hon Isabelle Vistam. Tv\u00e5 idrottare som under \u00e5ret tar sikte mot samma landslagsplats.<br \/>\u00a0\u00a0 &#8211; Ja, det \u00e4r sp\u00e4nnande och roligt att vara tillbaka och kul att f\u00e5 m\u00f6ta Isabelle, s\u00e4ger Hamberg till budokampsport.se.<\/strong><\/p><br>","protected":false},"author":7,"featured_media":0,"comment_status":"closed","ping_status":"closed","sticky":false,"template":"","format":"standard","meta":{"_acf_changed":false,"footnotes":""},"categories":[1],"tags":[],"class_list":["post-5273","post","type-post","status-publish","format-standard","hentry","category-okategoriserade"],"acf":[],"yoast_head":"<!-- This site is optimized with the Yoast SEO plugin v26.8 - https:\/\/yoast.com\/product\/yoast-seo-wordpress\/ -->\n<title>Johanna Hamberg g\u00f6r comeback i ju jutsu under Tjejkampen - Svenska Budo &amp; Kampsportsf\u00f6rbundet<\/title>\n<meta name=\"description\" content=\"Efter skadebekymmer och graviditet \u00e4r \u00e4ntligen Johanna Hamberg, 30, fr\u00e5n K\u00f6ping redo att matchas igen i ju jutsu. Och den 30:e augusti under Kampsportsfestivalen \u2013 Tjejkampen m\u00f6ter hon Isabelle Vistam. Tv\u00e5 idrottare som under \u00e5ret tar sikte mot samma landslagsplats.\u00a0\u00a0 - Ja, det \u00e4r sp\u00e4nnande och roligt att vara tillbaka och kul att f\u00e5 m\u00f6ta Isabelle, s\u00e4ger Hamberg till budokampsport.se.\" \/>\n<meta name=\"robots\" content=\"index, follow, max-snippet:-1, max-image-preview:large, max-video-preview:-1\" \/>\n<link rel=\"canonical\" href=\"https:\/\/www.budokampsport.se\/2014\/08\/21\/johanna-hamberg-gor-comeback-i-ju-jutsu-under-tjejkampen\/\" \/>\n<meta property=\"og:locale\" content=\"sv_SE\" \/>\n<meta property=\"og:type\" content=\"article\" \/>\n<meta property=\"og:title\" content=\"Johanna Hamberg g\u00f6r comeback i ju jutsu under Tjejkampen - Svenska Budo &amp; Kampsportsf\u00f6rbundet\" \/>\n<meta property=\"og:description\" content=\"Efter skadebekymmer och graviditet \u00e4r \u00e4ntligen Johanna Hamberg, 30, fr\u00e5n K\u00f6ping redo att matchas igen i ju jutsu. Och den 30:e augusti under Kampsportsfestivalen \u2013 Tjejkampen m\u00f6ter hon Isabelle Vistam. Tv\u00e5 idrottare som under \u00e5ret tar sikte mot samma landslagsplats.\u00a0\u00a0 - Ja, det \u00e4r sp\u00e4nnande och roligt att vara tillbaka och kul att f\u00e5 m\u00f6ta Isabelle, s\u00e4ger Hamberg till budokampsport.se.\" \/>\n<meta property=\"og:url\" content=\"https:\/\/www.budokampsport.se\/2014\/08\/21\/johanna-hamberg-gor-comeback-i-ju-jutsu-under-tjejkampen\/\" \/>\n<meta property=\"og:site_name\" content=\"Svenska Budo &amp; Kampsportsf\u00f6rbundet\" \/>\n<meta property=\"article:author\" content=\"https:\/\/www.facebook.com\/jonathan.broberg.7\" \/>\n<meta property=\"article:published_time\" content=\"2014-08-21T11:22:15+00:00\" \/>\n<meta property=\"article:modified_time\" content=\"2016-12-06T21:38:10+00:00\" \/>\n<meta name=\"author\" content=\"Jonathan Broberg\" \/>\n<meta name=\"twitter:card\" content=\"summary_large_image\" \/>\n<meta name=\"twitter:label1\" content=\"Skriven av\" \/>\n\t<meta name=\"twitter:data1\" content=\"Jonathan Broberg\" \/>\n\t<meta name=\"twitter:label2\" content=\"Ber\u00e4knad l\u00e4stid\" \/>\n\t<meta name=\"twitter:data2\" content=\"2 minuter\" \/>\n<script type=\"application\/ld+json\" class=\"yoast-schema-graph\">{\"@context\":\"https:\/\/schema.org\",\"@graph\":[{\"@type\":\"Article\",\"@id\":\"https:\/\/www.budokampsport.se\/2014\/08\/21\/johanna-hamberg-gor-comeback-i-ju-jutsu-under-tjejkampen\/#article\",\"isPartOf\":{\"@id\":\"https:\/\/www.budokampsport.se\/2014\/08\/21\/johanna-hamberg-gor-comeback-i-ju-jutsu-under-tjejkampen\/\"},\"author\":{\"name\":\"Jonathan Broberg\",\"@id\":\"https:\/\/www.budokampsport.se\/#\/schema\/person\/5c06d81d14850e2a8ce5493386560145\"},\"headline\":\"Johanna Hamberg g\u00f6r comeback i ju jutsu under Tjejkampen\",\"datePublished\":\"2014-08-21T11:22:15+00:00\",\"dateModified\":\"2016-12-06T21:38:10+00:00\",\"mainEntityOfPage\":{\"@id\":\"https:\/\/www.budokampsport.se\/2014\/08\/21\/johanna-hamberg-gor-comeback-i-ju-jutsu-under-tjejkampen\/\"},\"wordCount\":319,\"inLanguage\":\"sv-SE\"},{\"@type\":\"WebPage\",\"@id\":\"https:\/\/www.budokampsport.se\/2014\/08\/21\/johanna-hamberg-gor-comeback-i-ju-jutsu-under-tjejkampen\/\",\"url\":\"https:\/\/www.budokampsport.se\/2014\/08\/21\/johanna-hamberg-gor-comeback-i-ju-jutsu-under-tjejkampen\/\",\"name\":\"Johanna Hamberg g\u00f6r comeback i ju jutsu under Tjejkampen - Svenska Budo &amp; Kampsportsf\u00f6rbundet\",\"isPartOf\":{\"@id\":\"https:\/\/www.budokampsport.se\/#website\"},\"datePublished\":\"2014-08-21T11:22:15+00:00\",\"dateModified\":\"2016-12-06T21:38:10+00:00\",\"author\":{\"@id\":\"https:\/\/www.budokampsport.se\/#\/schema\/person\/5c06d81d14850e2a8ce5493386560145\"},\"description\":\"Efter skadebekymmer och graviditet \u00e4r \u00e4ntligen Johanna Hamberg, 30, fr\u00e5n K\u00f6ping redo att matchas igen i ju jutsu. Och den 30:e augusti under Kampsportsfestivalen \u2013 Tjejkampen m\u00f6ter hon Isabelle Vistam. Tv\u00e5 idrottare som under \u00e5ret tar sikte mot samma landslagsplats.\u00a0\u00a0 - Ja, det \u00e4r sp\u00e4nnande och roligt att vara tillbaka och kul att f\u00e5 m\u00f6ta Isabelle, s\u00e4ger Hamberg till budokampsport.se.\",\"breadcrumb\":{\"@id\":\"https:\/\/www.budokampsport.se\/2014\/08\/21\/johanna-hamberg-gor-comeback-i-ju-jutsu-under-tjejkampen\/#breadcrumb\"},\"inLanguage\":\"sv-SE\",\"potentialAction\":[{\"@type\":\"ReadAction\",\"target\":[\"https:\/\/www.budokampsport.se\/2014\/08\/21\/johanna-hamberg-gor-comeback-i-ju-jutsu-under-tjejkampen\/\"]}]},{\"@type\":\"BreadcrumbList\",\"@id\":\"https:\/\/www.budokampsport.se\/2014\/08\/21\/johanna-hamberg-gor-comeback-i-ju-jutsu-under-tjejkampen\/#breadcrumb\",\"itemListElement\":[{\"@type\":\"ListItem\",\"position\":1,\"name\":\"Hem\",\"item\":\"https:\/\/www.budokampsport.se\/\"},{\"@type\":\"ListItem\",\"position\":2,\"name\":\"Johanna Hamberg g\u00f6r comeback i ju jutsu under Tjejkampen\"}]},{\"@type\":\"WebSite\",\"@id\":\"https:\/\/www.budokampsport.se\/#website\",\"url\":\"https:\/\/www.budokampsport.se\/\",\"name\":\"Svenska Budo &amp; Kampsportsf\u00f6rbundet\",\"description\":\"T\u00e4vling, Tr\u00e4ning, Tradition\",\"potentialAction\":[{\"@type\":\"SearchAction\",\"target\":{\"@type\":\"EntryPoint\",\"urlTemplate\":\"https:\/\/www.budokampsport.se\/?s={search_term_string}\"},\"query-input\":{\"@type\":\"PropertyValueSpecification\",\"valueRequired\":true,\"valueName\":\"search_term_string\"}}],\"inLanguage\":\"sv-SE\"},{\"@type\":\"Person\",\"@id\":\"https:\/\/www.budokampsport.se\/#\/schema\/person\/5c06d81d14850e2a8ce5493386560145\",\"name\":\"Jonathan Broberg\",\"image\":{\"@type\":\"ImageObject\",\"inLanguage\":\"sv-SE\",\"@id\":\"https:\/\/www.budokampsport.se\/#\/schema\/person\/image\/\",\"url\":\"https:\/\/secure.gravatar.com\/avatar\/a58041c6cea9128bd9c40ee2f26d4136?s=96&d=blank&r=g\",\"contentUrl\":\"https:\/\/secure.gravatar.com\/avatar\/a58041c6cea9128bd9c40ee2f26d4136?s=96&d=blank&r=g\",\"caption\":\"Jonathan Broberg\"},\"sameAs\":[\"https:\/\/www.facebook.com\/jonathan.broberg.7\"],\"url\":\"https:\/\/www.budokampsport.se\/author\/jonathan\/\"}]}<\/script>\n<!-- \/ Yoast SEO plugin. -->","yoast_head_json":{"title":"Johanna Hamberg g\u00f6r comeback i ju jutsu under Tjejkampen - Svenska Budo &amp; Kampsportsf\u00f6rbundet","description":"Efter skadebekymmer och graviditet \u00e4r \u00e4ntligen Johanna Hamberg, 30, fr\u00e5n K\u00f6ping redo att matchas igen i ju jutsu. Och den 30:e augusti under Kampsportsfestivalen \u2013 Tjejkampen m\u00f6ter hon Isabelle Vistam. Tv\u00e5 idrottare som under \u00e5ret tar sikte mot samma landslagsplats.\u00a0\u00a0 - Ja, det \u00e4r sp\u00e4nnande och roligt att vara tillbaka och kul att f\u00e5 m\u00f6ta Isabelle, s\u00e4ger Hamberg till budokampsport.se.","robots":{"index":"index","follow":"follow","max-snippet":"max-snippet:-1","max-image-preview":"max-image-preview:large","max-video-preview":"max-video-preview:-1"},"canonical":"https:\/\/www.budokampsport.se\/2014\/08\/21\/johanna-hamberg-gor-comeback-i-ju-jutsu-under-tjejkampen\/","og_locale":"sv_SE","og_type":"article","og_title":"Johanna Hamberg g\u00f6r comeback i ju jutsu under Tjejkampen - Svenska Budo &amp; Kampsportsf\u00f6rbundet","og_description":"Efter skadebekymmer och graviditet \u00e4r \u00e4ntligen Johanna Hamberg, 30, fr\u00e5n K\u00f6ping redo att matchas igen i ju jutsu. Och den 30:e augusti under Kampsportsfestivalen \u2013 Tjejkampen m\u00f6ter hon Isabelle Vistam. Tv\u00e5 idrottare som under \u00e5ret tar sikte mot samma landslagsplats.\u00a0\u00a0 - Ja, det \u00e4r sp\u00e4nnande och roligt att vara tillbaka och kul att f\u00e5 m\u00f6ta Isabelle, s\u00e4ger Hamberg till budokampsport.se.","og_url":"https:\/\/www.budokampsport.se\/2014\/08\/21\/johanna-hamberg-gor-comeback-i-ju-jutsu-under-tjejkampen\/","og_site_name":"Svenska Budo &amp; Kampsportsf\u00f6rbundet","article_author":"https:\/\/www.facebook.com\/jonathan.broberg.7","article_published_time":"2014-08-21T11:22:15+00:00","article_modified_time":"2016-12-06T21:38:10+00:00","author":"Jonathan Broberg","twitter_card":"summary_large_image","twitter_misc":{"Skriven av":"Jonathan Broberg","Ber\u00e4knad l\u00e4stid":"2 minuter"},"schema":{"@context":"https:\/\/schema.org","@graph":[{"@type":"Article","@id":"https:\/\/www.budokampsport.se\/2014\/08\/21\/johanna-hamberg-gor-comeback-i-ju-jutsu-under-tjejkampen\/#article","isPartOf":{"@id":"https:\/\/www.budokampsport.se\/2014\/08\/21\/johanna-hamberg-gor-comeback-i-ju-jutsu-under-tjejkampen\/"},"author":{"name":"Jonathan Broberg","@id":"https:\/\/www.budokampsport.se\/#\/schema\/person\/5c06d81d14850e2a8ce5493386560145"},"headline":"Johanna Hamberg g\u00f6r comeback i ju jutsu under Tjejkampen","datePublished":"2014-08-21T11:22:15+00:00","dateModified":"2016-12-06T21:38:10+00:00","mainEntityOfPage":{"@id":"https:\/\/www.budokampsport.se\/2014\/08\/21\/johanna-hamberg-gor-comeback-i-ju-jutsu-under-tjejkampen\/"},"wordCount":319,"inLanguage":"sv-SE"},{"@type":"WebPage","@id":"https:\/\/www.budokampsport.se\/2014\/08\/21\/johanna-hamberg-gor-comeback-i-ju-jutsu-under-tjejkampen\/","url":"https:\/\/www.budokampsport.se\/2014\/08\/21\/johanna-hamberg-gor-comeback-i-ju-jutsu-under-tjejkampen\/","name":"Johanna Hamberg g\u00f6r comeback i ju jutsu under Tjejkampen - Svenska Budo &amp; Kampsportsf\u00f6rbundet","isPartOf":{"@id":"https:\/\/www.budokampsport.se\/#website"},"datePublished":"2014-08-21T11:22:15+00:00","dateModified":"2016-12-06T21:38:10+00:00","author":{"@id":"https:\/\/www.budokampsport.se\/#\/schema\/person\/5c06d81d14850e2a8ce5493386560145"},"description":"Efter skadebekymmer och graviditet \u00e4r \u00e4ntligen Johanna Hamberg, 30, fr\u00e5n K\u00f6ping redo att matchas igen i ju jutsu. Och den 30:e augusti under Kampsportsfestivalen \u2013 Tjejkampen m\u00f6ter hon Isabelle Vistam. Tv\u00e5 idrottare som under \u00e5ret tar sikte mot samma landslagsplats.\u00a0\u00a0 - Ja, det \u00e4r sp\u00e4nnande och roligt att vara tillbaka och kul att f\u00e5 m\u00f6ta Isabelle, s\u00e4ger Hamberg till budokampsport.se.","breadcrumb":{"@id":"https:\/\/www.budokampsport.se\/2014\/08\/21\/johanna-hamberg-gor-comeback-i-ju-jutsu-under-tjejkampen\/#breadcrumb"},"inLanguage":"sv-SE","potentialAction":[{"@type":"ReadAction","target":["https:\/\/www.budokampsport.se\/2014\/08\/21\/johanna-hamberg-gor-comeback-i-ju-jutsu-under-tjejkampen\/"]}]},{"@type":"BreadcrumbList","@id":"https:\/\/www.budokampsport.se\/2014\/08\/21\/johanna-hamberg-gor-comeback-i-ju-jutsu-under-tjejkampen\/#breadcrumb","itemListElement":[{"@type":"ListItem","position":1,"name":"Hem","item":"https:\/\/www.budokampsport.se\/"},{"@type":"ListItem","position":2,"name":"Johanna Hamberg g\u00f6r comeback i ju jutsu under Tjejkampen"}]},{"@type":"WebSite","@id":"https:\/\/www.budokampsport.se\/#website","url":"https:\/\/www.budokampsport.se\/","name":"Svenska Budo &amp; Kampsportsf\u00f6rbundet","description":"T\u00e4vling, Tr\u00e4ning, Tradition","potentialAction":[{"@type":"SearchAction","target":{"@type":"EntryPoint","urlTemplate":"https:\/\/www.budokampsport.se\/?s={search_term_string}"},"query-input":{"@type":"PropertyValueSpecification","valueRequired":true,"valueName":"search_term_string"}}],"inLanguage":"sv-SE"},{"@type":"Person","@id":"https:\/\/www.budokampsport.se\/#\/schema\/person\/5c06d81d14850e2a8ce5493386560145","name":"Jonathan Broberg","image":{"@type":"ImageObject","inLanguage":"sv-SE","@id":"https:\/\/www.budokampsport.se\/#\/schema\/person\/image\/","url":"https:\/\/secure.gravatar.com\/avatar\/a58041c6cea9128bd9c40ee2f26d4136?s=96&d=blank&r=g","contentUrl":"https:\/\/secure.gravatar.com\/avatar\/a58041c6cea9128bd9c40ee2f26d4136?s=96&d=blank&r=g","caption":"Jonathan Broberg"},"sameAs":["https:\/\/www.facebook.com\/jonathan.broberg.7"],"url":"https:\/\/www.budokampsport.se\/author\/jonathan\/"}]}},"_links":{"self":[{"href":"https:\/\/www.budokampsport.se\/api\/wp\/v2\/posts\/5273","targetHints":{"allow":["GET"]}}],"collection":[{"href":"https:\/\/www.budokampsport.se\/api\/wp\/v2\/posts"}],"about":[{"href":"https:\/\/www.budokampsport.se\/api\/wp\/v2\/types\/post"}],"author":[{"embeddable":true,"href":"https:\/\/www.budokampsport.se\/api\/wp\/v2\/users\/7"}],"replies":[{"embeddable":true,"href":"https:\/\/www.budokampsport.se\/api\/wp\/v2\/comments?post=5273"}],"version-history":[{"count":0,"href":"https:\/\/www.budokampsport.se\/api\/wp\/v2\/posts\/5273\/revisions"}],"wp:attachment":[{"href":"https:\/\/www.budokampsport.se\/api\/wp\/v2\/media?parent=5273"}],"wp:term":[{"taxonomy":"category","embeddable":true,"href":"https:\/\/www.budokampsport.se\/api\/wp\/v2\/categories?post=5273"},{"taxonomy":"post_tag","embeddable":true,"href":"https:\/\/www.budokampsport.se\/api\/wp\/v2\/tags?post=5273"}],"curies":[{"name":"wp","href":"https:\/\/api.w.org\/{rel}","templated":true}]}}