{"id":5274,"date":"2014-08-21T13:28:41","date_gmt":"2014-08-21T11:28:41","guid":{"rendered":"http:\/\/budo.wordpress.dev\/2014\/08\/21\/isabelle-vistams-comeback-pa-kampsportsfestivalen-tjejkampen\/"},"modified":"2016-12-06T22:38:10","modified_gmt":"2016-12-06T21:38:10","slug":"isabelle-vistams-comeback-pa-kampsportsfestivalen-tjejkampen","status":"publish","type":"post","link":"https:\/\/www.budokampsport.se\/2014\/08\/21\/isabelle-vistams-comeback-pa-kampsportsfestivalen-tjejkampen\/","title":{"rendered":"Isabelle Vistams comeback p\u00e5 Kampsportsfestivalen \u2013 Tjejkampen"},"content":{"rendered":"<p><strong><img decoding=\"async\" alt=\"\" src=\"\/sites\/default\/files\/isabelle_vistam.gif\" style=\"float:right; height:269px; width:175px\">M\u00f6tet i ju jutsu mellan den rutinerade Johanna Hamberg och j\u00e4ttetalangen Isabelle Vistam kan mycket v\u00e4l vara en fingervisning om vem av dem som tar VM-platsen i -55kg. Och likt Hamberg ser Vistam matchen som en liten comeback, efter en liten skada<\/strong>.<!--break--><\/p>\n<p>Isabelle Vistam ses som en av svensk ju jutsus stora framtidsl\u00f6ften. Den 18-\u00e5riga nackatjejen har imponerat under junior\u00e5ldern och har mer och mer etablerats sig i seniorlandslaget.<\/p>\n<p>Men sedan kom en skada ifjol som tvingade henne till vila. Och nu har hon ocks\u00e5 f\u00e5tt ov\u00e4ntad konkurrens om landslagsplatsen, d\u00e5 Johanna Hamberg g\u00f6r en nysatsning.<br \/>\u00a0\u00a0 &#8211; Det \u00e4r dels j\u00e4ttekul att vara tillbaka igen. Det har varit en tuff period f\u00f6r mig eftersom mitt avbrott fr\u00e5n ju jutsun inte var mitt egna beslut, s\u00e5 att s\u00e4ga. Men dels \u00e4r det v\u00e4ldigt inspirerande att f\u00e5 lite konkurrens i viktklassen.<\/p>\n<p><strong>&#8220;En perfekt uppladdning&#8221;<\/strong><br \/>Man skulle kunna ana en viss inb\u00f6rdes prestige mellan Vistam och Hamberg inf\u00f6r den viktiga matchen \u2013 men n\u00e5gon sp\u00e4nd st\u00e4mning r\u00e5der det inte.<br \/>\u00a0\u00a0 &#8211; Nej, verkligen inte. Vi har m\u00f6tts f\u00f6rr, n\u00e4r jag var femton, och s\u00e5 har vi tr\u00e4nat ihop en hel del. Johanna \u00e4r en v\u00e4ldigt fin personlighet och om jag inte skulle f\u00e5 landslagsplatsen \u00e4r hon en jag absolut skulle unna den.<\/p>\n<p>Att f\u00e5 g\u00e5 matchen under Tjejkampen ser Vistam ocks\u00e5 lite som en \u00e4ra.<br \/>\u00a0\u00a0 &#8211; Det blir en perfekt uppladdning inf\u00f6r resten av s\u00e4songen. Jag tycker det \u00e4r ett v\u00e4ldigt bra initiativ. Jag hoppas att fler tjejer genom det h\u00e4r projektet f\u00e5r chans att f\u00e5 matcher, det \u00e4r inte alltid l\u00e4tt. Och s\u00e5 kanske vi ocks\u00e5 f\u00e5r n\u00e5gra fler som v\u00e5gar prova p\u00e5 kampsport. Det ska bli en v\u00e4ldigt rolig och sp\u00e4nnande dag.<\/p>\n<p>Text: Jonathan Broberg<br \/>Foto: Gunnar Hoffsten<\/p>\n","protected":false},"excerpt":{"rendered":"<p><strong><img decoding=\"async\" alt=\"\" src=\"\/sites\/default\/files\/isabelle_vistam.gif\" style=\"float:right; height:269px; width:175px\">M\u00f6tet i ju jutsu mellan den rutinerade Johanna Hamberg och j\u00e4ttetalangen Isabelle Vistam kan mycket v\u00e4l vara en fingervisning om vem av dem som tar VM-platsen i -55kg. Och likt Hamberg ser Vistam matchen som en liten comeback, efter en liten skada<\/strong>.<\/p><br>","protected":false},"author":7,"featured_media":0,"comment_status":"closed","ping_status":"closed","sticky":false,"template":"","format":"standard","meta":{"_acf_changed":false,"footnotes":""},"categories":[1],"tags":[],"class_list":["post-5274","post","type-post","status-publish","format-standard","hentry","category-okategoriserade"],"acf":[],"yoast_head":"<!-- This site is optimized with the Yoast SEO plugin v26.8 - https:\/\/yoast.com\/product\/yoast-seo-wordpress\/ -->\n<title>Isabelle Vistams comeback p\u00e5 Kampsportsfestivalen \u2013 Tjejkampen - Svenska Budo &amp; Kampsportsf\u00f6rbundet<\/title>\n<meta name=\"description\" content=\"M\u00f6tet i ju jutsu mellan den rutinerade Johanna Hamberg och j\u00e4ttetalangen Isabelle Vistam kan mycket v\u00e4l vara en fingervisning om vem av dem som tar VM-platsen i -55kg. Och likt Hamberg ser Vistam matchen som en liten comeback, efter en liten skada.\" \/>\n<meta name=\"robots\" content=\"index, follow, max-snippet:-1, max-image-preview:large, max-video-preview:-1\" \/>\n<link rel=\"canonical\" href=\"https:\/\/www.budokampsport.se\/2014\/08\/21\/isabelle-vistams-comeback-pa-kampsportsfestivalen-tjejkampen\/\" \/>\n<meta property=\"og:locale\" content=\"sv_SE\" \/>\n<meta property=\"og:type\" content=\"article\" \/>\n<meta property=\"og:title\" content=\"Isabelle Vistams comeback p\u00e5 Kampsportsfestivalen \u2013 Tjejkampen - Svenska Budo &amp; Kampsportsf\u00f6rbundet\" \/>\n<meta property=\"og:description\" content=\"M\u00f6tet i ju jutsu mellan den rutinerade Johanna Hamberg och j\u00e4ttetalangen Isabelle Vistam kan mycket v\u00e4l vara en fingervisning om vem av dem som tar VM-platsen i -55kg. Och likt Hamberg ser Vistam matchen som en liten comeback, efter en liten skada.\" \/>\n<meta property=\"og:url\" content=\"https:\/\/www.budokampsport.se\/2014\/08\/21\/isabelle-vistams-comeback-pa-kampsportsfestivalen-tjejkampen\/\" \/>\n<meta property=\"og:site_name\" content=\"Svenska Budo &amp; Kampsportsf\u00f6rbundet\" \/>\n<meta property=\"article:author\" content=\"https:\/\/www.facebook.com\/jonathan.broberg.7\" \/>\n<meta property=\"article:published_time\" content=\"2014-08-21T11:28:41+00:00\" \/>\n<meta property=\"article:modified_time\" content=\"2016-12-06T21:38:10+00:00\" \/>\n<meta name=\"author\" content=\"Jonathan Broberg\" \/>\n<meta name=\"twitter:card\" content=\"summary_large_image\" \/>\n<meta name=\"twitter:label1\" content=\"Skriven av\" \/>\n\t<meta name=\"twitter:data1\" content=\"Jonathan Broberg\" \/>\n\t<meta name=\"twitter:label2\" content=\"Ber\u00e4knad l\u00e4stid\" \/>\n\t<meta name=\"twitter:data2\" content=\"2 minuter\" \/>\n<script type=\"application\/ld+json\" class=\"yoast-schema-graph\">{\"@context\":\"https:\/\/schema.org\",\"@graph\":[{\"@type\":\"Article\",\"@id\":\"https:\/\/www.budokampsport.se\/2014\/08\/21\/isabelle-vistams-comeback-pa-kampsportsfestivalen-tjejkampen\/#article\",\"isPartOf\":{\"@id\":\"https:\/\/www.budokampsport.se\/2014\/08\/21\/isabelle-vistams-comeback-pa-kampsportsfestivalen-tjejkampen\/\"},\"author\":{\"name\":\"Jonathan Broberg\",\"@id\":\"https:\/\/www.budokampsport.se\/#\/schema\/person\/5c06d81d14850e2a8ce5493386560145\"},\"headline\":\"Isabelle Vistams comeback p\u00e5 Kampsportsfestivalen \u2013 Tjejkampen\",\"datePublished\":\"2014-08-21T11:28:41+00:00\",\"dateModified\":\"2016-12-06T21:38:10+00:00\",\"mainEntityOfPage\":{\"@id\":\"https:\/\/www.budokampsport.se\/2014\/08\/21\/isabelle-vistams-comeback-pa-kampsportsfestivalen-tjejkampen\/\"},\"wordCount\":327,\"inLanguage\":\"sv-SE\"},{\"@type\":\"WebPage\",\"@id\":\"https:\/\/www.budokampsport.se\/2014\/08\/21\/isabelle-vistams-comeback-pa-kampsportsfestivalen-tjejkampen\/\",\"url\":\"https:\/\/www.budokampsport.se\/2014\/08\/21\/isabelle-vistams-comeback-pa-kampsportsfestivalen-tjejkampen\/\",\"name\":\"Isabelle Vistams comeback p\u00e5 Kampsportsfestivalen \u2013 Tjejkampen - Svenska Budo &amp; Kampsportsf\u00f6rbundet\",\"isPartOf\":{\"@id\":\"https:\/\/www.budokampsport.se\/#website\"},\"datePublished\":\"2014-08-21T11:28:41+00:00\",\"dateModified\":\"2016-12-06T21:38:10+00:00\",\"author\":{\"@id\":\"https:\/\/www.budokampsport.se\/#\/schema\/person\/5c06d81d14850e2a8ce5493386560145\"},\"description\":\"M\u00f6tet i ju jutsu mellan den rutinerade Johanna Hamberg och j\u00e4ttetalangen Isabelle Vistam kan mycket v\u00e4l vara en fingervisning om vem av dem som tar VM-platsen i -55kg. Och likt Hamberg ser Vistam matchen som en liten comeback, efter en liten skada.\",\"breadcrumb\":{\"@id\":\"https:\/\/www.budokampsport.se\/2014\/08\/21\/isabelle-vistams-comeback-pa-kampsportsfestivalen-tjejkampen\/#breadcrumb\"},\"inLanguage\":\"sv-SE\",\"potentialAction\":[{\"@type\":\"ReadAction\",\"target\":[\"https:\/\/www.budokampsport.se\/2014\/08\/21\/isabelle-vistams-comeback-pa-kampsportsfestivalen-tjejkampen\/\"]}]},{\"@type\":\"BreadcrumbList\",\"@id\":\"https:\/\/www.budokampsport.se\/2014\/08\/21\/isabelle-vistams-comeback-pa-kampsportsfestivalen-tjejkampen\/#breadcrumb\",\"itemListElement\":[{\"@type\":\"ListItem\",\"position\":1,\"name\":\"Hem\",\"item\":\"https:\/\/www.budokampsport.se\/\"},{\"@type\":\"ListItem\",\"position\":2,\"name\":\"Isabelle Vistams comeback p\u00e5 Kampsportsfestivalen \u2013 Tjejkampen\"}]},{\"@type\":\"WebSite\",\"@id\":\"https:\/\/www.budokampsport.se\/#website\",\"url\":\"https:\/\/www.budokampsport.se\/\",\"name\":\"Svenska Budo &amp; Kampsportsf\u00f6rbundet\",\"description\":\"T\u00e4vling, Tr\u00e4ning, Tradition\",\"potentialAction\":[{\"@type\":\"SearchAction\",\"target\":{\"@type\":\"EntryPoint\",\"urlTemplate\":\"https:\/\/www.budokampsport.se\/?s={search_term_string}\"},\"query-input\":{\"@type\":\"PropertyValueSpecification\",\"valueRequired\":true,\"valueName\":\"search_term_string\"}}],\"inLanguage\":\"sv-SE\"},{\"@type\":\"Person\",\"@id\":\"https:\/\/www.budokampsport.se\/#\/schema\/person\/5c06d81d14850e2a8ce5493386560145\",\"name\":\"Jonathan Broberg\",\"image\":{\"@type\":\"ImageObject\",\"inLanguage\":\"sv-SE\",\"@id\":\"https:\/\/www.budokampsport.se\/#\/schema\/person\/image\/\",\"url\":\"https:\/\/secure.gravatar.com\/avatar\/a58041c6cea9128bd9c40ee2f26d4136?s=96&d=blank&r=g\",\"contentUrl\":\"https:\/\/secure.gravatar.com\/avatar\/a58041c6cea9128bd9c40ee2f26d4136?s=96&d=blank&r=g\",\"caption\":\"Jonathan Broberg\"},\"sameAs\":[\"https:\/\/www.facebook.com\/jonathan.broberg.7\"],\"url\":\"https:\/\/www.budokampsport.se\/author\/jonathan\/\"}]}<\/script>\n<!-- \/ Yoast SEO plugin. -->","yoast_head_json":{"title":"Isabelle Vistams comeback p\u00e5 Kampsportsfestivalen \u2013 Tjejkampen - Svenska Budo &amp; Kampsportsf\u00f6rbundet","description":"M\u00f6tet i ju jutsu mellan den rutinerade Johanna Hamberg och j\u00e4ttetalangen Isabelle Vistam kan mycket v\u00e4l vara en fingervisning om vem av dem som tar VM-platsen i -55kg. Och likt Hamberg ser Vistam matchen som en liten comeback, efter en liten skada.","robots":{"index":"index","follow":"follow","max-snippet":"max-snippet:-1","max-image-preview":"max-image-preview:large","max-video-preview":"max-video-preview:-1"},"canonical":"https:\/\/www.budokampsport.se\/2014\/08\/21\/isabelle-vistams-comeback-pa-kampsportsfestivalen-tjejkampen\/","og_locale":"sv_SE","og_type":"article","og_title":"Isabelle Vistams comeback p\u00e5 Kampsportsfestivalen \u2013 Tjejkampen - Svenska Budo &amp; Kampsportsf\u00f6rbundet","og_description":"M\u00f6tet i ju jutsu mellan den rutinerade Johanna Hamberg och j\u00e4ttetalangen Isabelle Vistam kan mycket v\u00e4l vara en fingervisning om vem av dem som tar VM-platsen i -55kg. Och likt Hamberg ser Vistam matchen som en liten comeback, efter en liten skada.","og_url":"https:\/\/www.budokampsport.se\/2014\/08\/21\/isabelle-vistams-comeback-pa-kampsportsfestivalen-tjejkampen\/","og_site_name":"Svenska Budo &amp; Kampsportsf\u00f6rbundet","article_author":"https:\/\/www.facebook.com\/jonathan.broberg.7","article_published_time":"2014-08-21T11:28:41+00:00","article_modified_time":"2016-12-06T21:38:10+00:00","author":"Jonathan Broberg","twitter_card":"summary_large_image","twitter_misc":{"Skriven av":"Jonathan Broberg","Ber\u00e4knad l\u00e4stid":"2 minuter"},"schema":{"@context":"https:\/\/schema.org","@graph":[{"@type":"Article","@id":"https:\/\/www.budokampsport.se\/2014\/08\/21\/isabelle-vistams-comeback-pa-kampsportsfestivalen-tjejkampen\/#article","isPartOf":{"@id":"https:\/\/www.budokampsport.se\/2014\/08\/21\/isabelle-vistams-comeback-pa-kampsportsfestivalen-tjejkampen\/"},"author":{"name":"Jonathan Broberg","@id":"https:\/\/www.budokampsport.se\/#\/schema\/person\/5c06d81d14850e2a8ce5493386560145"},"headline":"Isabelle Vistams comeback p\u00e5 Kampsportsfestivalen \u2013 Tjejkampen","datePublished":"2014-08-21T11:28:41+00:00","dateModified":"2016-12-06T21:38:10+00:00","mainEntityOfPage":{"@id":"https:\/\/www.budokampsport.se\/2014\/08\/21\/isabelle-vistams-comeback-pa-kampsportsfestivalen-tjejkampen\/"},"wordCount":327,"inLanguage":"sv-SE"},{"@type":"WebPage","@id":"https:\/\/www.budokampsport.se\/2014\/08\/21\/isabelle-vistams-comeback-pa-kampsportsfestivalen-tjejkampen\/","url":"https:\/\/www.budokampsport.se\/2014\/08\/21\/isabelle-vistams-comeback-pa-kampsportsfestivalen-tjejkampen\/","name":"Isabelle Vistams comeback p\u00e5 Kampsportsfestivalen \u2013 Tjejkampen - Svenska Budo &amp; Kampsportsf\u00f6rbundet","isPartOf":{"@id":"https:\/\/www.budokampsport.se\/#website"},"datePublished":"2014-08-21T11:28:41+00:00","dateModified":"2016-12-06T21:38:10+00:00","author":{"@id":"https:\/\/www.budokampsport.se\/#\/schema\/person\/5c06d81d14850e2a8ce5493386560145"},"description":"M\u00f6tet i ju jutsu mellan den rutinerade Johanna Hamberg och j\u00e4ttetalangen Isabelle Vistam kan mycket v\u00e4l vara en fingervisning om vem av dem som tar VM-platsen i -55kg. Och likt Hamberg ser Vistam matchen som en liten comeback, efter en liten skada.","breadcrumb":{"@id":"https:\/\/www.budokampsport.se\/2014\/08\/21\/isabelle-vistams-comeback-pa-kampsportsfestivalen-tjejkampen\/#breadcrumb"},"inLanguage":"sv-SE","potentialAction":[{"@type":"ReadAction","target":["https:\/\/www.budokampsport.se\/2014\/08\/21\/isabelle-vistams-comeback-pa-kampsportsfestivalen-tjejkampen\/"]}]},{"@type":"BreadcrumbList","@id":"https:\/\/www.budokampsport.se\/2014\/08\/21\/isabelle-vistams-comeback-pa-kampsportsfestivalen-tjejkampen\/#breadcrumb","itemListElement":[{"@type":"ListItem","position":1,"name":"Hem","item":"https:\/\/www.budokampsport.se\/"},{"@type":"ListItem","position":2,"name":"Isabelle Vistams comeback p\u00e5 Kampsportsfestivalen \u2013 Tjejkampen"}]},{"@type":"WebSite","@id":"https:\/\/www.budokampsport.se\/#website","url":"https:\/\/www.budokampsport.se\/","name":"Svenska Budo &amp; Kampsportsf\u00f6rbundet","description":"T\u00e4vling, Tr\u00e4ning, Tradition","potentialAction":[{"@type":"SearchAction","target":{"@type":"EntryPoint","urlTemplate":"https:\/\/www.budokampsport.se\/?s={search_term_string}"},"query-input":{"@type":"PropertyValueSpecification","valueRequired":true,"valueName":"search_term_string"}}],"inLanguage":"sv-SE"},{"@type":"Person","@id":"https:\/\/www.budokampsport.se\/#\/schema\/person\/5c06d81d14850e2a8ce5493386560145","name":"Jonathan Broberg","image":{"@type":"ImageObject","inLanguage":"sv-SE","@id":"https:\/\/www.budokampsport.se\/#\/schema\/person\/image\/","url":"https:\/\/secure.gravatar.com\/avatar\/a58041c6cea9128bd9c40ee2f26d4136?s=96&d=blank&r=g","contentUrl":"https:\/\/secure.gravatar.com\/avatar\/a58041c6cea9128bd9c40ee2f26d4136?s=96&d=blank&r=g","caption":"Jonathan Broberg"},"sameAs":["https:\/\/www.facebook.com\/jonathan.broberg.7"],"url":"https:\/\/www.budokampsport.se\/author\/jonathan\/"}]}},"_links":{"self":[{"href":"https:\/\/www.budokampsport.se\/api\/wp\/v2\/posts\/5274","targetHints":{"allow":["GET"]}}],"collection":[{"href":"https:\/\/www.budokampsport.se\/api\/wp\/v2\/posts"}],"about":[{"href":"https:\/\/www.budokampsport.se\/api\/wp\/v2\/types\/post"}],"author":[{"embeddable":true,"href":"https:\/\/www.budokampsport.se\/api\/wp\/v2\/users\/7"}],"replies":[{"embeddable":true,"href":"https:\/\/www.budokampsport.se\/api\/wp\/v2\/comments?post=5274"}],"version-history":[{"count":0,"href":"https:\/\/www.budokampsport.se\/api\/wp\/v2\/posts\/5274\/revisions"}],"wp:attachment":[{"href":"https:\/\/www.budokampsport.se\/api\/wp\/v2\/media?parent=5274"}],"wp:term":[{"taxonomy":"category","embeddable":true,"href":"https:\/\/www.budokampsport.se\/api\/wp\/v2\/categories?post=5274"},{"taxonomy":"post_tag","embeddable":true,"href":"https:\/\/www.budokampsport.se\/api\/wp\/v2\/tags?post=5274"}],"curies":[{"name":"wp","href":"https:\/\/api.w.org\/{rel}","templated":true}]}}