{"id":5284,"date":"2014-08-27T12:19:40","date_gmt":"2014-08-27T10:19:40","guid":{"rendered":"http:\/\/budo.wordpress.dev\/2014\/08\/27\/johanna-rapp-siktar-pa-framtida-em-medaljer\/"},"modified":"2016-12-06T22:38:12","modified_gmt":"2016-12-06T21:38:12","slug":"johanna-rapp-siktar-pa-framtida-em-medaljer","status":"publish","type":"post","link":"https:\/\/www.budokampsport.se\/2014\/08\/27\/johanna-rapp-siktar-pa-framtida-em-medaljer\/","title":{"rendered":"Johanna Rapp siktar p\u00e5 framtida EM-medaljer"},"content":{"rendered":"<p><strong><img decoding=\"async\" alt=\"\" src=\"\/sites\/default\/files\/johanna_rapp.jpg\" style=\"float:right; height:311px; width:175px\">Det blir en ren landslagsmatch i kyokushin p\u00e5 Kampsportsfestivalen \u2013 Tjejkampen, d\u00e5 Johanna Rapp m\u00f6ter Cecilia Wallin. F\u00f6r Rapps del blir matchen en bra v\u00e4rdem\u00e4tare inf\u00f6r framtiden, d\u00e4r hon g\u00e4rna ser sig sj\u00e4lv p\u00e5 pallplats vid n\u00e4sta EM.<br \/>\u00a0\u00a0 &#8211; Det \u00e4r absolut ett l\u00e5ngsiktigt m\u00e5l, det kortsiktiga \u00e4r att ta revansch p\u00e5 Cicci, s\u00e4ger hon till budokampsport.se.<\/strong><!--break--><\/p>\n<p>Det blir en ren landslagsuppg\u00f6relse i kyokushin p\u00e5 Kampsportsfestivalen \u2013 Tjejkampen n\u00e4r Johanna Rapp st\u00f6ter p\u00e5 Cecilia Wallin.<\/p>\n<p>Det \u00e4r inte f\u00f6rsta g\u00e5ngen de m\u00f6ts, och numera tr\u00e4nar de \u00e4ven ihop. Senaste g\u00e5ngen de m\u00f6ttes vann Wallin, s\u00e5 Johanna vill p\u00e5 l\u00f6rdag f\u00e5 till en rapp revansch.<br \/>\u00a0\u00a0 &#8211; Ja, jag vill vinna matchen, s\u00e5 klart. Cissi \u00e4r grymt duktig och jag m\u00e5ste prestera p\u00e5 topp f\u00f6r att vinna, och det blir en mycket rolig utmaning och perfekt start p\u00e5 h\u00f6sts\u00e4songen.<\/p>\n<p>Kyokushin \u00e4r ingen idrott som i vanliga fall syns vid stora kampsportsgalor, och Rapp tycker det ska bli kul att f\u00e5 g\u00e5 match i en liten galaform.<br \/>\u00a0\u00a0 &#8211; Jag, j\u00e4tteroligt. Jag blev ombedd att best\u00e4mma ing\u00e5ngsl\u00e5t och sitter just nu med tio olika l\u00e5tar och kan inte best\u00e4mma mig f\u00f6r vilken jag ska v\u00e4lja. Det \u00e4r n\u00e5got nytt och det k\u00e4nns lite speciellt, trots att jag har t\u00e4vlat i m\u00e5nga \u00e5r nu.<\/p>\n<p><strong>&#8220;\u00c4r j\u00e4ttepositivt&#8221;<\/strong><br \/>Och Tjejkampen, den id\u00e9n gillar hon skarpt.<br \/>\u00a0\u00a0 &#8211; Jag l\u00e4ste en kurs i genusvetenskap i f\u00f6re sommaren och den har \u00f6ppnat mina \u00f6gon om hur lite uppm\u00e4rksamhet tjejer i samh\u00e4llet i stort verkligen f\u00e5r. Att vi tjejer kan ha en egen kampsportsgala \u00e4r j\u00e4ttepositivt och ett v\u00e4ldigt bra steg mot n\u00e5got st\u00f6rre.<\/p>\n<p>Till vardags studerar Rapp till psykolog. P\u00e5 l\u00f6rdag f\u00e5r vi om hon f\u00e5r nytta av psykologin \u00e4ven i det idrottsliga.<\/p>\n<p>Text: Jonathan Broberg<\/p>\n","protected":false},"excerpt":{"rendered":"<p><strong><img decoding=\"async\" alt=\"\" src=\"\/sites\/default\/files\/johanna_rapp.jpg\" style=\"float:right; height:311px; width:175px\">Det blir en ren landslagsmatch i kyokushin p\u00e5 Kampsportsfestivalen \u2013 Tjejkampen, d\u00e5 Johanna Rapp m\u00f6ter Cecilia Wallin. F\u00f6r Rapps del blir matchen en bra v\u00e4rdem\u00e4tare inf\u00f6r framtiden, d\u00e4r hon g\u00e4rna ser sig sj\u00e4lv p\u00e5 pallplats vid n\u00e4sta EM.<br \/>\u00a0\u00a0 &#8211; Det \u00e4r absolut ett l\u00e5ngsiktigt m\u00e5l, det kortsiktiga \u00e4r att ta revansch p\u00e5 Cicci, s\u00e4ger hon till budokampsport.se.<\/strong><\/p><br>","protected":false},"author":7,"featured_media":0,"comment_status":"closed","ping_status":"closed","sticky":false,"template":"","format":"standard","meta":{"_acf_changed":false,"footnotes":""},"categories":[1],"tags":[],"class_list":["post-5284","post","type-post","status-publish","format-standard","hentry","category-okategoriserade"],"acf":[],"yoast_head":"<!-- This site is optimized with the Yoast SEO plugin v26.8 - https:\/\/yoast.com\/product\/yoast-seo-wordpress\/ -->\n<title>Johanna Rapp siktar p\u00e5 framtida EM-medaljer - Svenska Budo &amp; Kampsportsf\u00f6rbundet<\/title>\n<meta name=\"description\" content=\"Det blir en ren landslagsmatch i kyokushin p\u00e5 Kampsportsfestivalen \u2013 Tjejkampen, d\u00e5 Johanna Rapp m\u00f6ter Cecilia Wallin. F\u00f6r Rapps del blir matchen en bra v\u00e4rdem\u00e4tare inf\u00f6r framtiden, d\u00e4r hon g\u00e4rna ser sig sj\u00e4lv p\u00e5 pallplats vid n\u00e4sta EM.\u00a0\u00a0 - Det \u00e4r absolut ett l\u00e5ngsiktigt m\u00e5l, det kortsiktiga \u00e4r att ta revansch p\u00e5 Cicci, s\u00e4ger hon till budokampsport.se.\" \/>\n<meta name=\"robots\" content=\"index, follow, max-snippet:-1, max-image-preview:large, max-video-preview:-1\" \/>\n<link rel=\"canonical\" href=\"https:\/\/www.budokampsport.se\/2014\/08\/27\/johanna-rapp-siktar-pa-framtida-em-medaljer\/\" \/>\n<meta property=\"og:locale\" content=\"sv_SE\" \/>\n<meta property=\"og:type\" content=\"article\" \/>\n<meta property=\"og:title\" content=\"Johanna Rapp siktar p\u00e5 framtida EM-medaljer - Svenska Budo &amp; Kampsportsf\u00f6rbundet\" \/>\n<meta property=\"og:description\" content=\"Det blir en ren landslagsmatch i kyokushin p\u00e5 Kampsportsfestivalen \u2013 Tjejkampen, d\u00e5 Johanna Rapp m\u00f6ter Cecilia Wallin. F\u00f6r Rapps del blir matchen en bra v\u00e4rdem\u00e4tare inf\u00f6r framtiden, d\u00e4r hon g\u00e4rna ser sig sj\u00e4lv p\u00e5 pallplats vid n\u00e4sta EM.\u00a0\u00a0 - Det \u00e4r absolut ett l\u00e5ngsiktigt m\u00e5l, det kortsiktiga \u00e4r att ta revansch p\u00e5 Cicci, s\u00e4ger hon till budokampsport.se.\" \/>\n<meta property=\"og:url\" content=\"https:\/\/www.budokampsport.se\/2014\/08\/27\/johanna-rapp-siktar-pa-framtida-em-medaljer\/\" \/>\n<meta property=\"og:site_name\" content=\"Svenska Budo &amp; Kampsportsf\u00f6rbundet\" \/>\n<meta property=\"article:author\" content=\"https:\/\/www.facebook.com\/jonathan.broberg.7\" \/>\n<meta property=\"article:published_time\" content=\"2014-08-27T10:19:40+00:00\" \/>\n<meta property=\"article:modified_time\" content=\"2016-12-06T21:38:12+00:00\" \/>\n<meta name=\"author\" content=\"Jonathan Broberg\" \/>\n<meta name=\"twitter:card\" content=\"summary_large_image\" \/>\n<meta name=\"twitter:label1\" content=\"Skriven av\" \/>\n\t<meta name=\"twitter:data1\" content=\"Jonathan Broberg\" \/>\n\t<meta name=\"twitter:label2\" content=\"Ber\u00e4knad l\u00e4stid\" \/>\n\t<meta name=\"twitter:data2\" content=\"2 minuter\" \/>\n<script type=\"application\/ld+json\" class=\"yoast-schema-graph\">{\"@context\":\"https:\/\/schema.org\",\"@graph\":[{\"@type\":\"Article\",\"@id\":\"https:\/\/www.budokampsport.se\/2014\/08\/27\/johanna-rapp-siktar-pa-framtida-em-medaljer\/#article\",\"isPartOf\":{\"@id\":\"https:\/\/www.budokampsport.se\/2014\/08\/27\/johanna-rapp-siktar-pa-framtida-em-medaljer\/\"},\"author\":{\"name\":\"Jonathan Broberg\",\"@id\":\"https:\/\/www.budokampsport.se\/#\/schema\/person\/5c06d81d14850e2a8ce5493386560145\"},\"headline\":\"Johanna Rapp siktar p\u00e5 framtida EM-medaljer\",\"datePublished\":\"2014-08-27T10:19:40+00:00\",\"dateModified\":\"2016-12-06T21:38:12+00:00\",\"mainEntityOfPage\":{\"@id\":\"https:\/\/www.budokampsport.se\/2014\/08\/27\/johanna-rapp-siktar-pa-framtida-em-medaljer\/\"},\"wordCount\":343,\"inLanguage\":\"sv-SE\"},{\"@type\":\"WebPage\",\"@id\":\"https:\/\/www.budokampsport.se\/2014\/08\/27\/johanna-rapp-siktar-pa-framtida-em-medaljer\/\",\"url\":\"https:\/\/www.budokampsport.se\/2014\/08\/27\/johanna-rapp-siktar-pa-framtida-em-medaljer\/\",\"name\":\"Johanna Rapp siktar p\u00e5 framtida EM-medaljer - Svenska Budo &amp; Kampsportsf\u00f6rbundet\",\"isPartOf\":{\"@id\":\"https:\/\/www.budokampsport.se\/#website\"},\"datePublished\":\"2014-08-27T10:19:40+00:00\",\"dateModified\":\"2016-12-06T21:38:12+00:00\",\"author\":{\"@id\":\"https:\/\/www.budokampsport.se\/#\/schema\/person\/5c06d81d14850e2a8ce5493386560145\"},\"description\":\"Det blir en ren landslagsmatch i kyokushin p\u00e5 Kampsportsfestivalen \u2013 Tjejkampen, d\u00e5 Johanna Rapp m\u00f6ter Cecilia Wallin. F\u00f6r Rapps del blir matchen en bra v\u00e4rdem\u00e4tare inf\u00f6r framtiden, d\u00e4r hon g\u00e4rna ser sig sj\u00e4lv p\u00e5 pallplats vid n\u00e4sta EM.\u00a0\u00a0 - Det \u00e4r absolut ett l\u00e5ngsiktigt m\u00e5l, det kortsiktiga \u00e4r att ta revansch p\u00e5 Cicci, s\u00e4ger hon till budokampsport.se.\",\"breadcrumb\":{\"@id\":\"https:\/\/www.budokampsport.se\/2014\/08\/27\/johanna-rapp-siktar-pa-framtida-em-medaljer\/#breadcrumb\"},\"inLanguage\":\"sv-SE\",\"potentialAction\":[{\"@type\":\"ReadAction\",\"target\":[\"https:\/\/www.budokampsport.se\/2014\/08\/27\/johanna-rapp-siktar-pa-framtida-em-medaljer\/\"]}]},{\"@type\":\"BreadcrumbList\",\"@id\":\"https:\/\/www.budokampsport.se\/2014\/08\/27\/johanna-rapp-siktar-pa-framtida-em-medaljer\/#breadcrumb\",\"itemListElement\":[{\"@type\":\"ListItem\",\"position\":1,\"name\":\"Hem\",\"item\":\"https:\/\/www.budokampsport.se\/\"},{\"@type\":\"ListItem\",\"position\":2,\"name\":\"Johanna Rapp siktar p\u00e5 framtida EM-medaljer\"}]},{\"@type\":\"WebSite\",\"@id\":\"https:\/\/www.budokampsport.se\/#website\",\"url\":\"https:\/\/www.budokampsport.se\/\",\"name\":\"Svenska Budo &amp; Kampsportsf\u00f6rbundet\",\"description\":\"T\u00e4vling, Tr\u00e4ning, Tradition\",\"potentialAction\":[{\"@type\":\"SearchAction\",\"target\":{\"@type\":\"EntryPoint\",\"urlTemplate\":\"https:\/\/www.budokampsport.se\/?s={search_term_string}\"},\"query-input\":{\"@type\":\"PropertyValueSpecification\",\"valueRequired\":true,\"valueName\":\"search_term_string\"}}],\"inLanguage\":\"sv-SE\"},{\"@type\":\"Person\",\"@id\":\"https:\/\/www.budokampsport.se\/#\/schema\/person\/5c06d81d14850e2a8ce5493386560145\",\"name\":\"Jonathan Broberg\",\"image\":{\"@type\":\"ImageObject\",\"inLanguage\":\"sv-SE\",\"@id\":\"https:\/\/www.budokampsport.se\/#\/schema\/person\/image\/\",\"url\":\"https:\/\/secure.gravatar.com\/avatar\/a58041c6cea9128bd9c40ee2f26d4136?s=96&d=blank&r=g\",\"contentUrl\":\"https:\/\/secure.gravatar.com\/avatar\/a58041c6cea9128bd9c40ee2f26d4136?s=96&d=blank&r=g\",\"caption\":\"Jonathan Broberg\"},\"sameAs\":[\"https:\/\/www.facebook.com\/jonathan.broberg.7\"],\"url\":\"https:\/\/www.budokampsport.se\/author\/jonathan\/\"}]}<\/script>\n<!-- \/ Yoast SEO plugin. -->","yoast_head_json":{"title":"Johanna Rapp siktar p\u00e5 framtida EM-medaljer - Svenska Budo &amp; Kampsportsf\u00f6rbundet","description":"Det blir en ren landslagsmatch i kyokushin p\u00e5 Kampsportsfestivalen \u2013 Tjejkampen, d\u00e5 Johanna Rapp m\u00f6ter Cecilia Wallin. F\u00f6r Rapps del blir matchen en bra v\u00e4rdem\u00e4tare inf\u00f6r framtiden, d\u00e4r hon g\u00e4rna ser sig sj\u00e4lv p\u00e5 pallplats vid n\u00e4sta EM.\u00a0\u00a0 - Det \u00e4r absolut ett l\u00e5ngsiktigt m\u00e5l, det kortsiktiga \u00e4r att ta revansch p\u00e5 Cicci, s\u00e4ger hon till budokampsport.se.","robots":{"index":"index","follow":"follow","max-snippet":"max-snippet:-1","max-image-preview":"max-image-preview:large","max-video-preview":"max-video-preview:-1"},"canonical":"https:\/\/www.budokampsport.se\/2014\/08\/27\/johanna-rapp-siktar-pa-framtida-em-medaljer\/","og_locale":"sv_SE","og_type":"article","og_title":"Johanna Rapp siktar p\u00e5 framtida EM-medaljer - Svenska Budo &amp; Kampsportsf\u00f6rbundet","og_description":"Det blir en ren landslagsmatch i kyokushin p\u00e5 Kampsportsfestivalen \u2013 Tjejkampen, d\u00e5 Johanna Rapp m\u00f6ter Cecilia Wallin. F\u00f6r Rapps del blir matchen en bra v\u00e4rdem\u00e4tare inf\u00f6r framtiden, d\u00e4r hon g\u00e4rna ser sig sj\u00e4lv p\u00e5 pallplats vid n\u00e4sta EM.\u00a0\u00a0 - Det \u00e4r absolut ett l\u00e5ngsiktigt m\u00e5l, det kortsiktiga \u00e4r att ta revansch p\u00e5 Cicci, s\u00e4ger hon till budokampsport.se.","og_url":"https:\/\/www.budokampsport.se\/2014\/08\/27\/johanna-rapp-siktar-pa-framtida-em-medaljer\/","og_site_name":"Svenska Budo &amp; Kampsportsf\u00f6rbundet","article_author":"https:\/\/www.facebook.com\/jonathan.broberg.7","article_published_time":"2014-08-27T10:19:40+00:00","article_modified_time":"2016-12-06T21:38:12+00:00","author":"Jonathan Broberg","twitter_card":"summary_large_image","twitter_misc":{"Skriven av":"Jonathan Broberg","Ber\u00e4knad l\u00e4stid":"2 minuter"},"schema":{"@context":"https:\/\/schema.org","@graph":[{"@type":"Article","@id":"https:\/\/www.budokampsport.se\/2014\/08\/27\/johanna-rapp-siktar-pa-framtida-em-medaljer\/#article","isPartOf":{"@id":"https:\/\/www.budokampsport.se\/2014\/08\/27\/johanna-rapp-siktar-pa-framtida-em-medaljer\/"},"author":{"name":"Jonathan Broberg","@id":"https:\/\/www.budokampsport.se\/#\/schema\/person\/5c06d81d14850e2a8ce5493386560145"},"headline":"Johanna Rapp siktar p\u00e5 framtida EM-medaljer","datePublished":"2014-08-27T10:19:40+00:00","dateModified":"2016-12-06T21:38:12+00:00","mainEntityOfPage":{"@id":"https:\/\/www.budokampsport.se\/2014\/08\/27\/johanna-rapp-siktar-pa-framtida-em-medaljer\/"},"wordCount":343,"inLanguage":"sv-SE"},{"@type":"WebPage","@id":"https:\/\/www.budokampsport.se\/2014\/08\/27\/johanna-rapp-siktar-pa-framtida-em-medaljer\/","url":"https:\/\/www.budokampsport.se\/2014\/08\/27\/johanna-rapp-siktar-pa-framtida-em-medaljer\/","name":"Johanna Rapp siktar p\u00e5 framtida EM-medaljer - Svenska Budo &amp; Kampsportsf\u00f6rbundet","isPartOf":{"@id":"https:\/\/www.budokampsport.se\/#website"},"datePublished":"2014-08-27T10:19:40+00:00","dateModified":"2016-12-06T21:38:12+00:00","author":{"@id":"https:\/\/www.budokampsport.se\/#\/schema\/person\/5c06d81d14850e2a8ce5493386560145"},"description":"Det blir en ren landslagsmatch i kyokushin p\u00e5 Kampsportsfestivalen \u2013 Tjejkampen, d\u00e5 Johanna Rapp m\u00f6ter Cecilia Wallin. F\u00f6r Rapps del blir matchen en bra v\u00e4rdem\u00e4tare inf\u00f6r framtiden, d\u00e4r hon g\u00e4rna ser sig sj\u00e4lv p\u00e5 pallplats vid n\u00e4sta EM.\u00a0\u00a0 - Det \u00e4r absolut ett l\u00e5ngsiktigt m\u00e5l, det kortsiktiga \u00e4r att ta revansch p\u00e5 Cicci, s\u00e4ger hon till budokampsport.se.","breadcrumb":{"@id":"https:\/\/www.budokampsport.se\/2014\/08\/27\/johanna-rapp-siktar-pa-framtida-em-medaljer\/#breadcrumb"},"inLanguage":"sv-SE","potentialAction":[{"@type":"ReadAction","target":["https:\/\/www.budokampsport.se\/2014\/08\/27\/johanna-rapp-siktar-pa-framtida-em-medaljer\/"]}]},{"@type":"BreadcrumbList","@id":"https:\/\/www.budokampsport.se\/2014\/08\/27\/johanna-rapp-siktar-pa-framtida-em-medaljer\/#breadcrumb","itemListElement":[{"@type":"ListItem","position":1,"name":"Hem","item":"https:\/\/www.budokampsport.se\/"},{"@type":"ListItem","position":2,"name":"Johanna Rapp siktar p\u00e5 framtida EM-medaljer"}]},{"@type":"WebSite","@id":"https:\/\/www.budokampsport.se\/#website","url":"https:\/\/www.budokampsport.se\/","name":"Svenska Budo &amp; Kampsportsf\u00f6rbundet","description":"T\u00e4vling, Tr\u00e4ning, Tradition","potentialAction":[{"@type":"SearchAction","target":{"@type":"EntryPoint","urlTemplate":"https:\/\/www.budokampsport.se\/?s={search_term_string}"},"query-input":{"@type":"PropertyValueSpecification","valueRequired":true,"valueName":"search_term_string"}}],"inLanguage":"sv-SE"},{"@type":"Person","@id":"https:\/\/www.budokampsport.se\/#\/schema\/person\/5c06d81d14850e2a8ce5493386560145","name":"Jonathan Broberg","image":{"@type":"ImageObject","inLanguage":"sv-SE","@id":"https:\/\/www.budokampsport.se\/#\/schema\/person\/image\/","url":"https:\/\/secure.gravatar.com\/avatar\/a58041c6cea9128bd9c40ee2f26d4136?s=96&d=blank&r=g","contentUrl":"https:\/\/secure.gravatar.com\/avatar\/a58041c6cea9128bd9c40ee2f26d4136?s=96&d=blank&r=g","caption":"Jonathan Broberg"},"sameAs":["https:\/\/www.facebook.com\/jonathan.broberg.7"],"url":"https:\/\/www.budokampsport.se\/author\/jonathan\/"}]}},"_links":{"self":[{"href":"https:\/\/www.budokampsport.se\/api\/wp\/v2\/posts\/5284","targetHints":{"allow":["GET"]}}],"collection":[{"href":"https:\/\/www.budokampsport.se\/api\/wp\/v2\/posts"}],"about":[{"href":"https:\/\/www.budokampsport.se\/api\/wp\/v2\/types\/post"}],"author":[{"embeddable":true,"href":"https:\/\/www.budokampsport.se\/api\/wp\/v2\/users\/7"}],"replies":[{"embeddable":true,"href":"https:\/\/www.budokampsport.se\/api\/wp\/v2\/comments?post=5284"}],"version-history":[{"count":0,"href":"https:\/\/www.budokampsport.se\/api\/wp\/v2\/posts\/5284\/revisions"}],"wp:attachment":[{"href":"https:\/\/www.budokampsport.se\/api\/wp\/v2\/media?parent=5284"}],"wp:term":[{"taxonomy":"category","embeddable":true,"href":"https:\/\/www.budokampsport.se\/api\/wp\/v2\/categories?post=5284"},{"taxonomy":"post_tag","embeddable":true,"href":"https:\/\/www.budokampsport.se\/api\/wp\/v2\/tags?post=5284"}],"curies":[{"name":"wp","href":"https:\/\/api.w.org\/{rel}","templated":true}]}}