{"id":5287,"date":"2014-08-28T14:46:02","date_gmt":"2014-08-28T12:46:02","guid":{"rendered":"http:\/\/budo.wordpress.dev\/2014\/08\/28\/lina-lynx-eklund-blir-tjejkampens-konferencier\/"},"modified":"2016-12-06T22:38:12","modified_gmt":"2016-12-06T21:38:12","slug":"lina-lynx-eklund-blir-tjejkampens-konferencier","status":"publish","type":"post","link":"https:\/\/www.budokampsport.se\/2014\/08\/28\/lina-lynx-eklund-blir-tjejkampens-konferencier\/","title":{"rendered":"Lina \u201dLynx\u201d Eklund blir Tjejkampens konferencier"},"content":{"rendered":"<p><strong><img decoding=\"async\" alt=\"\" src=\"\/sites\/default\/files\/lina_eklund.gif\" style=\"height:290px; width:435px\"><br \/>Det blir Lina \u201dLynx\u201d Eklund som leder kv\u00e4llsgalan under Kampsportsfestivalen \u2013 Tjejkampen. Eklund som \u00e4r ett av Sveriges f\u00e5 kvinnliga proffs i MMA har varit borta fr\u00e5n kampsporten ett tag, tack vare en graviditet.<br \/>\u00a0\u00a0 &#8211; Jag \u00e4r j\u00e4tteglad och stolt \u00f6ver att f\u00e5 chansen att vara konferencier till ett s\u00e5 bra och viktigt initiativ, s\u00e4ger hon till budokampsport.se.<\/strong><!--break--><\/p>\n<p>Det \u00e4r en alldeles underbar svensk brittsommardag i Stockholm. P\u00e5 en h\u00f6jd, med utsikt \u00f6ver\u00a0hela staden, kommer Lina Eklund dragandes med en barnvagn i ena handen och en str\u00e5lande glad lite parvel h\u00e4ngandes runt halsen.<\/p>\n<p>Lina Eklund var f\u00f6r bara en kort tid sedan ett av Sveriges reella kvinnliga UFC-hopp. Men s\u00e5 tog livet en annan bana. Och det \u00e4r en st\u00e4ndigt leendes och p\u00e5tagligt lycklig Eklund som sl\u00e5r sig ner p\u00e5 det lilla kaf\u00e9et vid Observatorielunden.<\/p>\n<p>Ljusets sken, de fortfarande gr\u00f6nskande tr\u00e4den och den torra varma luften ges k\u00e4nsla om en v\u00e5rdag snarare \u00e4n den h\u00f6st som annalkas runt n\u00e4sta kr\u00f6n.<br \/>\u00a0\u00a0 &#8211; Tjejkampen \u00e4r n\u00e5got jag verkligen vill vara med p\u00e5. Ett viktigt och v\u00e4ldigt roligt initiativ som jag hoppas m\u00e5nga kommer och bes\u00f6ker. Det beh\u00f6vs dels fler tr\u00e4nande och t\u00e4vlande kampsportstjejer men det beh\u00f6vs ocks\u00e5 att vi som redan h\u00e5ller p\u00e5 blir uppm\u00e4rksammade, s\u00e4ger hon och tar den otroligt glade sex m\u00e5nader gamla sonen i kn\u00e4t, samtidigt som denne passar p\u00e5 att charma allt och alla som \u00e4r i n\u00e4rheten.<\/p>\n<p><strong>&#8220;Mer tekniskt duktiga \u00e4n m\u00e5nga killar&#8221;<\/strong><br \/>Det \u00e4r inte undra p\u00e5 att Eklund \u00e4r lycklig. Och sj\u00e4lv \u00e4r hon p\u00e5 v\u00e4g tillbaka till t\u00e4vlingsburarna igen. M\u00f6jligen \u00e4r det ett litet b\u00e4ttre klimat i kampsporten hon ocks\u00e5 \u00e5terv\u00e4nder till. Som en av de svenska kvinnliga MMA-pionj\u00e4rer hon \u00e4r har hon ocks\u00e5 sett utvecklingen p\u00e5 n\u00e4ra h\u00e5ll.<br \/>\u00a0\u00a0 &#8211; Vi har p\u00e5 m\u00e5nga s\u00e4tt en v\u00e4ldigt bra klubb d\u00e4r jag tr\u00e4nar, men l\u00e4nge var jag ensam tjej. Det blir lite \u00f6dsligt i omkl\u00e4dningsrummet. Nu \u00e4r vi fem eller sex tjejer och omkl\u00e4dningsrummet r\u00e4cker snart inte till l\u00e4ngre.<br \/>\u00a0\u00a0 &#8211; Det \u00e4r klart att jag har m\u00e4rkt av att det \u00e4r tufft att vara tjej inom kampsport. Det lever i vissa fall kvar en lite gammalmodig syn om att vi tjejer inte \u00e4r lika duktiga som killarna, att det \u00e4r catfight och s\u00e5 vidare. Men det st\u00e4mmer ju inte. Jag vet m\u00e5nga tjejer som \u00e4r betydligt mer tekniskt duktiga \u00e4n m\u00e5nga killar. Jag tror i och f\u00f6r sig att m\u00e5nga gamla vanf\u00f6rest\u00e4llningar \u00e4r p\u00e5 v\u00e4g att f\u00f6rsvinna, eftersom vi blir fler och fler tjejer. Men samtidigt m\u00e5ste vi vara f\u00f6rsiktiga s\u00e5 inte nya tider ocks\u00e5 f\u00f6r med sig nya vanf\u00f6rest\u00e4llningar.<\/p>\n<p><img decoding=\"async\" alt=\"\" src=\"\/sites\/default\/files\/lina_eklund_tva.gif\" style=\"height:290px; opacity:0.9; width:435px\"><\/p>\n<p><strong>Lina, varf\u00f6r ska man komma till Eriksdalshallen p\u00e5 l\u00f6rdag?<\/strong><br \/>\u00a0\u00a0 &#8211; F\u00f6r att det blir roligt. Det \u00e4r ett perfekt tillf\u00e4lle, det \u00e4r ju gratis hela dagen, att komma i kontakt med kampsporter. Att kunna f\u00e5 lite st\u00f6rre insyn i hur m\u00e5nga olika roliga sporter det finns. Det finns egentligen n\u00e5got f\u00f6r alla. F\u00f6r de som inte varit kontakt med kampsport \u00e4r det ocks\u00e5 ett fint tillf\u00e4lle att se att det vi h\u00e5ller p\u00e5 med inte \u00e4r n\u00e5got legaliserat v\u00e5ld, utan idrotter som vilka som helst.<\/p>\n<p>Trafiken fr\u00e5n Sveav\u00e4gen bara ett stenkast bort g\u00f6r sig p\u00e5mind samtidigt som sonen Eklund l\u00e4gger till ett glatt skrik n\u00e4r han f\u00e5r ett gr\u00f6n matl\u00e5delock att leka med.<br \/>\u00a0\u00a0 &#8211; Ibland beh\u00f6ver lycka inte vara s\u00e5 sv\u00e5rt, skrattar Lina till.<br \/>\u00a0\u00a0 &#8211; Jag hoppas verkligen, och jag tror faktiskt, att kampsport kommer att forts\u00e4tta att v\u00e4xa. B\u00e5de som t\u00e4vlingssport och motionsidrott. Jag skulle vilja att lite fler tjejer dels v\u00e5gar ta plats, men ocks\u00e5 att fler galaarrang\u00f6rer och klubbledare ger tjejer mer utrymme ocks\u00e5. Det \u00e4r vi v\u00e4rda.<\/p>\n<p>Lina Eklund kommer att leda galan Tjejkampen p\u00e5 kv\u00e4llen med start klockan 19.00. Det \u00e4r (val)fritt intr\u00e4de.<\/p>\n<p>Text och foto: Jonathan Broberg\u00a0<\/p>\n","protected":false},"excerpt":{"rendered":"<p><strong><img decoding=\"async\" alt=\"\" src=\"\/sites\/default\/files\/lina_eklund.gif\" style=\"height:290px; width:435px\"><br \/>Det blir Lina \u201dLynx\u201d Eklund som leder kv\u00e4llsgalan under Kampsportsfestivalen \u2013 Tjejkampen. Eklund som \u00e4r ett av Sveriges f\u00e5 kvinnliga proffs i MMA har varit borta fr\u00e5n kampsporten ett tag, tack vare en graviditet.<br \/>\u00a0\u00a0 &#8211; Jag \u00e4r j\u00e4tteglad och stolt \u00f6ver att f\u00e5 chansen att vara konferencier till ett s\u00e5 bra och viktigt initiativ, s\u00e4ger hon till budokampsport.se.<\/strong><\/p><br>","protected":false},"author":7,"featured_media":0,"comment_status":"closed","ping_status":"closed","sticky":false,"template":"","format":"standard","meta":{"_acf_changed":false,"footnotes":""},"categories":[1],"tags":[],"class_list":["post-5287","post","type-post","status-publish","format-standard","hentry","category-okategoriserade"],"acf":[],"yoast_head":"<!-- This site is optimized with the Yoast SEO plugin v26.8 - https:\/\/yoast.com\/product\/yoast-seo-wordpress\/ -->\n<title>Lina \u201dLynx\u201d Eklund blir Tjejkampens konferencier - Svenska Budo &amp; Kampsportsf\u00f6rbundet<\/title>\n<meta name=\"description\" content=\"Det blir Lina \u201dLynx\u201d Eklund som leder kv\u00e4llsgalan under Kampsportsfestivalen \u2013 Tjejkampen. Eklund som \u00e4r ett av Sveriges f\u00e5 kvinnliga proffs i MMA har varit borta fr\u00e5n kampsporten ett tag, tack vare en graviditet.\u00a0\u00a0 - Jag \u00e4r j\u00e4tteglad och stolt \u00f6ver att f\u00e5 chansen att vara konferencier till ett s\u00e5 bra och viktigt initiativ, s\u00e4ger hon till budokampsport.se.\" \/>\n<meta name=\"robots\" content=\"index, follow, max-snippet:-1, max-image-preview:large, max-video-preview:-1\" \/>\n<link rel=\"canonical\" href=\"https:\/\/www.budokampsport.se\/2014\/08\/28\/lina-lynx-eklund-blir-tjejkampens-konferencier\/\" \/>\n<meta property=\"og:locale\" content=\"sv_SE\" \/>\n<meta property=\"og:type\" content=\"article\" \/>\n<meta property=\"og:title\" content=\"Lina \u201dLynx\u201d Eklund blir Tjejkampens konferencier - Svenska Budo &amp; Kampsportsf\u00f6rbundet\" \/>\n<meta property=\"og:description\" content=\"Det blir Lina \u201dLynx\u201d Eklund som leder kv\u00e4llsgalan under Kampsportsfestivalen \u2013 Tjejkampen. Eklund som \u00e4r ett av Sveriges f\u00e5 kvinnliga proffs i MMA har varit borta fr\u00e5n kampsporten ett tag, tack vare en graviditet.\u00a0\u00a0 - Jag \u00e4r j\u00e4tteglad och stolt \u00f6ver att f\u00e5 chansen att vara konferencier till ett s\u00e5 bra och viktigt initiativ, s\u00e4ger hon till budokampsport.se.\" \/>\n<meta property=\"og:url\" content=\"https:\/\/www.budokampsport.se\/2014\/08\/28\/lina-lynx-eklund-blir-tjejkampens-konferencier\/\" \/>\n<meta property=\"og:site_name\" content=\"Svenska Budo &amp; Kampsportsf\u00f6rbundet\" \/>\n<meta property=\"article:author\" content=\"https:\/\/www.facebook.com\/jonathan.broberg.7\" \/>\n<meta property=\"article:published_time\" content=\"2014-08-28T12:46:02+00:00\" \/>\n<meta property=\"article:modified_time\" content=\"2016-12-06T21:38:12+00:00\" \/>\n<meta name=\"author\" content=\"Jonathan Broberg\" \/>\n<meta name=\"twitter:card\" content=\"summary_large_image\" \/>\n<meta name=\"twitter:label1\" content=\"Skriven av\" \/>\n\t<meta name=\"twitter:data1\" content=\"Jonathan Broberg\" \/>\n\t<meta name=\"twitter:label2\" content=\"Ber\u00e4knad l\u00e4stid\" \/>\n\t<meta name=\"twitter:data2\" content=\"4 minuter\" \/>\n<script type=\"application\/ld+json\" class=\"yoast-schema-graph\">{\"@context\":\"https:\/\/schema.org\",\"@graph\":[{\"@type\":\"Article\",\"@id\":\"https:\/\/www.budokampsport.se\/2014\/08\/28\/lina-lynx-eklund-blir-tjejkampens-konferencier\/#article\",\"isPartOf\":{\"@id\":\"https:\/\/www.budokampsport.se\/2014\/08\/28\/lina-lynx-eklund-blir-tjejkampens-konferencier\/\"},\"author\":{\"name\":\"Jonathan Broberg\",\"@id\":\"https:\/\/www.budokampsport.se\/#\/schema\/person\/5c06d81d14850e2a8ce5493386560145\"},\"headline\":\"Lina \u201dLynx\u201d Eklund blir Tjejkampens konferencier\",\"datePublished\":\"2014-08-28T12:46:02+00:00\",\"dateModified\":\"2016-12-06T21:38:12+00:00\",\"mainEntityOfPage\":{\"@id\":\"https:\/\/www.budokampsport.se\/2014\/08\/28\/lina-lynx-eklund-blir-tjejkampens-konferencier\/\"},\"wordCount\":726,\"inLanguage\":\"sv-SE\"},{\"@type\":\"WebPage\",\"@id\":\"https:\/\/www.budokampsport.se\/2014\/08\/28\/lina-lynx-eklund-blir-tjejkampens-konferencier\/\",\"url\":\"https:\/\/www.budokampsport.se\/2014\/08\/28\/lina-lynx-eklund-blir-tjejkampens-konferencier\/\",\"name\":\"Lina \u201dLynx\u201d Eklund blir Tjejkampens konferencier - Svenska Budo &amp; Kampsportsf\u00f6rbundet\",\"isPartOf\":{\"@id\":\"https:\/\/www.budokampsport.se\/#website\"},\"datePublished\":\"2014-08-28T12:46:02+00:00\",\"dateModified\":\"2016-12-06T21:38:12+00:00\",\"author\":{\"@id\":\"https:\/\/www.budokampsport.se\/#\/schema\/person\/5c06d81d14850e2a8ce5493386560145\"},\"description\":\"Det blir Lina \u201dLynx\u201d Eklund som leder kv\u00e4llsgalan under Kampsportsfestivalen \u2013 Tjejkampen. Eklund som \u00e4r ett av Sveriges f\u00e5 kvinnliga proffs i MMA har varit borta fr\u00e5n kampsporten ett tag, tack vare en graviditet.\u00a0\u00a0 - Jag \u00e4r j\u00e4tteglad och stolt \u00f6ver att f\u00e5 chansen att vara konferencier till ett s\u00e5 bra och viktigt initiativ, s\u00e4ger hon till budokampsport.se.\",\"breadcrumb\":{\"@id\":\"https:\/\/www.budokampsport.se\/2014\/08\/28\/lina-lynx-eklund-blir-tjejkampens-konferencier\/#breadcrumb\"},\"inLanguage\":\"sv-SE\",\"potentialAction\":[{\"@type\":\"ReadAction\",\"target\":[\"https:\/\/www.budokampsport.se\/2014\/08\/28\/lina-lynx-eklund-blir-tjejkampens-konferencier\/\"]}]},{\"@type\":\"BreadcrumbList\",\"@id\":\"https:\/\/www.budokampsport.se\/2014\/08\/28\/lina-lynx-eklund-blir-tjejkampens-konferencier\/#breadcrumb\",\"itemListElement\":[{\"@type\":\"ListItem\",\"position\":1,\"name\":\"Hem\",\"item\":\"https:\/\/www.budokampsport.se\/\"},{\"@type\":\"ListItem\",\"position\":2,\"name\":\"Lina \u201dLynx\u201d Eklund blir Tjejkampens konferencier\"}]},{\"@type\":\"WebSite\",\"@id\":\"https:\/\/www.budokampsport.se\/#website\",\"url\":\"https:\/\/www.budokampsport.se\/\",\"name\":\"Svenska Budo &amp; Kampsportsf\u00f6rbundet\",\"description\":\"T\u00e4vling, Tr\u00e4ning, Tradition\",\"potentialAction\":[{\"@type\":\"SearchAction\",\"target\":{\"@type\":\"EntryPoint\",\"urlTemplate\":\"https:\/\/www.budokampsport.se\/?s={search_term_string}\"},\"query-input\":{\"@type\":\"PropertyValueSpecification\",\"valueRequired\":true,\"valueName\":\"search_term_string\"}}],\"inLanguage\":\"sv-SE\"},{\"@type\":\"Person\",\"@id\":\"https:\/\/www.budokampsport.se\/#\/schema\/person\/5c06d81d14850e2a8ce5493386560145\",\"name\":\"Jonathan Broberg\",\"image\":{\"@type\":\"ImageObject\",\"inLanguage\":\"sv-SE\",\"@id\":\"https:\/\/www.budokampsport.se\/#\/schema\/person\/image\/\",\"url\":\"https:\/\/secure.gravatar.com\/avatar\/a58041c6cea9128bd9c40ee2f26d4136?s=96&d=blank&r=g\",\"contentUrl\":\"https:\/\/secure.gravatar.com\/avatar\/a58041c6cea9128bd9c40ee2f26d4136?s=96&d=blank&r=g\",\"caption\":\"Jonathan Broberg\"},\"sameAs\":[\"https:\/\/www.facebook.com\/jonathan.broberg.7\"],\"url\":\"https:\/\/www.budokampsport.se\/author\/jonathan\/\"}]}<\/script>\n<!-- \/ Yoast SEO plugin. -->","yoast_head_json":{"title":"Lina \u201dLynx\u201d Eklund blir Tjejkampens konferencier - Svenska Budo &amp; Kampsportsf\u00f6rbundet","description":"Det blir Lina \u201dLynx\u201d Eklund som leder kv\u00e4llsgalan under Kampsportsfestivalen \u2013 Tjejkampen. Eklund som \u00e4r ett av Sveriges f\u00e5 kvinnliga proffs i MMA har varit borta fr\u00e5n kampsporten ett tag, tack vare en graviditet.\u00a0\u00a0 - Jag \u00e4r j\u00e4tteglad och stolt \u00f6ver att f\u00e5 chansen att vara konferencier till ett s\u00e5 bra och viktigt initiativ, s\u00e4ger hon till budokampsport.se.","robots":{"index":"index","follow":"follow","max-snippet":"max-snippet:-1","max-image-preview":"max-image-preview:large","max-video-preview":"max-video-preview:-1"},"canonical":"https:\/\/www.budokampsport.se\/2014\/08\/28\/lina-lynx-eklund-blir-tjejkampens-konferencier\/","og_locale":"sv_SE","og_type":"article","og_title":"Lina \u201dLynx\u201d Eklund blir Tjejkampens konferencier - Svenska Budo &amp; Kampsportsf\u00f6rbundet","og_description":"Det blir Lina \u201dLynx\u201d Eklund som leder kv\u00e4llsgalan under Kampsportsfestivalen \u2013 Tjejkampen. Eklund som \u00e4r ett av Sveriges f\u00e5 kvinnliga proffs i MMA har varit borta fr\u00e5n kampsporten ett tag, tack vare en graviditet.\u00a0\u00a0 - Jag \u00e4r j\u00e4tteglad och stolt \u00f6ver att f\u00e5 chansen att vara konferencier till ett s\u00e5 bra och viktigt initiativ, s\u00e4ger hon till budokampsport.se.","og_url":"https:\/\/www.budokampsport.se\/2014\/08\/28\/lina-lynx-eklund-blir-tjejkampens-konferencier\/","og_site_name":"Svenska Budo &amp; Kampsportsf\u00f6rbundet","article_author":"https:\/\/www.facebook.com\/jonathan.broberg.7","article_published_time":"2014-08-28T12:46:02+00:00","article_modified_time":"2016-12-06T21:38:12+00:00","author":"Jonathan Broberg","twitter_card":"summary_large_image","twitter_misc":{"Skriven av":"Jonathan Broberg","Ber\u00e4knad l\u00e4stid":"4 minuter"},"schema":{"@context":"https:\/\/schema.org","@graph":[{"@type":"Article","@id":"https:\/\/www.budokampsport.se\/2014\/08\/28\/lina-lynx-eklund-blir-tjejkampens-konferencier\/#article","isPartOf":{"@id":"https:\/\/www.budokampsport.se\/2014\/08\/28\/lina-lynx-eklund-blir-tjejkampens-konferencier\/"},"author":{"name":"Jonathan Broberg","@id":"https:\/\/www.budokampsport.se\/#\/schema\/person\/5c06d81d14850e2a8ce5493386560145"},"headline":"Lina \u201dLynx\u201d Eklund blir Tjejkampens konferencier","datePublished":"2014-08-28T12:46:02+00:00","dateModified":"2016-12-06T21:38:12+00:00","mainEntityOfPage":{"@id":"https:\/\/www.budokampsport.se\/2014\/08\/28\/lina-lynx-eklund-blir-tjejkampens-konferencier\/"},"wordCount":726,"inLanguage":"sv-SE"},{"@type":"WebPage","@id":"https:\/\/www.budokampsport.se\/2014\/08\/28\/lina-lynx-eklund-blir-tjejkampens-konferencier\/","url":"https:\/\/www.budokampsport.se\/2014\/08\/28\/lina-lynx-eklund-blir-tjejkampens-konferencier\/","name":"Lina \u201dLynx\u201d Eklund blir Tjejkampens konferencier - Svenska Budo &amp; Kampsportsf\u00f6rbundet","isPartOf":{"@id":"https:\/\/www.budokampsport.se\/#website"},"datePublished":"2014-08-28T12:46:02+00:00","dateModified":"2016-12-06T21:38:12+00:00","author":{"@id":"https:\/\/www.budokampsport.se\/#\/schema\/person\/5c06d81d14850e2a8ce5493386560145"},"description":"Det blir Lina \u201dLynx\u201d Eklund som leder kv\u00e4llsgalan under Kampsportsfestivalen \u2013 Tjejkampen. Eklund som \u00e4r ett av Sveriges f\u00e5 kvinnliga proffs i MMA har varit borta fr\u00e5n kampsporten ett tag, tack vare en graviditet.\u00a0\u00a0 - Jag \u00e4r j\u00e4tteglad och stolt \u00f6ver att f\u00e5 chansen att vara konferencier till ett s\u00e5 bra och viktigt initiativ, s\u00e4ger hon till budokampsport.se.","breadcrumb":{"@id":"https:\/\/www.budokampsport.se\/2014\/08\/28\/lina-lynx-eklund-blir-tjejkampens-konferencier\/#breadcrumb"},"inLanguage":"sv-SE","potentialAction":[{"@type":"ReadAction","target":["https:\/\/www.budokampsport.se\/2014\/08\/28\/lina-lynx-eklund-blir-tjejkampens-konferencier\/"]}]},{"@type":"BreadcrumbList","@id":"https:\/\/www.budokampsport.se\/2014\/08\/28\/lina-lynx-eklund-blir-tjejkampens-konferencier\/#breadcrumb","itemListElement":[{"@type":"ListItem","position":1,"name":"Hem","item":"https:\/\/www.budokampsport.se\/"},{"@type":"ListItem","position":2,"name":"Lina \u201dLynx\u201d Eklund blir Tjejkampens konferencier"}]},{"@type":"WebSite","@id":"https:\/\/www.budokampsport.se\/#website","url":"https:\/\/www.budokampsport.se\/","name":"Svenska Budo &amp; Kampsportsf\u00f6rbundet","description":"T\u00e4vling, Tr\u00e4ning, Tradition","potentialAction":[{"@type":"SearchAction","target":{"@type":"EntryPoint","urlTemplate":"https:\/\/www.budokampsport.se\/?s={search_term_string}"},"query-input":{"@type":"PropertyValueSpecification","valueRequired":true,"valueName":"search_term_string"}}],"inLanguage":"sv-SE"},{"@type":"Person","@id":"https:\/\/www.budokampsport.se\/#\/schema\/person\/5c06d81d14850e2a8ce5493386560145","name":"Jonathan Broberg","image":{"@type":"ImageObject","inLanguage":"sv-SE","@id":"https:\/\/www.budokampsport.se\/#\/schema\/person\/image\/","url":"https:\/\/secure.gravatar.com\/avatar\/a58041c6cea9128bd9c40ee2f26d4136?s=96&d=blank&r=g","contentUrl":"https:\/\/secure.gravatar.com\/avatar\/a58041c6cea9128bd9c40ee2f26d4136?s=96&d=blank&r=g","caption":"Jonathan Broberg"},"sameAs":["https:\/\/www.facebook.com\/jonathan.broberg.7"],"url":"https:\/\/www.budokampsport.se\/author\/jonathan\/"}]}},"_links":{"self":[{"href":"https:\/\/www.budokampsport.se\/api\/wp\/v2\/posts\/5287","targetHints":{"allow":["GET"]}}],"collection":[{"href":"https:\/\/www.budokampsport.se\/api\/wp\/v2\/posts"}],"about":[{"href":"https:\/\/www.budokampsport.se\/api\/wp\/v2\/types\/post"}],"author":[{"embeddable":true,"href":"https:\/\/www.budokampsport.se\/api\/wp\/v2\/users\/7"}],"replies":[{"embeddable":true,"href":"https:\/\/www.budokampsport.se\/api\/wp\/v2\/comments?post=5287"}],"version-history":[{"count":0,"href":"https:\/\/www.budokampsport.se\/api\/wp\/v2\/posts\/5287\/revisions"}],"wp:attachment":[{"href":"https:\/\/www.budokampsport.se\/api\/wp\/v2\/media?parent=5287"}],"wp:term":[{"taxonomy":"category","embeddable":true,"href":"https:\/\/www.budokampsport.se\/api\/wp\/v2\/categories?post=5287"},{"taxonomy":"post_tag","embeddable":true,"href":"https:\/\/www.budokampsport.se\/api\/wp\/v2\/tags?post=5287"}],"curies":[{"name":"wp","href":"https:\/\/api.w.org\/{rel}","templated":true}]}}