{"id":53212,"date":"2017-11-04T14:20:39","date_gmt":"2017-11-04T13:20:39","guid":{"rendered":"http:\/\/www.budokampsport.se\/?p=53212"},"modified":"2017-11-04T14:20:39","modified_gmt":"2017-11-04T13:20:39","slug":"em-turin-sa-har-det-gatt-formiddagen","status":"publish","type":"post","link":"https:\/\/www.budokampsport.se\/2017\/11\/04\/em-turin-sa-har-det-gatt-formiddagen\/","title":{"rendered":"EM i Turin \u2013 s\u00e5 har det g\u00e5tt under f\u00f6rmiddagen"},"content":{"rendered":"<p><strong>Yondanklassen<\/strong><br \/>\nF\u00f6rst ut av svenskarna var <em><strong>Jesper Waldest\u00e5l<\/strong><\/em> i Yondanklassen som visade p\u00e5 god form och vann stabild de b\u00e5da poolmatcherna, f\u00f6rst med 2-1 mot Zdankowski fr\u00e5n Polen och sedan med 3-0 mot Myers fr\u00e5n Nederl\u00e4nderna.<br \/>\nF\u00f6r Waldest\u00e5l v\u00e4ntar nu \u00e5ttondelsfinal mot tjecken Jan Vebersik.<\/p>\n<p><em><strong>Patrik Almqvist<\/strong><\/em>, i samma gradklass, gjorde ocks\u00e5 en fin pool d\u00e4r det f\u00f6rvisso blev f\u00f6rlust i f\u00f6rsta matchen med 0-3 mot Pauwelyn fr\u00e5n Belgien med sedan en vinst i andra matchen \u00f6ver Soudan fr\u00e5n Frankrike.<br \/>\nPatrik Almqvist stundar \u00e5ttondelsfinal mot Stan Engelen.<\/p>\n<p><strong>Godanklassen<\/strong><br \/>\n<em><strong>Sida Yin<\/strong><\/em> svarade f\u00f6r ett stabilt poolspel. Han vann med 2-1 i den f\u00f6rsta matchen och f\u00f6ljde upp den med en 3-0-seger i den andra. Vi vet inte just nu vem Sida Yin kommer att m\u00f6ta.<\/p>\n<p><strong>Shodanklassen<\/strong><br \/>\n<em><strong>Christian Strandberg<\/strong><\/em> inledde EM lite trevande och f\u00f6rlorade den f\u00f6rsta matchen i poolen, men tog gruvlig revansch i den andra d\u00e5 han besegrade turken Ogru med 3-0. Strandberg \u00e4r klar f\u00f6r \u00e5ttondelsfinal och st\u00e4lls d\u00e4r mot italienaren Alessandro Theunissen.<\/p>\n<p><strong>Mudanklassen<\/strong><br \/>\n<em><strong>Lillie Cavonius<\/strong><\/em> vann \u00f6vertygande sina tre poolmatcher. Den f\u00f6rsta med 3-0, den andra mot Jacob fr\u00e5n Frankrike med 2-1 och den tredje mot Sanabre fr\u00e5n Spanien med 3-0. F\u00f6r Cavonius stundar \u00e5ttondelsfinal mot Racic fr\u00e5n Serbien.<\/p>\n<p><strong>Nidanklassen<\/strong><br \/>\n<em><strong>Anna-Lena Waldest\u00e5l<\/strong> <\/em>svarade f\u00f6r tv\u00e5 exemplariska poolmatcher, d\u00e4r hon vann f\u00f6rsta matchen med 3-0 och den andra med likadan utg\u00e5ng i domarsiffror.<br \/>\nVem Anna-Lena kommer att m\u00f6ta vet vi inte just nu.<\/p>\n<p><em><strong>Nils Lantto<\/strong><\/em> vann en match och f\u00f6rlorade en i sitt poolspel. Lantto inledde lovande med en 3-0-seger f\u00f6r att sedan f\u00f6rlora med 3-0. Lantto \u00e4r vidare i t\u00e4vlingen, men vi vet inte vem han m\u00f6ter.<\/p>\n<p><strong>Sandanklassen<\/strong><br \/>\nI sandanklassen fick <em><strong>Lars Thellman<\/strong><\/em> f\u00f6rhinder och kunde inte vara med under EM. Och det gick inte heller v\u00e4gen f\u00f6r <em><strong>Maria Engqvist<\/strong><\/em>, som gjorde landslagscomeback efter sin mammaledighet. Engqvist f\u00f6rlorade b\u00e5de sina poolmatcher.<\/p>\n<p><strong>Rokudanklassen<\/strong><br \/>\n<em><strong>Martin Lindgren<\/strong><\/em> vann en match och f\u00f6rlorade en, b\u00e5de med siffrorna 3-0, i poolen. Vem Lindgren st\u00e4lls mot i \u00e5ttondelsfinal \u00e4r inte klart just nu.<\/p>\n<p>Svenskarnas medaljjakt kommer att s\u00e4ndas live p\u00e5 Budokampsports-tv.<\/p>\n<p><iframe loading=\"lazy\" src=\"https:\/\/budokampsport.solidtango.com\/widgets\/embed\/4xsfrdhg?auto_play=false\" width=\"320\" height=\"180\" frameborder=\"0\" scrolling=\"0\" allowfullscreen=\"allowfullscreen\"><\/iframe><\/p>\n","protected":false},"excerpt":{"rendered":"<p>Det har varit full fart i EM i iaido i Turin under f\u00f6rmiddagen d\u00e4r samtliga svenskar nu t\u00e4vlat. Och s\u00e5 h\u00e4r har det g\u00e5tt och de h\u00e4r st\u00e4lls svenskarna mot i sina respektive utslagsmatcher, vad vi tror \u00e4r \u00e5ttondelsfinaler.<\/p><br>","protected":false},"author":7,"featured_media":53217,"comment_status":"open","ping_status":"open","sticky":false,"template":"","format":"standard","meta":{"_acf_changed":false,"footnotes":""},"categories":[1],"tags":[],"class_list":["post-53212","post","type-post","status-publish","format-standard","has-post-thumbnail","hentry","category-okategoriserade"],"acf":[],"yoast_head":"<!-- This site is optimized with the Yoast SEO plugin v26.8 - https:\/\/yoast.com\/product\/yoast-seo-wordpress\/ -->\n<title>EM i Turin \u2013 s\u00e5 har det g\u00e5tt under f\u00f6rmiddagen - Svenska Budo &amp; Kampsportsf\u00f6rbundet<\/title>\n<meta name=\"description\" content=\"Det har varit full fart i EM i iaido i Turin under f\u00f6rmiddagen d\u00e4r samtliga svenskar nu t\u00e4vlat. Och s\u00e5 h\u00e4r har det g\u00e5tt och de h\u00e4r st\u00e4lls svenskarna mot i sina respektive utslagsmatcher, vad vi tror \u00e4r \u00e5ttondelsfinaler.\" \/>\n<meta name=\"robots\" content=\"index, follow, max-snippet:-1, max-image-preview:large, max-video-preview:-1\" \/>\n<link rel=\"canonical\" href=\"https:\/\/www.budokampsport.se\/2017\/11\/04\/em-turin-sa-har-det-gatt-formiddagen\/\" \/>\n<meta property=\"og:locale\" content=\"sv_SE\" \/>\n<meta property=\"og:type\" content=\"article\" \/>\n<meta property=\"og:title\" content=\"EM i Turin \u2013 s\u00e5 har det g\u00e5tt under f\u00f6rmiddagen - Svenska Budo &amp; Kampsportsf\u00f6rbundet\" \/>\n<meta property=\"og:description\" content=\"Det har varit full fart i EM i iaido i Turin under f\u00f6rmiddagen d\u00e4r samtliga svenskar nu t\u00e4vlat. Och s\u00e5 h\u00e4r har det g\u00e5tt och de h\u00e4r st\u00e4lls svenskarna mot i sina respektive utslagsmatcher, vad vi tror \u00e4r \u00e5ttondelsfinaler.\" \/>\n<meta property=\"og:url\" content=\"https:\/\/www.budokampsport.se\/2017\/11\/04\/em-turin-sa-har-det-gatt-formiddagen\/\" \/>\n<meta property=\"og:site_name\" content=\"Svenska Budo &amp; Kampsportsf\u00f6rbundet\" \/>\n<meta property=\"article:author\" content=\"https:\/\/www.facebook.com\/jonathan.broberg.7\" \/>\n<meta property=\"article:published_time\" content=\"2017-11-04T13:20:39+00:00\" \/>\n<meta property=\"og:image\" content=\"https:\/\/www.budokampsport.se\/wp-content\/uploads\/2017\/11\/em_iaido.jpg\" \/>\n\t<meta property=\"og:image:width\" content=\"850\" \/>\n\t<meta property=\"og:image:height\" content=\"478\" \/>\n\t<meta property=\"og:image:type\" content=\"image\/jpeg\" \/>\n<meta name=\"author\" content=\"Jonathan Broberg\" \/>\n<meta name=\"twitter:card\" content=\"summary_large_image\" \/>\n<meta name=\"twitter:label1\" content=\"Skriven av\" \/>\n\t<meta name=\"twitter:data1\" content=\"Jonathan Broberg\" \/>\n\t<meta name=\"twitter:label2\" content=\"Ber\u00e4knad l\u00e4stid\" \/>\n\t<meta name=\"twitter:data2\" content=\"2 minuter\" \/>\n<script type=\"application\/ld+json\" class=\"yoast-schema-graph\">{\"@context\":\"https:\/\/schema.org\",\"@graph\":[{\"@type\":\"Article\",\"@id\":\"https:\/\/www.budokampsport.se\/2017\/11\/04\/em-turin-sa-har-det-gatt-formiddagen\/#article\",\"isPartOf\":{\"@id\":\"https:\/\/www.budokampsport.se\/2017\/11\/04\/em-turin-sa-har-det-gatt-formiddagen\/\"},\"author\":{\"name\":\"Jonathan Broberg\",\"@id\":\"https:\/\/www.budokampsport.se\/#\/schema\/person\/5c06d81d14850e2a8ce5493386560145\"},\"headline\":\"EM i Turin \u2013 s\u00e5 har det g\u00e5tt under f\u00f6rmiddagen\",\"datePublished\":\"2017-11-04T13:20:39+00:00\",\"mainEntityOfPage\":{\"@id\":\"https:\/\/www.budokampsport.se\/2017\/11\/04\/em-turin-sa-har-det-gatt-formiddagen\/\"},\"wordCount\":400,\"commentCount\":0,\"image\":{\"@id\":\"https:\/\/www.budokampsport.se\/2017\/11\/04\/em-turin-sa-har-det-gatt-formiddagen\/#primaryimage\"},\"thumbnailUrl\":\"https:\/\/www.budokampsport.se\/wp-content\/uploads\/2017\/11\/em_iaido.jpg\",\"inLanguage\":\"sv-SE\",\"potentialAction\":[{\"@type\":\"CommentAction\",\"name\":\"Comment\",\"target\":[\"https:\/\/www.budokampsport.se\/2017\/11\/04\/em-turin-sa-har-det-gatt-formiddagen\/#respond\"]}]},{\"@type\":\"WebPage\",\"@id\":\"https:\/\/www.budokampsport.se\/2017\/11\/04\/em-turin-sa-har-det-gatt-formiddagen\/\",\"url\":\"https:\/\/www.budokampsport.se\/2017\/11\/04\/em-turin-sa-har-det-gatt-formiddagen\/\",\"name\":\"EM i Turin \u2013 s\u00e5 har det g\u00e5tt under f\u00f6rmiddagen - Svenska Budo &amp; Kampsportsf\u00f6rbundet\",\"isPartOf\":{\"@id\":\"https:\/\/www.budokampsport.se\/#website\"},\"primaryImageOfPage\":{\"@id\":\"https:\/\/www.budokampsport.se\/2017\/11\/04\/em-turin-sa-har-det-gatt-formiddagen\/#primaryimage\"},\"image\":{\"@id\":\"https:\/\/www.budokampsport.se\/2017\/11\/04\/em-turin-sa-har-det-gatt-formiddagen\/#primaryimage\"},\"thumbnailUrl\":\"https:\/\/www.budokampsport.se\/wp-content\/uploads\/2017\/11\/em_iaido.jpg\",\"datePublished\":\"2017-11-04T13:20:39+00:00\",\"author\":{\"@id\":\"https:\/\/www.budokampsport.se\/#\/schema\/person\/5c06d81d14850e2a8ce5493386560145\"},\"description\":\"Det har varit full fart i EM i iaido i Turin under f\u00f6rmiddagen d\u00e4r samtliga svenskar nu t\u00e4vlat. Och s\u00e5 h\u00e4r har det g\u00e5tt och de h\u00e4r st\u00e4lls svenskarna mot i sina respektive utslagsmatcher, vad vi tror \u00e4r \u00e5ttondelsfinaler.\",\"breadcrumb\":{\"@id\":\"https:\/\/www.budokampsport.se\/2017\/11\/04\/em-turin-sa-har-det-gatt-formiddagen\/#breadcrumb\"},\"inLanguage\":\"sv-SE\",\"potentialAction\":[{\"@type\":\"ReadAction\",\"target\":[\"https:\/\/www.budokampsport.se\/2017\/11\/04\/em-turin-sa-har-det-gatt-formiddagen\/\"]}]},{\"@type\":\"ImageObject\",\"inLanguage\":\"sv-SE\",\"@id\":\"https:\/\/www.budokampsport.se\/2017\/11\/04\/em-turin-sa-har-det-gatt-formiddagen\/#primaryimage\",\"url\":\"https:\/\/www.budokampsport.se\/wp-content\/uploads\/2017\/11\/em_iaido.jpg\",\"contentUrl\":\"https:\/\/www.budokampsport.se\/wp-content\/uploads\/2017\/11\/em_iaido.jpg\",\"width\":850,\"height\":478},{\"@type\":\"BreadcrumbList\",\"@id\":\"https:\/\/www.budokampsport.se\/2017\/11\/04\/em-turin-sa-har-det-gatt-formiddagen\/#breadcrumb\",\"itemListElement\":[{\"@type\":\"ListItem\",\"position\":1,\"name\":\"Hem\",\"item\":\"https:\/\/www.budokampsport.se\/\"},{\"@type\":\"ListItem\",\"position\":2,\"name\":\"EM i Turin \u2013 s\u00e5 har det g\u00e5tt under f\u00f6rmiddagen\"}]},{\"@type\":\"WebSite\",\"@id\":\"https:\/\/www.budokampsport.se\/#website\",\"url\":\"https:\/\/www.budokampsport.se\/\",\"name\":\"Svenska Budo &amp; Kampsportsf\u00f6rbundet\",\"description\":\"T\u00e4vling, Tr\u00e4ning, Tradition\",\"potentialAction\":[{\"@type\":\"SearchAction\",\"target\":{\"@type\":\"EntryPoint\",\"urlTemplate\":\"https:\/\/www.budokampsport.se\/?s={search_term_string}\"},\"query-input\":{\"@type\":\"PropertyValueSpecification\",\"valueRequired\":true,\"valueName\":\"search_term_string\"}}],\"inLanguage\":\"sv-SE\"},{\"@type\":\"Person\",\"@id\":\"https:\/\/www.budokampsport.se\/#\/schema\/person\/5c06d81d14850e2a8ce5493386560145\",\"name\":\"Jonathan Broberg\",\"image\":{\"@type\":\"ImageObject\",\"inLanguage\":\"sv-SE\",\"@id\":\"https:\/\/www.budokampsport.se\/#\/schema\/person\/image\/\",\"url\":\"https:\/\/secure.gravatar.com\/avatar\/a58041c6cea9128bd9c40ee2f26d4136?s=96&d=blank&r=g\",\"contentUrl\":\"https:\/\/secure.gravatar.com\/avatar\/a58041c6cea9128bd9c40ee2f26d4136?s=96&d=blank&r=g\",\"caption\":\"Jonathan Broberg\"},\"sameAs\":[\"https:\/\/www.facebook.com\/jonathan.broberg.7\"],\"url\":\"https:\/\/www.budokampsport.se\/author\/jonathan\/\"}]}<\/script>\n<!-- \/ Yoast SEO plugin. -->","yoast_head_json":{"title":"EM i Turin \u2013 s\u00e5 har det g\u00e5tt under f\u00f6rmiddagen - Svenska Budo &amp; Kampsportsf\u00f6rbundet","description":"Det har varit full fart i EM i iaido i Turin under f\u00f6rmiddagen d\u00e4r samtliga svenskar nu t\u00e4vlat. Och s\u00e5 h\u00e4r har det g\u00e5tt och de h\u00e4r st\u00e4lls svenskarna mot i sina respektive utslagsmatcher, vad vi tror \u00e4r \u00e5ttondelsfinaler.","robots":{"index":"index","follow":"follow","max-snippet":"max-snippet:-1","max-image-preview":"max-image-preview:large","max-video-preview":"max-video-preview:-1"},"canonical":"https:\/\/www.budokampsport.se\/2017\/11\/04\/em-turin-sa-har-det-gatt-formiddagen\/","og_locale":"sv_SE","og_type":"article","og_title":"EM i Turin \u2013 s\u00e5 har det g\u00e5tt under f\u00f6rmiddagen - Svenska Budo &amp; Kampsportsf\u00f6rbundet","og_description":"Det har varit full fart i EM i iaido i Turin under f\u00f6rmiddagen d\u00e4r samtliga svenskar nu t\u00e4vlat. Och s\u00e5 h\u00e4r har det g\u00e5tt och de h\u00e4r st\u00e4lls svenskarna mot i sina respektive utslagsmatcher, vad vi tror \u00e4r \u00e5ttondelsfinaler.","og_url":"https:\/\/www.budokampsport.se\/2017\/11\/04\/em-turin-sa-har-det-gatt-formiddagen\/","og_site_name":"Svenska Budo &amp; Kampsportsf\u00f6rbundet","article_author":"https:\/\/www.facebook.com\/jonathan.broberg.7","article_published_time":"2017-11-04T13:20:39+00:00","og_image":[{"width":850,"height":478,"url":"https:\/\/www.budokampsport.se\/wp-content\/uploads\/2017\/11\/em_iaido.jpg","type":"image\/jpeg"}],"author":"Jonathan Broberg","twitter_card":"summary_large_image","twitter_misc":{"Skriven av":"Jonathan Broberg","Ber\u00e4knad l\u00e4stid":"2 minuter"},"schema":{"@context":"https:\/\/schema.org","@graph":[{"@type":"Article","@id":"https:\/\/www.budokampsport.se\/2017\/11\/04\/em-turin-sa-har-det-gatt-formiddagen\/#article","isPartOf":{"@id":"https:\/\/www.budokampsport.se\/2017\/11\/04\/em-turin-sa-har-det-gatt-formiddagen\/"},"author":{"name":"Jonathan Broberg","@id":"https:\/\/www.budokampsport.se\/#\/schema\/person\/5c06d81d14850e2a8ce5493386560145"},"headline":"EM i Turin \u2013 s\u00e5 har det g\u00e5tt under f\u00f6rmiddagen","datePublished":"2017-11-04T13:20:39+00:00","mainEntityOfPage":{"@id":"https:\/\/www.budokampsport.se\/2017\/11\/04\/em-turin-sa-har-det-gatt-formiddagen\/"},"wordCount":400,"commentCount":0,"image":{"@id":"https:\/\/www.budokampsport.se\/2017\/11\/04\/em-turin-sa-har-det-gatt-formiddagen\/#primaryimage"},"thumbnailUrl":"https:\/\/www.budokampsport.se\/wp-content\/uploads\/2017\/11\/em_iaido.jpg","inLanguage":"sv-SE","potentialAction":[{"@type":"CommentAction","name":"Comment","target":["https:\/\/www.budokampsport.se\/2017\/11\/04\/em-turin-sa-har-det-gatt-formiddagen\/#respond"]}]},{"@type":"WebPage","@id":"https:\/\/www.budokampsport.se\/2017\/11\/04\/em-turin-sa-har-det-gatt-formiddagen\/","url":"https:\/\/www.budokampsport.se\/2017\/11\/04\/em-turin-sa-har-det-gatt-formiddagen\/","name":"EM i Turin \u2013 s\u00e5 har det g\u00e5tt under f\u00f6rmiddagen - Svenska Budo &amp; Kampsportsf\u00f6rbundet","isPartOf":{"@id":"https:\/\/www.budokampsport.se\/#website"},"primaryImageOfPage":{"@id":"https:\/\/www.budokampsport.se\/2017\/11\/04\/em-turin-sa-har-det-gatt-formiddagen\/#primaryimage"},"image":{"@id":"https:\/\/www.budokampsport.se\/2017\/11\/04\/em-turin-sa-har-det-gatt-formiddagen\/#primaryimage"},"thumbnailUrl":"https:\/\/www.budokampsport.se\/wp-content\/uploads\/2017\/11\/em_iaido.jpg","datePublished":"2017-11-04T13:20:39+00:00","author":{"@id":"https:\/\/www.budokampsport.se\/#\/schema\/person\/5c06d81d14850e2a8ce5493386560145"},"description":"Det har varit full fart i EM i iaido i Turin under f\u00f6rmiddagen d\u00e4r samtliga svenskar nu t\u00e4vlat. Och s\u00e5 h\u00e4r har det g\u00e5tt och de h\u00e4r st\u00e4lls svenskarna mot i sina respektive utslagsmatcher, vad vi tror \u00e4r \u00e5ttondelsfinaler.","breadcrumb":{"@id":"https:\/\/www.budokampsport.se\/2017\/11\/04\/em-turin-sa-har-det-gatt-formiddagen\/#breadcrumb"},"inLanguage":"sv-SE","potentialAction":[{"@type":"ReadAction","target":["https:\/\/www.budokampsport.se\/2017\/11\/04\/em-turin-sa-har-det-gatt-formiddagen\/"]}]},{"@type":"ImageObject","inLanguage":"sv-SE","@id":"https:\/\/www.budokampsport.se\/2017\/11\/04\/em-turin-sa-har-det-gatt-formiddagen\/#primaryimage","url":"https:\/\/www.budokampsport.se\/wp-content\/uploads\/2017\/11\/em_iaido.jpg","contentUrl":"https:\/\/www.budokampsport.se\/wp-content\/uploads\/2017\/11\/em_iaido.jpg","width":850,"height":478},{"@type":"BreadcrumbList","@id":"https:\/\/www.budokampsport.se\/2017\/11\/04\/em-turin-sa-har-det-gatt-formiddagen\/#breadcrumb","itemListElement":[{"@type":"ListItem","position":1,"name":"Hem","item":"https:\/\/www.budokampsport.se\/"},{"@type":"ListItem","position":2,"name":"EM i Turin \u2013 s\u00e5 har det g\u00e5tt under f\u00f6rmiddagen"}]},{"@type":"WebSite","@id":"https:\/\/www.budokampsport.se\/#website","url":"https:\/\/www.budokampsport.se\/","name":"Svenska Budo &amp; Kampsportsf\u00f6rbundet","description":"T\u00e4vling, Tr\u00e4ning, Tradition","potentialAction":[{"@type":"SearchAction","target":{"@type":"EntryPoint","urlTemplate":"https:\/\/www.budokampsport.se\/?s={search_term_string}"},"query-input":{"@type":"PropertyValueSpecification","valueRequired":true,"valueName":"search_term_string"}}],"inLanguage":"sv-SE"},{"@type":"Person","@id":"https:\/\/www.budokampsport.se\/#\/schema\/person\/5c06d81d14850e2a8ce5493386560145","name":"Jonathan Broberg","image":{"@type":"ImageObject","inLanguage":"sv-SE","@id":"https:\/\/www.budokampsport.se\/#\/schema\/person\/image\/","url":"https:\/\/secure.gravatar.com\/avatar\/a58041c6cea9128bd9c40ee2f26d4136?s=96&d=blank&r=g","contentUrl":"https:\/\/secure.gravatar.com\/avatar\/a58041c6cea9128bd9c40ee2f26d4136?s=96&d=blank&r=g","caption":"Jonathan Broberg"},"sameAs":["https:\/\/www.facebook.com\/jonathan.broberg.7"],"url":"https:\/\/www.budokampsport.se\/author\/jonathan\/"}]}},"_links":{"self":[{"href":"https:\/\/www.budokampsport.se\/api\/wp\/v2\/posts\/53212","targetHints":{"allow":["GET"]}}],"collection":[{"href":"https:\/\/www.budokampsport.se\/api\/wp\/v2\/posts"}],"about":[{"href":"https:\/\/www.budokampsport.se\/api\/wp\/v2\/types\/post"}],"author":[{"embeddable":true,"href":"https:\/\/www.budokampsport.se\/api\/wp\/v2\/users\/7"}],"replies":[{"embeddable":true,"href":"https:\/\/www.budokampsport.se\/api\/wp\/v2\/comments?post=53212"}],"version-history":[{"count":0,"href":"https:\/\/www.budokampsport.se\/api\/wp\/v2\/posts\/53212\/revisions"}],"wp:featuredmedia":[{"embeddable":true,"href":"https:\/\/www.budokampsport.se\/api\/wp\/v2\/media\/53217"}],"wp:attachment":[{"href":"https:\/\/www.budokampsport.se\/api\/wp\/v2\/media?parent=53212"}],"wp:term":[{"taxonomy":"category","embeddable":true,"href":"https:\/\/www.budokampsport.se\/api\/wp\/v2\/categories?post=53212"},{"taxonomy":"post_tag","embeddable":true,"href":"https:\/\/www.budokampsport.se\/api\/wp\/v2\/tags?post=53212"}],"curies":[{"name":"wp","href":"https:\/\/api.w.org\/{rel}","templated":true}]}}