{"id":5335,"date":"2015-03-03T15:03:11","date_gmt":"2015-03-03T14:03:11","guid":{"rendered":"http:\/\/budo.wordpress.dev\/2015\/03\/03\/sveriges-trupp-till-junior-vm-i-jujutsu-i-aten\/"},"modified":"2016-12-06T22:38:23","modified_gmt":"2016-12-06T21:38:23","slug":"sveriges-trupp-till-junior-vm-i-jujutsu-i-aten","status":"publish","type":"post","link":"https:\/\/www.budokampsport.se\/2015\/03\/03\/sveriges-trupp-till-junior-vm-i-jujutsu-i-aten\/","title":{"rendered":"Sveriges trupp till junior-VM i jujutsu i Aten"},"content":{"rendered":"<p><strong><img decoding=\"async\" alt=\"Foto av Ernst Fusser\" src=\"\/sites\/default\/files\/jujutsu_0.gif\" style=\"height:248px; width:435px\"><br \/>Om tio dagar startar junior-VM i jujutsu i den grekiska huvudstaden Aten. Den svenska truppen best\u00e5r av sju t\u00e4vlande, fyra i fight och tre i ne waza.<br \/>\u00a0\u00a0 &#8211; Jag tror p\u00e5 tre, fyra medaljer, s\u00e4ger f\u00f6rbundskapten Michael Kuntz till budokampsport.se.<\/strong><!--break--><\/p>\n<p>Det \u00e4r till vissa delar ett nytt juniorlandslag som tar form. Borta \u00e4r storstj\u00e4rnan Fredrik Widgren, \u00e5tminstone p\u00e5 mattan, \u00e4ven om han assisterar landslagscoachen Joakim Vistam under dagarna i Aten.<\/p>\n<p>Sverige har under de senaste \u00e5ren \u00e5tertagit en ledande roll inom sport-jujutsun och tog flera guldmedaljer p\u00e5 JEM i Lund ifjol.<\/p>\n<p>\u00c5rets f\u00f6rsta jujutsum\u00e4sterskap, JVM i Aten, avg\u00f6rs mellan den 13-15 mars och f\u00f6ljande svenskar \u00e4r uttagna.<\/p>\n<p><strong>Fanny Seth-Wenzel, U18, -63kg (Nacka Dojo IF)<\/strong><br \/>Lillasyster till mer etablerade William Seth-Wenzel som g\u00f6r en mycket intressant m\u00e4sterskapsstart. Har haft en utvecklingskurva som pekat spikrakt upp\u00e5t och imponerade under \u00e5rets Combat Camp.<\/p>\n<p><strong>Dennis Bill, U18, -46kg (Skift Sollentuna)<\/strong><br \/>Anses av landslagsledningen som kanske den st\u00f6rsta talangen i svensk jujutsu just nu och med lite tur i lottning och ett perfekt genomf\u00f6rt m\u00e4sterskap tror ledningen p\u00e5 medalj.<\/p>\n<p><strong>William Seth-Wenzel, U21, -85kg (Nacka Dojo IF)<\/strong><br \/>Gjorde ett utm\u00e4rkt JEM ifjol och vann guld i U18-klassen. Men nu kliver den tekniske Nackasonen upp till U21, och dessutom har William tempor\u00e4rt flyttat till London f\u00f6r studier. Fr\u00e5gan \u00e4r vilken form han kommer att befinna sig i, men ett otroligt kunnande finns att plocka fram.<\/p>\n<p><strong>Isabelle Vistam, U21, -55kg (Nacka Dojo IF)<\/strong><br \/>Vann JEM-guld 2013 i Italien, men skadade axeln och har relativt nyligen \u00e5ter tagit upp t\u00e4vlandet. Vann senior-SM i januari och verkar ha hittat formen igen. Frisk och hel \u00e4r Isabelle en mycket gedigen jujutsuidrottare som mycket v\u00e4l kan blanda sig i medaljdiskussionerna.<\/p>\n<p>Ne waza<\/p>\n<p><strong>Rasmus Nolbratt, U21, -69kg (Nacka Dojo IF)<\/strong><br \/>En synnerligen kompetent idrottare som n\u00e4stan alltid hamnar p\u00e5 pallplatser vad han \u00e4n st\u00e4ller upp i och \u00e4r ett av detta landslagets st\u00f6rsta medaljhopp.<\/p>\n<p><strong>Oliver Axelsson, U21, -69kg (Samurai JJK)<\/strong><br \/>En lite \u201dgubben-i-l\u00e5dan-idrottare\u201d som kan st\u00f6ra vem som helst i sina b\u00e4sta stunder, lite beroende p\u00e5 dagsform.<\/p>\n<p><strong>Arvid Axelsson, U21, -94kg (Samurai JJK)<\/strong><br \/>Vann JEM-guld ifjol under sitt f\u00f6rsta stora internationella m\u00e4sterskap. Vann d\u00e5 mot den regerande v\u00e4rldsm\u00e4staren fr\u00e5n Israel, och har imponerat stort under det senaste halv\u00e5ret. Klart medaljhopp.<\/p>\n<p>Text: Jonathan Broberg<br \/>Foto: Ernst Fusser<\/p>\n","protected":false},"excerpt":{"rendered":"<p>Om tio dagar startar junior-VM i jujutsu i den grekiska [&#8230;]<\/p><br>","protected":false},"author":7,"featured_media":0,"comment_status":"closed","ping_status":"closed","sticky":false,"template":"","format":"standard","meta":{"_acf_changed":false,"footnotes":""},"categories":[1],"tags":[],"class_list":["post-5335","post","type-post","status-publish","format-standard","hentry","category-okategoriserade"],"acf":[],"yoast_head":"<!-- This site is optimized with the Yoast SEO plugin v26.8 - https:\/\/yoast.com\/product\/yoast-seo-wordpress\/ -->\n<title>Sveriges trupp till junior-VM i jujutsu i Aten - Svenska Budo &amp; Kampsportsf\u00f6rbundet<\/title>\n<meta name=\"description\" content=\"Om tio dagar startar junior-VM i jujutsu i den grekiska huvudstaden Aten. Den svenska truppen best\u00e5r av sju t\u00e4vlande, fyra i fight och tre i ne waza.\u00a0\u00a0 -\" \/>\n<meta name=\"robots\" content=\"index, follow, max-snippet:-1, max-image-preview:large, max-video-preview:-1\" \/>\n<link rel=\"canonical\" href=\"https:\/\/www.budokampsport.se\/2015\/03\/03\/sveriges-trupp-till-junior-vm-i-jujutsu-i-aten\/\" \/>\n<meta property=\"og:locale\" content=\"sv_SE\" \/>\n<meta property=\"og:type\" content=\"article\" \/>\n<meta property=\"og:title\" content=\"Sveriges trupp till junior-VM i jujutsu i Aten - Svenska Budo &amp; Kampsportsf\u00f6rbundet\" \/>\n<meta property=\"og:description\" content=\"Om tio dagar startar junior-VM i jujutsu i den grekiska huvudstaden Aten. Den svenska truppen best\u00e5r av sju t\u00e4vlande, fyra i fight och tre i ne waza.\u00a0\u00a0 -\" \/>\n<meta property=\"og:url\" content=\"https:\/\/www.budokampsport.se\/2015\/03\/03\/sveriges-trupp-till-junior-vm-i-jujutsu-i-aten\/\" \/>\n<meta property=\"og:site_name\" content=\"Svenska Budo &amp; Kampsportsf\u00f6rbundet\" \/>\n<meta property=\"article:author\" content=\"https:\/\/www.facebook.com\/jonathan.broberg.7\" \/>\n<meta property=\"article:published_time\" content=\"2015-03-03T14:03:11+00:00\" \/>\n<meta property=\"article:modified_time\" content=\"2016-12-06T21:38:23+00:00\" \/>\n<meta name=\"author\" content=\"Jonathan Broberg\" \/>\n<meta name=\"twitter:card\" content=\"summary_large_image\" \/>\n<meta name=\"twitter:label1\" content=\"Skriven av\" \/>\n\t<meta name=\"twitter:data1\" content=\"Jonathan Broberg\" \/>\n\t<meta name=\"twitter:label2\" content=\"Ber\u00e4knad l\u00e4stid\" \/>\n\t<meta name=\"twitter:data2\" content=\"2 minuter\" \/>\n<script type=\"application\/ld+json\" class=\"yoast-schema-graph\">{\"@context\":\"https:\/\/schema.org\",\"@graph\":[{\"@type\":\"Article\",\"@id\":\"https:\/\/www.budokampsport.se\/2015\/03\/03\/sveriges-trupp-till-junior-vm-i-jujutsu-i-aten\/#article\",\"isPartOf\":{\"@id\":\"https:\/\/www.budokampsport.se\/2015\/03\/03\/sveriges-trupp-till-junior-vm-i-jujutsu-i-aten\/\"},\"author\":{\"name\":\"Jonathan Broberg\",\"@id\":\"https:\/\/www.budokampsport.se\/#\/schema\/person\/5c06d81d14850e2a8ce5493386560145\"},\"headline\":\"Sveriges trupp till junior-VM i jujutsu i Aten\",\"datePublished\":\"2015-03-03T14:03:11+00:00\",\"dateModified\":\"2016-12-06T21:38:23+00:00\",\"mainEntityOfPage\":{\"@id\":\"https:\/\/www.budokampsport.se\/2015\/03\/03\/sveriges-trupp-till-junior-vm-i-jujutsu-i-aten\/\"},\"wordCount\":421,\"inLanguage\":\"sv-SE\"},{\"@type\":\"WebPage\",\"@id\":\"https:\/\/www.budokampsport.se\/2015\/03\/03\/sveriges-trupp-till-junior-vm-i-jujutsu-i-aten\/\",\"url\":\"https:\/\/www.budokampsport.se\/2015\/03\/03\/sveriges-trupp-till-junior-vm-i-jujutsu-i-aten\/\",\"name\":\"Sveriges trupp till junior-VM i jujutsu i Aten - Svenska Budo &amp; Kampsportsf\u00f6rbundet\",\"isPartOf\":{\"@id\":\"https:\/\/www.budokampsport.se\/#website\"},\"datePublished\":\"2015-03-03T14:03:11+00:00\",\"dateModified\":\"2016-12-06T21:38:23+00:00\",\"author\":{\"@id\":\"https:\/\/www.budokampsport.se\/#\/schema\/person\/5c06d81d14850e2a8ce5493386560145\"},\"description\":\"Om tio dagar startar junior-VM i jujutsu i den grekiska huvudstaden Aten. Den svenska truppen best\u00e5r av sju t\u00e4vlande, fyra i fight och tre i ne waza.\u00a0\u00a0 -\",\"breadcrumb\":{\"@id\":\"https:\/\/www.budokampsport.se\/2015\/03\/03\/sveriges-trupp-till-junior-vm-i-jujutsu-i-aten\/#breadcrumb\"},\"inLanguage\":\"sv-SE\",\"potentialAction\":[{\"@type\":\"ReadAction\",\"target\":[\"https:\/\/www.budokampsport.se\/2015\/03\/03\/sveriges-trupp-till-junior-vm-i-jujutsu-i-aten\/\"]}]},{\"@type\":\"BreadcrumbList\",\"@id\":\"https:\/\/www.budokampsport.se\/2015\/03\/03\/sveriges-trupp-till-junior-vm-i-jujutsu-i-aten\/#breadcrumb\",\"itemListElement\":[{\"@type\":\"ListItem\",\"position\":1,\"name\":\"Hem\",\"item\":\"https:\/\/www.budokampsport.se\/\"},{\"@type\":\"ListItem\",\"position\":2,\"name\":\"Sveriges trupp till junior-VM i jujutsu i Aten\"}]},{\"@type\":\"WebSite\",\"@id\":\"https:\/\/www.budokampsport.se\/#website\",\"url\":\"https:\/\/www.budokampsport.se\/\",\"name\":\"Svenska Budo &amp; Kampsportsf\u00f6rbundet\",\"description\":\"T\u00e4vling, Tr\u00e4ning, Tradition\",\"potentialAction\":[{\"@type\":\"SearchAction\",\"target\":{\"@type\":\"EntryPoint\",\"urlTemplate\":\"https:\/\/www.budokampsport.se\/?s={search_term_string}\"},\"query-input\":{\"@type\":\"PropertyValueSpecification\",\"valueRequired\":true,\"valueName\":\"search_term_string\"}}],\"inLanguage\":\"sv-SE\"},{\"@type\":\"Person\",\"@id\":\"https:\/\/www.budokampsport.se\/#\/schema\/person\/5c06d81d14850e2a8ce5493386560145\",\"name\":\"Jonathan Broberg\",\"image\":{\"@type\":\"ImageObject\",\"inLanguage\":\"sv-SE\",\"@id\":\"https:\/\/www.budokampsport.se\/#\/schema\/person\/image\/\",\"url\":\"https:\/\/secure.gravatar.com\/avatar\/a58041c6cea9128bd9c40ee2f26d4136?s=96&d=blank&r=g\",\"contentUrl\":\"https:\/\/secure.gravatar.com\/avatar\/a58041c6cea9128bd9c40ee2f26d4136?s=96&d=blank&r=g\",\"caption\":\"Jonathan Broberg\"},\"sameAs\":[\"https:\/\/www.facebook.com\/jonathan.broberg.7\"],\"url\":\"https:\/\/www.budokampsport.se\/author\/jonathan\/\"}]}<\/script>\n<!-- \/ Yoast SEO plugin. -->","yoast_head_json":{"title":"Sveriges trupp till junior-VM i jujutsu i Aten - Svenska Budo &amp; Kampsportsf\u00f6rbundet","description":"Om tio dagar startar junior-VM i jujutsu i den grekiska huvudstaden Aten. Den svenska truppen best\u00e5r av sju t\u00e4vlande, fyra i fight och tre i ne waza.\u00a0\u00a0 -","robots":{"index":"index","follow":"follow","max-snippet":"max-snippet:-1","max-image-preview":"max-image-preview:large","max-video-preview":"max-video-preview:-1"},"canonical":"https:\/\/www.budokampsport.se\/2015\/03\/03\/sveriges-trupp-till-junior-vm-i-jujutsu-i-aten\/","og_locale":"sv_SE","og_type":"article","og_title":"Sveriges trupp till junior-VM i jujutsu i Aten - Svenska Budo &amp; Kampsportsf\u00f6rbundet","og_description":"Om tio dagar startar junior-VM i jujutsu i den grekiska huvudstaden Aten. Den svenska truppen best\u00e5r av sju t\u00e4vlande, fyra i fight och tre i ne waza.\u00a0\u00a0 -","og_url":"https:\/\/www.budokampsport.se\/2015\/03\/03\/sveriges-trupp-till-junior-vm-i-jujutsu-i-aten\/","og_site_name":"Svenska Budo &amp; Kampsportsf\u00f6rbundet","article_author":"https:\/\/www.facebook.com\/jonathan.broberg.7","article_published_time":"2015-03-03T14:03:11+00:00","article_modified_time":"2016-12-06T21:38:23+00:00","author":"Jonathan Broberg","twitter_card":"summary_large_image","twitter_misc":{"Skriven av":"Jonathan Broberg","Ber\u00e4knad l\u00e4stid":"2 minuter"},"schema":{"@context":"https:\/\/schema.org","@graph":[{"@type":"Article","@id":"https:\/\/www.budokampsport.se\/2015\/03\/03\/sveriges-trupp-till-junior-vm-i-jujutsu-i-aten\/#article","isPartOf":{"@id":"https:\/\/www.budokampsport.se\/2015\/03\/03\/sveriges-trupp-till-junior-vm-i-jujutsu-i-aten\/"},"author":{"name":"Jonathan Broberg","@id":"https:\/\/www.budokampsport.se\/#\/schema\/person\/5c06d81d14850e2a8ce5493386560145"},"headline":"Sveriges trupp till junior-VM i jujutsu i Aten","datePublished":"2015-03-03T14:03:11+00:00","dateModified":"2016-12-06T21:38:23+00:00","mainEntityOfPage":{"@id":"https:\/\/www.budokampsport.se\/2015\/03\/03\/sveriges-trupp-till-junior-vm-i-jujutsu-i-aten\/"},"wordCount":421,"inLanguage":"sv-SE"},{"@type":"WebPage","@id":"https:\/\/www.budokampsport.se\/2015\/03\/03\/sveriges-trupp-till-junior-vm-i-jujutsu-i-aten\/","url":"https:\/\/www.budokampsport.se\/2015\/03\/03\/sveriges-trupp-till-junior-vm-i-jujutsu-i-aten\/","name":"Sveriges trupp till junior-VM i jujutsu i Aten - Svenska Budo &amp; Kampsportsf\u00f6rbundet","isPartOf":{"@id":"https:\/\/www.budokampsport.se\/#website"},"datePublished":"2015-03-03T14:03:11+00:00","dateModified":"2016-12-06T21:38:23+00:00","author":{"@id":"https:\/\/www.budokampsport.se\/#\/schema\/person\/5c06d81d14850e2a8ce5493386560145"},"description":"Om tio dagar startar junior-VM i jujutsu i den grekiska huvudstaden Aten. Den svenska truppen best\u00e5r av sju t\u00e4vlande, fyra i fight och tre i ne waza.\u00a0\u00a0 -","breadcrumb":{"@id":"https:\/\/www.budokampsport.se\/2015\/03\/03\/sveriges-trupp-till-junior-vm-i-jujutsu-i-aten\/#breadcrumb"},"inLanguage":"sv-SE","potentialAction":[{"@type":"ReadAction","target":["https:\/\/www.budokampsport.se\/2015\/03\/03\/sveriges-trupp-till-junior-vm-i-jujutsu-i-aten\/"]}]},{"@type":"BreadcrumbList","@id":"https:\/\/www.budokampsport.se\/2015\/03\/03\/sveriges-trupp-till-junior-vm-i-jujutsu-i-aten\/#breadcrumb","itemListElement":[{"@type":"ListItem","position":1,"name":"Hem","item":"https:\/\/www.budokampsport.se\/"},{"@type":"ListItem","position":2,"name":"Sveriges trupp till junior-VM i jujutsu i Aten"}]},{"@type":"WebSite","@id":"https:\/\/www.budokampsport.se\/#website","url":"https:\/\/www.budokampsport.se\/","name":"Svenska Budo &amp; Kampsportsf\u00f6rbundet","description":"T\u00e4vling, Tr\u00e4ning, Tradition","potentialAction":[{"@type":"SearchAction","target":{"@type":"EntryPoint","urlTemplate":"https:\/\/www.budokampsport.se\/?s={search_term_string}"},"query-input":{"@type":"PropertyValueSpecification","valueRequired":true,"valueName":"search_term_string"}}],"inLanguage":"sv-SE"},{"@type":"Person","@id":"https:\/\/www.budokampsport.se\/#\/schema\/person\/5c06d81d14850e2a8ce5493386560145","name":"Jonathan Broberg","image":{"@type":"ImageObject","inLanguage":"sv-SE","@id":"https:\/\/www.budokampsport.se\/#\/schema\/person\/image\/","url":"https:\/\/secure.gravatar.com\/avatar\/a58041c6cea9128bd9c40ee2f26d4136?s=96&d=blank&r=g","contentUrl":"https:\/\/secure.gravatar.com\/avatar\/a58041c6cea9128bd9c40ee2f26d4136?s=96&d=blank&r=g","caption":"Jonathan Broberg"},"sameAs":["https:\/\/www.facebook.com\/jonathan.broberg.7"],"url":"https:\/\/www.budokampsport.se\/author\/jonathan\/"}]}},"_links":{"self":[{"href":"https:\/\/www.budokampsport.se\/api\/wp\/v2\/posts\/5335","targetHints":{"allow":["GET"]}}],"collection":[{"href":"https:\/\/www.budokampsport.se\/api\/wp\/v2\/posts"}],"about":[{"href":"https:\/\/www.budokampsport.se\/api\/wp\/v2\/types\/post"}],"author":[{"embeddable":true,"href":"https:\/\/www.budokampsport.se\/api\/wp\/v2\/users\/7"}],"replies":[{"embeddable":true,"href":"https:\/\/www.budokampsport.se\/api\/wp\/v2\/comments?post=5335"}],"version-history":[{"count":0,"href":"https:\/\/www.budokampsport.se\/api\/wp\/v2\/posts\/5335\/revisions"}],"wp:attachment":[{"href":"https:\/\/www.budokampsport.se\/api\/wp\/v2\/media?parent=5335"}],"wp:term":[{"taxonomy":"category","embeddable":true,"href":"https:\/\/www.budokampsport.se\/api\/wp\/v2\/categories?post=5335"},{"taxonomy":"post_tag","embeddable":true,"href":"https:\/\/www.budokampsport.se\/api\/wp\/v2\/tags?post=5335"}],"curies":[{"name":"wp","href":"https:\/\/api.w.org\/{rel}","templated":true}]}}