{"id":53429,"date":"2017-11-07T12:55:50","date_gmt":"2017-11-07T11:55:50","guid":{"rendered":"http:\/\/www.budokampsport.se\/?p=53429"},"modified":"2017-11-07T12:55:50","modified_gmt":"2017-11-07T11:55:50","slug":"maya-clavijo-foll-kvartsfinalen","status":"publish","type":"post","link":"https:\/\/www.budokampsport.se\/2017\/11\/07\/maya-clavijo-foll-kvartsfinalen\/","title":{"rendered":"Maya Clavijo f\u00f6ll i kvartsfinalen"},"content":{"rendered":"<p><span style=\"font-size: 14pt;\">Maya Calvijo gjorde m\u00e4sterskapsdebut mot Nelly Hanicz fr\u00e5n Ungern.<\/span><\/p>\n<p>Kvartsfinalen mellan Clavijo och hemmafightern Hanicz startade i en hektisk takt, ungerskan hade ett lugnt r\u00f6relsem\u00f6nster och kanske att Clavijo gick p\u00e5 lite f\u00f6r h\u00e5rt i matchens inledning och l\u00e5g s\u00e5 pass n\u00e4ra sin motst\u00e5ndare s\u00e5 att det var sv\u00e5rt att urskilja po\u00e4ng. I den andra ronden kom Clavijo in med en ny lugnare strategi och tog ut avst\u00e5ndet p\u00e5 ett f\u00f6rdelaktigt s\u00e4tt, det utbytes en hel del boxning och matchen k\u00e4ndes mer balanserad. Dock trillade po\u00e4ngen ungerskans v\u00e4g och n\u00e4r Clavijo fick sitt andra po\u00e4ngavdrag d\u00e5 hon av misstag f\u00e5ngat motst\u00e5ndarens ben blev po\u00e4ngskillnaden f\u00f6r stor och domaren valde att bryta och d\u00f6ma segern till Hanicz. Trots po\u00e4ngf\u00f6rlusten var b\u00e5da fighters j\u00e4mna och en tredje rond hade blivit intressant.<\/p>\n<p>Text &amp; foto: Annie Bondefelt<\/p>\n","protected":false},"excerpt":{"rendered":"<p>Maya Calvijo gjorde m\u00e4sterskapsdebut mot Nelly Hanicz fr\u00e5n Ungern. Kvartsfinalen [&#8230;]<\/p><br>","protected":false},"author":120,"featured_media":53430,"comment_status":"open","ping_status":"open","sticky":false,"template":"","format":"standard","meta":{"_acf_changed":false,"footnotes":""},"categories":[1],"tags":[],"class_list":["post-53429","post","type-post","status-publish","format-standard","has-post-thumbnail","hentry","category-okategoriserade"],"acf":[],"yoast_head":"<!-- This site is optimized with the Yoast SEO plugin v26.8 - https:\/\/yoast.com\/product\/yoast-seo-wordpress\/ -->\n<title>Maya Clavijo f\u00f6ll i kvartsfinalen - Svenska Budo &amp; Kampsportsf\u00f6rbundet<\/title>\n<meta name=\"description\" content=\"Maya Calvijo gjorde m\u00e4sterskapsdebut mot Nelly Hanicz fr\u00e5n Ungern. Kvartsfinalen mellan Clavijo och hemmafightern Hanicz startade i en hektisk takt,\" \/>\n<meta name=\"robots\" content=\"index, follow, max-snippet:-1, max-image-preview:large, max-video-preview:-1\" \/>\n<link rel=\"canonical\" href=\"https:\/\/www.budokampsport.se\/2017\/11\/07\/maya-clavijo-foll-kvartsfinalen\/\" \/>\n<meta property=\"og:locale\" content=\"sv_SE\" \/>\n<meta property=\"og:type\" content=\"article\" \/>\n<meta property=\"og:title\" content=\"Maya Clavijo f\u00f6ll i kvartsfinalen - Svenska Budo &amp; Kampsportsf\u00f6rbundet\" \/>\n<meta property=\"og:description\" content=\"Maya Calvijo gjorde m\u00e4sterskapsdebut mot Nelly Hanicz fr\u00e5n Ungern. Kvartsfinalen mellan Clavijo och hemmafightern Hanicz startade i en hektisk takt,\" \/>\n<meta property=\"og:url\" content=\"https:\/\/www.budokampsport.se\/2017\/11\/07\/maya-clavijo-foll-kvartsfinalen\/\" \/>\n<meta property=\"og:site_name\" content=\"Svenska Budo &amp; Kampsportsf\u00f6rbundet\" \/>\n<meta property=\"article:published_time\" content=\"2017-11-07T11:55:50+00:00\" \/>\n<meta property=\"og:image\" content=\"https:\/\/www.budokampsport.se\/wp-content\/uploads\/2017\/11\/maya-e1624882638314.jpg\" \/>\n\t<meta property=\"og:image:width\" content=\"850\" \/>\n\t<meta property=\"og:image:height\" content=\"567\" \/>\n\t<meta property=\"og:image:type\" content=\"image\/jpeg\" \/>\n<meta name=\"author\" content=\"Annie Carriage\" \/>\n<meta name=\"twitter:card\" content=\"summary_large_image\" \/>\n<meta name=\"twitter:label1\" content=\"Skriven av\" \/>\n\t<meta name=\"twitter:data1\" content=\"Annie Carriage\" \/>\n\t<meta name=\"twitter:label2\" content=\"Ber\u00e4knad l\u00e4stid\" \/>\n\t<meta name=\"twitter:data2\" content=\"1 minut\" \/>\n<script type=\"application\/ld+json\" class=\"yoast-schema-graph\">{\"@context\":\"https:\/\/schema.org\",\"@graph\":[{\"@type\":\"Article\",\"@id\":\"https:\/\/www.budokampsport.se\/2017\/11\/07\/maya-clavijo-foll-kvartsfinalen\/#article\",\"isPartOf\":{\"@id\":\"https:\/\/www.budokampsport.se\/2017\/11\/07\/maya-clavijo-foll-kvartsfinalen\/\"},\"author\":{\"name\":\"Annie Carriage\",\"@id\":\"https:\/\/www.budokampsport.se\/#\/schema\/person\/c838cace8171f692e363fde3f38f208b\"},\"headline\":\"Maya Clavijo f\u00f6ll i kvartsfinalen\",\"datePublished\":\"2017-11-07T11:55:50+00:00\",\"mainEntityOfPage\":{\"@id\":\"https:\/\/www.budokampsport.se\/2017\/11\/07\/maya-clavijo-foll-kvartsfinalen\/\"},\"wordCount\":168,\"commentCount\":0,\"image\":{\"@id\":\"https:\/\/www.budokampsport.se\/2017\/11\/07\/maya-clavijo-foll-kvartsfinalen\/#primaryimage\"},\"thumbnailUrl\":\"https:\/\/www.budokampsport.se\/wp-content\/uploads\/2017\/11\/maya-e1624882638314.jpg\",\"inLanguage\":\"sv-SE\",\"potentialAction\":[{\"@type\":\"CommentAction\",\"name\":\"Comment\",\"target\":[\"https:\/\/www.budokampsport.se\/2017\/11\/07\/maya-clavijo-foll-kvartsfinalen\/#respond\"]}]},{\"@type\":\"WebPage\",\"@id\":\"https:\/\/www.budokampsport.se\/2017\/11\/07\/maya-clavijo-foll-kvartsfinalen\/\",\"url\":\"https:\/\/www.budokampsport.se\/2017\/11\/07\/maya-clavijo-foll-kvartsfinalen\/\",\"name\":\"Maya Clavijo f\u00f6ll i kvartsfinalen - Svenska Budo &amp; Kampsportsf\u00f6rbundet\",\"isPartOf\":{\"@id\":\"https:\/\/www.budokampsport.se\/#website\"},\"primaryImageOfPage\":{\"@id\":\"https:\/\/www.budokampsport.se\/2017\/11\/07\/maya-clavijo-foll-kvartsfinalen\/#primaryimage\"},\"image\":{\"@id\":\"https:\/\/www.budokampsport.se\/2017\/11\/07\/maya-clavijo-foll-kvartsfinalen\/#primaryimage\"},\"thumbnailUrl\":\"https:\/\/www.budokampsport.se\/wp-content\/uploads\/2017\/11\/maya-e1624882638314.jpg\",\"datePublished\":\"2017-11-07T11:55:50+00:00\",\"author\":{\"@id\":\"https:\/\/www.budokampsport.se\/#\/schema\/person\/c838cace8171f692e363fde3f38f208b\"},\"description\":\"Maya Calvijo gjorde m\u00e4sterskapsdebut mot Nelly Hanicz fr\u00e5n Ungern. Kvartsfinalen mellan Clavijo och hemmafightern Hanicz startade i en hektisk takt,\",\"breadcrumb\":{\"@id\":\"https:\/\/www.budokampsport.se\/2017\/11\/07\/maya-clavijo-foll-kvartsfinalen\/#breadcrumb\"},\"inLanguage\":\"sv-SE\",\"potentialAction\":[{\"@type\":\"ReadAction\",\"target\":[\"https:\/\/www.budokampsport.se\/2017\/11\/07\/maya-clavijo-foll-kvartsfinalen\/\"]}]},{\"@type\":\"ImageObject\",\"inLanguage\":\"sv-SE\",\"@id\":\"https:\/\/www.budokampsport.se\/2017\/11\/07\/maya-clavijo-foll-kvartsfinalen\/#primaryimage\",\"url\":\"https:\/\/www.budokampsport.se\/wp-content\/uploads\/2017\/11\/maya-e1624882638314.jpg\",\"contentUrl\":\"https:\/\/www.budokampsport.se\/wp-content\/uploads\/2017\/11\/maya-e1624882638314.jpg\",\"width\":850,\"height\":567,\"caption\":\"Foto: Annie Bondefelt\"},{\"@type\":\"BreadcrumbList\",\"@id\":\"https:\/\/www.budokampsport.se\/2017\/11\/07\/maya-clavijo-foll-kvartsfinalen\/#breadcrumb\",\"itemListElement\":[{\"@type\":\"ListItem\",\"position\":1,\"name\":\"Hem\",\"item\":\"https:\/\/www.budokampsport.se\/\"},{\"@type\":\"ListItem\",\"position\":2,\"name\":\"Maya Clavijo f\u00f6ll i kvartsfinalen\"}]},{\"@type\":\"WebSite\",\"@id\":\"https:\/\/www.budokampsport.se\/#website\",\"url\":\"https:\/\/www.budokampsport.se\/\",\"name\":\"Svenska Budo &amp; Kampsportsf\u00f6rbundet\",\"description\":\"T\u00e4vling, Tr\u00e4ning, Tradition\",\"potentialAction\":[{\"@type\":\"SearchAction\",\"target\":{\"@type\":\"EntryPoint\",\"urlTemplate\":\"https:\/\/www.budokampsport.se\/?s={search_term_string}\"},\"query-input\":{\"@type\":\"PropertyValueSpecification\",\"valueRequired\":true,\"valueName\":\"search_term_string\"}}],\"inLanguage\":\"sv-SE\"},{\"@type\":\"Person\",\"@id\":\"https:\/\/www.budokampsport.se\/#\/schema\/person\/c838cace8171f692e363fde3f38f208b\",\"name\":\"Annie Carriage\",\"image\":{\"@type\":\"ImageObject\",\"inLanguage\":\"sv-SE\",\"@id\":\"https:\/\/www.budokampsport.se\/#\/schema\/person\/image\/\",\"url\":\"https:\/\/secure.gravatar.com\/avatar\/9311295560bdfbdf78365a26f7df1876?s=96&d=blank&r=g\",\"contentUrl\":\"https:\/\/secure.gravatar.com\/avatar\/9311295560bdfbdf78365a26f7df1876?s=96&d=blank&r=g\",\"caption\":\"Annie Carriage\"},\"url\":\"https:\/\/www.budokampsport.se\/author\/annie-bondefelt\/\"}]}<\/script>\n<!-- \/ Yoast SEO plugin. -->","yoast_head_json":{"title":"Maya Clavijo f\u00f6ll i kvartsfinalen - Svenska Budo &amp; Kampsportsf\u00f6rbundet","description":"Maya Calvijo gjorde m\u00e4sterskapsdebut mot Nelly Hanicz fr\u00e5n Ungern. Kvartsfinalen mellan Clavijo och hemmafightern Hanicz startade i en hektisk takt,","robots":{"index":"index","follow":"follow","max-snippet":"max-snippet:-1","max-image-preview":"max-image-preview:large","max-video-preview":"max-video-preview:-1"},"canonical":"https:\/\/www.budokampsport.se\/2017\/11\/07\/maya-clavijo-foll-kvartsfinalen\/","og_locale":"sv_SE","og_type":"article","og_title":"Maya Clavijo f\u00f6ll i kvartsfinalen - Svenska Budo &amp; Kampsportsf\u00f6rbundet","og_description":"Maya Calvijo gjorde m\u00e4sterskapsdebut mot Nelly Hanicz fr\u00e5n Ungern. Kvartsfinalen mellan Clavijo och hemmafightern Hanicz startade i en hektisk takt,","og_url":"https:\/\/www.budokampsport.se\/2017\/11\/07\/maya-clavijo-foll-kvartsfinalen\/","og_site_name":"Svenska Budo &amp; Kampsportsf\u00f6rbundet","article_published_time":"2017-11-07T11:55:50+00:00","og_image":[{"width":850,"height":567,"url":"https:\/\/www.budokampsport.se\/wp-content\/uploads\/2017\/11\/maya-e1624882638314.jpg","type":"image\/jpeg"}],"author":"Annie Carriage","twitter_card":"summary_large_image","twitter_misc":{"Skriven av":"Annie Carriage","Ber\u00e4knad l\u00e4stid":"1 minut"},"schema":{"@context":"https:\/\/schema.org","@graph":[{"@type":"Article","@id":"https:\/\/www.budokampsport.se\/2017\/11\/07\/maya-clavijo-foll-kvartsfinalen\/#article","isPartOf":{"@id":"https:\/\/www.budokampsport.se\/2017\/11\/07\/maya-clavijo-foll-kvartsfinalen\/"},"author":{"name":"Annie Carriage","@id":"https:\/\/www.budokampsport.se\/#\/schema\/person\/c838cace8171f692e363fde3f38f208b"},"headline":"Maya Clavijo f\u00f6ll i kvartsfinalen","datePublished":"2017-11-07T11:55:50+00:00","mainEntityOfPage":{"@id":"https:\/\/www.budokampsport.se\/2017\/11\/07\/maya-clavijo-foll-kvartsfinalen\/"},"wordCount":168,"commentCount":0,"image":{"@id":"https:\/\/www.budokampsport.se\/2017\/11\/07\/maya-clavijo-foll-kvartsfinalen\/#primaryimage"},"thumbnailUrl":"https:\/\/www.budokampsport.se\/wp-content\/uploads\/2017\/11\/maya-e1624882638314.jpg","inLanguage":"sv-SE","potentialAction":[{"@type":"CommentAction","name":"Comment","target":["https:\/\/www.budokampsport.se\/2017\/11\/07\/maya-clavijo-foll-kvartsfinalen\/#respond"]}]},{"@type":"WebPage","@id":"https:\/\/www.budokampsport.se\/2017\/11\/07\/maya-clavijo-foll-kvartsfinalen\/","url":"https:\/\/www.budokampsport.se\/2017\/11\/07\/maya-clavijo-foll-kvartsfinalen\/","name":"Maya Clavijo f\u00f6ll i kvartsfinalen - Svenska Budo &amp; Kampsportsf\u00f6rbundet","isPartOf":{"@id":"https:\/\/www.budokampsport.se\/#website"},"primaryImageOfPage":{"@id":"https:\/\/www.budokampsport.se\/2017\/11\/07\/maya-clavijo-foll-kvartsfinalen\/#primaryimage"},"image":{"@id":"https:\/\/www.budokampsport.se\/2017\/11\/07\/maya-clavijo-foll-kvartsfinalen\/#primaryimage"},"thumbnailUrl":"https:\/\/www.budokampsport.se\/wp-content\/uploads\/2017\/11\/maya-e1624882638314.jpg","datePublished":"2017-11-07T11:55:50+00:00","author":{"@id":"https:\/\/www.budokampsport.se\/#\/schema\/person\/c838cace8171f692e363fde3f38f208b"},"description":"Maya Calvijo gjorde m\u00e4sterskapsdebut mot Nelly Hanicz fr\u00e5n Ungern. Kvartsfinalen mellan Clavijo och hemmafightern Hanicz startade i en hektisk takt,","breadcrumb":{"@id":"https:\/\/www.budokampsport.se\/2017\/11\/07\/maya-clavijo-foll-kvartsfinalen\/#breadcrumb"},"inLanguage":"sv-SE","potentialAction":[{"@type":"ReadAction","target":["https:\/\/www.budokampsport.se\/2017\/11\/07\/maya-clavijo-foll-kvartsfinalen\/"]}]},{"@type":"ImageObject","inLanguage":"sv-SE","@id":"https:\/\/www.budokampsport.se\/2017\/11\/07\/maya-clavijo-foll-kvartsfinalen\/#primaryimage","url":"https:\/\/www.budokampsport.se\/wp-content\/uploads\/2017\/11\/maya-e1624882638314.jpg","contentUrl":"https:\/\/www.budokampsport.se\/wp-content\/uploads\/2017\/11\/maya-e1624882638314.jpg","width":850,"height":567,"caption":"Foto: Annie Bondefelt"},{"@type":"BreadcrumbList","@id":"https:\/\/www.budokampsport.se\/2017\/11\/07\/maya-clavijo-foll-kvartsfinalen\/#breadcrumb","itemListElement":[{"@type":"ListItem","position":1,"name":"Hem","item":"https:\/\/www.budokampsport.se\/"},{"@type":"ListItem","position":2,"name":"Maya Clavijo f\u00f6ll i kvartsfinalen"}]},{"@type":"WebSite","@id":"https:\/\/www.budokampsport.se\/#website","url":"https:\/\/www.budokampsport.se\/","name":"Svenska Budo &amp; Kampsportsf\u00f6rbundet","description":"T\u00e4vling, Tr\u00e4ning, Tradition","potentialAction":[{"@type":"SearchAction","target":{"@type":"EntryPoint","urlTemplate":"https:\/\/www.budokampsport.se\/?s={search_term_string}"},"query-input":{"@type":"PropertyValueSpecification","valueRequired":true,"valueName":"search_term_string"}}],"inLanguage":"sv-SE"},{"@type":"Person","@id":"https:\/\/www.budokampsport.se\/#\/schema\/person\/c838cace8171f692e363fde3f38f208b","name":"Annie Carriage","image":{"@type":"ImageObject","inLanguage":"sv-SE","@id":"https:\/\/www.budokampsport.se\/#\/schema\/person\/image\/","url":"https:\/\/secure.gravatar.com\/avatar\/9311295560bdfbdf78365a26f7df1876?s=96&d=blank&r=g","contentUrl":"https:\/\/secure.gravatar.com\/avatar\/9311295560bdfbdf78365a26f7df1876?s=96&d=blank&r=g","caption":"Annie Carriage"},"url":"https:\/\/www.budokampsport.se\/author\/annie-bondefelt\/"}]}},"_links":{"self":[{"href":"https:\/\/www.budokampsport.se\/api\/wp\/v2\/posts\/53429","targetHints":{"allow":["GET"]}}],"collection":[{"href":"https:\/\/www.budokampsport.se\/api\/wp\/v2\/posts"}],"about":[{"href":"https:\/\/www.budokampsport.se\/api\/wp\/v2\/types\/post"}],"author":[{"embeddable":true,"href":"https:\/\/www.budokampsport.se\/api\/wp\/v2\/users\/120"}],"replies":[{"embeddable":true,"href":"https:\/\/www.budokampsport.se\/api\/wp\/v2\/comments?post=53429"}],"version-history":[{"count":0,"href":"https:\/\/www.budokampsport.se\/api\/wp\/v2\/posts\/53429\/revisions"}],"wp:featuredmedia":[{"embeddable":true,"href":"https:\/\/www.budokampsport.se\/api\/wp\/v2\/media\/53430"}],"wp:attachment":[{"href":"https:\/\/www.budokampsport.se\/api\/wp\/v2\/media?parent=53429"}],"wp:term":[{"taxonomy":"category","embeddable":true,"href":"https:\/\/www.budokampsport.se\/api\/wp\/v2\/categories?post=53429"},{"taxonomy":"post_tag","embeddable":true,"href":"https:\/\/www.budokampsport.se\/api\/wp\/v2\/tags?post=53429"}],"curies":[{"name":"wp","href":"https:\/\/api.w.org\/{rel}","templated":true}]}}