{"id":5363,"date":"2015-03-23T12:27:43","date_gmt":"2015-03-23T11:27:43","guid":{"rendered":"http:\/\/budo.wordpress.dev\/2015\/03\/23\/presentation-infor-kampsportsgalan-martin-lavin\/"},"modified":"2016-12-06T22:38:28","modified_gmt":"2016-12-06T21:38:28","slug":"presentation-infor-kampsportsgalan-martin-lavin","status":"publish","type":"post","link":"https:\/\/www.budokampsport.se\/2015\/03\/23\/presentation-infor-kampsportsgalan-martin-lavin\/","title":{"rendered":"Presentation inf\u00f6r Kampsportsgalan: Martin Lavin"},"content":{"rendered":"<p><img decoding=\"async\" alt=\"\" src=\"\/sites\/default\/files\/martin_lavin.gif\" style=\"height:249px; width:435px\"><br \/><strong>Martin Lavin \u00e4r fortfarande en t\u00e4vlande idrottare av rang. Som ledare har Martin utvecklats v\u00e4ldigt mycket p\u00e5 kort tid. F\u00f6rutom stora matchcoachningsf\u00f6rdelar \u00e4r Lavin ocks\u00e5 en av de starkaste krafterna i det sociala engagemanget Projekt F\u00f6rort som genom sitt framg\u00e5ngsrika arbete verkar i vissa av Stockholms ytterstadsomr\u00e5den.<\/strong><!--break--><\/p>\n<p>\u00a0<br \/>Till Kampsportsgalan p\u00e5 Berns salonger i Stockholm p\u00e5 l\u00f6rdag \u00e4r Martin Lavin nominerad i kategorin \u00c5rets f\u00f6rebild.<\/p>\n<p><strong>S\u00e5 h\u00e4r s\u00e4ger han sj\u00e4lv om nomineringen inf\u00f6r galan.<\/strong><br \/>\u00a0\u00a0 &#8211; V\u00e4ldigt roligt och inspirerande, det \u00e4r alltid kul att f\u00e5 uppskattning f\u00f6r h\u00e5rt arbete. Att offentligt f\u00e5 bekr\u00e4ftat att andra inspireras av n\u00e5got som jag tror p\u00e5 skapar ett momentum av ny positiv energi.<\/p>\n<p><strong>En andra r\u00f6st om Martin:<\/strong><br \/>\u201dMartin \u00e4r en personlighet som verkligen ger energi \u00e5t folk. Jag har sett honom b\u00e5de p\u00e5 och vid sidan av t\u00e4vlingsmattan och det som verkligen bitit sig fast hos mig \u00e4r just drivet och passionen han utstr\u00e5lar. Att han ocks\u00e5 jobbar socialt med ungdomar faller sig i mina \u00f6gon ganska naturligt, med den drivkraften och det s\u00e4ttet att kunna engagera individer och f\u00e5 dem att k\u00e4nna sig uppskattade. Lavin \u00e4r en fin kampsportspersonlighet.\u201d <em>\u00a0\/\/Jonathan Broberg, informat\u00f6r, Svenska Budo &#038; Kampsportsf\u00f6rbundet<\/em><\/p>\n<p>Foto: Hamid Ershad Sarabi<\/p>\n","protected":false},"excerpt":{"rendered":"<p>Martin Lavin \u00e4r fortfarande en t\u00e4vlande idrottare av rang. Som [&#8230;]<\/p><br>","protected":false},"author":7,"featured_media":0,"comment_status":"closed","ping_status":"closed","sticky":false,"template":"","format":"standard","meta":{"_acf_changed":false,"footnotes":""},"categories":[1],"tags":[],"class_list":["post-5363","post","type-post","status-publish","format-standard","hentry","category-okategoriserade"],"acf":[],"yoast_head":"<!-- This site is optimized with the Yoast SEO plugin v26.8 - https:\/\/yoast.com\/product\/yoast-seo-wordpress\/ -->\n<title>Presentation inf\u00f6r Kampsportsgalan: Martin Lavin - Svenska Budo &amp; Kampsportsf\u00f6rbundet<\/title>\n<meta name=\"description\" content=\"Martin Lavin \u00e4r fortfarande en t\u00e4vlande idrottare av rang. Som ledare har Martin utvecklats v\u00e4ldigt mycket p\u00e5 kort tid. F\u00f6rutom stora\" \/>\n<meta name=\"robots\" content=\"index, follow, max-snippet:-1, max-image-preview:large, max-video-preview:-1\" \/>\n<link rel=\"canonical\" href=\"https:\/\/www.budokampsport.se\/2015\/03\/23\/presentation-infor-kampsportsgalan-martin-lavin\/\" \/>\n<meta property=\"og:locale\" content=\"sv_SE\" \/>\n<meta property=\"og:type\" content=\"article\" \/>\n<meta property=\"og:title\" content=\"Presentation inf\u00f6r Kampsportsgalan: Martin Lavin - Svenska Budo &amp; Kampsportsf\u00f6rbundet\" \/>\n<meta property=\"og:description\" content=\"Martin Lavin \u00e4r fortfarande en t\u00e4vlande idrottare av rang. Som ledare har Martin utvecklats v\u00e4ldigt mycket p\u00e5 kort tid. F\u00f6rutom stora\" \/>\n<meta property=\"og:url\" content=\"https:\/\/www.budokampsport.se\/2015\/03\/23\/presentation-infor-kampsportsgalan-martin-lavin\/\" \/>\n<meta property=\"og:site_name\" content=\"Svenska Budo &amp; Kampsportsf\u00f6rbundet\" \/>\n<meta property=\"article:author\" content=\"https:\/\/www.facebook.com\/jonathan.broberg.7\" \/>\n<meta property=\"article:published_time\" content=\"2015-03-23T11:27:43+00:00\" \/>\n<meta property=\"article:modified_time\" content=\"2016-12-06T21:38:28+00:00\" \/>\n<meta name=\"author\" content=\"Jonathan Broberg\" \/>\n<meta name=\"twitter:card\" content=\"summary_large_image\" \/>\n<meta name=\"twitter:label1\" content=\"Skriven av\" \/>\n\t<meta name=\"twitter:data1\" content=\"Jonathan Broberg\" \/>\n\t<meta name=\"twitter:label2\" content=\"Ber\u00e4knad l\u00e4stid\" \/>\n\t<meta name=\"twitter:data2\" content=\"1 minut\" \/>\n<script type=\"application\/ld+json\" class=\"yoast-schema-graph\">{\"@context\":\"https:\/\/schema.org\",\"@graph\":[{\"@type\":\"Article\",\"@id\":\"https:\/\/www.budokampsport.se\/2015\/03\/23\/presentation-infor-kampsportsgalan-martin-lavin\/#article\",\"isPartOf\":{\"@id\":\"https:\/\/www.budokampsport.se\/2015\/03\/23\/presentation-infor-kampsportsgalan-martin-lavin\/\"},\"author\":{\"name\":\"Jonathan Broberg\",\"@id\":\"https:\/\/www.budokampsport.se\/#\/schema\/person\/5c06d81d14850e2a8ce5493386560145\"},\"headline\":\"Presentation inf\u00f6r Kampsportsgalan: Martin Lavin\",\"datePublished\":\"2015-03-23T11:27:43+00:00\",\"dateModified\":\"2016-12-06T21:38:28+00:00\",\"mainEntityOfPage\":{\"@id\":\"https:\/\/www.budokampsport.se\/2015\/03\/23\/presentation-infor-kampsportsgalan-martin-lavin\/\"},\"wordCount\":228,\"inLanguage\":\"sv-SE\"},{\"@type\":\"WebPage\",\"@id\":\"https:\/\/www.budokampsport.se\/2015\/03\/23\/presentation-infor-kampsportsgalan-martin-lavin\/\",\"url\":\"https:\/\/www.budokampsport.se\/2015\/03\/23\/presentation-infor-kampsportsgalan-martin-lavin\/\",\"name\":\"Presentation inf\u00f6r Kampsportsgalan: Martin Lavin - Svenska Budo &amp; Kampsportsf\u00f6rbundet\",\"isPartOf\":{\"@id\":\"https:\/\/www.budokampsport.se\/#website\"},\"datePublished\":\"2015-03-23T11:27:43+00:00\",\"dateModified\":\"2016-12-06T21:38:28+00:00\",\"author\":{\"@id\":\"https:\/\/www.budokampsport.se\/#\/schema\/person\/5c06d81d14850e2a8ce5493386560145\"},\"description\":\"Martin Lavin \u00e4r fortfarande en t\u00e4vlande idrottare av rang. Som ledare har Martin utvecklats v\u00e4ldigt mycket p\u00e5 kort tid. F\u00f6rutom stora\",\"breadcrumb\":{\"@id\":\"https:\/\/www.budokampsport.se\/2015\/03\/23\/presentation-infor-kampsportsgalan-martin-lavin\/#breadcrumb\"},\"inLanguage\":\"sv-SE\",\"potentialAction\":[{\"@type\":\"ReadAction\",\"target\":[\"https:\/\/www.budokampsport.se\/2015\/03\/23\/presentation-infor-kampsportsgalan-martin-lavin\/\"]}]},{\"@type\":\"BreadcrumbList\",\"@id\":\"https:\/\/www.budokampsport.se\/2015\/03\/23\/presentation-infor-kampsportsgalan-martin-lavin\/#breadcrumb\",\"itemListElement\":[{\"@type\":\"ListItem\",\"position\":1,\"name\":\"Hem\",\"item\":\"https:\/\/www.budokampsport.se\/\"},{\"@type\":\"ListItem\",\"position\":2,\"name\":\"Presentation inf\u00f6r Kampsportsgalan: Martin Lavin\"}]},{\"@type\":\"WebSite\",\"@id\":\"https:\/\/www.budokampsport.se\/#website\",\"url\":\"https:\/\/www.budokampsport.se\/\",\"name\":\"Svenska Budo &amp; Kampsportsf\u00f6rbundet\",\"description\":\"T\u00e4vling, Tr\u00e4ning, Tradition\",\"potentialAction\":[{\"@type\":\"SearchAction\",\"target\":{\"@type\":\"EntryPoint\",\"urlTemplate\":\"https:\/\/www.budokampsport.se\/?s={search_term_string}\"},\"query-input\":{\"@type\":\"PropertyValueSpecification\",\"valueRequired\":true,\"valueName\":\"search_term_string\"}}],\"inLanguage\":\"sv-SE\"},{\"@type\":\"Person\",\"@id\":\"https:\/\/www.budokampsport.se\/#\/schema\/person\/5c06d81d14850e2a8ce5493386560145\",\"name\":\"Jonathan Broberg\",\"image\":{\"@type\":\"ImageObject\",\"inLanguage\":\"sv-SE\",\"@id\":\"https:\/\/www.budokampsport.se\/#\/schema\/person\/image\/\",\"url\":\"https:\/\/secure.gravatar.com\/avatar\/a58041c6cea9128bd9c40ee2f26d4136?s=96&d=blank&r=g\",\"contentUrl\":\"https:\/\/secure.gravatar.com\/avatar\/a58041c6cea9128bd9c40ee2f26d4136?s=96&d=blank&r=g\",\"caption\":\"Jonathan Broberg\"},\"sameAs\":[\"https:\/\/www.facebook.com\/jonathan.broberg.7\"],\"url\":\"https:\/\/www.budokampsport.se\/author\/jonathan\/\"}]}<\/script>\n<!-- \/ Yoast SEO plugin. -->","yoast_head_json":{"title":"Presentation inf\u00f6r Kampsportsgalan: Martin Lavin - Svenska Budo &amp; Kampsportsf\u00f6rbundet","description":"Martin Lavin \u00e4r fortfarande en t\u00e4vlande idrottare av rang. Som ledare har Martin utvecklats v\u00e4ldigt mycket p\u00e5 kort tid. F\u00f6rutom stora","robots":{"index":"index","follow":"follow","max-snippet":"max-snippet:-1","max-image-preview":"max-image-preview:large","max-video-preview":"max-video-preview:-1"},"canonical":"https:\/\/www.budokampsport.se\/2015\/03\/23\/presentation-infor-kampsportsgalan-martin-lavin\/","og_locale":"sv_SE","og_type":"article","og_title":"Presentation inf\u00f6r Kampsportsgalan: Martin Lavin - Svenska Budo &amp; Kampsportsf\u00f6rbundet","og_description":"Martin Lavin \u00e4r fortfarande en t\u00e4vlande idrottare av rang. Som ledare har Martin utvecklats v\u00e4ldigt mycket p\u00e5 kort tid. F\u00f6rutom stora","og_url":"https:\/\/www.budokampsport.se\/2015\/03\/23\/presentation-infor-kampsportsgalan-martin-lavin\/","og_site_name":"Svenska Budo &amp; Kampsportsf\u00f6rbundet","article_author":"https:\/\/www.facebook.com\/jonathan.broberg.7","article_published_time":"2015-03-23T11:27:43+00:00","article_modified_time":"2016-12-06T21:38:28+00:00","author":"Jonathan Broberg","twitter_card":"summary_large_image","twitter_misc":{"Skriven av":"Jonathan Broberg","Ber\u00e4knad l\u00e4stid":"1 minut"},"schema":{"@context":"https:\/\/schema.org","@graph":[{"@type":"Article","@id":"https:\/\/www.budokampsport.se\/2015\/03\/23\/presentation-infor-kampsportsgalan-martin-lavin\/#article","isPartOf":{"@id":"https:\/\/www.budokampsport.se\/2015\/03\/23\/presentation-infor-kampsportsgalan-martin-lavin\/"},"author":{"name":"Jonathan Broberg","@id":"https:\/\/www.budokampsport.se\/#\/schema\/person\/5c06d81d14850e2a8ce5493386560145"},"headline":"Presentation inf\u00f6r Kampsportsgalan: Martin Lavin","datePublished":"2015-03-23T11:27:43+00:00","dateModified":"2016-12-06T21:38:28+00:00","mainEntityOfPage":{"@id":"https:\/\/www.budokampsport.se\/2015\/03\/23\/presentation-infor-kampsportsgalan-martin-lavin\/"},"wordCount":228,"inLanguage":"sv-SE"},{"@type":"WebPage","@id":"https:\/\/www.budokampsport.se\/2015\/03\/23\/presentation-infor-kampsportsgalan-martin-lavin\/","url":"https:\/\/www.budokampsport.se\/2015\/03\/23\/presentation-infor-kampsportsgalan-martin-lavin\/","name":"Presentation inf\u00f6r Kampsportsgalan: Martin Lavin - Svenska Budo &amp; Kampsportsf\u00f6rbundet","isPartOf":{"@id":"https:\/\/www.budokampsport.se\/#website"},"datePublished":"2015-03-23T11:27:43+00:00","dateModified":"2016-12-06T21:38:28+00:00","author":{"@id":"https:\/\/www.budokampsport.se\/#\/schema\/person\/5c06d81d14850e2a8ce5493386560145"},"description":"Martin Lavin \u00e4r fortfarande en t\u00e4vlande idrottare av rang. Som ledare har Martin utvecklats v\u00e4ldigt mycket p\u00e5 kort tid. F\u00f6rutom stora","breadcrumb":{"@id":"https:\/\/www.budokampsport.se\/2015\/03\/23\/presentation-infor-kampsportsgalan-martin-lavin\/#breadcrumb"},"inLanguage":"sv-SE","potentialAction":[{"@type":"ReadAction","target":["https:\/\/www.budokampsport.se\/2015\/03\/23\/presentation-infor-kampsportsgalan-martin-lavin\/"]}]},{"@type":"BreadcrumbList","@id":"https:\/\/www.budokampsport.se\/2015\/03\/23\/presentation-infor-kampsportsgalan-martin-lavin\/#breadcrumb","itemListElement":[{"@type":"ListItem","position":1,"name":"Hem","item":"https:\/\/www.budokampsport.se\/"},{"@type":"ListItem","position":2,"name":"Presentation inf\u00f6r Kampsportsgalan: Martin Lavin"}]},{"@type":"WebSite","@id":"https:\/\/www.budokampsport.se\/#website","url":"https:\/\/www.budokampsport.se\/","name":"Svenska Budo &amp; Kampsportsf\u00f6rbundet","description":"T\u00e4vling, Tr\u00e4ning, Tradition","potentialAction":[{"@type":"SearchAction","target":{"@type":"EntryPoint","urlTemplate":"https:\/\/www.budokampsport.se\/?s={search_term_string}"},"query-input":{"@type":"PropertyValueSpecification","valueRequired":true,"valueName":"search_term_string"}}],"inLanguage":"sv-SE"},{"@type":"Person","@id":"https:\/\/www.budokampsport.se\/#\/schema\/person\/5c06d81d14850e2a8ce5493386560145","name":"Jonathan Broberg","image":{"@type":"ImageObject","inLanguage":"sv-SE","@id":"https:\/\/www.budokampsport.se\/#\/schema\/person\/image\/","url":"https:\/\/secure.gravatar.com\/avatar\/a58041c6cea9128bd9c40ee2f26d4136?s=96&d=blank&r=g","contentUrl":"https:\/\/secure.gravatar.com\/avatar\/a58041c6cea9128bd9c40ee2f26d4136?s=96&d=blank&r=g","caption":"Jonathan Broberg"},"sameAs":["https:\/\/www.facebook.com\/jonathan.broberg.7"],"url":"https:\/\/www.budokampsport.se\/author\/jonathan\/"}]}},"_links":{"self":[{"href":"https:\/\/www.budokampsport.se\/api\/wp\/v2\/posts\/5363","targetHints":{"allow":["GET"]}}],"collection":[{"href":"https:\/\/www.budokampsport.se\/api\/wp\/v2\/posts"}],"about":[{"href":"https:\/\/www.budokampsport.se\/api\/wp\/v2\/types\/post"}],"author":[{"embeddable":true,"href":"https:\/\/www.budokampsport.se\/api\/wp\/v2\/users\/7"}],"replies":[{"embeddable":true,"href":"https:\/\/www.budokampsport.se\/api\/wp\/v2\/comments?post=5363"}],"version-history":[{"count":0,"href":"https:\/\/www.budokampsport.se\/api\/wp\/v2\/posts\/5363\/revisions"}],"wp:attachment":[{"href":"https:\/\/www.budokampsport.se\/api\/wp\/v2\/media?parent=5363"}],"wp:term":[{"taxonomy":"category","embeddable":true,"href":"https:\/\/www.budokampsport.se\/api\/wp\/v2\/categories?post=5363"},{"taxonomy":"post_tag","embeddable":true,"href":"https:\/\/www.budokampsport.se\/api\/wp\/v2\/tags?post=5363"}],"curies":[{"name":"wp","href":"https:\/\/api.w.org\/{rel}","templated":true}]}}