{"id":5403,"date":"2015-04-14T08:11:03","date_gmt":"2015-04-14T06:11:03","guid":{"rendered":"http:\/\/budo.wordpress.dev\/2015\/04\/14\/foretagsledaren-satsar-mot-vm-i-mma\/"},"modified":"2016-12-06T22:38:37","modified_gmt":"2016-12-06T21:38:37","slug":"foretagsledaren-satsar-mot-vm-i-mma","status":"publish","type":"post","link":"https:\/\/www.budokampsport.se\/2015\/04\/14\/foretagsledaren-satsar-mot-vm-i-mma\/","title":{"rendered":"F\u00f6retagsledaren satsar mot VM i MMA"},"content":{"rendered":"<p><strong><img decoding=\"async\" alt=\"\" src=\"\/sites\/default\/files\/anja.gif\" style=\"height:290px; width:435px\"><br \/>I juni \u00e4r det \u00e5ter dags f\u00f6r VM i MMA i Las Vegas. F\u00f6r Anja Saxmark, 29, kan VM ocks\u00e5 bli debuten i MMA.<br \/>\u00a0\u00a0 &#8211; Egentligen siktade jag p\u00e5 VM 2016, men allt har g\u00e5tt v\u00e4ldigt fort, s\u00e4ger hon till budokampsport.se.<\/strong><!--break--><\/p>\n<p>Hon har bakgrund i en m\u00e4ngd olika kampsporter. Karate, capoeira, kickboxning, thaiboxning, taekwondo och shootfighting.<\/p>\n<p>Den 29\u00a0\u00e5riga f\u00f6retagaren Anja Saxmark \u00e4r emellertid van vid att ha mycket runt omkring sig.<br \/>\u00a0\u00a0 &#8211; Jag driver tv\u00e5 f\u00f6retag, bland annat Elite Wellnes H\u00e4lsostudio\u00a0och jobbar i perioder 60 timmar i veckan.\u00a0Men \u00e4ven om det kan l\u00e5ta lite annorlunda \u00e4r det kampsportssatsningen som f\u00e5r mig att orka jobba s\u00e5 h\u00e5rt.<\/p>\n<p>Anja Saxmark v\u00e4xte upp i ett kollektivboende i Bergsj\u00f6n utanf\u00f6r G\u00f6teborg. Hon har alltid varit v\u00e4ldigt driven som person, exempelvis hade hon haft 31 olika jobb innan hon 23 \u00e5r ung startade eget f\u00f6retag.<br \/>\u00a0\u00a0 &#8211; Jag jobbade inom restaurangbranschen och d\u00e4r var det m\u00e5nga olika typer av uppdrag, och sedan flyttade jag utomlands och jobbade. 2009 flyttade jag tillbaka till G\u00f6teborg och startade upp ett f\u00f6retag. Det har inte alltid varit enkelt, om man s\u00e4ger s\u00e5, men jag har l\u00e4rt mig otroligt mycket.<\/p>\n<p><strong>Tjatade sig in i forts\u00e4ttningsterminen<\/strong><br \/>Som barn hade Anja ibland det lite tufft och hamnade ofta i slagsm\u00e5l i skolan. Efter en tid s\u00f6kte hon sig till karate och d\u00e4r inleddes hennes kampsportskarri\u00e4r.<br \/>\u00a0\u00a0 &#8211; Jag testade ocks\u00e5 p\u00e5 kickboxning, men skadade ryggen och fick i princip tr\u00e4ningsf\u00f6rbud. Jag fick g\u00e5 p\u00e5 sjukgymnastik, typ.<\/p>\n<p>\u00c5ren gick och n\u00e4r Anja letade sig tillbaka till Sverige s\u00f6kte hon 2011 ocks\u00e5 upp kampsporten igen \u2013 och fann gl\u00e4djen hos Fighter Centre i G\u00f6teborg.<br \/>\u00a0\u00a0 &#8211; Jag b\u00f6rjade mitt i en termin och fick sedan tjata mig in i forts\u00e4ttningsterminen.<\/p>\n<p>Anja hade nu helt g\u00e5tt \u00f6ver till kickboxning och gick sin f\u00f6rsta match 2012.<br \/>\u00a0\u00a0 &#8211; Jag utvecklades ganska snabbt. Och efter att jag gick min f\u00f6rsta match har jag varit \u201dhooked\u201d p\u00e5 att t\u00e4vla.<\/p>\n<p><img decoding=\"async\" alt=\"\" src=\"\/sites\/default\/files\/anja_ett.jpg\" style=\"height:580px; width:435px\"><\/p>\n<p>Kampsportandet var nu det som mestadels upptog Anjas tid f\u00f6rutom f\u00f6retagen, och i januari 2013 b\u00f6rjade hon tr\u00e4na MMA.<br \/>\u00a0\u00a0 &#8211; Det \u00e4r det roligaste jag har gjort. Jag k\u00e4nde direkt att det h\u00e4r var min idrottsform. Jag hade ju testat p\u00e5 en del kampsporter innan MMA, men nu \u00e4r jag fast.<\/p>\n<p><strong>&#8220;\u00c5ker f\u00f6r att vinna&#8221;<\/strong><br \/>Precis som f\u00f6r alla andra \u00e4r dock v\u00e4gen till pro-matcher i MMA l\u00e5ng. Faktum \u00e4r att Anja hittills endast tr\u00e4nat MMA, men n\u00e5gon match har hon inte gjort. \u00c4nnu.<br \/>\u00a0\u00a0 &#8211; Om jag inte hittar n\u00e5gon matchning innan VM blir det s\u00e5 att jag g\u00f6r MMA-debut i VM. Det \u00e4r nog en r\u00e4tt speciell situation. Samtidigt hade aldrig mitt team eller landslagsledningen kastat in mig i det h\u00e4r om de inte trodde p\u00e5 mig.<\/p>\n<p>Och nog finns det fog att tro p\u00e5 Anja Saxmark i Las Vegas till sommaren. Under SM i shootfighting i december imponerade hon stort och hon har sen dess\u00a0vunnit ytterligare\u00a0tv\u00e5 shootfightingmatcher.<br \/>\u00a0\u00a0 &#8211; Som jag sade kom jag kanske in i landslaget ett \u00e5r tidigare \u00e4n jag siktat p\u00e5, men samtidigt \u00e5ker jag inte till VM f\u00f6r att f\u00f6rlora matcher. Jag \u00e5ker f\u00f6r att jag tror att jag kan vinna. Det kommer bli en helt fantastisk upplevelse.<\/p>\n<p>Anja har lyckats v\u00e4l med det hon har f\u00f6retagit sig tidigare, b\u00e5de i arbetslivet och i sitt idrottande. VM i Vegas kan bli en delstr\u00e4cka mot m\u00e5nne n\u00e5got \u00e4nnu st\u00f6rre f\u00f6r f\u00f6retagsledaren fr\u00e5n Bergsj\u00f6n.<\/p>\n<p>Text: Jonathan Broberg<br \/>Foto: Antony Sastre<\/p>\n","protected":false},"excerpt":{"rendered":"<p>I juni \u00e4r det \u00e5ter dags f\u00f6r VM i MMA [&#8230;]<\/p><br>","protected":false},"author":7,"featured_media":0,"comment_status":"closed","ping_status":"closed","sticky":false,"template":"","format":"standard","meta":{"_acf_changed":false,"footnotes":""},"categories":[1],"tags":[],"class_list":["post-5403","post","type-post","status-publish","format-standard","hentry","category-okategoriserade"],"acf":[],"yoast_head":"<!-- This site is optimized with the Yoast SEO plugin v26.8 - https:\/\/yoast.com\/product\/yoast-seo-wordpress\/ -->\n<title>F\u00f6retagsledaren satsar mot VM i MMA - Svenska Budo &amp; Kampsportsf\u00f6rbundet<\/title>\n<meta name=\"description\" content=\"I juni \u00e4r det \u00e5ter dags f\u00f6r VM i MMA i Las Vegas. F\u00f6r Anja Saxmark, 29, kan VM ocks\u00e5 bli debuten i MMA.\u00a0\u00a0 - Egentligen siktade jag p\u00e5 VM 2016, men allt\" \/>\n<meta name=\"robots\" content=\"index, follow, max-snippet:-1, max-image-preview:large, max-video-preview:-1\" \/>\n<link rel=\"canonical\" href=\"https:\/\/www.budokampsport.se\/2015\/04\/14\/foretagsledaren-satsar-mot-vm-i-mma\/\" \/>\n<meta property=\"og:locale\" content=\"sv_SE\" \/>\n<meta property=\"og:type\" content=\"article\" \/>\n<meta property=\"og:title\" content=\"F\u00f6retagsledaren satsar mot VM i MMA - Svenska Budo &amp; Kampsportsf\u00f6rbundet\" \/>\n<meta property=\"og:description\" content=\"I juni \u00e4r det \u00e5ter dags f\u00f6r VM i MMA i Las Vegas. F\u00f6r Anja Saxmark, 29, kan VM ocks\u00e5 bli debuten i MMA.\u00a0\u00a0 - Egentligen siktade jag p\u00e5 VM 2016, men allt\" \/>\n<meta property=\"og:url\" content=\"https:\/\/www.budokampsport.se\/2015\/04\/14\/foretagsledaren-satsar-mot-vm-i-mma\/\" \/>\n<meta property=\"og:site_name\" content=\"Svenska Budo &amp; Kampsportsf\u00f6rbundet\" \/>\n<meta property=\"article:author\" content=\"https:\/\/www.facebook.com\/jonathan.broberg.7\" \/>\n<meta property=\"article:published_time\" content=\"2015-04-14T06:11:03+00:00\" \/>\n<meta property=\"article:modified_time\" content=\"2016-12-06T21:38:37+00:00\" \/>\n<meta name=\"author\" content=\"Jonathan Broberg\" \/>\n<meta name=\"twitter:card\" content=\"summary_large_image\" \/>\n<meta name=\"twitter:label1\" content=\"Skriven av\" \/>\n\t<meta name=\"twitter:data1\" content=\"Jonathan Broberg\" \/>\n\t<meta name=\"twitter:label2\" content=\"Ber\u00e4knad l\u00e4stid\" \/>\n\t<meta name=\"twitter:data2\" content=\"3 minuter\" \/>\n<script type=\"application\/ld+json\" class=\"yoast-schema-graph\">{\"@context\":\"https:\/\/schema.org\",\"@graph\":[{\"@type\":\"Article\",\"@id\":\"https:\/\/www.budokampsport.se\/2015\/04\/14\/foretagsledaren-satsar-mot-vm-i-mma\/#article\",\"isPartOf\":{\"@id\":\"https:\/\/www.budokampsport.se\/2015\/04\/14\/foretagsledaren-satsar-mot-vm-i-mma\/\"},\"author\":{\"name\":\"Jonathan Broberg\",\"@id\":\"https:\/\/www.budokampsport.se\/#\/schema\/person\/5c06d81d14850e2a8ce5493386560145\"},\"headline\":\"F\u00f6retagsledaren satsar mot VM i MMA\",\"datePublished\":\"2015-04-14T06:11:03+00:00\",\"dateModified\":\"2016-12-06T21:38:37+00:00\",\"mainEntityOfPage\":{\"@id\":\"https:\/\/www.budokampsport.se\/2015\/04\/14\/foretagsledaren-satsar-mot-vm-i-mma\/\"},\"wordCount\":633,\"inLanguage\":\"sv-SE\"},{\"@type\":\"WebPage\",\"@id\":\"https:\/\/www.budokampsport.se\/2015\/04\/14\/foretagsledaren-satsar-mot-vm-i-mma\/\",\"url\":\"https:\/\/www.budokampsport.se\/2015\/04\/14\/foretagsledaren-satsar-mot-vm-i-mma\/\",\"name\":\"F\u00f6retagsledaren satsar mot VM i MMA - Svenska Budo &amp; Kampsportsf\u00f6rbundet\",\"isPartOf\":{\"@id\":\"https:\/\/www.budokampsport.se\/#website\"},\"datePublished\":\"2015-04-14T06:11:03+00:00\",\"dateModified\":\"2016-12-06T21:38:37+00:00\",\"author\":{\"@id\":\"https:\/\/www.budokampsport.se\/#\/schema\/person\/5c06d81d14850e2a8ce5493386560145\"},\"description\":\"I juni \u00e4r det \u00e5ter dags f\u00f6r VM i MMA i Las Vegas. F\u00f6r Anja Saxmark, 29, kan VM ocks\u00e5 bli debuten i MMA.\u00a0\u00a0 - Egentligen siktade jag p\u00e5 VM 2016, men allt\",\"breadcrumb\":{\"@id\":\"https:\/\/www.budokampsport.se\/2015\/04\/14\/foretagsledaren-satsar-mot-vm-i-mma\/#breadcrumb\"},\"inLanguage\":\"sv-SE\",\"potentialAction\":[{\"@type\":\"ReadAction\",\"target\":[\"https:\/\/www.budokampsport.se\/2015\/04\/14\/foretagsledaren-satsar-mot-vm-i-mma\/\"]}]},{\"@type\":\"BreadcrumbList\",\"@id\":\"https:\/\/www.budokampsport.se\/2015\/04\/14\/foretagsledaren-satsar-mot-vm-i-mma\/#breadcrumb\",\"itemListElement\":[{\"@type\":\"ListItem\",\"position\":1,\"name\":\"Hem\",\"item\":\"https:\/\/www.budokampsport.se\/\"},{\"@type\":\"ListItem\",\"position\":2,\"name\":\"F\u00f6retagsledaren satsar mot VM i MMA\"}]},{\"@type\":\"WebSite\",\"@id\":\"https:\/\/www.budokampsport.se\/#website\",\"url\":\"https:\/\/www.budokampsport.se\/\",\"name\":\"Svenska Budo &amp; Kampsportsf\u00f6rbundet\",\"description\":\"T\u00e4vling, Tr\u00e4ning, Tradition\",\"potentialAction\":[{\"@type\":\"SearchAction\",\"target\":{\"@type\":\"EntryPoint\",\"urlTemplate\":\"https:\/\/www.budokampsport.se\/?s={search_term_string}\"},\"query-input\":{\"@type\":\"PropertyValueSpecification\",\"valueRequired\":true,\"valueName\":\"search_term_string\"}}],\"inLanguage\":\"sv-SE\"},{\"@type\":\"Person\",\"@id\":\"https:\/\/www.budokampsport.se\/#\/schema\/person\/5c06d81d14850e2a8ce5493386560145\",\"name\":\"Jonathan Broberg\",\"image\":{\"@type\":\"ImageObject\",\"inLanguage\":\"sv-SE\",\"@id\":\"https:\/\/www.budokampsport.se\/#\/schema\/person\/image\/\",\"url\":\"https:\/\/secure.gravatar.com\/avatar\/a58041c6cea9128bd9c40ee2f26d4136?s=96&d=blank&r=g\",\"contentUrl\":\"https:\/\/secure.gravatar.com\/avatar\/a58041c6cea9128bd9c40ee2f26d4136?s=96&d=blank&r=g\",\"caption\":\"Jonathan Broberg\"},\"sameAs\":[\"https:\/\/www.facebook.com\/jonathan.broberg.7\"],\"url\":\"https:\/\/www.budokampsport.se\/author\/jonathan\/\"}]}<\/script>\n<!-- \/ Yoast SEO plugin. -->","yoast_head_json":{"title":"F\u00f6retagsledaren satsar mot VM i MMA - Svenska Budo &amp; Kampsportsf\u00f6rbundet","description":"I juni \u00e4r det \u00e5ter dags f\u00f6r VM i MMA i Las Vegas. F\u00f6r Anja Saxmark, 29, kan VM ocks\u00e5 bli debuten i MMA.\u00a0\u00a0 - Egentligen siktade jag p\u00e5 VM 2016, men allt","robots":{"index":"index","follow":"follow","max-snippet":"max-snippet:-1","max-image-preview":"max-image-preview:large","max-video-preview":"max-video-preview:-1"},"canonical":"https:\/\/www.budokampsport.se\/2015\/04\/14\/foretagsledaren-satsar-mot-vm-i-mma\/","og_locale":"sv_SE","og_type":"article","og_title":"F\u00f6retagsledaren satsar mot VM i MMA - Svenska Budo &amp; Kampsportsf\u00f6rbundet","og_description":"I juni \u00e4r det \u00e5ter dags f\u00f6r VM i MMA i Las Vegas. F\u00f6r Anja Saxmark, 29, kan VM ocks\u00e5 bli debuten i MMA.\u00a0\u00a0 - Egentligen siktade jag p\u00e5 VM 2016, men allt","og_url":"https:\/\/www.budokampsport.se\/2015\/04\/14\/foretagsledaren-satsar-mot-vm-i-mma\/","og_site_name":"Svenska Budo &amp; Kampsportsf\u00f6rbundet","article_author":"https:\/\/www.facebook.com\/jonathan.broberg.7","article_published_time":"2015-04-14T06:11:03+00:00","article_modified_time":"2016-12-06T21:38:37+00:00","author":"Jonathan Broberg","twitter_card":"summary_large_image","twitter_misc":{"Skriven av":"Jonathan Broberg","Ber\u00e4knad l\u00e4stid":"3 minuter"},"schema":{"@context":"https:\/\/schema.org","@graph":[{"@type":"Article","@id":"https:\/\/www.budokampsport.se\/2015\/04\/14\/foretagsledaren-satsar-mot-vm-i-mma\/#article","isPartOf":{"@id":"https:\/\/www.budokampsport.se\/2015\/04\/14\/foretagsledaren-satsar-mot-vm-i-mma\/"},"author":{"name":"Jonathan Broberg","@id":"https:\/\/www.budokampsport.se\/#\/schema\/person\/5c06d81d14850e2a8ce5493386560145"},"headline":"F\u00f6retagsledaren satsar mot VM i MMA","datePublished":"2015-04-14T06:11:03+00:00","dateModified":"2016-12-06T21:38:37+00:00","mainEntityOfPage":{"@id":"https:\/\/www.budokampsport.se\/2015\/04\/14\/foretagsledaren-satsar-mot-vm-i-mma\/"},"wordCount":633,"inLanguage":"sv-SE"},{"@type":"WebPage","@id":"https:\/\/www.budokampsport.se\/2015\/04\/14\/foretagsledaren-satsar-mot-vm-i-mma\/","url":"https:\/\/www.budokampsport.se\/2015\/04\/14\/foretagsledaren-satsar-mot-vm-i-mma\/","name":"F\u00f6retagsledaren satsar mot VM i MMA - Svenska Budo &amp; Kampsportsf\u00f6rbundet","isPartOf":{"@id":"https:\/\/www.budokampsport.se\/#website"},"datePublished":"2015-04-14T06:11:03+00:00","dateModified":"2016-12-06T21:38:37+00:00","author":{"@id":"https:\/\/www.budokampsport.se\/#\/schema\/person\/5c06d81d14850e2a8ce5493386560145"},"description":"I juni \u00e4r det \u00e5ter dags f\u00f6r VM i MMA i Las Vegas. F\u00f6r Anja Saxmark, 29, kan VM ocks\u00e5 bli debuten i MMA.\u00a0\u00a0 - Egentligen siktade jag p\u00e5 VM 2016, men allt","breadcrumb":{"@id":"https:\/\/www.budokampsport.se\/2015\/04\/14\/foretagsledaren-satsar-mot-vm-i-mma\/#breadcrumb"},"inLanguage":"sv-SE","potentialAction":[{"@type":"ReadAction","target":["https:\/\/www.budokampsport.se\/2015\/04\/14\/foretagsledaren-satsar-mot-vm-i-mma\/"]}]},{"@type":"BreadcrumbList","@id":"https:\/\/www.budokampsport.se\/2015\/04\/14\/foretagsledaren-satsar-mot-vm-i-mma\/#breadcrumb","itemListElement":[{"@type":"ListItem","position":1,"name":"Hem","item":"https:\/\/www.budokampsport.se\/"},{"@type":"ListItem","position":2,"name":"F\u00f6retagsledaren satsar mot VM i MMA"}]},{"@type":"WebSite","@id":"https:\/\/www.budokampsport.se\/#website","url":"https:\/\/www.budokampsport.se\/","name":"Svenska Budo &amp; Kampsportsf\u00f6rbundet","description":"T\u00e4vling, Tr\u00e4ning, Tradition","potentialAction":[{"@type":"SearchAction","target":{"@type":"EntryPoint","urlTemplate":"https:\/\/www.budokampsport.se\/?s={search_term_string}"},"query-input":{"@type":"PropertyValueSpecification","valueRequired":true,"valueName":"search_term_string"}}],"inLanguage":"sv-SE"},{"@type":"Person","@id":"https:\/\/www.budokampsport.se\/#\/schema\/person\/5c06d81d14850e2a8ce5493386560145","name":"Jonathan Broberg","image":{"@type":"ImageObject","inLanguage":"sv-SE","@id":"https:\/\/www.budokampsport.se\/#\/schema\/person\/image\/","url":"https:\/\/secure.gravatar.com\/avatar\/a58041c6cea9128bd9c40ee2f26d4136?s=96&d=blank&r=g","contentUrl":"https:\/\/secure.gravatar.com\/avatar\/a58041c6cea9128bd9c40ee2f26d4136?s=96&d=blank&r=g","caption":"Jonathan Broberg"},"sameAs":["https:\/\/www.facebook.com\/jonathan.broberg.7"],"url":"https:\/\/www.budokampsport.se\/author\/jonathan\/"}]}},"_links":{"self":[{"href":"https:\/\/www.budokampsport.se\/api\/wp\/v2\/posts\/5403","targetHints":{"allow":["GET"]}}],"collection":[{"href":"https:\/\/www.budokampsport.se\/api\/wp\/v2\/posts"}],"about":[{"href":"https:\/\/www.budokampsport.se\/api\/wp\/v2\/types\/post"}],"author":[{"embeddable":true,"href":"https:\/\/www.budokampsport.se\/api\/wp\/v2\/users\/7"}],"replies":[{"embeddable":true,"href":"https:\/\/www.budokampsport.se\/api\/wp\/v2\/comments?post=5403"}],"version-history":[{"count":0,"href":"https:\/\/www.budokampsport.se\/api\/wp\/v2\/posts\/5403\/revisions"}],"wp:attachment":[{"href":"https:\/\/www.budokampsport.se\/api\/wp\/v2\/media?parent=5403"}],"wp:term":[{"taxonomy":"category","embeddable":true,"href":"https:\/\/www.budokampsport.se\/api\/wp\/v2\/categories?post=5403"},{"taxonomy":"post_tag","embeddable":true,"href":"https:\/\/www.budokampsport.se\/api\/wp\/v2\/tags?post=5403"}],"curies":[{"name":"wp","href":"https:\/\/api.w.org\/{rel}","templated":true}]}}