{"id":5413,"date":"2015-04-20T09:04:11","date_gmt":"2015-04-20T07:04:11","guid":{"rendered":"http:\/\/budo.wordpress.dev\/2015\/04\/20\/alicia-edin-vann-em-silver-i-kata\/"},"modified":"2016-12-06T22:38:39","modified_gmt":"2016-12-06T21:38:39","slug":"alicia-edin-vann-em-silver-i-kata","status":"publish","type":"post","link":"https:\/\/www.budokampsport.se\/2015\/04\/20\/alicia-edin-vann-em-silver-i-kata\/","title":{"rendered":"Alicia Edin vann EM-silver i kata"},"content":{"rendered":"<p><strong><img decoding=\"async\" alt=\"\" src=\"\/sites\/default\/files\/alicia_edin.gif\" style=\"height:289px; width:435px\"><br \/>EM i kyokushin h\u00f6lls i Warszawa i helgen och Alicia Edin fick med sig en stark silvermedalj i kata. Och \u00e4ven om ett guld var snubblande n\u00e4ra, ja s\u00e5 n\u00e4ra att flera domare efter finalen inte fick d\u00f6ma mer, \u00e4r Edin v\u00e4ldigt n\u00f6jd.<br \/>\u00a0\u00a0 &#8211; Jag \u00e4r sjukt n\u00f6jd med min insats, s\u00e4ger hon till budokampsport.se.<\/strong><!--break--><\/p>\n<p>Hon har varit n\u00e4ra medalj f\u00f6rr i m\u00e4sterskap. Men aldrig f\u00f6rut har det r\u00e4ckt hela v\u00e4gen fram.<\/p>\n<p>Under EM i Warszawa var Alicia Edin fullst\u00e4ndigt magnifik och b\u00e4rgade hem ett silver.<br \/>\u00a0\u00a0 &#8211; Det k\u00e4nns f\u00f6rst\u00e5s fantastiskt, jag har jobbat l\u00e4nge f\u00f6r det h\u00e4r. I \u00e5r hade jag en sk\u00f6n k\u00e4nsla av att det kan g\u00e5 v\u00e4gen.<\/p>\n<p>Nytt f\u00f6r katat\u00e4vlingarna till \u00e5rets m\u00e4sterskap \u00e4r att det gamla po\u00e4ngsystemet hade \u00e4ndrats till ett f\u00f6r Alicia mer bekant flaggsystem med domarr\u00f6ster.<br \/>\u00a0\u00a0 &#8211; Det \u00e4r det systemet vi har h\u00e4r hemma och jag tycker personligen att det blir lite tydligare \u00e4n med po\u00e4ngen, det h\u00e4r passar mig b\u00e4ttre.<\/p>\n<p>Och nog skulle det passa. Trots en tuff lottning d\u00e4r Edin fick l\u00e4ngsta t\u00e4nkbara v\u00e4g mot medaljerna, fem omg\u00e5ngar.<br \/>\u00a0\u00a0 &#8211; Jag f\u00f6rlorade tv\u00e5 domarr\u00f6ster i f\u00f6rsta omg\u00e5ngen och det blev ett litet uppvaknande, \u00e4ven om jag vann med 3-2. Till kvartsfinal hade jag kommit ig\u00e5ng och vann jag \u00f6ver en meriterad litauiska och i semifinal gjorde jag kanske min b\u00e4sta match under EM, d\u00e5 jag vann med 5-0 i domarr\u00f6ster mot en spanjorska.<\/p>\n<p>V\u00e4l framme i final fortsatte Edin att prestera toppkvalitetkata. Och m\u00e5nga var de som trodde p\u00e5 ett svenskt guld efter finalmatchen.<br \/>\u00a0\u00a0 &#8211; Jag tittade p\u00e5 min coach direkt efter matchen och hon bara log, s\u00e5 jag t\u00e4nkte att det h\u00e4r kanske jag vann. Men det blev f\u00f6rlust med 3-2 och efter matchen pratades det om domarskandal. Men Isis Pinilla som vann finalen \u00e4r en duktig och v\u00e4letablerad kataut\u00f6vare som absolut \u00e4r en v\u00e4rdig vinnare.<\/p>\n<p><strong>&#8220;Otroligt n\u00f6jd&#8221;<\/strong><br \/>Men Alicia Edin var inte direkt missn\u00f6jd med silvret.<br \/>\u00a0\u00a0 &#8211; Jag gjorde inte en perfekt finalkata, men en v\u00e4ldigt bra. Jag \u00e4r otroligt n\u00f6jd med min insats d\u00e4r och under hela EM. Jag kan inte g\u00f6ra mer \u00e4n s\u00e5 och att det inte r\u00e4ckte till guld \u00e4r inget jag kunde ha p\u00e5verkat.<\/p>\n<p>S\u00e4songen n\u00e4rmar sig med det allt mera ett slut. Men tv\u00e5 t\u00e4vlingar till t\u00e4nker Alicia st\u00e4lla upp i. F\u00f6rst Riksm\u00e4sterskapen om tv\u00e5 veckor och sedan en stor t\u00e4vling i juni i \u00d6sterrike. Det k\u00e4nns som att Alicia Edin kan r\u00e4kna med lite fler kikande \u00f6gon p\u00e5 sig efter braksucc\u00e9n under EM.<\/p>\n<p>Text: Jonathan Broberg<br \/>Foto: Annika Peterson<\/p>\n","protected":false},"excerpt":{"rendered":"<p>EM i kyokushin h\u00f6lls i Warszawa i helgen och Alicia [&#8230;]<\/p><br>","protected":false},"author":7,"featured_media":0,"comment_status":"closed","ping_status":"closed","sticky":false,"template":"","format":"standard","meta":{"_acf_changed":false,"footnotes":""},"categories":[1],"tags":[],"class_list":["post-5413","post","type-post","status-publish","format-standard","hentry","category-okategoriserade"],"acf":[],"yoast_head":"<!-- This site is optimized with the Yoast SEO plugin v26.8 - https:\/\/yoast.com\/product\/yoast-seo-wordpress\/ -->\n<title>Alicia Edin vann EM-silver i kata - Svenska Budo &amp; Kampsportsf\u00f6rbundet<\/title>\n<meta name=\"description\" content=\"EM i kyokushin h\u00f6lls i Warszawa i helgen och Alicia Edin fick med sig en stark silvermedalj i kata. Och \u00e4ven om ett guld var snubblande n\u00e4ra, ja s\u00e5 n\u00e4ra\" \/>\n<meta name=\"robots\" content=\"index, follow, max-snippet:-1, max-image-preview:large, max-video-preview:-1\" \/>\n<link rel=\"canonical\" href=\"https:\/\/www.budokampsport.se\/2015\/04\/20\/alicia-edin-vann-em-silver-i-kata\/\" \/>\n<meta property=\"og:locale\" content=\"sv_SE\" \/>\n<meta property=\"og:type\" content=\"article\" \/>\n<meta property=\"og:title\" content=\"Alicia Edin vann EM-silver i kata - Svenska Budo &amp; Kampsportsf\u00f6rbundet\" \/>\n<meta property=\"og:description\" content=\"EM i kyokushin h\u00f6lls i Warszawa i helgen och Alicia Edin fick med sig en stark silvermedalj i kata. Och \u00e4ven om ett guld var snubblande n\u00e4ra, ja s\u00e5 n\u00e4ra\" \/>\n<meta property=\"og:url\" content=\"https:\/\/www.budokampsport.se\/2015\/04\/20\/alicia-edin-vann-em-silver-i-kata\/\" \/>\n<meta property=\"og:site_name\" content=\"Svenska Budo &amp; Kampsportsf\u00f6rbundet\" \/>\n<meta property=\"article:author\" content=\"https:\/\/www.facebook.com\/jonathan.broberg.7\" \/>\n<meta property=\"article:published_time\" content=\"2015-04-20T07:04:11+00:00\" \/>\n<meta property=\"article:modified_time\" content=\"2016-12-06T21:38:39+00:00\" \/>\n<meta name=\"author\" content=\"Jonathan Broberg\" \/>\n<meta name=\"twitter:card\" content=\"summary_large_image\" \/>\n<meta name=\"twitter:label1\" content=\"Skriven av\" \/>\n\t<meta name=\"twitter:data1\" content=\"Jonathan Broberg\" \/>\n\t<meta name=\"twitter:label2\" content=\"Ber\u00e4knad l\u00e4stid\" \/>\n\t<meta name=\"twitter:data2\" content=\"2 minuter\" \/>\n<script type=\"application\/ld+json\" class=\"yoast-schema-graph\">{\"@context\":\"https:\/\/schema.org\",\"@graph\":[{\"@type\":\"Article\",\"@id\":\"https:\/\/www.budokampsport.se\/2015\/04\/20\/alicia-edin-vann-em-silver-i-kata\/#article\",\"isPartOf\":{\"@id\":\"https:\/\/www.budokampsport.se\/2015\/04\/20\/alicia-edin-vann-em-silver-i-kata\/\"},\"author\":{\"name\":\"Jonathan Broberg\",\"@id\":\"https:\/\/www.budokampsport.se\/#\/schema\/person\/5c06d81d14850e2a8ce5493386560145\"},\"headline\":\"Alicia Edin vann EM-silver i kata\",\"datePublished\":\"2015-04-20T07:04:11+00:00\",\"dateModified\":\"2016-12-06T21:38:39+00:00\",\"mainEntityOfPage\":{\"@id\":\"https:\/\/www.budokampsport.se\/2015\/04\/20\/alicia-edin-vann-em-silver-i-kata\/\"},\"wordCount\":497,\"inLanguage\":\"sv-SE\"},{\"@type\":\"WebPage\",\"@id\":\"https:\/\/www.budokampsport.se\/2015\/04\/20\/alicia-edin-vann-em-silver-i-kata\/\",\"url\":\"https:\/\/www.budokampsport.se\/2015\/04\/20\/alicia-edin-vann-em-silver-i-kata\/\",\"name\":\"Alicia Edin vann EM-silver i kata - Svenska Budo &amp; Kampsportsf\u00f6rbundet\",\"isPartOf\":{\"@id\":\"https:\/\/www.budokampsport.se\/#website\"},\"datePublished\":\"2015-04-20T07:04:11+00:00\",\"dateModified\":\"2016-12-06T21:38:39+00:00\",\"author\":{\"@id\":\"https:\/\/www.budokampsport.se\/#\/schema\/person\/5c06d81d14850e2a8ce5493386560145\"},\"description\":\"EM i kyokushin h\u00f6lls i Warszawa i helgen och Alicia Edin fick med sig en stark silvermedalj i kata. Och \u00e4ven om ett guld var snubblande n\u00e4ra, ja s\u00e5 n\u00e4ra\",\"breadcrumb\":{\"@id\":\"https:\/\/www.budokampsport.se\/2015\/04\/20\/alicia-edin-vann-em-silver-i-kata\/#breadcrumb\"},\"inLanguage\":\"sv-SE\",\"potentialAction\":[{\"@type\":\"ReadAction\",\"target\":[\"https:\/\/www.budokampsport.se\/2015\/04\/20\/alicia-edin-vann-em-silver-i-kata\/\"]}]},{\"@type\":\"BreadcrumbList\",\"@id\":\"https:\/\/www.budokampsport.se\/2015\/04\/20\/alicia-edin-vann-em-silver-i-kata\/#breadcrumb\",\"itemListElement\":[{\"@type\":\"ListItem\",\"position\":1,\"name\":\"Hem\",\"item\":\"https:\/\/www.budokampsport.se\/\"},{\"@type\":\"ListItem\",\"position\":2,\"name\":\"Alicia Edin vann EM-silver i kata\"}]},{\"@type\":\"WebSite\",\"@id\":\"https:\/\/www.budokampsport.se\/#website\",\"url\":\"https:\/\/www.budokampsport.se\/\",\"name\":\"Svenska Budo &amp; Kampsportsf\u00f6rbundet\",\"description\":\"T\u00e4vling, Tr\u00e4ning, Tradition\",\"potentialAction\":[{\"@type\":\"SearchAction\",\"target\":{\"@type\":\"EntryPoint\",\"urlTemplate\":\"https:\/\/www.budokampsport.se\/?s={search_term_string}\"},\"query-input\":{\"@type\":\"PropertyValueSpecification\",\"valueRequired\":true,\"valueName\":\"search_term_string\"}}],\"inLanguage\":\"sv-SE\"},{\"@type\":\"Person\",\"@id\":\"https:\/\/www.budokampsport.se\/#\/schema\/person\/5c06d81d14850e2a8ce5493386560145\",\"name\":\"Jonathan Broberg\",\"image\":{\"@type\":\"ImageObject\",\"inLanguage\":\"sv-SE\",\"@id\":\"https:\/\/www.budokampsport.se\/#\/schema\/person\/image\/\",\"url\":\"https:\/\/secure.gravatar.com\/avatar\/a58041c6cea9128bd9c40ee2f26d4136?s=96&d=blank&r=g\",\"contentUrl\":\"https:\/\/secure.gravatar.com\/avatar\/a58041c6cea9128bd9c40ee2f26d4136?s=96&d=blank&r=g\",\"caption\":\"Jonathan Broberg\"},\"sameAs\":[\"https:\/\/www.facebook.com\/jonathan.broberg.7\"],\"url\":\"https:\/\/www.budokampsport.se\/author\/jonathan\/\"}]}<\/script>\n<!-- \/ Yoast SEO plugin. -->","yoast_head_json":{"title":"Alicia Edin vann EM-silver i kata - Svenska Budo &amp; Kampsportsf\u00f6rbundet","description":"EM i kyokushin h\u00f6lls i Warszawa i helgen och Alicia Edin fick med sig en stark silvermedalj i kata. Och \u00e4ven om ett guld var snubblande n\u00e4ra, ja s\u00e5 n\u00e4ra","robots":{"index":"index","follow":"follow","max-snippet":"max-snippet:-1","max-image-preview":"max-image-preview:large","max-video-preview":"max-video-preview:-1"},"canonical":"https:\/\/www.budokampsport.se\/2015\/04\/20\/alicia-edin-vann-em-silver-i-kata\/","og_locale":"sv_SE","og_type":"article","og_title":"Alicia Edin vann EM-silver i kata - Svenska Budo &amp; Kampsportsf\u00f6rbundet","og_description":"EM i kyokushin h\u00f6lls i Warszawa i helgen och Alicia Edin fick med sig en stark silvermedalj i kata. Och \u00e4ven om ett guld var snubblande n\u00e4ra, ja s\u00e5 n\u00e4ra","og_url":"https:\/\/www.budokampsport.se\/2015\/04\/20\/alicia-edin-vann-em-silver-i-kata\/","og_site_name":"Svenska Budo &amp; Kampsportsf\u00f6rbundet","article_author":"https:\/\/www.facebook.com\/jonathan.broberg.7","article_published_time":"2015-04-20T07:04:11+00:00","article_modified_time":"2016-12-06T21:38:39+00:00","author":"Jonathan Broberg","twitter_card":"summary_large_image","twitter_misc":{"Skriven av":"Jonathan Broberg","Ber\u00e4knad l\u00e4stid":"2 minuter"},"schema":{"@context":"https:\/\/schema.org","@graph":[{"@type":"Article","@id":"https:\/\/www.budokampsport.se\/2015\/04\/20\/alicia-edin-vann-em-silver-i-kata\/#article","isPartOf":{"@id":"https:\/\/www.budokampsport.se\/2015\/04\/20\/alicia-edin-vann-em-silver-i-kata\/"},"author":{"name":"Jonathan Broberg","@id":"https:\/\/www.budokampsport.se\/#\/schema\/person\/5c06d81d14850e2a8ce5493386560145"},"headline":"Alicia Edin vann EM-silver i kata","datePublished":"2015-04-20T07:04:11+00:00","dateModified":"2016-12-06T21:38:39+00:00","mainEntityOfPage":{"@id":"https:\/\/www.budokampsport.se\/2015\/04\/20\/alicia-edin-vann-em-silver-i-kata\/"},"wordCount":497,"inLanguage":"sv-SE"},{"@type":"WebPage","@id":"https:\/\/www.budokampsport.se\/2015\/04\/20\/alicia-edin-vann-em-silver-i-kata\/","url":"https:\/\/www.budokampsport.se\/2015\/04\/20\/alicia-edin-vann-em-silver-i-kata\/","name":"Alicia Edin vann EM-silver i kata - Svenska Budo &amp; Kampsportsf\u00f6rbundet","isPartOf":{"@id":"https:\/\/www.budokampsport.se\/#website"},"datePublished":"2015-04-20T07:04:11+00:00","dateModified":"2016-12-06T21:38:39+00:00","author":{"@id":"https:\/\/www.budokampsport.se\/#\/schema\/person\/5c06d81d14850e2a8ce5493386560145"},"description":"EM i kyokushin h\u00f6lls i Warszawa i helgen och Alicia Edin fick med sig en stark silvermedalj i kata. Och \u00e4ven om ett guld var snubblande n\u00e4ra, ja s\u00e5 n\u00e4ra","breadcrumb":{"@id":"https:\/\/www.budokampsport.se\/2015\/04\/20\/alicia-edin-vann-em-silver-i-kata\/#breadcrumb"},"inLanguage":"sv-SE","potentialAction":[{"@type":"ReadAction","target":["https:\/\/www.budokampsport.se\/2015\/04\/20\/alicia-edin-vann-em-silver-i-kata\/"]}]},{"@type":"BreadcrumbList","@id":"https:\/\/www.budokampsport.se\/2015\/04\/20\/alicia-edin-vann-em-silver-i-kata\/#breadcrumb","itemListElement":[{"@type":"ListItem","position":1,"name":"Hem","item":"https:\/\/www.budokampsport.se\/"},{"@type":"ListItem","position":2,"name":"Alicia Edin vann EM-silver i kata"}]},{"@type":"WebSite","@id":"https:\/\/www.budokampsport.se\/#website","url":"https:\/\/www.budokampsport.se\/","name":"Svenska Budo &amp; Kampsportsf\u00f6rbundet","description":"T\u00e4vling, Tr\u00e4ning, Tradition","potentialAction":[{"@type":"SearchAction","target":{"@type":"EntryPoint","urlTemplate":"https:\/\/www.budokampsport.se\/?s={search_term_string}"},"query-input":{"@type":"PropertyValueSpecification","valueRequired":true,"valueName":"search_term_string"}}],"inLanguage":"sv-SE"},{"@type":"Person","@id":"https:\/\/www.budokampsport.se\/#\/schema\/person\/5c06d81d14850e2a8ce5493386560145","name":"Jonathan Broberg","image":{"@type":"ImageObject","inLanguage":"sv-SE","@id":"https:\/\/www.budokampsport.se\/#\/schema\/person\/image\/","url":"https:\/\/secure.gravatar.com\/avatar\/a58041c6cea9128bd9c40ee2f26d4136?s=96&d=blank&r=g","contentUrl":"https:\/\/secure.gravatar.com\/avatar\/a58041c6cea9128bd9c40ee2f26d4136?s=96&d=blank&r=g","caption":"Jonathan Broberg"},"sameAs":["https:\/\/www.facebook.com\/jonathan.broberg.7"],"url":"https:\/\/www.budokampsport.se\/author\/jonathan\/"}]}},"_links":{"self":[{"href":"https:\/\/www.budokampsport.se\/api\/wp\/v2\/posts\/5413","targetHints":{"allow":["GET"]}}],"collection":[{"href":"https:\/\/www.budokampsport.se\/api\/wp\/v2\/posts"}],"about":[{"href":"https:\/\/www.budokampsport.se\/api\/wp\/v2\/types\/post"}],"author":[{"embeddable":true,"href":"https:\/\/www.budokampsport.se\/api\/wp\/v2\/users\/7"}],"replies":[{"embeddable":true,"href":"https:\/\/www.budokampsport.se\/api\/wp\/v2\/comments?post=5413"}],"version-history":[{"count":0,"href":"https:\/\/www.budokampsport.se\/api\/wp\/v2\/posts\/5413\/revisions"}],"wp:attachment":[{"href":"https:\/\/www.budokampsport.se\/api\/wp\/v2\/media?parent=5413"}],"wp:term":[{"taxonomy":"category","embeddable":true,"href":"https:\/\/www.budokampsport.se\/api\/wp\/v2\/categories?post=5413"},{"taxonomy":"post_tag","embeddable":true,"href":"https:\/\/www.budokampsport.se\/api\/wp\/v2\/tags?post=5413"}],"curies":[{"name":"wp","href":"https:\/\/api.w.org\/{rel}","templated":true}]}}