{"id":54206,"date":"2017-11-22T13:14:08","date_gmt":"2017-11-22T12:14:08","guid":{"rendered":"http:\/\/www.budokampsport.se\/?p=54206"},"modified":"2017-11-22T13:14:08","modified_gmt":"2017-11-22T12:14:08","slug":"stjarnan-missar-sm","status":"publish","type":"post","link":"https:\/\/www.budokampsport.se\/2017\/11\/22\/stjarnan-missar-sm\/","title":{"rendered":"Stj\u00e4rnan missar SM"},"content":{"rendered":"<p><span style=\"font-size: 14pt;\">I helgen \u00e4r det dags f\u00f6r SM i kyokushin i Kung\u00e4lv. En av de som hade velat delta var Simon P\u00e5lsson, tyv\u00e4rr \u00e4r han nu skadad och tvingas tacka nej.<\/span><\/p>\n<p>Simon P\u00e5lsson har tr\u00e4nat kyokushin sen 2003 men b\u00f6rjade inte t\u00e4vlingssats f\u00f6rr\u00e4n 2012 och snabbt blev han uttagen till landslaget \u00e5ret efter. I somras deltog han i VM och i b\u00f6rjan av h\u00f6sten blev han knockad under ett pass p\u00e5 British Open, i veckan tog han ryggm\u00e4rgsprov som tyv\u00e4rr kom tillbaka negativt.<\/p>\n<p><strong>Skadad under British Open<\/strong><br \/>\n&#8211; <em>I tredje rundan p\u00e5 British m\u00f6tte jag Aleksandr Karsheev fr\u00e5n Ryssland fjol\u00e5rets vinnare, och \u00e4ven \u00e5rets skulle det visa sig. Jag \u00f6ppnade med en h\u00e5rd h\u00f6g spark bara f\u00f6r att s\u00e4tta lite respekt i honom, han kontrar med en rundspark som inte \u00e4r j\u00e4ttebra, jag \u00e4r uppe med garden, men han viker in under benet bakom garden och tr\u00e4ffar mig i bakhuvudet med h\u00e4len. Jag g\u00e5r i mattan och \u00e4r borta en halv sekund. I efterf\u00f6rloppet hade jag hj\u00e4rnskakningssymptom i tv\u00e5 veckor trots att sm\u00e4llen upplevdes ganska lindrig och trodde mest att provet nu var formalia men tyv\u00e4rr s\u00e5 bekr\u00e4ftades behovet av de tre m\u00e5nader som jag st\u00e4ngdes av initialt<\/em>, s\u00e4ger Simon till budokampsport.se<\/p>\n<p>I \u00e5r inneh\u00e5ller SM alla de kyokushinstilar som finns i Sverige och Simon hade sett fram emot att delta samtidigt som han nu blickar fram\u00e5t.<\/p>\n<p>&#8211;\u00a0<em>Det k\u00e4nns oerh\u00f6rt tr\u00e5kigt att missa SM eftersom det \u00e4r det f\u00f6rsta SM n\u00e5gonsin d\u00e4r alla kyokushinstilar i Sverige deltar s\u00e5 jag hade verkligen velat s\u00e4tta mitt namn d\u00e4r p\u00e5 den f\u00f6rsta t\u00e4vlingen och skriva historia. Men nu f\u00e5r jag skylla mig sj\u00e4lv och sluta f\u00f6rs\u00f6ka blocka med huvudet p\u00e5 t\u00e4vlingarna s\u00e5 g\u00e5r det v\u00e4l b\u00e4ttre fram\u00f6ver, s\u00e4ger Simon till budokampsport.se<\/em><br \/>\n<em><br \/>\n<strong>M\u00e5let \u00e4r att ta EM-medalj under 2018<\/strong><br \/>\n&#8211; Planen f\u00f6r 2018 \u00e4r att ta medalj p\u00e5 EM. Jag har legat precis utanf\u00f6r pallen p\u00e5 EM de sista tv\u00e5 \u00e5ren p\u00e5 femteplatsen, jag kvalade till VM i vikt i somras &#8211; bara 8 platser fr\u00e5n Europa i varje viktklass f\u00f6r herrar s\u00e5 nu har jag nosat klart, m\u00f6tt de b\u00e4sta och nu skall jag bli en av dem sj\u00e4lv<\/em>.\u00a0<em>Jag b\u00f6rjar f\u00e5 bra rutin p\u00e5 att toppa mig inf\u00f6r m\u00e4sterskap och har varit starkare f\u00f6r varje g\u00e5ng \u00e4ven om jag inte alltid f\u00e5tt utdelning f\u00f6r det. <\/em><br \/>\n<em>Nu skall jag plocka fram min superfysik mer p\u00e5 mattan och kriga h\u00e5rdare, vara mer offensiv &#8211; det kommer att ta mig l\u00e4ngre \u00e4n n\u00e5gonsin<\/em>, avslutar Simon.<\/p>\n<p>&nbsp;<\/p>\n<p>Text: Annie Bondefelt<br \/>\nFoto: Gl\u00f2ria Marfil Blay<\/p>\n","protected":false},"excerpt":{"rendered":"<p>I helgen \u00e4r det dags f\u00f6r SM i kyokushin i [&#8230;]<\/p><br>","protected":false},"author":120,"featured_media":47042,"comment_status":"open","ping_status":"open","sticky":false,"template":"","format":"standard","meta":{"_acf_changed":false,"footnotes":""},"categories":[1],"tags":[],"class_list":["post-54206","post","type-post","status-publish","format-standard","has-post-thumbnail","hentry","category-okategoriserade"],"acf":[],"yoast_head":"<!-- This site is optimized with the Yoast SEO plugin v26.8 - https:\/\/yoast.com\/product\/yoast-seo-wordpress\/ -->\n<title>Stj\u00e4rnan missar SM - Svenska Budo &amp; Kampsportsf\u00f6rbundet<\/title>\n<meta name=\"description\" content=\"I helgen \u00e4r det dags f\u00f6r SM i kyokushin i Kung\u00e4lv. En av de som hade velat delta var Simon P\u00e5lsson, tyv\u00e4rr \u00e4r han nu skadad och tvingas tacka nej. Simon\" \/>\n<meta name=\"robots\" content=\"index, follow, max-snippet:-1, max-image-preview:large, max-video-preview:-1\" \/>\n<link rel=\"canonical\" href=\"https:\/\/www.budokampsport.se\/2017\/11\/22\/stjarnan-missar-sm\/\" \/>\n<meta property=\"og:locale\" content=\"sv_SE\" \/>\n<meta property=\"og:type\" content=\"article\" \/>\n<meta property=\"og:title\" content=\"Stj\u00e4rnan missar SM - Svenska Budo &amp; Kampsportsf\u00f6rbundet\" \/>\n<meta property=\"og:description\" content=\"I helgen \u00e4r det dags f\u00f6r SM i kyokushin i Kung\u00e4lv. En av de som hade velat delta var Simon P\u00e5lsson, tyv\u00e4rr \u00e4r han nu skadad och tvingas tacka nej. Simon\" \/>\n<meta property=\"og:url\" content=\"https:\/\/www.budokampsport.se\/2017\/11\/22\/stjarnan-missar-sm\/\" \/>\n<meta property=\"og:site_name\" content=\"Svenska Budo &amp; Kampsportsf\u00f6rbundet\" \/>\n<meta property=\"article:published_time\" content=\"2017-11-22T12:14:08+00:00\" \/>\n<meta property=\"og:image\" content=\"https:\/\/www.budokampsport.se\/wp-content\/uploads\/2017\/06\/Simon-bild-e1624881137181.png\" \/>\n\t<meta property=\"og:image:width\" content=\"850\" \/>\n\t<meta property=\"og:image:height\" content=\"566\" \/>\n\t<meta property=\"og:image:type\" content=\"image\/png\" \/>\n<meta name=\"author\" content=\"Annie Carriage\" \/>\n<meta name=\"twitter:card\" content=\"summary_large_image\" \/>\n<meta name=\"twitter:label1\" content=\"Skriven av\" \/>\n\t<meta name=\"twitter:data1\" content=\"Annie Carriage\" \/>\n\t<meta name=\"twitter:label2\" content=\"Ber\u00e4knad l\u00e4stid\" \/>\n\t<meta name=\"twitter:data2\" content=\"2 minuter\" \/>\n<script type=\"application\/ld+json\" class=\"yoast-schema-graph\">{\"@context\":\"https:\/\/schema.org\",\"@graph\":[{\"@type\":\"Article\",\"@id\":\"https:\/\/www.budokampsport.se\/2017\/11\/22\/stjarnan-missar-sm\/#article\",\"isPartOf\":{\"@id\":\"https:\/\/www.budokampsport.se\/2017\/11\/22\/stjarnan-missar-sm\/\"},\"author\":{\"name\":\"Annie Carriage\",\"@id\":\"https:\/\/www.budokampsport.se\/#\/schema\/person\/c838cace8171f692e363fde3f38f208b\"},\"headline\":\"Stj\u00e4rnan missar SM\",\"datePublished\":\"2017-11-22T12:14:08+00:00\",\"mainEntityOfPage\":{\"@id\":\"https:\/\/www.budokampsport.se\/2017\/11\/22\/stjarnan-missar-sm\/\"},\"wordCount\":493,\"commentCount\":0,\"image\":{\"@id\":\"https:\/\/www.budokampsport.se\/2017\/11\/22\/stjarnan-missar-sm\/#primaryimage\"},\"thumbnailUrl\":\"https:\/\/www.budokampsport.se\/wp-content\/uploads\/2017\/06\/Simon-bild-e1624881137181.png\",\"inLanguage\":\"sv-SE\",\"potentialAction\":[{\"@type\":\"CommentAction\",\"name\":\"Comment\",\"target\":[\"https:\/\/www.budokampsport.se\/2017\/11\/22\/stjarnan-missar-sm\/#respond\"]}]},{\"@type\":\"WebPage\",\"@id\":\"https:\/\/www.budokampsport.se\/2017\/11\/22\/stjarnan-missar-sm\/\",\"url\":\"https:\/\/www.budokampsport.se\/2017\/11\/22\/stjarnan-missar-sm\/\",\"name\":\"Stj\u00e4rnan missar SM - Svenska Budo &amp; Kampsportsf\u00f6rbundet\",\"isPartOf\":{\"@id\":\"https:\/\/www.budokampsport.se\/#website\"},\"primaryImageOfPage\":{\"@id\":\"https:\/\/www.budokampsport.se\/2017\/11\/22\/stjarnan-missar-sm\/#primaryimage\"},\"image\":{\"@id\":\"https:\/\/www.budokampsport.se\/2017\/11\/22\/stjarnan-missar-sm\/#primaryimage\"},\"thumbnailUrl\":\"https:\/\/www.budokampsport.se\/wp-content\/uploads\/2017\/06\/Simon-bild-e1624881137181.png\",\"datePublished\":\"2017-11-22T12:14:08+00:00\",\"author\":{\"@id\":\"https:\/\/www.budokampsport.se\/#\/schema\/person\/c838cace8171f692e363fde3f38f208b\"},\"description\":\"I helgen \u00e4r det dags f\u00f6r SM i kyokushin i Kung\u00e4lv. En av de som hade velat delta var Simon P\u00e5lsson, tyv\u00e4rr \u00e4r han nu skadad och tvingas tacka nej. Simon\",\"breadcrumb\":{\"@id\":\"https:\/\/www.budokampsport.se\/2017\/11\/22\/stjarnan-missar-sm\/#breadcrumb\"},\"inLanguage\":\"sv-SE\",\"potentialAction\":[{\"@type\":\"ReadAction\",\"target\":[\"https:\/\/www.budokampsport.se\/2017\/11\/22\/stjarnan-missar-sm\/\"]}]},{\"@type\":\"ImageObject\",\"inLanguage\":\"sv-SE\",\"@id\":\"https:\/\/www.budokampsport.se\/2017\/11\/22\/stjarnan-missar-sm\/#primaryimage\",\"url\":\"https:\/\/www.budokampsport.se\/wp-content\/uploads\/2017\/06\/Simon-bild-e1624881137181.png\",\"contentUrl\":\"https:\/\/www.budokampsport.se\/wp-content\/uploads\/2017\/06\/Simon-bild-e1624881137181.png\",\"width\":850,\"height\":566,\"caption\":\"Foto: Gl\u00f2ria Marfil Blay\"},{\"@type\":\"BreadcrumbList\",\"@id\":\"https:\/\/www.budokampsport.se\/2017\/11\/22\/stjarnan-missar-sm\/#breadcrumb\",\"itemListElement\":[{\"@type\":\"ListItem\",\"position\":1,\"name\":\"Hem\",\"item\":\"https:\/\/www.budokampsport.se\/\"},{\"@type\":\"ListItem\",\"position\":2,\"name\":\"Stj\u00e4rnan missar SM\"}]},{\"@type\":\"WebSite\",\"@id\":\"https:\/\/www.budokampsport.se\/#website\",\"url\":\"https:\/\/www.budokampsport.se\/\",\"name\":\"Svenska Budo &amp; Kampsportsf\u00f6rbundet\",\"description\":\"T\u00e4vling, Tr\u00e4ning, Tradition\",\"potentialAction\":[{\"@type\":\"SearchAction\",\"target\":{\"@type\":\"EntryPoint\",\"urlTemplate\":\"https:\/\/www.budokampsport.se\/?s={search_term_string}\"},\"query-input\":{\"@type\":\"PropertyValueSpecification\",\"valueRequired\":true,\"valueName\":\"search_term_string\"}}],\"inLanguage\":\"sv-SE\"},{\"@type\":\"Person\",\"@id\":\"https:\/\/www.budokampsport.se\/#\/schema\/person\/c838cace8171f692e363fde3f38f208b\",\"name\":\"Annie Carriage\",\"image\":{\"@type\":\"ImageObject\",\"inLanguage\":\"sv-SE\",\"@id\":\"https:\/\/www.budokampsport.se\/#\/schema\/person\/image\/\",\"url\":\"https:\/\/secure.gravatar.com\/avatar\/9311295560bdfbdf78365a26f7df1876?s=96&d=blank&r=g\",\"contentUrl\":\"https:\/\/secure.gravatar.com\/avatar\/9311295560bdfbdf78365a26f7df1876?s=96&d=blank&r=g\",\"caption\":\"Annie Carriage\"},\"url\":\"https:\/\/www.budokampsport.se\/author\/annie-bondefelt\/\"}]}<\/script>\n<!-- \/ Yoast SEO plugin. -->","yoast_head_json":{"title":"Stj\u00e4rnan missar SM - Svenska Budo &amp; Kampsportsf\u00f6rbundet","description":"I helgen \u00e4r det dags f\u00f6r SM i kyokushin i Kung\u00e4lv. En av de som hade velat delta var Simon P\u00e5lsson, tyv\u00e4rr \u00e4r han nu skadad och tvingas tacka nej. Simon","robots":{"index":"index","follow":"follow","max-snippet":"max-snippet:-1","max-image-preview":"max-image-preview:large","max-video-preview":"max-video-preview:-1"},"canonical":"https:\/\/www.budokampsport.se\/2017\/11\/22\/stjarnan-missar-sm\/","og_locale":"sv_SE","og_type":"article","og_title":"Stj\u00e4rnan missar SM - Svenska Budo &amp; Kampsportsf\u00f6rbundet","og_description":"I helgen \u00e4r det dags f\u00f6r SM i kyokushin i Kung\u00e4lv. En av de som hade velat delta var Simon P\u00e5lsson, tyv\u00e4rr \u00e4r han nu skadad och tvingas tacka nej. Simon","og_url":"https:\/\/www.budokampsport.se\/2017\/11\/22\/stjarnan-missar-sm\/","og_site_name":"Svenska Budo &amp; Kampsportsf\u00f6rbundet","article_published_time":"2017-11-22T12:14:08+00:00","og_image":[{"width":850,"height":566,"url":"https:\/\/www.budokampsport.se\/wp-content\/uploads\/2017\/06\/Simon-bild-e1624881137181.png","type":"image\/png"}],"author":"Annie Carriage","twitter_card":"summary_large_image","twitter_misc":{"Skriven av":"Annie Carriage","Ber\u00e4knad l\u00e4stid":"2 minuter"},"schema":{"@context":"https:\/\/schema.org","@graph":[{"@type":"Article","@id":"https:\/\/www.budokampsport.se\/2017\/11\/22\/stjarnan-missar-sm\/#article","isPartOf":{"@id":"https:\/\/www.budokampsport.se\/2017\/11\/22\/stjarnan-missar-sm\/"},"author":{"name":"Annie Carriage","@id":"https:\/\/www.budokampsport.se\/#\/schema\/person\/c838cace8171f692e363fde3f38f208b"},"headline":"Stj\u00e4rnan missar SM","datePublished":"2017-11-22T12:14:08+00:00","mainEntityOfPage":{"@id":"https:\/\/www.budokampsport.se\/2017\/11\/22\/stjarnan-missar-sm\/"},"wordCount":493,"commentCount":0,"image":{"@id":"https:\/\/www.budokampsport.se\/2017\/11\/22\/stjarnan-missar-sm\/#primaryimage"},"thumbnailUrl":"https:\/\/www.budokampsport.se\/wp-content\/uploads\/2017\/06\/Simon-bild-e1624881137181.png","inLanguage":"sv-SE","potentialAction":[{"@type":"CommentAction","name":"Comment","target":["https:\/\/www.budokampsport.se\/2017\/11\/22\/stjarnan-missar-sm\/#respond"]}]},{"@type":"WebPage","@id":"https:\/\/www.budokampsport.se\/2017\/11\/22\/stjarnan-missar-sm\/","url":"https:\/\/www.budokampsport.se\/2017\/11\/22\/stjarnan-missar-sm\/","name":"Stj\u00e4rnan missar SM - Svenska Budo &amp; Kampsportsf\u00f6rbundet","isPartOf":{"@id":"https:\/\/www.budokampsport.se\/#website"},"primaryImageOfPage":{"@id":"https:\/\/www.budokampsport.se\/2017\/11\/22\/stjarnan-missar-sm\/#primaryimage"},"image":{"@id":"https:\/\/www.budokampsport.se\/2017\/11\/22\/stjarnan-missar-sm\/#primaryimage"},"thumbnailUrl":"https:\/\/www.budokampsport.se\/wp-content\/uploads\/2017\/06\/Simon-bild-e1624881137181.png","datePublished":"2017-11-22T12:14:08+00:00","author":{"@id":"https:\/\/www.budokampsport.se\/#\/schema\/person\/c838cace8171f692e363fde3f38f208b"},"description":"I helgen \u00e4r det dags f\u00f6r SM i kyokushin i Kung\u00e4lv. En av de som hade velat delta var Simon P\u00e5lsson, tyv\u00e4rr \u00e4r han nu skadad och tvingas tacka nej. Simon","breadcrumb":{"@id":"https:\/\/www.budokampsport.se\/2017\/11\/22\/stjarnan-missar-sm\/#breadcrumb"},"inLanguage":"sv-SE","potentialAction":[{"@type":"ReadAction","target":["https:\/\/www.budokampsport.se\/2017\/11\/22\/stjarnan-missar-sm\/"]}]},{"@type":"ImageObject","inLanguage":"sv-SE","@id":"https:\/\/www.budokampsport.se\/2017\/11\/22\/stjarnan-missar-sm\/#primaryimage","url":"https:\/\/www.budokampsport.se\/wp-content\/uploads\/2017\/06\/Simon-bild-e1624881137181.png","contentUrl":"https:\/\/www.budokampsport.se\/wp-content\/uploads\/2017\/06\/Simon-bild-e1624881137181.png","width":850,"height":566,"caption":"Foto: Gl\u00f2ria Marfil Blay"},{"@type":"BreadcrumbList","@id":"https:\/\/www.budokampsport.se\/2017\/11\/22\/stjarnan-missar-sm\/#breadcrumb","itemListElement":[{"@type":"ListItem","position":1,"name":"Hem","item":"https:\/\/www.budokampsport.se\/"},{"@type":"ListItem","position":2,"name":"Stj\u00e4rnan missar SM"}]},{"@type":"WebSite","@id":"https:\/\/www.budokampsport.se\/#website","url":"https:\/\/www.budokampsport.se\/","name":"Svenska Budo &amp; Kampsportsf\u00f6rbundet","description":"T\u00e4vling, Tr\u00e4ning, Tradition","potentialAction":[{"@type":"SearchAction","target":{"@type":"EntryPoint","urlTemplate":"https:\/\/www.budokampsport.se\/?s={search_term_string}"},"query-input":{"@type":"PropertyValueSpecification","valueRequired":true,"valueName":"search_term_string"}}],"inLanguage":"sv-SE"},{"@type":"Person","@id":"https:\/\/www.budokampsport.se\/#\/schema\/person\/c838cace8171f692e363fde3f38f208b","name":"Annie Carriage","image":{"@type":"ImageObject","inLanguage":"sv-SE","@id":"https:\/\/www.budokampsport.se\/#\/schema\/person\/image\/","url":"https:\/\/secure.gravatar.com\/avatar\/9311295560bdfbdf78365a26f7df1876?s=96&d=blank&r=g","contentUrl":"https:\/\/secure.gravatar.com\/avatar\/9311295560bdfbdf78365a26f7df1876?s=96&d=blank&r=g","caption":"Annie Carriage"},"url":"https:\/\/www.budokampsport.se\/author\/annie-bondefelt\/"}]}},"_links":{"self":[{"href":"https:\/\/www.budokampsport.se\/api\/wp\/v2\/posts\/54206","targetHints":{"allow":["GET"]}}],"collection":[{"href":"https:\/\/www.budokampsport.se\/api\/wp\/v2\/posts"}],"about":[{"href":"https:\/\/www.budokampsport.se\/api\/wp\/v2\/types\/post"}],"author":[{"embeddable":true,"href":"https:\/\/www.budokampsport.se\/api\/wp\/v2\/users\/120"}],"replies":[{"embeddable":true,"href":"https:\/\/www.budokampsport.se\/api\/wp\/v2\/comments?post=54206"}],"version-history":[{"count":0,"href":"https:\/\/www.budokampsport.se\/api\/wp\/v2\/posts\/54206\/revisions"}],"wp:featuredmedia":[{"embeddable":true,"href":"https:\/\/www.budokampsport.se\/api\/wp\/v2\/media\/47042"}],"wp:attachment":[{"href":"https:\/\/www.budokampsport.se\/api\/wp\/v2\/media?parent=54206"}],"wp:term":[{"taxonomy":"category","embeddable":true,"href":"https:\/\/www.budokampsport.se\/api\/wp\/v2\/categories?post=54206"},{"taxonomy":"post_tag","embeddable":true,"href":"https:\/\/www.budokampsport.se\/api\/wp\/v2\/tags?post=54206"}],"curies":[{"name":"wp","href":"https:\/\/api.w.org\/{rel}","templated":true}]}}