{"id":54381,"date":"2017-11-22T14:25:45","date_gmt":"2017-11-22T13:25:45","guid":{"rendered":"http:\/\/www.budokampsport.se\/?p=54381"},"modified":"2017-11-23T13:45:42","modified_gmt":"2017-11-23T12:45:42","slug":"sofia-olofsson-nominerad-till-radiosportens-jerringpriset","status":"publish","type":"post","link":"https:\/\/www.budokampsport.se\/2017\/11\/22\/sofia-olofsson-nominerad-till-radiosportens-jerringpriset\/","title":{"rendered":"Sofia Olofsson nominerad till Radiosportens Jerringpris"},"content":{"rendered":"<p><span style=\"font-size: 14pt;\">Nomineringarna till Radiosportens Jerringpris \u00e4r offentliggjorda och en av de utvalda \u00e4r thaiboxaren Sofia Olofsson fr\u00e5n Stockholm.<br \/>\n&#8211; Jag \u00e4r hedrad och s\u00e5 otroligt glad \u00f6ver nomineringen, men inte bara f\u00f6r min egen skull utan \u00e4ven f\u00f6r thaiboxningen och kampsporten, s\u00e4ger Olofsson till budokampsport.se.<br \/>\n<\/span><\/p>\n<p>Sofia Olofsson har en gedigen meritlista och slog igenom internationellt under EM 2014 d\u00e4r hon tog guldmedaljen. Ut\u00f6ver ytterligare ett EM-guld nu i h\u00f6stas mot fransyskan Juliette Lacroix \u00e4r Sofia \u00e4ven femfaldig svensk m\u00e4starinna, tv\u00e5faldig nordisk m\u00e4starinna och hon vann ocks\u00e5 VM-guldet 2016. I somras tog hon guld i World Games mot ryska Valeriya Drozdova och utn\u00e4mndes till \u201dAthlete of the year\u201d, under \u00e5ren har hon ocks\u00e5 hunnit med ett antal proffsturneringar och tagit hem titlarna som WMC:s europa- och v\u00e4rldsm\u00e4starinna.<\/p>\n<p>Sofias n\u00e4sta utmaning \u00e4r redan nu p\u00e5 l\u00f6rdag d\u00e5 hon kliver in i ringen mot Iman Barlow under Rumble of the Kings f\u00f6r att f\u00f6rsvara sin WMC-titel i bantamvikt.<\/p>\n<p>R\u00f6sta f\u00f6r att Sofia Olofsson ska bli \u00e5rets Jerringpristagare<a href=\"http:\/\/sverigesradio.se\/sida\/gruppsida.aspx?programid=3295&amp;grupp=16930&amp;artikel=6825477\"> <strong>h\u00e4r. <\/strong><\/a><br \/>\nEller ring <strong>099-206 10<\/strong> (Kostnad: 3,60 kr\/samtal ev trafikavgift tillkommer). Omr\u00f6stningen avslutas 20:e december 15:00.<\/p>\n<p><span style=\"font-size: 12pt;\"><strong>\u00d6vriga nominerade<\/strong><\/span><br \/>\nBadou Jack, boxning<br \/>\nHerrlandslaget, fotboll<br \/>\nJohan Kristoffersson, motorsport<br \/>\nMax Salminen, segling<br \/>\nDaniel St\u00e5hl, friidrott<br \/>\nVictor \u00d6hling Norberg, skicross<br \/>\nStefan Olsson, paratennis<br \/>\nAnna Nordqvist, golf<br \/>\nSarah Sj\u00f6str\u00f6m, simning<br \/>\nPeder Fredricson, ridsport<br \/>\nTove Alexandersson, orientering<br \/>\nSandra N\u00e4slund, skicross<br \/>\nTre kronor, ishockey<\/p>\n<p>&nbsp;<\/p>\n<p>Text: Annie Bondefelt<br \/>\nFoto: Jonathan Broberg<\/p>\n","protected":false},"excerpt":{"rendered":"<p>Nomineringarna till Radiosportens Jerringpris \u00e4r offentliggjorda och en av de [&#8230;]<\/p><br>","protected":false},"author":120,"featured_media":43345,"comment_status":"open","ping_status":"open","sticky":false,"template":"","format":"standard","meta":{"_acf_changed":false,"footnotes":""},"categories":[1],"tags":[],"class_list":["post-54381","post","type-post","status-publish","format-standard","has-post-thumbnail","hentry","category-okategoriserade"],"acf":[],"yoast_head":"<!-- This site is optimized with the Yoast SEO plugin v26.8 - https:\/\/yoast.com\/product\/yoast-seo-wordpress\/ -->\n<title>Sofia Olofsson nominerad till Radiosportens Jerringpris - Svenska Budo &amp; Kampsportsf\u00f6rbundet<\/title>\n<meta name=\"description\" content=\"Nomineringarna till Radiosportens Jerringpris \u00e4r offentliggjorda och en av de utvalda \u00e4r thaiboxaren Sofia Olofsson fr\u00e5n Stockholm. - Jag \u00e4r hedrad och s\u00e5\" \/>\n<meta name=\"robots\" content=\"index, follow, max-snippet:-1, max-image-preview:large, max-video-preview:-1\" \/>\n<link rel=\"canonical\" href=\"https:\/\/www.budokampsport.se\/2017\/11\/22\/sofia-olofsson-nominerad-till-radiosportens-jerringpriset\/\" \/>\n<meta property=\"og:locale\" content=\"sv_SE\" \/>\n<meta property=\"og:type\" content=\"article\" \/>\n<meta property=\"og:title\" content=\"Sofia Olofsson nominerad till Radiosportens Jerringpris - Svenska Budo &amp; Kampsportsf\u00f6rbundet\" \/>\n<meta property=\"og:description\" content=\"Nomineringarna till Radiosportens Jerringpris \u00e4r offentliggjorda och en av de utvalda \u00e4r thaiboxaren Sofia Olofsson fr\u00e5n Stockholm. - Jag \u00e4r hedrad och s\u00e5\" \/>\n<meta property=\"og:url\" content=\"https:\/\/www.budokampsport.se\/2017\/11\/22\/sofia-olofsson-nominerad-till-radiosportens-jerringpriset\/\" \/>\n<meta property=\"og:site_name\" content=\"Svenska Budo &amp; Kampsportsf\u00f6rbundet\" \/>\n<meta property=\"article:published_time\" content=\"2017-11-22T13:25:45+00:00\" \/>\n<meta property=\"article:modified_time\" content=\"2017-11-23T12:45:42+00:00\" \/>\n<meta property=\"og:image\" content=\"https:\/\/www.budokampsport.se\/wp-content\/uploads\/2017\/04\/sofia_olofsson.jpg\" \/>\n\t<meta property=\"og:image:width\" content=\"850\" \/>\n\t<meta property=\"og:image:height\" content=\"441\" \/>\n\t<meta property=\"og:image:type\" content=\"image\/jpeg\" \/>\n<meta name=\"author\" content=\"Annie Carriage\" \/>\n<meta name=\"twitter:card\" content=\"summary_large_image\" \/>\n<meta name=\"twitter:label1\" content=\"Skriven av\" \/>\n\t<meta name=\"twitter:data1\" content=\"Annie Carriage\" \/>\n\t<meta name=\"twitter:label2\" content=\"Ber\u00e4knad l\u00e4stid\" \/>\n\t<meta name=\"twitter:data2\" content=\"1 minut\" \/>\n<script type=\"application\/ld+json\" class=\"yoast-schema-graph\">{\"@context\":\"https:\/\/schema.org\",\"@graph\":[{\"@type\":\"Article\",\"@id\":\"https:\/\/www.budokampsport.se\/2017\/11\/22\/sofia-olofsson-nominerad-till-radiosportens-jerringpriset\/#article\",\"isPartOf\":{\"@id\":\"https:\/\/www.budokampsport.se\/2017\/11\/22\/sofia-olofsson-nominerad-till-radiosportens-jerringpriset\/\"},\"author\":{\"name\":\"Annie Carriage\",\"@id\":\"https:\/\/www.budokampsport.se\/#\/schema\/person\/c838cace8171f692e363fde3f38f208b\"},\"headline\":\"Sofia Olofsson nominerad till Radiosportens Jerringpris\",\"datePublished\":\"2017-11-22T13:25:45+00:00\",\"dateModified\":\"2017-11-23T12:45:42+00:00\",\"mainEntityOfPage\":{\"@id\":\"https:\/\/www.budokampsport.se\/2017\/11\/22\/sofia-olofsson-nominerad-till-radiosportens-jerringpriset\/\"},\"wordCount\":256,\"commentCount\":4,\"image\":{\"@id\":\"https:\/\/www.budokampsport.se\/2017\/11\/22\/sofia-olofsson-nominerad-till-radiosportens-jerringpriset\/#primaryimage\"},\"thumbnailUrl\":\"https:\/\/www.budokampsport.se\/wp-content\/uploads\/2017\/04\/sofia_olofsson.jpg\",\"inLanguage\":\"sv-SE\",\"potentialAction\":[{\"@type\":\"CommentAction\",\"name\":\"Comment\",\"target\":[\"https:\/\/www.budokampsport.se\/2017\/11\/22\/sofia-olofsson-nominerad-till-radiosportens-jerringpriset\/#respond\"]}]},{\"@type\":\"WebPage\",\"@id\":\"https:\/\/www.budokampsport.se\/2017\/11\/22\/sofia-olofsson-nominerad-till-radiosportens-jerringpriset\/\",\"url\":\"https:\/\/www.budokampsport.se\/2017\/11\/22\/sofia-olofsson-nominerad-till-radiosportens-jerringpriset\/\",\"name\":\"Sofia Olofsson nominerad till Radiosportens Jerringpris - Svenska Budo &amp; Kampsportsf\u00f6rbundet\",\"isPartOf\":{\"@id\":\"https:\/\/www.budokampsport.se\/#website\"},\"primaryImageOfPage\":{\"@id\":\"https:\/\/www.budokampsport.se\/2017\/11\/22\/sofia-olofsson-nominerad-till-radiosportens-jerringpriset\/#primaryimage\"},\"image\":{\"@id\":\"https:\/\/www.budokampsport.se\/2017\/11\/22\/sofia-olofsson-nominerad-till-radiosportens-jerringpriset\/#primaryimage\"},\"thumbnailUrl\":\"https:\/\/www.budokampsport.se\/wp-content\/uploads\/2017\/04\/sofia_olofsson.jpg\",\"datePublished\":\"2017-11-22T13:25:45+00:00\",\"dateModified\":\"2017-11-23T12:45:42+00:00\",\"author\":{\"@id\":\"https:\/\/www.budokampsport.se\/#\/schema\/person\/c838cace8171f692e363fde3f38f208b\"},\"description\":\"Nomineringarna till Radiosportens Jerringpris \u00e4r offentliggjorda och en av de utvalda \u00e4r thaiboxaren Sofia Olofsson fr\u00e5n Stockholm. - Jag \u00e4r hedrad och s\u00e5\",\"breadcrumb\":{\"@id\":\"https:\/\/www.budokampsport.se\/2017\/11\/22\/sofia-olofsson-nominerad-till-radiosportens-jerringpriset\/#breadcrumb\"},\"inLanguage\":\"sv-SE\",\"potentialAction\":[{\"@type\":\"ReadAction\",\"target\":[\"https:\/\/www.budokampsport.se\/2017\/11\/22\/sofia-olofsson-nominerad-till-radiosportens-jerringpriset\/\"]}]},{\"@type\":\"ImageObject\",\"inLanguage\":\"sv-SE\",\"@id\":\"https:\/\/www.budokampsport.se\/2017\/11\/22\/sofia-olofsson-nominerad-till-radiosportens-jerringpriset\/#primaryimage\",\"url\":\"https:\/\/www.budokampsport.se\/wp-content\/uploads\/2017\/04\/sofia_olofsson.jpg\",\"contentUrl\":\"https:\/\/www.budokampsport.se\/wp-content\/uploads\/2017\/04\/sofia_olofsson.jpg\",\"width\":850,\"height\":441,\"caption\":\"Foto: Jonathan Broberg\"},{\"@type\":\"BreadcrumbList\",\"@id\":\"https:\/\/www.budokampsport.se\/2017\/11\/22\/sofia-olofsson-nominerad-till-radiosportens-jerringpriset\/#breadcrumb\",\"itemListElement\":[{\"@type\":\"ListItem\",\"position\":1,\"name\":\"Hem\",\"item\":\"https:\/\/www.budokampsport.se\/\"},{\"@type\":\"ListItem\",\"position\":2,\"name\":\"Sofia Olofsson nominerad till Radiosportens Jerringpris\"}]},{\"@type\":\"WebSite\",\"@id\":\"https:\/\/www.budokampsport.se\/#website\",\"url\":\"https:\/\/www.budokampsport.se\/\",\"name\":\"Svenska Budo &amp; Kampsportsf\u00f6rbundet\",\"description\":\"T\u00e4vling, Tr\u00e4ning, Tradition\",\"potentialAction\":[{\"@type\":\"SearchAction\",\"target\":{\"@type\":\"EntryPoint\",\"urlTemplate\":\"https:\/\/www.budokampsport.se\/?s={search_term_string}\"},\"query-input\":{\"@type\":\"PropertyValueSpecification\",\"valueRequired\":true,\"valueName\":\"search_term_string\"}}],\"inLanguage\":\"sv-SE\"},{\"@type\":\"Person\",\"@id\":\"https:\/\/www.budokampsport.se\/#\/schema\/person\/c838cace8171f692e363fde3f38f208b\",\"name\":\"Annie Carriage\",\"image\":{\"@type\":\"ImageObject\",\"inLanguage\":\"sv-SE\",\"@id\":\"https:\/\/www.budokampsport.se\/#\/schema\/person\/image\/\",\"url\":\"https:\/\/secure.gravatar.com\/avatar\/9311295560bdfbdf78365a26f7df1876?s=96&d=blank&r=g\",\"contentUrl\":\"https:\/\/secure.gravatar.com\/avatar\/9311295560bdfbdf78365a26f7df1876?s=96&d=blank&r=g\",\"caption\":\"Annie Carriage\"},\"url\":\"https:\/\/www.budokampsport.se\/author\/annie-bondefelt\/\"}]}<\/script>\n<!-- \/ Yoast SEO plugin. -->","yoast_head_json":{"title":"Sofia Olofsson nominerad till Radiosportens Jerringpris - Svenska Budo &amp; Kampsportsf\u00f6rbundet","description":"Nomineringarna till Radiosportens Jerringpris \u00e4r offentliggjorda och en av de utvalda \u00e4r thaiboxaren Sofia Olofsson fr\u00e5n Stockholm. - Jag \u00e4r hedrad och s\u00e5","robots":{"index":"index","follow":"follow","max-snippet":"max-snippet:-1","max-image-preview":"max-image-preview:large","max-video-preview":"max-video-preview:-1"},"canonical":"https:\/\/www.budokampsport.se\/2017\/11\/22\/sofia-olofsson-nominerad-till-radiosportens-jerringpriset\/","og_locale":"sv_SE","og_type":"article","og_title":"Sofia Olofsson nominerad till Radiosportens Jerringpris - Svenska Budo &amp; Kampsportsf\u00f6rbundet","og_description":"Nomineringarna till Radiosportens Jerringpris \u00e4r offentliggjorda och en av de utvalda \u00e4r thaiboxaren Sofia Olofsson fr\u00e5n Stockholm. - Jag \u00e4r hedrad och s\u00e5","og_url":"https:\/\/www.budokampsport.se\/2017\/11\/22\/sofia-olofsson-nominerad-till-radiosportens-jerringpriset\/","og_site_name":"Svenska Budo &amp; Kampsportsf\u00f6rbundet","article_published_time":"2017-11-22T13:25:45+00:00","article_modified_time":"2017-11-23T12:45:42+00:00","og_image":[{"width":850,"height":441,"url":"https:\/\/www.budokampsport.se\/wp-content\/uploads\/2017\/04\/sofia_olofsson.jpg","type":"image\/jpeg"}],"author":"Annie Carriage","twitter_card":"summary_large_image","twitter_misc":{"Skriven av":"Annie Carriage","Ber\u00e4knad l\u00e4stid":"1 minut"},"schema":{"@context":"https:\/\/schema.org","@graph":[{"@type":"Article","@id":"https:\/\/www.budokampsport.se\/2017\/11\/22\/sofia-olofsson-nominerad-till-radiosportens-jerringpriset\/#article","isPartOf":{"@id":"https:\/\/www.budokampsport.se\/2017\/11\/22\/sofia-olofsson-nominerad-till-radiosportens-jerringpriset\/"},"author":{"name":"Annie Carriage","@id":"https:\/\/www.budokampsport.se\/#\/schema\/person\/c838cace8171f692e363fde3f38f208b"},"headline":"Sofia Olofsson nominerad till Radiosportens Jerringpris","datePublished":"2017-11-22T13:25:45+00:00","dateModified":"2017-11-23T12:45:42+00:00","mainEntityOfPage":{"@id":"https:\/\/www.budokampsport.se\/2017\/11\/22\/sofia-olofsson-nominerad-till-radiosportens-jerringpriset\/"},"wordCount":256,"commentCount":4,"image":{"@id":"https:\/\/www.budokampsport.se\/2017\/11\/22\/sofia-olofsson-nominerad-till-radiosportens-jerringpriset\/#primaryimage"},"thumbnailUrl":"https:\/\/www.budokampsport.se\/wp-content\/uploads\/2017\/04\/sofia_olofsson.jpg","inLanguage":"sv-SE","potentialAction":[{"@type":"CommentAction","name":"Comment","target":["https:\/\/www.budokampsport.se\/2017\/11\/22\/sofia-olofsson-nominerad-till-radiosportens-jerringpriset\/#respond"]}]},{"@type":"WebPage","@id":"https:\/\/www.budokampsport.se\/2017\/11\/22\/sofia-olofsson-nominerad-till-radiosportens-jerringpriset\/","url":"https:\/\/www.budokampsport.se\/2017\/11\/22\/sofia-olofsson-nominerad-till-radiosportens-jerringpriset\/","name":"Sofia Olofsson nominerad till Radiosportens Jerringpris - Svenska Budo &amp; Kampsportsf\u00f6rbundet","isPartOf":{"@id":"https:\/\/www.budokampsport.se\/#website"},"primaryImageOfPage":{"@id":"https:\/\/www.budokampsport.se\/2017\/11\/22\/sofia-olofsson-nominerad-till-radiosportens-jerringpriset\/#primaryimage"},"image":{"@id":"https:\/\/www.budokampsport.se\/2017\/11\/22\/sofia-olofsson-nominerad-till-radiosportens-jerringpriset\/#primaryimage"},"thumbnailUrl":"https:\/\/www.budokampsport.se\/wp-content\/uploads\/2017\/04\/sofia_olofsson.jpg","datePublished":"2017-11-22T13:25:45+00:00","dateModified":"2017-11-23T12:45:42+00:00","author":{"@id":"https:\/\/www.budokampsport.se\/#\/schema\/person\/c838cace8171f692e363fde3f38f208b"},"description":"Nomineringarna till Radiosportens Jerringpris \u00e4r offentliggjorda och en av de utvalda \u00e4r thaiboxaren Sofia Olofsson fr\u00e5n Stockholm. - Jag \u00e4r hedrad och s\u00e5","breadcrumb":{"@id":"https:\/\/www.budokampsport.se\/2017\/11\/22\/sofia-olofsson-nominerad-till-radiosportens-jerringpriset\/#breadcrumb"},"inLanguage":"sv-SE","potentialAction":[{"@type":"ReadAction","target":["https:\/\/www.budokampsport.se\/2017\/11\/22\/sofia-olofsson-nominerad-till-radiosportens-jerringpriset\/"]}]},{"@type":"ImageObject","inLanguage":"sv-SE","@id":"https:\/\/www.budokampsport.se\/2017\/11\/22\/sofia-olofsson-nominerad-till-radiosportens-jerringpriset\/#primaryimage","url":"https:\/\/www.budokampsport.se\/wp-content\/uploads\/2017\/04\/sofia_olofsson.jpg","contentUrl":"https:\/\/www.budokampsport.se\/wp-content\/uploads\/2017\/04\/sofia_olofsson.jpg","width":850,"height":441,"caption":"Foto: Jonathan Broberg"},{"@type":"BreadcrumbList","@id":"https:\/\/www.budokampsport.se\/2017\/11\/22\/sofia-olofsson-nominerad-till-radiosportens-jerringpriset\/#breadcrumb","itemListElement":[{"@type":"ListItem","position":1,"name":"Hem","item":"https:\/\/www.budokampsport.se\/"},{"@type":"ListItem","position":2,"name":"Sofia Olofsson nominerad till Radiosportens Jerringpris"}]},{"@type":"WebSite","@id":"https:\/\/www.budokampsport.se\/#website","url":"https:\/\/www.budokampsport.se\/","name":"Svenska Budo &amp; Kampsportsf\u00f6rbundet","description":"T\u00e4vling, Tr\u00e4ning, Tradition","potentialAction":[{"@type":"SearchAction","target":{"@type":"EntryPoint","urlTemplate":"https:\/\/www.budokampsport.se\/?s={search_term_string}"},"query-input":{"@type":"PropertyValueSpecification","valueRequired":true,"valueName":"search_term_string"}}],"inLanguage":"sv-SE"},{"@type":"Person","@id":"https:\/\/www.budokampsport.se\/#\/schema\/person\/c838cace8171f692e363fde3f38f208b","name":"Annie Carriage","image":{"@type":"ImageObject","inLanguage":"sv-SE","@id":"https:\/\/www.budokampsport.se\/#\/schema\/person\/image\/","url":"https:\/\/secure.gravatar.com\/avatar\/9311295560bdfbdf78365a26f7df1876?s=96&d=blank&r=g","contentUrl":"https:\/\/secure.gravatar.com\/avatar\/9311295560bdfbdf78365a26f7df1876?s=96&d=blank&r=g","caption":"Annie Carriage"},"url":"https:\/\/www.budokampsport.se\/author\/annie-bondefelt\/"}]}},"_links":{"self":[{"href":"https:\/\/www.budokampsport.se\/api\/wp\/v2\/posts\/54381","targetHints":{"allow":["GET"]}}],"collection":[{"href":"https:\/\/www.budokampsport.se\/api\/wp\/v2\/posts"}],"about":[{"href":"https:\/\/www.budokampsport.se\/api\/wp\/v2\/types\/post"}],"author":[{"embeddable":true,"href":"https:\/\/www.budokampsport.se\/api\/wp\/v2\/users\/120"}],"replies":[{"embeddable":true,"href":"https:\/\/www.budokampsport.se\/api\/wp\/v2\/comments?post=54381"}],"version-history":[{"count":0,"href":"https:\/\/www.budokampsport.se\/api\/wp\/v2\/posts\/54381\/revisions"}],"wp:featuredmedia":[{"embeddable":true,"href":"https:\/\/www.budokampsport.se\/api\/wp\/v2\/media\/43345"}],"wp:attachment":[{"href":"https:\/\/www.budokampsport.se\/api\/wp\/v2\/media?parent=54381"}],"wp:term":[{"taxonomy":"category","embeddable":true,"href":"https:\/\/www.budokampsport.se\/api\/wp\/v2\/categories?post=54381"},{"taxonomy":"post_tag","embeddable":true,"href":"https:\/\/www.budokampsport.se\/api\/wp\/v2\/tags?post=54381"}],"curies":[{"name":"wp","href":"https:\/\/api.w.org\/{rel}","templated":true}]}}