{"id":5468,"date":"2015-06-09T08:58:30","date_gmt":"2015-06-09T06:58:30","guid":{"rendered":"http:\/\/budo.wordpress.dev\/2015\/06\/09\/stor-framgang-for-sophia-nordeno-kvalade-in-till-adcc-vm\/"},"modified":"2016-12-06T22:38:50","modified_gmt":"2016-12-06T21:38:50","slug":"stor-framgang-for-sophia-nordeno-kvalade-in-till-adcc-vm","status":"publish","type":"post","link":"https:\/\/www.budokampsport.se\/2015\/06\/09\/stor-framgang-for-sophia-nordeno-kvalade-in-till-adcc-vm\/","title":{"rendered":"Stor framg\u00e5ng f\u00f6r Sophia Norden\u00f6 \u2013 kvalade in till ADCC-VM"},"content":{"rendered":"<p><strong><img decoding=\"async\" alt=\"\" src=\"\/sites\/default\/files\/sophia_nordeno.gif\" style=\"height:290px; width:435px\"><br \/>Den svenska submission wrestling-stj\u00e4rnan Sophia Norden\u00f6 hade en mycket lyckad helg och vann kvalet till stort\u00e4vlingen ADCC PRO. T\u00e4vlingen g\u00e5r i Sao Paulo, Brasilien, i slutet p\u00e5 augusti.<br \/>\u00a0\u00a0 &#8211; Det ska bli sjukt kul, s\u00e4ger hon till budokampsport.se.<\/strong><!--break--><\/p>\n<p>Sophia Norden\u00f6 forts\u00e4tter att visa storform och vann kvalet till ADCCPRO, som klassas som VM i submission wrestling.<\/p>\n<p>Efter seger i ett tufft kval d\u00e4r elva m\u00f6ttes och bara en gick vidare, lyckades den svenska stj\u00e4rnan att vinna kvalet.<br \/>\u00a0\u00a0 &#8211; Ska bli sjukt kul att f\u00e5 st\u00e4lla upp i submission wrestlingens finrum och representera Sverige . Att f\u00e5 st\u00e4lla upp i den h\u00e4r t\u00e4vlingen med den yttersta eliten har l\u00e4nge varit en dr\u00f6m och jag \u00e4r taggad.<\/p>\n<p>Text: Jonathan Broberg<br \/>Foto: Eva Hedman<\/p>\n","protected":false},"excerpt":{"rendered":"<p>Den svenska submission wrestling-stj\u00e4rnan Sophia Norden\u00f6 hade en mycket lyckad [&#8230;]<\/p><br>","protected":false},"author":7,"featured_media":0,"comment_status":"closed","ping_status":"closed","sticky":false,"template":"","format":"standard","meta":{"_acf_changed":false,"footnotes":""},"categories":[1],"tags":[],"class_list":["post-5468","post","type-post","status-publish","format-standard","hentry","category-okategoriserade"],"acf":[],"yoast_head":"<!-- This site is optimized with the Yoast SEO plugin v26.8 - https:\/\/yoast.com\/product\/yoast-seo-wordpress\/ -->\n<title>Stor framg\u00e5ng f\u00f6r Sophia Norden\u00f6 \u2013 kvalade in till ADCC-VM - Svenska Budo &amp; Kampsportsf\u00f6rbundet<\/title>\n<meta name=\"description\" content=\"Den svenska submission wrestling-stj\u00e4rnan Sophia Norden\u00f6 hade en mycket lyckad helg och vann kvalet till stort\u00e4vlingen ADCC PRO. T\u00e4vlingen g\u00e5r i Sao\" \/>\n<meta name=\"robots\" content=\"index, follow, max-snippet:-1, max-image-preview:large, max-video-preview:-1\" \/>\n<link rel=\"canonical\" href=\"https:\/\/www.budokampsport.se\/2015\/06\/09\/stor-framgang-for-sophia-nordeno-kvalade-in-till-adcc-vm\/\" \/>\n<meta property=\"og:locale\" content=\"sv_SE\" \/>\n<meta property=\"og:type\" content=\"article\" \/>\n<meta property=\"og:title\" content=\"Stor framg\u00e5ng f\u00f6r Sophia Norden\u00f6 \u2013 kvalade in till ADCC-VM - Svenska Budo &amp; Kampsportsf\u00f6rbundet\" \/>\n<meta property=\"og:description\" content=\"Den svenska submission wrestling-stj\u00e4rnan Sophia Norden\u00f6 hade en mycket lyckad helg och vann kvalet till stort\u00e4vlingen ADCC PRO. T\u00e4vlingen g\u00e5r i Sao\" \/>\n<meta property=\"og:url\" content=\"https:\/\/www.budokampsport.se\/2015\/06\/09\/stor-framgang-for-sophia-nordeno-kvalade-in-till-adcc-vm\/\" \/>\n<meta property=\"og:site_name\" content=\"Svenska Budo &amp; Kampsportsf\u00f6rbundet\" \/>\n<meta property=\"article:author\" content=\"https:\/\/www.facebook.com\/jonathan.broberg.7\" \/>\n<meta property=\"article:published_time\" content=\"2015-06-09T06:58:30+00:00\" \/>\n<meta property=\"article:modified_time\" content=\"2016-12-06T21:38:50+00:00\" \/>\n<meta name=\"author\" content=\"Jonathan Broberg\" \/>\n<meta name=\"twitter:card\" content=\"summary_large_image\" \/>\n<meta name=\"twitter:label1\" content=\"Skriven av\" \/>\n\t<meta name=\"twitter:data1\" content=\"Jonathan Broberg\" \/>\n\t<meta name=\"twitter:label2\" content=\"Ber\u00e4knad l\u00e4stid\" \/>\n\t<meta name=\"twitter:data2\" content=\"1 minut\" \/>\n<script type=\"application\/ld+json\" class=\"yoast-schema-graph\">{\"@context\":\"https:\/\/schema.org\",\"@graph\":[{\"@type\":\"Article\",\"@id\":\"https:\/\/www.budokampsport.se\/2015\/06\/09\/stor-framgang-for-sophia-nordeno-kvalade-in-till-adcc-vm\/#article\",\"isPartOf\":{\"@id\":\"https:\/\/www.budokampsport.se\/2015\/06\/09\/stor-framgang-for-sophia-nordeno-kvalade-in-till-adcc-vm\/\"},\"author\":{\"name\":\"Jonathan Broberg\",\"@id\":\"https:\/\/www.budokampsport.se\/#\/schema\/person\/5c06d81d14850e2a8ce5493386560145\"},\"headline\":\"Stor framg\u00e5ng f\u00f6r Sophia Norden\u00f6 \u2013 kvalade in till ADCC-VM\",\"datePublished\":\"2015-06-09T06:58:30+00:00\",\"dateModified\":\"2016-12-06T21:38:50+00:00\",\"mainEntityOfPage\":{\"@id\":\"https:\/\/www.budokampsport.se\/2015\/06\/09\/stor-framgang-for-sophia-nordeno-kvalade-in-till-adcc-vm\/\"},\"wordCount\":146,\"inLanguage\":\"sv-SE\"},{\"@type\":\"WebPage\",\"@id\":\"https:\/\/www.budokampsport.se\/2015\/06\/09\/stor-framgang-for-sophia-nordeno-kvalade-in-till-adcc-vm\/\",\"url\":\"https:\/\/www.budokampsport.se\/2015\/06\/09\/stor-framgang-for-sophia-nordeno-kvalade-in-till-adcc-vm\/\",\"name\":\"Stor framg\u00e5ng f\u00f6r Sophia Norden\u00f6 \u2013 kvalade in till ADCC-VM - Svenska Budo &amp; Kampsportsf\u00f6rbundet\",\"isPartOf\":{\"@id\":\"https:\/\/www.budokampsport.se\/#website\"},\"datePublished\":\"2015-06-09T06:58:30+00:00\",\"dateModified\":\"2016-12-06T21:38:50+00:00\",\"author\":{\"@id\":\"https:\/\/www.budokampsport.se\/#\/schema\/person\/5c06d81d14850e2a8ce5493386560145\"},\"description\":\"Den svenska submission wrestling-stj\u00e4rnan Sophia Norden\u00f6 hade en mycket lyckad helg och vann kvalet till stort\u00e4vlingen ADCC PRO. T\u00e4vlingen g\u00e5r i Sao\",\"breadcrumb\":{\"@id\":\"https:\/\/www.budokampsport.se\/2015\/06\/09\/stor-framgang-for-sophia-nordeno-kvalade-in-till-adcc-vm\/#breadcrumb\"},\"inLanguage\":\"sv-SE\",\"potentialAction\":[{\"@type\":\"ReadAction\",\"target\":[\"https:\/\/www.budokampsport.se\/2015\/06\/09\/stor-framgang-for-sophia-nordeno-kvalade-in-till-adcc-vm\/\"]}]},{\"@type\":\"BreadcrumbList\",\"@id\":\"https:\/\/www.budokampsport.se\/2015\/06\/09\/stor-framgang-for-sophia-nordeno-kvalade-in-till-adcc-vm\/#breadcrumb\",\"itemListElement\":[{\"@type\":\"ListItem\",\"position\":1,\"name\":\"Hem\",\"item\":\"https:\/\/www.budokampsport.se\/\"},{\"@type\":\"ListItem\",\"position\":2,\"name\":\"Stor framg\u00e5ng f\u00f6r Sophia Norden\u00f6 \u2013 kvalade in till ADCC-VM\"}]},{\"@type\":\"WebSite\",\"@id\":\"https:\/\/www.budokampsport.se\/#website\",\"url\":\"https:\/\/www.budokampsport.se\/\",\"name\":\"Svenska Budo &amp; Kampsportsf\u00f6rbundet\",\"description\":\"T\u00e4vling, Tr\u00e4ning, Tradition\",\"potentialAction\":[{\"@type\":\"SearchAction\",\"target\":{\"@type\":\"EntryPoint\",\"urlTemplate\":\"https:\/\/www.budokampsport.se\/?s={search_term_string}\"},\"query-input\":{\"@type\":\"PropertyValueSpecification\",\"valueRequired\":true,\"valueName\":\"search_term_string\"}}],\"inLanguage\":\"sv-SE\"},{\"@type\":\"Person\",\"@id\":\"https:\/\/www.budokampsport.se\/#\/schema\/person\/5c06d81d14850e2a8ce5493386560145\",\"name\":\"Jonathan Broberg\",\"image\":{\"@type\":\"ImageObject\",\"inLanguage\":\"sv-SE\",\"@id\":\"https:\/\/www.budokampsport.se\/#\/schema\/person\/image\/\",\"url\":\"https:\/\/secure.gravatar.com\/avatar\/a58041c6cea9128bd9c40ee2f26d4136?s=96&d=blank&r=g\",\"contentUrl\":\"https:\/\/secure.gravatar.com\/avatar\/a58041c6cea9128bd9c40ee2f26d4136?s=96&d=blank&r=g\",\"caption\":\"Jonathan Broberg\"},\"sameAs\":[\"https:\/\/www.facebook.com\/jonathan.broberg.7\"],\"url\":\"https:\/\/www.budokampsport.se\/author\/jonathan\/\"}]}<\/script>\n<!-- \/ Yoast SEO plugin. -->","yoast_head_json":{"title":"Stor framg\u00e5ng f\u00f6r Sophia Norden\u00f6 \u2013 kvalade in till ADCC-VM - Svenska Budo &amp; Kampsportsf\u00f6rbundet","description":"Den svenska submission wrestling-stj\u00e4rnan Sophia Norden\u00f6 hade en mycket lyckad helg och vann kvalet till stort\u00e4vlingen ADCC PRO. T\u00e4vlingen g\u00e5r i Sao","robots":{"index":"index","follow":"follow","max-snippet":"max-snippet:-1","max-image-preview":"max-image-preview:large","max-video-preview":"max-video-preview:-1"},"canonical":"https:\/\/www.budokampsport.se\/2015\/06\/09\/stor-framgang-for-sophia-nordeno-kvalade-in-till-adcc-vm\/","og_locale":"sv_SE","og_type":"article","og_title":"Stor framg\u00e5ng f\u00f6r Sophia Norden\u00f6 \u2013 kvalade in till ADCC-VM - Svenska Budo &amp; Kampsportsf\u00f6rbundet","og_description":"Den svenska submission wrestling-stj\u00e4rnan Sophia Norden\u00f6 hade en mycket lyckad helg och vann kvalet till stort\u00e4vlingen ADCC PRO. T\u00e4vlingen g\u00e5r i Sao","og_url":"https:\/\/www.budokampsport.se\/2015\/06\/09\/stor-framgang-for-sophia-nordeno-kvalade-in-till-adcc-vm\/","og_site_name":"Svenska Budo &amp; Kampsportsf\u00f6rbundet","article_author":"https:\/\/www.facebook.com\/jonathan.broberg.7","article_published_time":"2015-06-09T06:58:30+00:00","article_modified_time":"2016-12-06T21:38:50+00:00","author":"Jonathan Broberg","twitter_card":"summary_large_image","twitter_misc":{"Skriven av":"Jonathan Broberg","Ber\u00e4knad l\u00e4stid":"1 minut"},"schema":{"@context":"https:\/\/schema.org","@graph":[{"@type":"Article","@id":"https:\/\/www.budokampsport.se\/2015\/06\/09\/stor-framgang-for-sophia-nordeno-kvalade-in-till-adcc-vm\/#article","isPartOf":{"@id":"https:\/\/www.budokampsport.se\/2015\/06\/09\/stor-framgang-for-sophia-nordeno-kvalade-in-till-adcc-vm\/"},"author":{"name":"Jonathan Broberg","@id":"https:\/\/www.budokampsport.se\/#\/schema\/person\/5c06d81d14850e2a8ce5493386560145"},"headline":"Stor framg\u00e5ng f\u00f6r Sophia Norden\u00f6 \u2013 kvalade in till ADCC-VM","datePublished":"2015-06-09T06:58:30+00:00","dateModified":"2016-12-06T21:38:50+00:00","mainEntityOfPage":{"@id":"https:\/\/www.budokampsport.se\/2015\/06\/09\/stor-framgang-for-sophia-nordeno-kvalade-in-till-adcc-vm\/"},"wordCount":146,"inLanguage":"sv-SE"},{"@type":"WebPage","@id":"https:\/\/www.budokampsport.se\/2015\/06\/09\/stor-framgang-for-sophia-nordeno-kvalade-in-till-adcc-vm\/","url":"https:\/\/www.budokampsport.se\/2015\/06\/09\/stor-framgang-for-sophia-nordeno-kvalade-in-till-adcc-vm\/","name":"Stor framg\u00e5ng f\u00f6r Sophia Norden\u00f6 \u2013 kvalade in till ADCC-VM - Svenska Budo &amp; Kampsportsf\u00f6rbundet","isPartOf":{"@id":"https:\/\/www.budokampsport.se\/#website"},"datePublished":"2015-06-09T06:58:30+00:00","dateModified":"2016-12-06T21:38:50+00:00","author":{"@id":"https:\/\/www.budokampsport.se\/#\/schema\/person\/5c06d81d14850e2a8ce5493386560145"},"description":"Den svenska submission wrestling-stj\u00e4rnan Sophia Norden\u00f6 hade en mycket lyckad helg och vann kvalet till stort\u00e4vlingen ADCC PRO. T\u00e4vlingen g\u00e5r i Sao","breadcrumb":{"@id":"https:\/\/www.budokampsport.se\/2015\/06\/09\/stor-framgang-for-sophia-nordeno-kvalade-in-till-adcc-vm\/#breadcrumb"},"inLanguage":"sv-SE","potentialAction":[{"@type":"ReadAction","target":["https:\/\/www.budokampsport.se\/2015\/06\/09\/stor-framgang-for-sophia-nordeno-kvalade-in-till-adcc-vm\/"]}]},{"@type":"BreadcrumbList","@id":"https:\/\/www.budokampsport.se\/2015\/06\/09\/stor-framgang-for-sophia-nordeno-kvalade-in-till-adcc-vm\/#breadcrumb","itemListElement":[{"@type":"ListItem","position":1,"name":"Hem","item":"https:\/\/www.budokampsport.se\/"},{"@type":"ListItem","position":2,"name":"Stor framg\u00e5ng f\u00f6r Sophia Norden\u00f6 \u2013 kvalade in till ADCC-VM"}]},{"@type":"WebSite","@id":"https:\/\/www.budokampsport.se\/#website","url":"https:\/\/www.budokampsport.se\/","name":"Svenska Budo &amp; Kampsportsf\u00f6rbundet","description":"T\u00e4vling, Tr\u00e4ning, Tradition","potentialAction":[{"@type":"SearchAction","target":{"@type":"EntryPoint","urlTemplate":"https:\/\/www.budokampsport.se\/?s={search_term_string}"},"query-input":{"@type":"PropertyValueSpecification","valueRequired":true,"valueName":"search_term_string"}}],"inLanguage":"sv-SE"},{"@type":"Person","@id":"https:\/\/www.budokampsport.se\/#\/schema\/person\/5c06d81d14850e2a8ce5493386560145","name":"Jonathan Broberg","image":{"@type":"ImageObject","inLanguage":"sv-SE","@id":"https:\/\/www.budokampsport.se\/#\/schema\/person\/image\/","url":"https:\/\/secure.gravatar.com\/avatar\/a58041c6cea9128bd9c40ee2f26d4136?s=96&d=blank&r=g","contentUrl":"https:\/\/secure.gravatar.com\/avatar\/a58041c6cea9128bd9c40ee2f26d4136?s=96&d=blank&r=g","caption":"Jonathan Broberg"},"sameAs":["https:\/\/www.facebook.com\/jonathan.broberg.7"],"url":"https:\/\/www.budokampsport.se\/author\/jonathan\/"}]}},"_links":{"self":[{"href":"https:\/\/www.budokampsport.se\/api\/wp\/v2\/posts\/5468","targetHints":{"allow":["GET"]}}],"collection":[{"href":"https:\/\/www.budokampsport.se\/api\/wp\/v2\/posts"}],"about":[{"href":"https:\/\/www.budokampsport.se\/api\/wp\/v2\/types\/post"}],"author":[{"embeddable":true,"href":"https:\/\/www.budokampsport.se\/api\/wp\/v2\/users\/7"}],"replies":[{"embeddable":true,"href":"https:\/\/www.budokampsport.se\/api\/wp\/v2\/comments?post=5468"}],"version-history":[{"count":0,"href":"https:\/\/www.budokampsport.se\/api\/wp\/v2\/posts\/5468\/revisions"}],"wp:attachment":[{"href":"https:\/\/www.budokampsport.se\/api\/wp\/v2\/media?parent=5468"}],"wp:term":[{"taxonomy":"category","embeddable":true,"href":"https:\/\/www.budokampsport.se\/api\/wp\/v2\/categories?post=5468"},{"taxonomy":"post_tag","embeddable":true,"href":"https:\/\/www.budokampsport.se\/api\/wp\/v2\/tags?post=5468"}],"curies":[{"name":"wp","href":"https:\/\/api.w.org\/{rel}","templated":true}]}}