{"id":5473,"date":"2015-06-24T09:19:23","date_gmt":"2015-06-24T07:19:23","guid":{"rendered":"http:\/\/budo.wordpress.dev\/2015\/06\/24\/jujutsu-profiler-valjs-in-i-hall-of-fame\/"},"modified":"2016-12-06T22:38:51","modified_gmt":"2016-12-06T21:38:51","slug":"jujutsu-profiler-valjs-in-i-hall-of-fame","status":"publish","type":"post","link":"https:\/\/www.budokampsport.se\/2015\/06\/24\/jujutsu-profiler-valjs-in-i-hall-of-fame\/","title":{"rendered":"Jujutsu-profiler v\u00e4ljs in i Hall of fame"},"content":{"rendered":"<p><strong><img decoding=\"async\" alt=\"\" src=\"\/sites\/default\/files\/martin_isabelle.gif\" style=\"height:290px; width:435px\"><br \/>Martin Ingholt och Isabelle Sarfati har valts in i jujutsuns Hall of fame. B\u00e5da har varit ut\u00f6vare p\u00e5 h\u00f6gsta niv\u00e5 och flera g\u00e5nger representerat landslaget, och n\u00e4r de egna karri\u00e4rerna lades \u00e5t sidan har b\u00e5da tv\u00e5 n\u00e5tt framg\u00e5ngar som ansvariga f\u00f6r landslaget. Isabelle Sarfati \u00e4r fortfarande ansvarig f\u00f6r duolandslaget.<br \/>\u00a0\u00a0 &#8211; Det \u00e4r givetvis v\u00e4ldigt roligt att bli uppm\u00e4rksammad p\u00e5 detta s\u00e4tt, s\u00e4ger Martin Ingholt till budokampsport.se.<\/strong><!--break--><\/p>\n<p>Martin Ingholt och Isabelle Sarfati har valts in i jujutsuns Hall of fame. D\u00e4r tar de plats med andra storheter som bland andra Kurt Durewall och Ingemar Sk\u00f6ld.<br \/>\u00a0\u00a0 &#8211; Det \u00e4r givetvis v\u00e4ldigt roligt att bli uppm\u00e4rksammad p\u00e5 detta s\u00e4tt. Att f\u00e5 en plats i Hall of Fame d\u00e4r flera av de allra st\u00f6rsta ju-jutsuprofilerna finns med k\u00e4nns v\u00e4ldigt hedrande. Jag tycker nog \u00e4nd\u00e5 att det \u00e4r \u00e4nnu roligare att flera av de som t\u00e4vlade under min tid i landslagsledningen har tagit plats i Hall of Fame f\u00f6r sina fantastiska prestationer, s\u00e4ger Ingholt.<\/p>\n<p>Isabelle Sarfati blir den \u00e5ttonde kvinnan att ta plats i finrummet.<br \/>\u00a0\u00a0 &#8211; Det k\u00e4nns v\u00e4ldigt bra. Jujutsun har gett mig sinnesro att f\u00f6rst\u00e5 det jag inte kan f\u00f6r\u00e4ndra, mod att f\u00f6r\u00e4ndra det jag kan och f\u00f6rst\u00e5nd att inse skillnaden.<\/p>\n<p>Text: Jonathan Broberg<\/p>\n","protected":false},"excerpt":{"rendered":"<p>Martin Ingholt och Isabelle Sarfati har valts in i jujutsuns [&#8230;]<\/p><br>","protected":false},"author":7,"featured_media":0,"comment_status":"closed","ping_status":"closed","sticky":false,"template":"","format":"standard","meta":{"_acf_changed":false,"footnotes":""},"categories":[1],"tags":[],"class_list":["post-5473","post","type-post","status-publish","format-standard","hentry","category-okategoriserade"],"acf":[],"yoast_head":"<!-- This site is optimized with the Yoast SEO plugin v26.8 - https:\/\/yoast.com\/product\/yoast-seo-wordpress\/ -->\n<title>Jujutsu-profiler v\u00e4ljs in i Hall of fame - Svenska Budo &amp; Kampsportsf\u00f6rbundet<\/title>\n<meta name=\"description\" content=\"Martin Ingholt och Isabelle Sarfati har valts in i jujutsuns Hall of fame. B\u00e5da har varit ut\u00f6vare p\u00e5 h\u00f6gsta niv\u00e5 och flera g\u00e5nger representerat\" \/>\n<meta name=\"robots\" content=\"index, follow, max-snippet:-1, max-image-preview:large, max-video-preview:-1\" \/>\n<link rel=\"canonical\" href=\"https:\/\/www.budokampsport.se\/2015\/06\/24\/jujutsu-profiler-valjs-in-i-hall-of-fame\/\" \/>\n<meta property=\"og:locale\" content=\"sv_SE\" \/>\n<meta property=\"og:type\" content=\"article\" \/>\n<meta property=\"og:title\" content=\"Jujutsu-profiler v\u00e4ljs in i Hall of fame - Svenska Budo &amp; Kampsportsf\u00f6rbundet\" \/>\n<meta property=\"og:description\" content=\"Martin Ingholt och Isabelle Sarfati har valts in i jujutsuns Hall of fame. B\u00e5da har varit ut\u00f6vare p\u00e5 h\u00f6gsta niv\u00e5 och flera g\u00e5nger representerat\" \/>\n<meta property=\"og:url\" content=\"https:\/\/www.budokampsport.se\/2015\/06\/24\/jujutsu-profiler-valjs-in-i-hall-of-fame\/\" \/>\n<meta property=\"og:site_name\" content=\"Svenska Budo &amp; Kampsportsf\u00f6rbundet\" \/>\n<meta property=\"article:author\" content=\"https:\/\/www.facebook.com\/jonathan.broberg.7\" \/>\n<meta property=\"article:published_time\" content=\"2015-06-24T07:19:23+00:00\" \/>\n<meta property=\"article:modified_time\" content=\"2016-12-06T21:38:51+00:00\" \/>\n<meta name=\"author\" content=\"Jonathan Broberg\" \/>\n<meta name=\"twitter:card\" content=\"summary_large_image\" \/>\n<meta name=\"twitter:label1\" content=\"Skriven av\" \/>\n\t<meta name=\"twitter:data1\" content=\"Jonathan Broberg\" \/>\n\t<meta name=\"twitter:label2\" content=\"Ber\u00e4knad l\u00e4stid\" \/>\n\t<meta name=\"twitter:data2\" content=\"1 minut\" \/>\n<script type=\"application\/ld+json\" class=\"yoast-schema-graph\">{\"@context\":\"https:\/\/schema.org\",\"@graph\":[{\"@type\":\"Article\",\"@id\":\"https:\/\/www.budokampsport.se\/2015\/06\/24\/jujutsu-profiler-valjs-in-i-hall-of-fame\/#article\",\"isPartOf\":{\"@id\":\"https:\/\/www.budokampsport.se\/2015\/06\/24\/jujutsu-profiler-valjs-in-i-hall-of-fame\/\"},\"author\":{\"name\":\"Jonathan Broberg\",\"@id\":\"https:\/\/www.budokampsport.se\/#\/schema\/person\/5c06d81d14850e2a8ce5493386560145\"},\"headline\":\"Jujutsu-profiler v\u00e4ljs in i Hall of fame\",\"datePublished\":\"2015-06-24T07:19:23+00:00\",\"dateModified\":\"2016-12-06T21:38:51+00:00\",\"mainEntityOfPage\":{\"@id\":\"https:\/\/www.budokampsport.se\/2015\/06\/24\/jujutsu-profiler-valjs-in-i-hall-of-fame\/\"},\"wordCount\":246,\"inLanguage\":\"sv-SE\"},{\"@type\":\"WebPage\",\"@id\":\"https:\/\/www.budokampsport.se\/2015\/06\/24\/jujutsu-profiler-valjs-in-i-hall-of-fame\/\",\"url\":\"https:\/\/www.budokampsport.se\/2015\/06\/24\/jujutsu-profiler-valjs-in-i-hall-of-fame\/\",\"name\":\"Jujutsu-profiler v\u00e4ljs in i Hall of fame - Svenska Budo &amp; Kampsportsf\u00f6rbundet\",\"isPartOf\":{\"@id\":\"https:\/\/www.budokampsport.se\/#website\"},\"datePublished\":\"2015-06-24T07:19:23+00:00\",\"dateModified\":\"2016-12-06T21:38:51+00:00\",\"author\":{\"@id\":\"https:\/\/www.budokampsport.se\/#\/schema\/person\/5c06d81d14850e2a8ce5493386560145\"},\"description\":\"Martin Ingholt och Isabelle Sarfati har valts in i jujutsuns Hall of fame. B\u00e5da har varit ut\u00f6vare p\u00e5 h\u00f6gsta niv\u00e5 och flera g\u00e5nger representerat\",\"breadcrumb\":{\"@id\":\"https:\/\/www.budokampsport.se\/2015\/06\/24\/jujutsu-profiler-valjs-in-i-hall-of-fame\/#breadcrumb\"},\"inLanguage\":\"sv-SE\",\"potentialAction\":[{\"@type\":\"ReadAction\",\"target\":[\"https:\/\/www.budokampsport.se\/2015\/06\/24\/jujutsu-profiler-valjs-in-i-hall-of-fame\/\"]}]},{\"@type\":\"BreadcrumbList\",\"@id\":\"https:\/\/www.budokampsport.se\/2015\/06\/24\/jujutsu-profiler-valjs-in-i-hall-of-fame\/#breadcrumb\",\"itemListElement\":[{\"@type\":\"ListItem\",\"position\":1,\"name\":\"Hem\",\"item\":\"https:\/\/www.budokampsport.se\/\"},{\"@type\":\"ListItem\",\"position\":2,\"name\":\"Jujutsu-profiler v\u00e4ljs in i Hall of fame\"}]},{\"@type\":\"WebSite\",\"@id\":\"https:\/\/www.budokampsport.se\/#website\",\"url\":\"https:\/\/www.budokampsport.se\/\",\"name\":\"Svenska Budo &amp; Kampsportsf\u00f6rbundet\",\"description\":\"T\u00e4vling, Tr\u00e4ning, Tradition\",\"potentialAction\":[{\"@type\":\"SearchAction\",\"target\":{\"@type\":\"EntryPoint\",\"urlTemplate\":\"https:\/\/www.budokampsport.se\/?s={search_term_string}\"},\"query-input\":{\"@type\":\"PropertyValueSpecification\",\"valueRequired\":true,\"valueName\":\"search_term_string\"}}],\"inLanguage\":\"sv-SE\"},{\"@type\":\"Person\",\"@id\":\"https:\/\/www.budokampsport.se\/#\/schema\/person\/5c06d81d14850e2a8ce5493386560145\",\"name\":\"Jonathan Broberg\",\"image\":{\"@type\":\"ImageObject\",\"inLanguage\":\"sv-SE\",\"@id\":\"https:\/\/www.budokampsport.se\/#\/schema\/person\/image\/\",\"url\":\"https:\/\/secure.gravatar.com\/avatar\/a58041c6cea9128bd9c40ee2f26d4136?s=96&d=blank&r=g\",\"contentUrl\":\"https:\/\/secure.gravatar.com\/avatar\/a58041c6cea9128bd9c40ee2f26d4136?s=96&d=blank&r=g\",\"caption\":\"Jonathan Broberg\"},\"sameAs\":[\"https:\/\/www.facebook.com\/jonathan.broberg.7\"],\"url\":\"https:\/\/www.budokampsport.se\/author\/jonathan\/\"}]}<\/script>\n<!-- \/ Yoast SEO plugin. -->","yoast_head_json":{"title":"Jujutsu-profiler v\u00e4ljs in i Hall of fame - Svenska Budo &amp; Kampsportsf\u00f6rbundet","description":"Martin Ingholt och Isabelle Sarfati har valts in i jujutsuns Hall of fame. B\u00e5da har varit ut\u00f6vare p\u00e5 h\u00f6gsta niv\u00e5 och flera g\u00e5nger representerat","robots":{"index":"index","follow":"follow","max-snippet":"max-snippet:-1","max-image-preview":"max-image-preview:large","max-video-preview":"max-video-preview:-1"},"canonical":"https:\/\/www.budokampsport.se\/2015\/06\/24\/jujutsu-profiler-valjs-in-i-hall-of-fame\/","og_locale":"sv_SE","og_type":"article","og_title":"Jujutsu-profiler v\u00e4ljs in i Hall of fame - Svenska Budo &amp; Kampsportsf\u00f6rbundet","og_description":"Martin Ingholt och Isabelle Sarfati har valts in i jujutsuns Hall of fame. B\u00e5da har varit ut\u00f6vare p\u00e5 h\u00f6gsta niv\u00e5 och flera g\u00e5nger representerat","og_url":"https:\/\/www.budokampsport.se\/2015\/06\/24\/jujutsu-profiler-valjs-in-i-hall-of-fame\/","og_site_name":"Svenska Budo &amp; Kampsportsf\u00f6rbundet","article_author":"https:\/\/www.facebook.com\/jonathan.broberg.7","article_published_time":"2015-06-24T07:19:23+00:00","article_modified_time":"2016-12-06T21:38:51+00:00","author":"Jonathan Broberg","twitter_card":"summary_large_image","twitter_misc":{"Skriven av":"Jonathan Broberg","Ber\u00e4knad l\u00e4stid":"1 minut"},"schema":{"@context":"https:\/\/schema.org","@graph":[{"@type":"Article","@id":"https:\/\/www.budokampsport.se\/2015\/06\/24\/jujutsu-profiler-valjs-in-i-hall-of-fame\/#article","isPartOf":{"@id":"https:\/\/www.budokampsport.se\/2015\/06\/24\/jujutsu-profiler-valjs-in-i-hall-of-fame\/"},"author":{"name":"Jonathan Broberg","@id":"https:\/\/www.budokampsport.se\/#\/schema\/person\/5c06d81d14850e2a8ce5493386560145"},"headline":"Jujutsu-profiler v\u00e4ljs in i Hall of fame","datePublished":"2015-06-24T07:19:23+00:00","dateModified":"2016-12-06T21:38:51+00:00","mainEntityOfPage":{"@id":"https:\/\/www.budokampsport.se\/2015\/06\/24\/jujutsu-profiler-valjs-in-i-hall-of-fame\/"},"wordCount":246,"inLanguage":"sv-SE"},{"@type":"WebPage","@id":"https:\/\/www.budokampsport.se\/2015\/06\/24\/jujutsu-profiler-valjs-in-i-hall-of-fame\/","url":"https:\/\/www.budokampsport.se\/2015\/06\/24\/jujutsu-profiler-valjs-in-i-hall-of-fame\/","name":"Jujutsu-profiler v\u00e4ljs in i Hall of fame - Svenska Budo &amp; Kampsportsf\u00f6rbundet","isPartOf":{"@id":"https:\/\/www.budokampsport.se\/#website"},"datePublished":"2015-06-24T07:19:23+00:00","dateModified":"2016-12-06T21:38:51+00:00","author":{"@id":"https:\/\/www.budokampsport.se\/#\/schema\/person\/5c06d81d14850e2a8ce5493386560145"},"description":"Martin Ingholt och Isabelle Sarfati har valts in i jujutsuns Hall of fame. B\u00e5da har varit ut\u00f6vare p\u00e5 h\u00f6gsta niv\u00e5 och flera g\u00e5nger representerat","breadcrumb":{"@id":"https:\/\/www.budokampsport.se\/2015\/06\/24\/jujutsu-profiler-valjs-in-i-hall-of-fame\/#breadcrumb"},"inLanguage":"sv-SE","potentialAction":[{"@type":"ReadAction","target":["https:\/\/www.budokampsport.se\/2015\/06\/24\/jujutsu-profiler-valjs-in-i-hall-of-fame\/"]}]},{"@type":"BreadcrumbList","@id":"https:\/\/www.budokampsport.se\/2015\/06\/24\/jujutsu-profiler-valjs-in-i-hall-of-fame\/#breadcrumb","itemListElement":[{"@type":"ListItem","position":1,"name":"Hem","item":"https:\/\/www.budokampsport.se\/"},{"@type":"ListItem","position":2,"name":"Jujutsu-profiler v\u00e4ljs in i Hall of fame"}]},{"@type":"WebSite","@id":"https:\/\/www.budokampsport.se\/#website","url":"https:\/\/www.budokampsport.se\/","name":"Svenska Budo &amp; Kampsportsf\u00f6rbundet","description":"T\u00e4vling, Tr\u00e4ning, Tradition","potentialAction":[{"@type":"SearchAction","target":{"@type":"EntryPoint","urlTemplate":"https:\/\/www.budokampsport.se\/?s={search_term_string}"},"query-input":{"@type":"PropertyValueSpecification","valueRequired":true,"valueName":"search_term_string"}}],"inLanguage":"sv-SE"},{"@type":"Person","@id":"https:\/\/www.budokampsport.se\/#\/schema\/person\/5c06d81d14850e2a8ce5493386560145","name":"Jonathan Broberg","image":{"@type":"ImageObject","inLanguage":"sv-SE","@id":"https:\/\/www.budokampsport.se\/#\/schema\/person\/image\/","url":"https:\/\/secure.gravatar.com\/avatar\/a58041c6cea9128bd9c40ee2f26d4136?s=96&d=blank&r=g","contentUrl":"https:\/\/secure.gravatar.com\/avatar\/a58041c6cea9128bd9c40ee2f26d4136?s=96&d=blank&r=g","caption":"Jonathan Broberg"},"sameAs":["https:\/\/www.facebook.com\/jonathan.broberg.7"],"url":"https:\/\/www.budokampsport.se\/author\/jonathan\/"}]}},"_links":{"self":[{"href":"https:\/\/www.budokampsport.se\/api\/wp\/v2\/posts\/5473","targetHints":{"allow":["GET"]}}],"collection":[{"href":"https:\/\/www.budokampsport.se\/api\/wp\/v2\/posts"}],"about":[{"href":"https:\/\/www.budokampsport.se\/api\/wp\/v2\/types\/post"}],"author":[{"embeddable":true,"href":"https:\/\/www.budokampsport.se\/api\/wp\/v2\/users\/7"}],"replies":[{"embeddable":true,"href":"https:\/\/www.budokampsport.se\/api\/wp\/v2\/comments?post=5473"}],"version-history":[{"count":0,"href":"https:\/\/www.budokampsport.se\/api\/wp\/v2\/posts\/5473\/revisions"}],"wp:attachment":[{"href":"https:\/\/www.budokampsport.se\/api\/wp\/v2\/media?parent=5473"}],"wp:term":[{"taxonomy":"category","embeddable":true,"href":"https:\/\/www.budokampsport.se\/api\/wp\/v2\/categories?post=5473"},{"taxonomy":"post_tag","embeddable":true,"href":"https:\/\/www.budokampsport.se\/api\/wp\/v2\/tags?post=5473"}],"curies":[{"name":"wp","href":"https:\/\/api.w.org\/{rel}","templated":true}]}}