{"id":5474,"date":"2015-06-24T14:27:54","date_gmt":"2015-06-24T12:27:54","guid":{"rendered":"http:\/\/budo.wordpress.dev\/2015\/06\/24\/invictadebuten-bara-tva-veckor-bort-for-pannie-kianzad\/"},"modified":"2016-12-06T22:38:51","modified_gmt":"2016-12-06T21:38:51","slug":"invictadebuten-bara-tva-veckor-bort-for-pannie-kianzad","status":"publish","type":"post","link":"https:\/\/www.budokampsport.se\/2015\/06\/24\/invictadebuten-bara-tva-veckor-bort-for-pannie-kianzad\/","title":{"rendered":"Invictadebuten bara tv\u00e5 veckor bort f\u00f6r Pannie Kianzad"},"content":{"rendered":"<p><strong><img decoding=\"async\" alt=\"\" src=\"\/sites\/default\/files\/pannie_tva.gif\" style=\"height:290px; width:435px\"><br \/>Allt medan semestertider sveper in i allt h\u00f6gre frekvens \u00e4r det full syssels\u00e4ttning f\u00f6r Sveriges st\u00f6rsta kvinnliga MMA-stj\u00e4rna Pannie Kianzad. Debutmatchen i den m\u00e4ktiga organisationen Invicta st\u00e5r f\u00f6r d\u00f6rren, endast tv\u00e5 veckor bort.<br \/>\u00a0\u00a0 &#8211; Allt k\u00e4nns bra, formen, vikten. Jag kommer vara s\u00e5 redo, s\u00e4ger hon till budokampsport.se.<\/strong><!--break--><\/p>\n<p>Ifjol slog Pannie Kianzad igenom med dunder och brak i MMA-v\u00e4rlden. Hennes titelseger i Cage Warriors blev en milstolpe, inte enbart f\u00f6r Kianzad sj\u00e4lv utan f\u00f6r svensk MMA.<\/p>\n<p>I v\u00e5ras skrev hon p\u00e5 f\u00f6r Invicta, den st\u00f6rsta organisationen i MMA f\u00f6r kvinnor f\u00f6rutom UFC:s damdivisioner. Och om tv\u00e5 veckor kliver Pannie in i Invictaburen f\u00f6r f\u00f6rsta g\u00e5ngen \u2013 p\u00e5 The Cosmopolitan i Las Vegas.<br \/>\u00a0\u00a0 &#8211; Klart det k\u00e4nns h\u00e4ftigt och stort att vara med p\u00e5 ett s\u00e5dant tungt matchkort, med tv\u00e5 titelmatcher. Samtidigt har jag skaffat p\u00e5 mig erfarenheter i Europa och k\u00e4nner ingen st\u00f6rre press, det ska bli kul.<\/p>\n<p>23-\u00e5riga Pannie Kianzad har hunnit med sju professionella MMA-matcher. Samtliga har hon vunnit. Motst\u00e5ndaren i Las Vegas, Jessica Rose-Clark har vunnit fem matcher och f\u00f6rlorat en.<br \/>\u00a0\u00a0 &#8211; Hon gillar att brottas och grisa och s\u00e5, men \u00e4r heller inte r\u00e4dd f\u00f6r att ta matcher st\u00e5ende. Hon har vunnit \u00f6ver meriterat motst\u00e5nd och, ja, det k\u00e4nns som det blir ett bra namn att vinna mot.<\/p>\n<p>Pannie g\u00e5r nu in i sista sparringveckan inf\u00f6r matchen, och tar hj\u00e4lp av amat\u00f6rlandslagets VM-aktuella Cornelia Holm.<br \/>\u00a0\u00a0 &#8211; Ja, det blir en tuff och bra sparringpartner och jag \u00e4r v\u00e4ldigt tacksam \u00f6ver att hon vill hj\u00e4lpa till och sparras lite. Jag uppskattar det verkligen.<\/p>\n<p><strong>&#8220;S\u00e5 klart stolt&#8221;<\/strong><br \/>L\u00e4nge har Pannies blickar varit riktade mot Invicta. Nu n\u00e4r hon snart ska debutera i organisationen t\u00f6rstar hon \u00e4nd\u00e5 efter fler st\u00f6rre utmaningar.<br \/>\u00a0\u00a0 &#8211; Jag \u00e4r kvar i Invicta s\u00e5 l\u00e4nge som folk vill att jag ska vara det. Jag \u00e4r s\u00e5 klart stolt \u00f6ver att vara h\u00e4r, men samtidigt \u00e4r jag inte n\u00f6jd. Jag vill n\u00e5 l\u00e4ngre \u00e4n s\u00e5 h\u00e4r. Jag vet faktiskt inte vad som h\u00e4nder om jag skulle vinna den h\u00e4r matchen, och det g\u00f6r det hela \u00e4nnu mer sp\u00e4nnande.<\/p>\n<p><img decoding=\"async\" alt=\"\" src=\"\/sites\/default\/files\/pannie_0.gif\" style=\"height:290px; width:435px\"><\/p>\n<p>Text: Jonathan Broberg<br \/>Foto: Hamid Ershad Sarabi<\/p>\n","protected":false},"excerpt":{"rendered":"<p>Allt medan semestertider sveper in i allt h\u00f6gre frekvens \u00e4r [&#8230;]<\/p><br>","protected":false},"author":7,"featured_media":0,"comment_status":"closed","ping_status":"closed","sticky":false,"template":"","format":"standard","meta":{"_acf_changed":false,"footnotes":""},"categories":[1],"tags":[],"class_list":["post-5474","post","type-post","status-publish","format-standard","hentry","category-okategoriserade"],"acf":[],"yoast_head":"<!-- This site is optimized with the Yoast SEO plugin v26.8 - https:\/\/yoast.com\/product\/yoast-seo-wordpress\/ -->\n<title>Invictadebuten bara tv\u00e5 veckor bort f\u00f6r Pannie Kianzad - Svenska Budo &amp; Kampsportsf\u00f6rbundet<\/title>\n<meta name=\"description\" content=\"Allt medan semestertider sveper in i allt h\u00f6gre frekvens \u00e4r det full syssels\u00e4ttning f\u00f6r Sveriges st\u00f6rsta kvinnliga MMA-stj\u00e4rna Pannie Kianzad.\" \/>\n<meta name=\"robots\" content=\"index, follow, max-snippet:-1, max-image-preview:large, max-video-preview:-1\" \/>\n<link rel=\"canonical\" href=\"https:\/\/www.budokampsport.se\/2015\/06\/24\/invictadebuten-bara-tva-veckor-bort-for-pannie-kianzad\/\" \/>\n<meta property=\"og:locale\" content=\"sv_SE\" \/>\n<meta property=\"og:type\" content=\"article\" \/>\n<meta property=\"og:title\" content=\"Invictadebuten bara tv\u00e5 veckor bort f\u00f6r Pannie Kianzad - Svenska Budo &amp; Kampsportsf\u00f6rbundet\" \/>\n<meta property=\"og:description\" content=\"Allt medan semestertider sveper in i allt h\u00f6gre frekvens \u00e4r det full syssels\u00e4ttning f\u00f6r Sveriges st\u00f6rsta kvinnliga MMA-stj\u00e4rna Pannie Kianzad.\" \/>\n<meta property=\"og:url\" content=\"https:\/\/www.budokampsport.se\/2015\/06\/24\/invictadebuten-bara-tva-veckor-bort-for-pannie-kianzad\/\" \/>\n<meta property=\"og:site_name\" content=\"Svenska Budo &amp; Kampsportsf\u00f6rbundet\" \/>\n<meta property=\"article:author\" content=\"https:\/\/www.facebook.com\/jonathan.broberg.7\" \/>\n<meta property=\"article:published_time\" content=\"2015-06-24T12:27:54+00:00\" \/>\n<meta property=\"article:modified_time\" content=\"2016-12-06T21:38:51+00:00\" \/>\n<meta name=\"author\" content=\"Jonathan Broberg\" \/>\n<meta name=\"twitter:card\" content=\"summary_large_image\" \/>\n<meta name=\"twitter:label1\" content=\"Skriven av\" \/>\n\t<meta name=\"twitter:data1\" content=\"Jonathan Broberg\" \/>\n\t<meta name=\"twitter:label2\" content=\"Ber\u00e4knad l\u00e4stid\" \/>\n\t<meta name=\"twitter:data2\" content=\"2 minuter\" \/>\n<script type=\"application\/ld+json\" class=\"yoast-schema-graph\">{\"@context\":\"https:\/\/schema.org\",\"@graph\":[{\"@type\":\"Article\",\"@id\":\"https:\/\/www.budokampsport.se\/2015\/06\/24\/invictadebuten-bara-tva-veckor-bort-for-pannie-kianzad\/#article\",\"isPartOf\":{\"@id\":\"https:\/\/www.budokampsport.se\/2015\/06\/24\/invictadebuten-bara-tva-veckor-bort-for-pannie-kianzad\/\"},\"author\":{\"name\":\"Jonathan Broberg\",\"@id\":\"https:\/\/www.budokampsport.se\/#\/schema\/person\/5c06d81d14850e2a8ce5493386560145\"},\"headline\":\"Invictadebuten bara tv\u00e5 veckor bort f\u00f6r Pannie Kianzad\",\"datePublished\":\"2015-06-24T12:27:54+00:00\",\"dateModified\":\"2016-12-06T21:38:51+00:00\",\"mainEntityOfPage\":{\"@id\":\"https:\/\/www.budokampsport.se\/2015\/06\/24\/invictadebuten-bara-tva-veckor-bort-for-pannie-kianzad\/\"},\"wordCount\":413,\"inLanguage\":\"sv-SE\"},{\"@type\":\"WebPage\",\"@id\":\"https:\/\/www.budokampsport.se\/2015\/06\/24\/invictadebuten-bara-tva-veckor-bort-for-pannie-kianzad\/\",\"url\":\"https:\/\/www.budokampsport.se\/2015\/06\/24\/invictadebuten-bara-tva-veckor-bort-for-pannie-kianzad\/\",\"name\":\"Invictadebuten bara tv\u00e5 veckor bort f\u00f6r Pannie Kianzad - Svenska Budo &amp; Kampsportsf\u00f6rbundet\",\"isPartOf\":{\"@id\":\"https:\/\/www.budokampsport.se\/#website\"},\"datePublished\":\"2015-06-24T12:27:54+00:00\",\"dateModified\":\"2016-12-06T21:38:51+00:00\",\"author\":{\"@id\":\"https:\/\/www.budokampsport.se\/#\/schema\/person\/5c06d81d14850e2a8ce5493386560145\"},\"description\":\"Allt medan semestertider sveper in i allt h\u00f6gre frekvens \u00e4r det full syssels\u00e4ttning f\u00f6r Sveriges st\u00f6rsta kvinnliga MMA-stj\u00e4rna Pannie Kianzad.\",\"breadcrumb\":{\"@id\":\"https:\/\/www.budokampsport.se\/2015\/06\/24\/invictadebuten-bara-tva-veckor-bort-for-pannie-kianzad\/#breadcrumb\"},\"inLanguage\":\"sv-SE\",\"potentialAction\":[{\"@type\":\"ReadAction\",\"target\":[\"https:\/\/www.budokampsport.se\/2015\/06\/24\/invictadebuten-bara-tva-veckor-bort-for-pannie-kianzad\/\"]}]},{\"@type\":\"BreadcrumbList\",\"@id\":\"https:\/\/www.budokampsport.se\/2015\/06\/24\/invictadebuten-bara-tva-veckor-bort-for-pannie-kianzad\/#breadcrumb\",\"itemListElement\":[{\"@type\":\"ListItem\",\"position\":1,\"name\":\"Hem\",\"item\":\"https:\/\/www.budokampsport.se\/\"},{\"@type\":\"ListItem\",\"position\":2,\"name\":\"Invictadebuten bara tv\u00e5 veckor bort f\u00f6r Pannie Kianzad\"}]},{\"@type\":\"WebSite\",\"@id\":\"https:\/\/www.budokampsport.se\/#website\",\"url\":\"https:\/\/www.budokampsport.se\/\",\"name\":\"Svenska Budo &amp; Kampsportsf\u00f6rbundet\",\"description\":\"T\u00e4vling, Tr\u00e4ning, Tradition\",\"potentialAction\":[{\"@type\":\"SearchAction\",\"target\":{\"@type\":\"EntryPoint\",\"urlTemplate\":\"https:\/\/www.budokampsport.se\/?s={search_term_string}\"},\"query-input\":{\"@type\":\"PropertyValueSpecification\",\"valueRequired\":true,\"valueName\":\"search_term_string\"}}],\"inLanguage\":\"sv-SE\"},{\"@type\":\"Person\",\"@id\":\"https:\/\/www.budokampsport.se\/#\/schema\/person\/5c06d81d14850e2a8ce5493386560145\",\"name\":\"Jonathan Broberg\",\"image\":{\"@type\":\"ImageObject\",\"inLanguage\":\"sv-SE\",\"@id\":\"https:\/\/www.budokampsport.se\/#\/schema\/person\/image\/\",\"url\":\"https:\/\/secure.gravatar.com\/avatar\/a58041c6cea9128bd9c40ee2f26d4136?s=96&d=blank&r=g\",\"contentUrl\":\"https:\/\/secure.gravatar.com\/avatar\/a58041c6cea9128bd9c40ee2f26d4136?s=96&d=blank&r=g\",\"caption\":\"Jonathan Broberg\"},\"sameAs\":[\"https:\/\/www.facebook.com\/jonathan.broberg.7\"],\"url\":\"https:\/\/www.budokampsport.se\/author\/jonathan\/\"}]}<\/script>\n<!-- \/ Yoast SEO plugin. -->","yoast_head_json":{"title":"Invictadebuten bara tv\u00e5 veckor bort f\u00f6r Pannie Kianzad - Svenska Budo &amp; Kampsportsf\u00f6rbundet","description":"Allt medan semestertider sveper in i allt h\u00f6gre frekvens \u00e4r det full syssels\u00e4ttning f\u00f6r Sveriges st\u00f6rsta kvinnliga MMA-stj\u00e4rna Pannie Kianzad.","robots":{"index":"index","follow":"follow","max-snippet":"max-snippet:-1","max-image-preview":"max-image-preview:large","max-video-preview":"max-video-preview:-1"},"canonical":"https:\/\/www.budokampsport.se\/2015\/06\/24\/invictadebuten-bara-tva-veckor-bort-for-pannie-kianzad\/","og_locale":"sv_SE","og_type":"article","og_title":"Invictadebuten bara tv\u00e5 veckor bort f\u00f6r Pannie Kianzad - Svenska Budo &amp; Kampsportsf\u00f6rbundet","og_description":"Allt medan semestertider sveper in i allt h\u00f6gre frekvens \u00e4r det full syssels\u00e4ttning f\u00f6r Sveriges st\u00f6rsta kvinnliga MMA-stj\u00e4rna Pannie Kianzad.","og_url":"https:\/\/www.budokampsport.se\/2015\/06\/24\/invictadebuten-bara-tva-veckor-bort-for-pannie-kianzad\/","og_site_name":"Svenska Budo &amp; Kampsportsf\u00f6rbundet","article_author":"https:\/\/www.facebook.com\/jonathan.broberg.7","article_published_time":"2015-06-24T12:27:54+00:00","article_modified_time":"2016-12-06T21:38:51+00:00","author":"Jonathan Broberg","twitter_card":"summary_large_image","twitter_misc":{"Skriven av":"Jonathan Broberg","Ber\u00e4knad l\u00e4stid":"2 minuter"},"schema":{"@context":"https:\/\/schema.org","@graph":[{"@type":"Article","@id":"https:\/\/www.budokampsport.se\/2015\/06\/24\/invictadebuten-bara-tva-veckor-bort-for-pannie-kianzad\/#article","isPartOf":{"@id":"https:\/\/www.budokampsport.se\/2015\/06\/24\/invictadebuten-bara-tva-veckor-bort-for-pannie-kianzad\/"},"author":{"name":"Jonathan Broberg","@id":"https:\/\/www.budokampsport.se\/#\/schema\/person\/5c06d81d14850e2a8ce5493386560145"},"headline":"Invictadebuten bara tv\u00e5 veckor bort f\u00f6r Pannie Kianzad","datePublished":"2015-06-24T12:27:54+00:00","dateModified":"2016-12-06T21:38:51+00:00","mainEntityOfPage":{"@id":"https:\/\/www.budokampsport.se\/2015\/06\/24\/invictadebuten-bara-tva-veckor-bort-for-pannie-kianzad\/"},"wordCount":413,"inLanguage":"sv-SE"},{"@type":"WebPage","@id":"https:\/\/www.budokampsport.se\/2015\/06\/24\/invictadebuten-bara-tva-veckor-bort-for-pannie-kianzad\/","url":"https:\/\/www.budokampsport.se\/2015\/06\/24\/invictadebuten-bara-tva-veckor-bort-for-pannie-kianzad\/","name":"Invictadebuten bara tv\u00e5 veckor bort f\u00f6r Pannie Kianzad - Svenska Budo &amp; Kampsportsf\u00f6rbundet","isPartOf":{"@id":"https:\/\/www.budokampsport.se\/#website"},"datePublished":"2015-06-24T12:27:54+00:00","dateModified":"2016-12-06T21:38:51+00:00","author":{"@id":"https:\/\/www.budokampsport.se\/#\/schema\/person\/5c06d81d14850e2a8ce5493386560145"},"description":"Allt medan semestertider sveper in i allt h\u00f6gre frekvens \u00e4r det full syssels\u00e4ttning f\u00f6r Sveriges st\u00f6rsta kvinnliga MMA-stj\u00e4rna Pannie Kianzad.","breadcrumb":{"@id":"https:\/\/www.budokampsport.se\/2015\/06\/24\/invictadebuten-bara-tva-veckor-bort-for-pannie-kianzad\/#breadcrumb"},"inLanguage":"sv-SE","potentialAction":[{"@type":"ReadAction","target":["https:\/\/www.budokampsport.se\/2015\/06\/24\/invictadebuten-bara-tva-veckor-bort-for-pannie-kianzad\/"]}]},{"@type":"BreadcrumbList","@id":"https:\/\/www.budokampsport.se\/2015\/06\/24\/invictadebuten-bara-tva-veckor-bort-for-pannie-kianzad\/#breadcrumb","itemListElement":[{"@type":"ListItem","position":1,"name":"Hem","item":"https:\/\/www.budokampsport.se\/"},{"@type":"ListItem","position":2,"name":"Invictadebuten bara tv\u00e5 veckor bort f\u00f6r Pannie Kianzad"}]},{"@type":"WebSite","@id":"https:\/\/www.budokampsport.se\/#website","url":"https:\/\/www.budokampsport.se\/","name":"Svenska Budo &amp; Kampsportsf\u00f6rbundet","description":"T\u00e4vling, Tr\u00e4ning, Tradition","potentialAction":[{"@type":"SearchAction","target":{"@type":"EntryPoint","urlTemplate":"https:\/\/www.budokampsport.se\/?s={search_term_string}"},"query-input":{"@type":"PropertyValueSpecification","valueRequired":true,"valueName":"search_term_string"}}],"inLanguage":"sv-SE"},{"@type":"Person","@id":"https:\/\/www.budokampsport.se\/#\/schema\/person\/5c06d81d14850e2a8ce5493386560145","name":"Jonathan Broberg","image":{"@type":"ImageObject","inLanguage":"sv-SE","@id":"https:\/\/www.budokampsport.se\/#\/schema\/person\/image\/","url":"https:\/\/secure.gravatar.com\/avatar\/a58041c6cea9128bd9c40ee2f26d4136?s=96&d=blank&r=g","contentUrl":"https:\/\/secure.gravatar.com\/avatar\/a58041c6cea9128bd9c40ee2f26d4136?s=96&d=blank&r=g","caption":"Jonathan Broberg"},"sameAs":["https:\/\/www.facebook.com\/jonathan.broberg.7"],"url":"https:\/\/www.budokampsport.se\/author\/jonathan\/"}]}},"_links":{"self":[{"href":"https:\/\/www.budokampsport.se\/api\/wp\/v2\/posts\/5474","targetHints":{"allow":["GET"]}}],"collection":[{"href":"https:\/\/www.budokampsport.se\/api\/wp\/v2\/posts"}],"about":[{"href":"https:\/\/www.budokampsport.se\/api\/wp\/v2\/types\/post"}],"author":[{"embeddable":true,"href":"https:\/\/www.budokampsport.se\/api\/wp\/v2\/users\/7"}],"replies":[{"embeddable":true,"href":"https:\/\/www.budokampsport.se\/api\/wp\/v2\/comments?post=5474"}],"version-history":[{"count":0,"href":"https:\/\/www.budokampsport.se\/api\/wp\/v2\/posts\/5474\/revisions"}],"wp:attachment":[{"href":"https:\/\/www.budokampsport.se\/api\/wp\/v2\/media?parent=5474"}],"wp:term":[{"taxonomy":"category","embeddable":true,"href":"https:\/\/www.budokampsport.se\/api\/wp\/v2\/categories?post=5474"},{"taxonomy":"post_tag","embeddable":true,"href":"https:\/\/www.budokampsport.se\/api\/wp\/v2\/tags?post=5474"}],"curies":[{"name":"wp","href":"https:\/\/api.w.org\/{rel}","templated":true}]}}