{"id":5491,"date":"2015-08-03T10:16:39","date_gmt":"2015-08-03T08:16:39","guid":{"rendered":"http:\/\/budo.wordpress.dev\/2015\/08\/03\/therese-gunnarsson-suktar-efter-kommande-world-cup\/"},"modified":"2016-12-06T22:38:55","modified_gmt":"2016-12-06T21:38:55","slug":"therese-gunnarsson-suktar-efter-kommande-world-cup","status":"publish","type":"post","link":"https:\/\/www.budokampsport.se\/2015\/08\/03\/therese-gunnarsson-suktar-efter-kommande-world-cup\/","title":{"rendered":"Therese Gunnarsson suktar efter kommande World Cup"},"content":{"rendered":"<p><strong><img decoding=\"async\" alt=\"\" src=\"\/sites\/default\/files\/therese_gunnarsson.gif\" style=\"height:264px; width:435px\"><br \/>Det \u00e4r ett par veckor kvar till det som beskrivs som den st\u00f6rsta thaiboxningst\u00e4vlingen hittills; World cup i Bangkok blir n\u00e5got ut\u00f6ver det vanliga. F\u00f6r Therese Gunnarsson inneb\u00e4r m\u00e4sterskapet en liten comeback i landslaget, som hon senast representerade 2010.<br \/>\u00a0\u00a0 &#8211; Det ska bli hur kul som helst, en h\u00e4rlig upplevelse, s\u00e4ger hon till budokampsport.se.<\/strong><!--break--><\/p>\n<p>Therese Gunnarsson \u00e4r regerande v\u00e4rldsm\u00e4starinna i kickboxning, men har de senaste \u00e5ren fokuserat helt p\u00e5 thaiboxning.<\/p>\n<p>\u00d6verg\u00e5ngen idrotterna emellan har inte alltid varit sm\u00e4rtfri f\u00f6r henne men efter sitt klubbyte till Halmstad Muaythai har den 31-\u00e5riga sk\u00e5nskan f\u00e5tt fart p\u00e5 karri\u00e4ren igen.<\/p>\n<p><strong>&#8220;Vill bli b\u00e4st i v\u00e4rlden&#8221;<\/strong><br \/>I vintras vann hon SM-guld p\u00e5 ett imponerande s\u00e4tt och det blev med tydlighet klart f\u00f6r de flesta att Gunnarsson har hittat sin thaistil.<br \/>\u00a0\u00a0 &#8211; Jag k\u00e4nner sj\u00e4lv att jag har utvecklats v\u00e4ldigt mycket de senaste \u00e5ren och nu f\u00e5r jag min chans att vara med landslaget igen, och det \u00e4r sk\u00f6nt. Men jag vill bli b\u00e4st, inte bara i Sverige utan i v\u00e4rlden, och d\u00e5 beh\u00f6ver jag bli ytterligare b\u00e4ttre p\u00e5 det mesta.<\/p>\n<p>N\u00e4r svenska kendolandslaget i v\u00e5ras \u00e5kte till Tokyo f\u00f6r VM vittnade m\u00e5nga i landslaget att det var det st\u00f6rsta som kunde h\u00e4nda, att f\u00e5 t\u00e4vla i sj\u00e4lva hj\u00e4rtat av verksamheten. Lite s\u00e5 \u00e4r det nu ocks\u00e5 f\u00f6r thaiboxningen, menar Gunnarsson.<br \/>\u00a0\u00a0 &#8211; Det kan ju inte bli mer thaiboxning \u00e4n ett m\u00e4sterskap i Thailand. Det verkar vara ett stort intresse f\u00f6r World cup i Thailand ocks\u00e5, b\u00e5de fr\u00e5n kungahuset och fr\u00e5n thail\u00e4ndarna s\u00e5 det blir h\u00e4ftigt att f\u00e5 uppleva detta.<\/p>\n<p>Men att t\u00e4vlingens inramning skulle inneb\u00e4ra en extra press p\u00e5 att prestera h\u00e5ller inte Therese med om, ist\u00e4llet ser hon det som en extra krydda.<br \/>\u00a0\u00a0 &#8211; F\u00f6r min del finns det inget negativt i att ett m\u00e4sterskap blir uppm\u00e4rksammat eller att idrotten p\u00e5 s\u00e4tt och vis kommer hem, det \u00e4r bara v\u00e4ldigt inspirerande och roligt.<\/p>\n<p><strong>Tunga profiler har hj\u00e4lpt till med tr\u00e4ningsuppl\u00e4gget<\/strong><br \/>Hon har tr\u00e4nat h\u00e5rt i \u00e5tta veckor. Bland annat efter ett tr\u00e4ningsuppl\u00e4gg fr\u00e5n den forna v\u00e4rldsm\u00e4staren i kickboxning Mikael B\u00e4ckstr\u00f6m och samt hj\u00e4lp med att f\u00f6rb\u00e4ttra fysiken fr\u00e5n hennes fystr\u00e4nare Hannu Vilmi, och k\u00e4nner sig redo f\u00f6r avresa mot Thailand.<br \/>\u00a0\u00a0 &#8211; Jag \u00e4r i god form och jag har tr\u00e4nat v\u00e4ldigt h\u00e5rt den senaste tiden, mycket thaiboxningstr\u00e4ning om man s\u00e4ger s\u00e5 p\u00e5 klubben. Jag \u00e5ker till Thailand p\u00e5 l\u00f6rdag och d\u00e4r v\u00e4ntar en vecka till av h\u00e5rd tr\u00e4ning f\u00f6r att spetsa till formen.<\/p>\n<p><img decoding=\"async\" alt=\"\" src=\"\/sites\/default\/files\/therese_gunanrsson_igen.gif\" style=\"height:290px; width:435px\"><\/p>\n<p>World cup \u00e4r en stor h\u00e4ndelse f\u00f6r Therese, som har en diger meritf\u00f6rteckning av stora kampsportsmatcher redan innan, men det stora m\u00e5let \u00e4r VM p\u00e5 hemmaplan n\u00e4sta \u00e5r.<br \/>\u00a0\u00a0 &#8211; Att f\u00e5 m\u00f6jlighet att bli b\u00e4st i v\u00e4rlden p\u00e5 hemmaplan \u00e4r det h\u00e4ftigaste man kan t\u00e4nka sig, det vore n\u00e5got helt otroligt.<\/p>\n<p>Text och foto: Jonathan Broberg<\/p>\n","protected":false},"excerpt":{"rendered":"<p>Det \u00e4r ett par veckor kvar till det som beskrivs [&#8230;]<\/p><br>","protected":false},"author":7,"featured_media":0,"comment_status":"closed","ping_status":"closed","sticky":false,"template":"","format":"standard","meta":{"_acf_changed":false,"footnotes":""},"categories":[1],"tags":[],"class_list":["post-5491","post","type-post","status-publish","format-standard","hentry","category-okategoriserade"],"acf":[],"yoast_head":"<!-- This site is optimized with the Yoast SEO plugin v26.8 - https:\/\/yoast.com\/product\/yoast-seo-wordpress\/ -->\n<title>Therese Gunnarsson suktar efter kommande World Cup - Svenska Budo &amp; Kampsportsf\u00f6rbundet<\/title>\n<meta name=\"description\" content=\"Det \u00e4r ett par veckor kvar till det som beskrivs som den st\u00f6rsta thaiboxningst\u00e4vlingen hittills; World cup i Bangkok blir n\u00e5got ut\u00f6ver det vanliga. F\u00f6r\" \/>\n<meta name=\"robots\" content=\"index, follow, max-snippet:-1, max-image-preview:large, max-video-preview:-1\" \/>\n<link rel=\"canonical\" href=\"https:\/\/www.budokampsport.se\/2015\/08\/03\/therese-gunnarsson-suktar-efter-kommande-world-cup\/\" \/>\n<meta property=\"og:locale\" content=\"sv_SE\" \/>\n<meta property=\"og:type\" content=\"article\" \/>\n<meta property=\"og:title\" content=\"Therese Gunnarsson suktar efter kommande World Cup - Svenska Budo &amp; Kampsportsf\u00f6rbundet\" \/>\n<meta property=\"og:description\" content=\"Det \u00e4r ett par veckor kvar till det som beskrivs som den st\u00f6rsta thaiboxningst\u00e4vlingen hittills; World cup i Bangkok blir n\u00e5got ut\u00f6ver det vanliga. F\u00f6r\" \/>\n<meta property=\"og:url\" content=\"https:\/\/www.budokampsport.se\/2015\/08\/03\/therese-gunnarsson-suktar-efter-kommande-world-cup\/\" \/>\n<meta property=\"og:site_name\" content=\"Svenska Budo &amp; Kampsportsf\u00f6rbundet\" \/>\n<meta property=\"article:author\" content=\"https:\/\/www.facebook.com\/jonathan.broberg.7\" \/>\n<meta property=\"article:published_time\" content=\"2015-08-03T08:16:39+00:00\" \/>\n<meta property=\"article:modified_time\" content=\"2016-12-06T21:38:55+00:00\" \/>\n<meta name=\"author\" content=\"Jonathan Broberg\" \/>\n<meta name=\"twitter:card\" content=\"summary_large_image\" \/>\n<meta name=\"twitter:label1\" content=\"Skriven av\" \/>\n\t<meta name=\"twitter:data1\" content=\"Jonathan Broberg\" \/>\n\t<meta name=\"twitter:label2\" content=\"Ber\u00e4knad l\u00e4stid\" \/>\n\t<meta name=\"twitter:data2\" content=\"3 minuter\" \/>\n<script type=\"application\/ld+json\" class=\"yoast-schema-graph\">{\"@context\":\"https:\/\/schema.org\",\"@graph\":[{\"@type\":\"Article\",\"@id\":\"https:\/\/www.budokampsport.se\/2015\/08\/03\/therese-gunnarsson-suktar-efter-kommande-world-cup\/#article\",\"isPartOf\":{\"@id\":\"https:\/\/www.budokampsport.se\/2015\/08\/03\/therese-gunnarsson-suktar-efter-kommande-world-cup\/\"},\"author\":{\"name\":\"Jonathan Broberg\",\"@id\":\"https:\/\/www.budokampsport.se\/#\/schema\/person\/5c06d81d14850e2a8ce5493386560145\"},\"headline\":\"Therese Gunnarsson suktar efter kommande World Cup\",\"datePublished\":\"2015-08-03T08:16:39+00:00\",\"dateModified\":\"2016-12-06T21:38:55+00:00\",\"mainEntityOfPage\":{\"@id\":\"https:\/\/www.budokampsport.se\/2015\/08\/03\/therese-gunnarsson-suktar-efter-kommande-world-cup\/\"},\"wordCount\":560,\"inLanguage\":\"sv-SE\"},{\"@type\":\"WebPage\",\"@id\":\"https:\/\/www.budokampsport.se\/2015\/08\/03\/therese-gunnarsson-suktar-efter-kommande-world-cup\/\",\"url\":\"https:\/\/www.budokampsport.se\/2015\/08\/03\/therese-gunnarsson-suktar-efter-kommande-world-cup\/\",\"name\":\"Therese Gunnarsson suktar efter kommande World Cup - Svenska Budo &amp; Kampsportsf\u00f6rbundet\",\"isPartOf\":{\"@id\":\"https:\/\/www.budokampsport.se\/#website\"},\"datePublished\":\"2015-08-03T08:16:39+00:00\",\"dateModified\":\"2016-12-06T21:38:55+00:00\",\"author\":{\"@id\":\"https:\/\/www.budokampsport.se\/#\/schema\/person\/5c06d81d14850e2a8ce5493386560145\"},\"description\":\"Det \u00e4r ett par veckor kvar till det som beskrivs som den st\u00f6rsta thaiboxningst\u00e4vlingen hittills; World cup i Bangkok blir n\u00e5got ut\u00f6ver det vanliga. F\u00f6r\",\"breadcrumb\":{\"@id\":\"https:\/\/www.budokampsport.se\/2015\/08\/03\/therese-gunnarsson-suktar-efter-kommande-world-cup\/#breadcrumb\"},\"inLanguage\":\"sv-SE\",\"potentialAction\":[{\"@type\":\"ReadAction\",\"target\":[\"https:\/\/www.budokampsport.se\/2015\/08\/03\/therese-gunnarsson-suktar-efter-kommande-world-cup\/\"]}]},{\"@type\":\"BreadcrumbList\",\"@id\":\"https:\/\/www.budokampsport.se\/2015\/08\/03\/therese-gunnarsson-suktar-efter-kommande-world-cup\/#breadcrumb\",\"itemListElement\":[{\"@type\":\"ListItem\",\"position\":1,\"name\":\"Hem\",\"item\":\"https:\/\/www.budokampsport.se\/\"},{\"@type\":\"ListItem\",\"position\":2,\"name\":\"Therese Gunnarsson suktar efter kommande World Cup\"}]},{\"@type\":\"WebSite\",\"@id\":\"https:\/\/www.budokampsport.se\/#website\",\"url\":\"https:\/\/www.budokampsport.se\/\",\"name\":\"Svenska Budo &amp; Kampsportsf\u00f6rbundet\",\"description\":\"T\u00e4vling, Tr\u00e4ning, Tradition\",\"potentialAction\":[{\"@type\":\"SearchAction\",\"target\":{\"@type\":\"EntryPoint\",\"urlTemplate\":\"https:\/\/www.budokampsport.se\/?s={search_term_string}\"},\"query-input\":{\"@type\":\"PropertyValueSpecification\",\"valueRequired\":true,\"valueName\":\"search_term_string\"}}],\"inLanguage\":\"sv-SE\"},{\"@type\":\"Person\",\"@id\":\"https:\/\/www.budokampsport.se\/#\/schema\/person\/5c06d81d14850e2a8ce5493386560145\",\"name\":\"Jonathan Broberg\",\"image\":{\"@type\":\"ImageObject\",\"inLanguage\":\"sv-SE\",\"@id\":\"https:\/\/www.budokampsport.se\/#\/schema\/person\/image\/\",\"url\":\"https:\/\/secure.gravatar.com\/avatar\/a58041c6cea9128bd9c40ee2f26d4136?s=96&d=blank&r=g\",\"contentUrl\":\"https:\/\/secure.gravatar.com\/avatar\/a58041c6cea9128bd9c40ee2f26d4136?s=96&d=blank&r=g\",\"caption\":\"Jonathan Broberg\"},\"sameAs\":[\"https:\/\/www.facebook.com\/jonathan.broberg.7\"],\"url\":\"https:\/\/www.budokampsport.se\/author\/jonathan\/\"}]}<\/script>\n<!-- \/ Yoast SEO plugin. -->","yoast_head_json":{"title":"Therese Gunnarsson suktar efter kommande World Cup - Svenska Budo &amp; Kampsportsf\u00f6rbundet","description":"Det \u00e4r ett par veckor kvar till det som beskrivs som den st\u00f6rsta thaiboxningst\u00e4vlingen hittills; World cup i Bangkok blir n\u00e5got ut\u00f6ver det vanliga. F\u00f6r","robots":{"index":"index","follow":"follow","max-snippet":"max-snippet:-1","max-image-preview":"max-image-preview:large","max-video-preview":"max-video-preview:-1"},"canonical":"https:\/\/www.budokampsport.se\/2015\/08\/03\/therese-gunnarsson-suktar-efter-kommande-world-cup\/","og_locale":"sv_SE","og_type":"article","og_title":"Therese Gunnarsson suktar efter kommande World Cup - Svenska Budo &amp; Kampsportsf\u00f6rbundet","og_description":"Det \u00e4r ett par veckor kvar till det som beskrivs som den st\u00f6rsta thaiboxningst\u00e4vlingen hittills; World cup i Bangkok blir n\u00e5got ut\u00f6ver det vanliga. F\u00f6r","og_url":"https:\/\/www.budokampsport.se\/2015\/08\/03\/therese-gunnarsson-suktar-efter-kommande-world-cup\/","og_site_name":"Svenska Budo &amp; Kampsportsf\u00f6rbundet","article_author":"https:\/\/www.facebook.com\/jonathan.broberg.7","article_published_time":"2015-08-03T08:16:39+00:00","article_modified_time":"2016-12-06T21:38:55+00:00","author":"Jonathan Broberg","twitter_card":"summary_large_image","twitter_misc":{"Skriven av":"Jonathan Broberg","Ber\u00e4knad l\u00e4stid":"3 minuter"},"schema":{"@context":"https:\/\/schema.org","@graph":[{"@type":"Article","@id":"https:\/\/www.budokampsport.se\/2015\/08\/03\/therese-gunnarsson-suktar-efter-kommande-world-cup\/#article","isPartOf":{"@id":"https:\/\/www.budokampsport.se\/2015\/08\/03\/therese-gunnarsson-suktar-efter-kommande-world-cup\/"},"author":{"name":"Jonathan Broberg","@id":"https:\/\/www.budokampsport.se\/#\/schema\/person\/5c06d81d14850e2a8ce5493386560145"},"headline":"Therese Gunnarsson suktar efter kommande World Cup","datePublished":"2015-08-03T08:16:39+00:00","dateModified":"2016-12-06T21:38:55+00:00","mainEntityOfPage":{"@id":"https:\/\/www.budokampsport.se\/2015\/08\/03\/therese-gunnarsson-suktar-efter-kommande-world-cup\/"},"wordCount":560,"inLanguage":"sv-SE"},{"@type":"WebPage","@id":"https:\/\/www.budokampsport.se\/2015\/08\/03\/therese-gunnarsson-suktar-efter-kommande-world-cup\/","url":"https:\/\/www.budokampsport.se\/2015\/08\/03\/therese-gunnarsson-suktar-efter-kommande-world-cup\/","name":"Therese Gunnarsson suktar efter kommande World Cup - Svenska Budo &amp; Kampsportsf\u00f6rbundet","isPartOf":{"@id":"https:\/\/www.budokampsport.se\/#website"},"datePublished":"2015-08-03T08:16:39+00:00","dateModified":"2016-12-06T21:38:55+00:00","author":{"@id":"https:\/\/www.budokampsport.se\/#\/schema\/person\/5c06d81d14850e2a8ce5493386560145"},"description":"Det \u00e4r ett par veckor kvar till det som beskrivs som den st\u00f6rsta thaiboxningst\u00e4vlingen hittills; World cup i Bangkok blir n\u00e5got ut\u00f6ver det vanliga. F\u00f6r","breadcrumb":{"@id":"https:\/\/www.budokampsport.se\/2015\/08\/03\/therese-gunnarsson-suktar-efter-kommande-world-cup\/#breadcrumb"},"inLanguage":"sv-SE","potentialAction":[{"@type":"ReadAction","target":["https:\/\/www.budokampsport.se\/2015\/08\/03\/therese-gunnarsson-suktar-efter-kommande-world-cup\/"]}]},{"@type":"BreadcrumbList","@id":"https:\/\/www.budokampsport.se\/2015\/08\/03\/therese-gunnarsson-suktar-efter-kommande-world-cup\/#breadcrumb","itemListElement":[{"@type":"ListItem","position":1,"name":"Hem","item":"https:\/\/www.budokampsport.se\/"},{"@type":"ListItem","position":2,"name":"Therese Gunnarsson suktar efter kommande World Cup"}]},{"@type":"WebSite","@id":"https:\/\/www.budokampsport.se\/#website","url":"https:\/\/www.budokampsport.se\/","name":"Svenska Budo &amp; Kampsportsf\u00f6rbundet","description":"T\u00e4vling, Tr\u00e4ning, Tradition","potentialAction":[{"@type":"SearchAction","target":{"@type":"EntryPoint","urlTemplate":"https:\/\/www.budokampsport.se\/?s={search_term_string}"},"query-input":{"@type":"PropertyValueSpecification","valueRequired":true,"valueName":"search_term_string"}}],"inLanguage":"sv-SE"},{"@type":"Person","@id":"https:\/\/www.budokampsport.se\/#\/schema\/person\/5c06d81d14850e2a8ce5493386560145","name":"Jonathan Broberg","image":{"@type":"ImageObject","inLanguage":"sv-SE","@id":"https:\/\/www.budokampsport.se\/#\/schema\/person\/image\/","url":"https:\/\/secure.gravatar.com\/avatar\/a58041c6cea9128bd9c40ee2f26d4136?s=96&d=blank&r=g","contentUrl":"https:\/\/secure.gravatar.com\/avatar\/a58041c6cea9128bd9c40ee2f26d4136?s=96&d=blank&r=g","caption":"Jonathan Broberg"},"sameAs":["https:\/\/www.facebook.com\/jonathan.broberg.7"],"url":"https:\/\/www.budokampsport.se\/author\/jonathan\/"}]}},"_links":{"self":[{"href":"https:\/\/www.budokampsport.se\/api\/wp\/v2\/posts\/5491","targetHints":{"allow":["GET"]}}],"collection":[{"href":"https:\/\/www.budokampsport.se\/api\/wp\/v2\/posts"}],"about":[{"href":"https:\/\/www.budokampsport.se\/api\/wp\/v2\/types\/post"}],"author":[{"embeddable":true,"href":"https:\/\/www.budokampsport.se\/api\/wp\/v2\/users\/7"}],"replies":[{"embeddable":true,"href":"https:\/\/www.budokampsport.se\/api\/wp\/v2\/comments?post=5491"}],"version-history":[{"count":0,"href":"https:\/\/www.budokampsport.se\/api\/wp\/v2\/posts\/5491\/revisions"}],"wp:attachment":[{"href":"https:\/\/www.budokampsport.se\/api\/wp\/v2\/media?parent=5491"}],"wp:term":[{"taxonomy":"category","embeddable":true,"href":"https:\/\/www.budokampsport.se\/api\/wp\/v2\/categories?post=5491"},{"taxonomy":"post_tag","embeddable":true,"href":"https:\/\/www.budokampsport.se\/api\/wp\/v2\/tags?post=5491"}],"curies":[{"name":"wp","href":"https:\/\/api.w.org\/{rel}","templated":true}]}}