{"id":5506,"date":"2015-08-17T09:55:06","date_gmt":"2015-08-17T07:55:06","guid":{"rendered":"http:\/\/budo.wordpress.dev\/2015\/08\/17\/caroline-ek-klar-for-mastarnas-mastare\/"},"modified":"2016-12-06T22:38:58","modified_gmt":"2016-12-06T21:38:58","slug":"caroline-ek-klar-for-mastarnas-mastare","status":"publish","type":"post","link":"https:\/\/www.budokampsport.se\/2015\/08\/17\/caroline-ek-klar-for-mastarnas-mastare\/","title":{"rendered":"Caroline Ek klar f\u00f6r M\u00e4starnas M\u00e4stare"},"content":{"rendered":"<p><strong><img decoding=\"async\" alt=\"\" src=\"\/sites\/default\/files\/carro_ek3.jpg\" style=\"height:290px; width:435px\"><br \/>Idag blev det officiellt. Kickboxaren Caroline Ek blir den f\u00f6rsta idrottare fr\u00e5n SB&#038;K att deltaga i SVT:s M\u00e4starnas M\u00e4stare. Ek, som var den f\u00f6rsta svensk att vinna Wako Pro-titel i kickboxning, kommer att st\u00e4llas mot bland andra Peter Forsberg, J\u00f6rgen Persson, Bj\u00f6rn Ferry och Hanna Marklund.<br \/>\u00a0\u00a0 &#8211; Det k\u00e4nns lite overkligt och samtidigt v\u00e4ldigt roligt, s\u00e4ger hon till budokampsport.se.<\/strong><!--break--><\/p>\n<p>Svensk kickboxnings kanske st\u00f6rsta namn p\u00e5 damsidan n\u00e5gonsin Caroline Ek \u00e4r klart f\u00f6r SVT:s M\u00e4starnas M\u00e4stare.<\/p>\n<p>Ek, som inte l\u00e4ngre t\u00e4vlar i kickboxning, st\u00e4lls mot andra idrottsprofiler vars karri\u00e4rer lagts \u00e5t sidan, och det \u00e4r inte vilka som helst. Klara f\u00f6r programet \u00e4r bland andra hockeylegenden Peter Forsberg och pingisstj\u00e4rnan J\u00f6rgen Persson.<br \/>\u00a0\u00a0 &#8211; Risken \u00e4r att man f\u00e5r lite tungh\u00e4fta. Det ska bli v\u00e4ldigt roligt. Jag tror jag kan ha en bra chans i programmet, jag har en vinnarskalle och har dessutom h\u00e5llit ig\u00e5ng under tiden. S\u00e5 jag \u00e4r i ganska god form.<\/p>\n<p>M\u00e4starnas M\u00e4stare kommer att s\u00e4ndas i v\u00e5r.<\/p>\n<p>Text och foto: Jonathan Broberg<\/p>\n","protected":false},"excerpt":{"rendered":"<p>Idag blev det officiellt. Kickboxaren Caroline Ek blir den f\u00f6rsta [&#8230;]<\/p><br>","protected":false},"author":7,"featured_media":0,"comment_status":"closed","ping_status":"closed","sticky":false,"template":"","format":"standard","meta":{"_acf_changed":false,"footnotes":""},"categories":[1],"tags":[],"class_list":["post-5506","post","type-post","status-publish","format-standard","hentry","category-okategoriserade"],"acf":[],"yoast_head":"<!-- This site is optimized with the Yoast SEO plugin v26.8 - https:\/\/yoast.com\/product\/yoast-seo-wordpress\/ -->\n<title>Caroline Ek klar f\u00f6r M\u00e4starnas M\u00e4stare - Svenska Budo &amp; Kampsportsf\u00f6rbundet<\/title>\n<meta name=\"description\" content=\"Idag blev det officiellt. Kickboxaren Caroline Ek blir den f\u00f6rsta idrottare fr\u00e5n SB&amp;K att deltaga i SVT:s M\u00e4starnas M\u00e4stare. Ek, som var den f\u00f6rsta svensk\" \/>\n<meta name=\"robots\" content=\"index, follow, max-snippet:-1, max-image-preview:large, max-video-preview:-1\" \/>\n<link rel=\"canonical\" href=\"https:\/\/www.budokampsport.se\/2015\/08\/17\/caroline-ek-klar-for-mastarnas-mastare\/\" \/>\n<meta property=\"og:locale\" content=\"sv_SE\" \/>\n<meta property=\"og:type\" content=\"article\" \/>\n<meta property=\"og:title\" content=\"Caroline Ek klar f\u00f6r M\u00e4starnas M\u00e4stare - Svenska Budo &amp; Kampsportsf\u00f6rbundet\" \/>\n<meta property=\"og:description\" content=\"Idag blev det officiellt. Kickboxaren Caroline Ek blir den f\u00f6rsta idrottare fr\u00e5n SB&amp;K att deltaga i SVT:s M\u00e4starnas M\u00e4stare. Ek, som var den f\u00f6rsta svensk\" \/>\n<meta property=\"og:url\" content=\"https:\/\/www.budokampsport.se\/2015\/08\/17\/caroline-ek-klar-for-mastarnas-mastare\/\" \/>\n<meta property=\"og:site_name\" content=\"Svenska Budo &amp; Kampsportsf\u00f6rbundet\" \/>\n<meta property=\"article:author\" content=\"https:\/\/www.facebook.com\/jonathan.broberg.7\" \/>\n<meta property=\"article:published_time\" content=\"2015-08-17T07:55:06+00:00\" \/>\n<meta property=\"article:modified_time\" content=\"2016-12-06T21:38:58+00:00\" \/>\n<meta name=\"author\" content=\"Jonathan Broberg\" \/>\n<meta name=\"twitter:card\" content=\"summary_large_image\" \/>\n<meta name=\"twitter:label1\" content=\"Skriven av\" \/>\n\t<meta name=\"twitter:data1\" content=\"Jonathan Broberg\" \/>\n\t<meta name=\"twitter:label2\" content=\"Ber\u00e4knad l\u00e4stid\" \/>\n\t<meta name=\"twitter:data2\" content=\"1 minut\" \/>\n<script type=\"application\/ld+json\" class=\"yoast-schema-graph\">{\"@context\":\"https:\/\/schema.org\",\"@graph\":[{\"@type\":\"Article\",\"@id\":\"https:\/\/www.budokampsport.se\/2015\/08\/17\/caroline-ek-klar-for-mastarnas-mastare\/#article\",\"isPartOf\":{\"@id\":\"https:\/\/www.budokampsport.se\/2015\/08\/17\/caroline-ek-klar-for-mastarnas-mastare\/\"},\"author\":{\"name\":\"Jonathan Broberg\",\"@id\":\"https:\/\/www.budokampsport.se\/#\/schema\/person\/5c06d81d14850e2a8ce5493386560145\"},\"headline\":\"Caroline Ek klar f\u00f6r M\u00e4starnas M\u00e4stare\",\"datePublished\":\"2015-08-17T07:55:06+00:00\",\"dateModified\":\"2016-12-06T21:38:58+00:00\",\"mainEntityOfPage\":{\"@id\":\"https:\/\/www.budokampsport.se\/2015\/08\/17\/caroline-ek-klar-for-mastarnas-mastare\/\"},\"wordCount\":209,\"inLanguage\":\"sv-SE\"},{\"@type\":\"WebPage\",\"@id\":\"https:\/\/www.budokampsport.se\/2015\/08\/17\/caroline-ek-klar-for-mastarnas-mastare\/\",\"url\":\"https:\/\/www.budokampsport.se\/2015\/08\/17\/caroline-ek-klar-for-mastarnas-mastare\/\",\"name\":\"Caroline Ek klar f\u00f6r M\u00e4starnas M\u00e4stare - Svenska Budo &amp; Kampsportsf\u00f6rbundet\",\"isPartOf\":{\"@id\":\"https:\/\/www.budokampsport.se\/#website\"},\"datePublished\":\"2015-08-17T07:55:06+00:00\",\"dateModified\":\"2016-12-06T21:38:58+00:00\",\"author\":{\"@id\":\"https:\/\/www.budokampsport.se\/#\/schema\/person\/5c06d81d14850e2a8ce5493386560145\"},\"description\":\"Idag blev det officiellt. Kickboxaren Caroline Ek blir den f\u00f6rsta idrottare fr\u00e5n SB&K att deltaga i SVT:s M\u00e4starnas M\u00e4stare. Ek, som var den f\u00f6rsta svensk\",\"breadcrumb\":{\"@id\":\"https:\/\/www.budokampsport.se\/2015\/08\/17\/caroline-ek-klar-for-mastarnas-mastare\/#breadcrumb\"},\"inLanguage\":\"sv-SE\",\"potentialAction\":[{\"@type\":\"ReadAction\",\"target\":[\"https:\/\/www.budokampsport.se\/2015\/08\/17\/caroline-ek-klar-for-mastarnas-mastare\/\"]}]},{\"@type\":\"BreadcrumbList\",\"@id\":\"https:\/\/www.budokampsport.se\/2015\/08\/17\/caroline-ek-klar-for-mastarnas-mastare\/#breadcrumb\",\"itemListElement\":[{\"@type\":\"ListItem\",\"position\":1,\"name\":\"Hem\",\"item\":\"https:\/\/www.budokampsport.se\/\"},{\"@type\":\"ListItem\",\"position\":2,\"name\":\"Caroline Ek klar f\u00f6r M\u00e4starnas M\u00e4stare\"}]},{\"@type\":\"WebSite\",\"@id\":\"https:\/\/www.budokampsport.se\/#website\",\"url\":\"https:\/\/www.budokampsport.se\/\",\"name\":\"Svenska Budo &amp; Kampsportsf\u00f6rbundet\",\"description\":\"T\u00e4vling, Tr\u00e4ning, Tradition\",\"potentialAction\":[{\"@type\":\"SearchAction\",\"target\":{\"@type\":\"EntryPoint\",\"urlTemplate\":\"https:\/\/www.budokampsport.se\/?s={search_term_string}\"},\"query-input\":{\"@type\":\"PropertyValueSpecification\",\"valueRequired\":true,\"valueName\":\"search_term_string\"}}],\"inLanguage\":\"sv-SE\"},{\"@type\":\"Person\",\"@id\":\"https:\/\/www.budokampsport.se\/#\/schema\/person\/5c06d81d14850e2a8ce5493386560145\",\"name\":\"Jonathan Broberg\",\"image\":{\"@type\":\"ImageObject\",\"inLanguage\":\"sv-SE\",\"@id\":\"https:\/\/www.budokampsport.se\/#\/schema\/person\/image\/\",\"url\":\"https:\/\/secure.gravatar.com\/avatar\/a58041c6cea9128bd9c40ee2f26d4136?s=96&d=blank&r=g\",\"contentUrl\":\"https:\/\/secure.gravatar.com\/avatar\/a58041c6cea9128bd9c40ee2f26d4136?s=96&d=blank&r=g\",\"caption\":\"Jonathan Broberg\"},\"sameAs\":[\"https:\/\/www.facebook.com\/jonathan.broberg.7\"],\"url\":\"https:\/\/www.budokampsport.se\/author\/jonathan\/\"}]}<\/script>\n<!-- \/ Yoast SEO plugin. -->","yoast_head_json":{"title":"Caroline Ek klar f\u00f6r M\u00e4starnas M\u00e4stare - Svenska Budo &amp; Kampsportsf\u00f6rbundet","description":"Idag blev det officiellt. Kickboxaren Caroline Ek blir den f\u00f6rsta idrottare fr\u00e5n SB&K att deltaga i SVT:s M\u00e4starnas M\u00e4stare. Ek, som var den f\u00f6rsta svensk","robots":{"index":"index","follow":"follow","max-snippet":"max-snippet:-1","max-image-preview":"max-image-preview:large","max-video-preview":"max-video-preview:-1"},"canonical":"https:\/\/www.budokampsport.se\/2015\/08\/17\/caroline-ek-klar-for-mastarnas-mastare\/","og_locale":"sv_SE","og_type":"article","og_title":"Caroline Ek klar f\u00f6r M\u00e4starnas M\u00e4stare - Svenska Budo &amp; Kampsportsf\u00f6rbundet","og_description":"Idag blev det officiellt. Kickboxaren Caroline Ek blir den f\u00f6rsta idrottare fr\u00e5n SB&K att deltaga i SVT:s M\u00e4starnas M\u00e4stare. Ek, som var den f\u00f6rsta svensk","og_url":"https:\/\/www.budokampsport.se\/2015\/08\/17\/caroline-ek-klar-for-mastarnas-mastare\/","og_site_name":"Svenska Budo &amp; Kampsportsf\u00f6rbundet","article_author":"https:\/\/www.facebook.com\/jonathan.broberg.7","article_published_time":"2015-08-17T07:55:06+00:00","article_modified_time":"2016-12-06T21:38:58+00:00","author":"Jonathan Broberg","twitter_card":"summary_large_image","twitter_misc":{"Skriven av":"Jonathan Broberg","Ber\u00e4knad l\u00e4stid":"1 minut"},"schema":{"@context":"https:\/\/schema.org","@graph":[{"@type":"Article","@id":"https:\/\/www.budokampsport.se\/2015\/08\/17\/caroline-ek-klar-for-mastarnas-mastare\/#article","isPartOf":{"@id":"https:\/\/www.budokampsport.se\/2015\/08\/17\/caroline-ek-klar-for-mastarnas-mastare\/"},"author":{"name":"Jonathan Broberg","@id":"https:\/\/www.budokampsport.se\/#\/schema\/person\/5c06d81d14850e2a8ce5493386560145"},"headline":"Caroline Ek klar f\u00f6r M\u00e4starnas M\u00e4stare","datePublished":"2015-08-17T07:55:06+00:00","dateModified":"2016-12-06T21:38:58+00:00","mainEntityOfPage":{"@id":"https:\/\/www.budokampsport.se\/2015\/08\/17\/caroline-ek-klar-for-mastarnas-mastare\/"},"wordCount":209,"inLanguage":"sv-SE"},{"@type":"WebPage","@id":"https:\/\/www.budokampsport.se\/2015\/08\/17\/caroline-ek-klar-for-mastarnas-mastare\/","url":"https:\/\/www.budokampsport.se\/2015\/08\/17\/caroline-ek-klar-for-mastarnas-mastare\/","name":"Caroline Ek klar f\u00f6r M\u00e4starnas M\u00e4stare - Svenska Budo &amp; Kampsportsf\u00f6rbundet","isPartOf":{"@id":"https:\/\/www.budokampsport.se\/#website"},"datePublished":"2015-08-17T07:55:06+00:00","dateModified":"2016-12-06T21:38:58+00:00","author":{"@id":"https:\/\/www.budokampsport.se\/#\/schema\/person\/5c06d81d14850e2a8ce5493386560145"},"description":"Idag blev det officiellt. Kickboxaren Caroline Ek blir den f\u00f6rsta idrottare fr\u00e5n SB&K att deltaga i SVT:s M\u00e4starnas M\u00e4stare. Ek, som var den f\u00f6rsta svensk","breadcrumb":{"@id":"https:\/\/www.budokampsport.se\/2015\/08\/17\/caroline-ek-klar-for-mastarnas-mastare\/#breadcrumb"},"inLanguage":"sv-SE","potentialAction":[{"@type":"ReadAction","target":["https:\/\/www.budokampsport.se\/2015\/08\/17\/caroline-ek-klar-for-mastarnas-mastare\/"]}]},{"@type":"BreadcrumbList","@id":"https:\/\/www.budokampsport.se\/2015\/08\/17\/caroline-ek-klar-for-mastarnas-mastare\/#breadcrumb","itemListElement":[{"@type":"ListItem","position":1,"name":"Hem","item":"https:\/\/www.budokampsport.se\/"},{"@type":"ListItem","position":2,"name":"Caroline Ek klar f\u00f6r M\u00e4starnas M\u00e4stare"}]},{"@type":"WebSite","@id":"https:\/\/www.budokampsport.se\/#website","url":"https:\/\/www.budokampsport.se\/","name":"Svenska Budo &amp; Kampsportsf\u00f6rbundet","description":"T\u00e4vling, Tr\u00e4ning, Tradition","potentialAction":[{"@type":"SearchAction","target":{"@type":"EntryPoint","urlTemplate":"https:\/\/www.budokampsport.se\/?s={search_term_string}"},"query-input":{"@type":"PropertyValueSpecification","valueRequired":true,"valueName":"search_term_string"}}],"inLanguage":"sv-SE"},{"@type":"Person","@id":"https:\/\/www.budokampsport.se\/#\/schema\/person\/5c06d81d14850e2a8ce5493386560145","name":"Jonathan Broberg","image":{"@type":"ImageObject","inLanguage":"sv-SE","@id":"https:\/\/www.budokampsport.se\/#\/schema\/person\/image\/","url":"https:\/\/secure.gravatar.com\/avatar\/a58041c6cea9128bd9c40ee2f26d4136?s=96&d=blank&r=g","contentUrl":"https:\/\/secure.gravatar.com\/avatar\/a58041c6cea9128bd9c40ee2f26d4136?s=96&d=blank&r=g","caption":"Jonathan Broberg"},"sameAs":["https:\/\/www.facebook.com\/jonathan.broberg.7"],"url":"https:\/\/www.budokampsport.se\/author\/jonathan\/"}]}},"_links":{"self":[{"href":"https:\/\/www.budokampsport.se\/api\/wp\/v2\/posts\/5506","targetHints":{"allow":["GET"]}}],"collection":[{"href":"https:\/\/www.budokampsport.se\/api\/wp\/v2\/posts"}],"about":[{"href":"https:\/\/www.budokampsport.se\/api\/wp\/v2\/types\/post"}],"author":[{"embeddable":true,"href":"https:\/\/www.budokampsport.se\/api\/wp\/v2\/users\/7"}],"replies":[{"embeddable":true,"href":"https:\/\/www.budokampsport.se\/api\/wp\/v2\/comments?post=5506"}],"version-history":[{"count":0,"href":"https:\/\/www.budokampsport.se\/api\/wp\/v2\/posts\/5506\/revisions"}],"wp:attachment":[{"href":"https:\/\/www.budokampsport.se\/api\/wp\/v2\/media?parent=5506"}],"wp:term":[{"taxonomy":"category","embeddable":true,"href":"https:\/\/www.budokampsport.se\/api\/wp\/v2\/categories?post=5506"},{"taxonomy":"post_tag","embeddable":true,"href":"https:\/\/www.budokampsport.se\/api\/wp\/v2\/tags?post=5506"}],"curies":[{"name":"wp","href":"https:\/\/api.w.org\/{rel}","templated":true}]}}