{"id":5520,"date":"2015-08-21T07:10:14","date_gmt":"2015-08-21T05:10:14","guid":{"rendered":"http:\/\/budo.wordpress.dev\/2015\/08\/21\/finalklar-igen-det-var-klinchen-som-gjorde-att-hon-tappade-orken\/"},"modified":"2016-12-06T22:39:00","modified_gmt":"2016-12-06T21:39:00","slug":"finalklar-igen-det-var-klinchen-som-gjorde-att-hon-tappade-orken","status":"publish","type":"post","link":"https:\/\/www.budokampsport.se\/2015\/08\/21\/finalklar-igen-det-var-klinchen-som-gjorde-att-hon-tappade-orken\/","title":{"rendered":"Finalklar igen: \u201dDet var klinchen som gjorde att hon tappade orken\u201d"},"content":{"rendered":"<p><strong><img decoding=\"async\" alt=\"\" src=\"\/sites\/default\/files\/isa_igen.gif\" style=\"height:253px; width:435px\"><br \/>Isa Tidblad Keskikangas \u00e4r klar f\u00f6r final i thaiboxningens World Cup. Det blir 24-\u00e5ringens fj\u00e4rde raka stora m\u00e4sterskapsfinal. Hittills har hon bara vunnit, VM, EM och Nordiska m\u00e4sterskapen.<br \/>\u00a0\u00a0 &#8211; Det \u00e4r alltid en press, framf\u00f6rallt fr\u00e5n mig sj\u00e4lv, att lyckas n\u00e4r det g\u00e5tt s\u00e5 bra innan, s\u00e4ger hon till budokampsport.se inf\u00f6r finalen p\u00e5 l\u00f6rdag.<\/strong><!--break--><\/p>\n<p>Det s\u00e5g ut ungef\u00e4r som vi vant oss vid att det ser ut n\u00e4r Isa Tidblad Keskikangas thaiboxas. Full fart fr\u00e5n f\u00f6rsta stund, ett ettrigt anfall som suger musten ur motst\u00e5ndarna.<\/p>\n<p>Melody Downs fr\u00e5n Nya Zeeland h\u00e4ngde \u00e4nd\u00e5 med f\u00f6rh\u00e5llandevis bra \u2013 i de f\u00f6rsta minuten.<br \/>\u00a0\u00a0 &#8211; Jag \u00e4r n\u00f6jd med matchen efter att inte riktigt hittat r\u00e4tt i de tv\u00e5 tidigare matcherna. Nya zeel\u00e4ndskan var stark, men jag lyckades ta kommandot efter n\u00e5gon minut i f\u00f6rsta ronden. Jag fick ig\u00e5ng mina slag och sparkar idag, men det var klinchen som gjorde att hon tappade orken.<\/p>\n<p>Och det \u00e4r s\u00e5 klart h\u00e4rligt att vara i \u00e4nnu en final.<br \/>\u00a0\u00a0 &#8211; Det k\u00e4nns j\u00e4ttebra att vara i final igen. Det \u00e4r alltid en press, framf\u00f6rallt fr\u00e5n mig sj\u00e4lv, att lyckas n\u00e4r det g\u00e5tt s\u00e5 bra innan.<\/p>\n<p>Tankarna inf\u00f6r finalen \u00e4r glasklara.<br \/>\u00a0\u00a0 &#8211; Nu ser jag bara fram emot att f\u00e5 g\u00e5 upp i finalen och ge allt.<\/p>\n<p>Text och foto: Jonathan Broberg<\/p>\n","protected":false},"excerpt":{"rendered":"<p>Isa Tidblad Keskikangas \u00e4r klar f\u00f6r final i thaiboxningens World [&#8230;]<\/p><br>","protected":false},"author":7,"featured_media":0,"comment_status":"closed","ping_status":"closed","sticky":false,"template":"","format":"standard","meta":{"_acf_changed":false,"footnotes":""},"categories":[1],"tags":[],"class_list":["post-5520","post","type-post","status-publish","format-standard","hentry","category-okategoriserade"],"acf":[],"yoast_head":"<!-- This site is optimized with the Yoast SEO plugin v26.8 - https:\/\/yoast.com\/product\/yoast-seo-wordpress\/ -->\n<title>Finalklar igen: \u201dDet var klinchen som gjorde att hon tappade orken\u201d - Svenska Budo &amp; Kampsportsf\u00f6rbundet<\/title>\n<meta name=\"description\" content=\"Isa Tidblad Keskikangas \u00e4r klar f\u00f6r final i thaiboxningens World Cup. Det blir 24-\u00e5ringens fj\u00e4rde raka stora m\u00e4sterskapsfinal. Hittills har hon bara\" \/>\n<meta name=\"robots\" content=\"index, follow, max-snippet:-1, max-image-preview:large, max-video-preview:-1\" \/>\n<link rel=\"canonical\" href=\"https:\/\/www.budokampsport.se\/2015\/08\/21\/finalklar-igen-det-var-klinchen-som-gjorde-att-hon-tappade-orken\/\" \/>\n<meta property=\"og:locale\" content=\"sv_SE\" \/>\n<meta property=\"og:type\" content=\"article\" \/>\n<meta property=\"og:title\" content=\"Finalklar igen: \u201dDet var klinchen som gjorde att hon tappade orken\u201d - Svenska Budo &amp; Kampsportsf\u00f6rbundet\" \/>\n<meta property=\"og:description\" content=\"Isa Tidblad Keskikangas \u00e4r klar f\u00f6r final i thaiboxningens World Cup. Det blir 24-\u00e5ringens fj\u00e4rde raka stora m\u00e4sterskapsfinal. Hittills har hon bara\" \/>\n<meta property=\"og:url\" content=\"https:\/\/www.budokampsport.se\/2015\/08\/21\/finalklar-igen-det-var-klinchen-som-gjorde-att-hon-tappade-orken\/\" \/>\n<meta property=\"og:site_name\" content=\"Svenska Budo &amp; Kampsportsf\u00f6rbundet\" \/>\n<meta property=\"article:author\" content=\"https:\/\/www.facebook.com\/jonathan.broberg.7\" \/>\n<meta property=\"article:published_time\" content=\"2015-08-21T05:10:14+00:00\" \/>\n<meta property=\"article:modified_time\" content=\"2016-12-06T21:39:00+00:00\" \/>\n<meta name=\"author\" content=\"Jonathan Broberg\" \/>\n<meta name=\"twitter:card\" content=\"summary_large_image\" \/>\n<meta name=\"twitter:label1\" content=\"Skriven av\" \/>\n\t<meta name=\"twitter:data1\" content=\"Jonathan Broberg\" \/>\n\t<meta name=\"twitter:label2\" content=\"Ber\u00e4knad l\u00e4stid\" \/>\n\t<meta name=\"twitter:data2\" content=\"1 minut\" \/>\n<script type=\"application\/ld+json\" class=\"yoast-schema-graph\">{\"@context\":\"https:\/\/schema.org\",\"@graph\":[{\"@type\":\"Article\",\"@id\":\"https:\/\/www.budokampsport.se\/2015\/08\/21\/finalklar-igen-det-var-klinchen-som-gjorde-att-hon-tappade-orken\/#article\",\"isPartOf\":{\"@id\":\"https:\/\/www.budokampsport.se\/2015\/08\/21\/finalklar-igen-det-var-klinchen-som-gjorde-att-hon-tappade-orken\/\"},\"author\":{\"name\":\"Jonathan Broberg\",\"@id\":\"https:\/\/www.budokampsport.se\/#\/schema\/person\/5c06d81d14850e2a8ce5493386560145\"},\"headline\":\"Finalklar igen: \u201dDet var klinchen som gjorde att hon tappade orken\u201d\",\"datePublished\":\"2015-08-21T05:10:14+00:00\",\"dateModified\":\"2016-12-06T21:39:00+00:00\",\"mainEntityOfPage\":{\"@id\":\"https:\/\/www.budokampsport.se\/2015\/08\/21\/finalklar-igen-det-var-klinchen-som-gjorde-att-hon-tappade-orken\/\"},\"wordCount\":264,\"inLanguage\":\"sv-SE\"},{\"@type\":\"WebPage\",\"@id\":\"https:\/\/www.budokampsport.se\/2015\/08\/21\/finalklar-igen-det-var-klinchen-som-gjorde-att-hon-tappade-orken\/\",\"url\":\"https:\/\/www.budokampsport.se\/2015\/08\/21\/finalklar-igen-det-var-klinchen-som-gjorde-att-hon-tappade-orken\/\",\"name\":\"Finalklar igen: \u201dDet var klinchen som gjorde att hon tappade orken\u201d - Svenska Budo &amp; Kampsportsf\u00f6rbundet\",\"isPartOf\":{\"@id\":\"https:\/\/www.budokampsport.se\/#website\"},\"datePublished\":\"2015-08-21T05:10:14+00:00\",\"dateModified\":\"2016-12-06T21:39:00+00:00\",\"author\":{\"@id\":\"https:\/\/www.budokampsport.se\/#\/schema\/person\/5c06d81d14850e2a8ce5493386560145\"},\"description\":\"Isa Tidblad Keskikangas \u00e4r klar f\u00f6r final i thaiboxningens World Cup. Det blir 24-\u00e5ringens fj\u00e4rde raka stora m\u00e4sterskapsfinal. Hittills har hon bara\",\"breadcrumb\":{\"@id\":\"https:\/\/www.budokampsport.se\/2015\/08\/21\/finalklar-igen-det-var-klinchen-som-gjorde-att-hon-tappade-orken\/#breadcrumb\"},\"inLanguage\":\"sv-SE\",\"potentialAction\":[{\"@type\":\"ReadAction\",\"target\":[\"https:\/\/www.budokampsport.se\/2015\/08\/21\/finalklar-igen-det-var-klinchen-som-gjorde-att-hon-tappade-orken\/\"]}]},{\"@type\":\"BreadcrumbList\",\"@id\":\"https:\/\/www.budokampsport.se\/2015\/08\/21\/finalklar-igen-det-var-klinchen-som-gjorde-att-hon-tappade-orken\/#breadcrumb\",\"itemListElement\":[{\"@type\":\"ListItem\",\"position\":1,\"name\":\"Hem\",\"item\":\"https:\/\/www.budokampsport.se\/\"},{\"@type\":\"ListItem\",\"position\":2,\"name\":\"Finalklar igen: \u201dDet var klinchen som gjorde att hon tappade orken\u201d\"}]},{\"@type\":\"WebSite\",\"@id\":\"https:\/\/www.budokampsport.se\/#website\",\"url\":\"https:\/\/www.budokampsport.se\/\",\"name\":\"Svenska Budo &amp; Kampsportsf\u00f6rbundet\",\"description\":\"T\u00e4vling, Tr\u00e4ning, Tradition\",\"potentialAction\":[{\"@type\":\"SearchAction\",\"target\":{\"@type\":\"EntryPoint\",\"urlTemplate\":\"https:\/\/www.budokampsport.se\/?s={search_term_string}\"},\"query-input\":{\"@type\":\"PropertyValueSpecification\",\"valueRequired\":true,\"valueName\":\"search_term_string\"}}],\"inLanguage\":\"sv-SE\"},{\"@type\":\"Person\",\"@id\":\"https:\/\/www.budokampsport.se\/#\/schema\/person\/5c06d81d14850e2a8ce5493386560145\",\"name\":\"Jonathan Broberg\",\"image\":{\"@type\":\"ImageObject\",\"inLanguage\":\"sv-SE\",\"@id\":\"https:\/\/www.budokampsport.se\/#\/schema\/person\/image\/\",\"url\":\"https:\/\/secure.gravatar.com\/avatar\/a58041c6cea9128bd9c40ee2f26d4136?s=96&d=blank&r=g\",\"contentUrl\":\"https:\/\/secure.gravatar.com\/avatar\/a58041c6cea9128bd9c40ee2f26d4136?s=96&d=blank&r=g\",\"caption\":\"Jonathan Broberg\"},\"sameAs\":[\"https:\/\/www.facebook.com\/jonathan.broberg.7\"],\"url\":\"https:\/\/www.budokampsport.se\/author\/jonathan\/\"}]}<\/script>\n<!-- \/ Yoast SEO plugin. -->","yoast_head_json":{"title":"Finalklar igen: \u201dDet var klinchen som gjorde att hon tappade orken\u201d - Svenska Budo &amp; Kampsportsf\u00f6rbundet","description":"Isa Tidblad Keskikangas \u00e4r klar f\u00f6r final i thaiboxningens World Cup. Det blir 24-\u00e5ringens fj\u00e4rde raka stora m\u00e4sterskapsfinal. Hittills har hon bara","robots":{"index":"index","follow":"follow","max-snippet":"max-snippet:-1","max-image-preview":"max-image-preview:large","max-video-preview":"max-video-preview:-1"},"canonical":"https:\/\/www.budokampsport.se\/2015\/08\/21\/finalklar-igen-det-var-klinchen-som-gjorde-att-hon-tappade-orken\/","og_locale":"sv_SE","og_type":"article","og_title":"Finalklar igen: \u201dDet var klinchen som gjorde att hon tappade orken\u201d - Svenska Budo &amp; Kampsportsf\u00f6rbundet","og_description":"Isa Tidblad Keskikangas \u00e4r klar f\u00f6r final i thaiboxningens World Cup. Det blir 24-\u00e5ringens fj\u00e4rde raka stora m\u00e4sterskapsfinal. Hittills har hon bara","og_url":"https:\/\/www.budokampsport.se\/2015\/08\/21\/finalklar-igen-det-var-klinchen-som-gjorde-att-hon-tappade-orken\/","og_site_name":"Svenska Budo &amp; Kampsportsf\u00f6rbundet","article_author":"https:\/\/www.facebook.com\/jonathan.broberg.7","article_published_time":"2015-08-21T05:10:14+00:00","article_modified_time":"2016-12-06T21:39:00+00:00","author":"Jonathan Broberg","twitter_card":"summary_large_image","twitter_misc":{"Skriven av":"Jonathan Broberg","Ber\u00e4knad l\u00e4stid":"1 minut"},"schema":{"@context":"https:\/\/schema.org","@graph":[{"@type":"Article","@id":"https:\/\/www.budokampsport.se\/2015\/08\/21\/finalklar-igen-det-var-klinchen-som-gjorde-att-hon-tappade-orken\/#article","isPartOf":{"@id":"https:\/\/www.budokampsport.se\/2015\/08\/21\/finalklar-igen-det-var-klinchen-som-gjorde-att-hon-tappade-orken\/"},"author":{"name":"Jonathan Broberg","@id":"https:\/\/www.budokampsport.se\/#\/schema\/person\/5c06d81d14850e2a8ce5493386560145"},"headline":"Finalklar igen: \u201dDet var klinchen som gjorde att hon tappade orken\u201d","datePublished":"2015-08-21T05:10:14+00:00","dateModified":"2016-12-06T21:39:00+00:00","mainEntityOfPage":{"@id":"https:\/\/www.budokampsport.se\/2015\/08\/21\/finalklar-igen-det-var-klinchen-som-gjorde-att-hon-tappade-orken\/"},"wordCount":264,"inLanguage":"sv-SE"},{"@type":"WebPage","@id":"https:\/\/www.budokampsport.se\/2015\/08\/21\/finalklar-igen-det-var-klinchen-som-gjorde-att-hon-tappade-orken\/","url":"https:\/\/www.budokampsport.se\/2015\/08\/21\/finalklar-igen-det-var-klinchen-som-gjorde-att-hon-tappade-orken\/","name":"Finalklar igen: \u201dDet var klinchen som gjorde att hon tappade orken\u201d - Svenska Budo &amp; Kampsportsf\u00f6rbundet","isPartOf":{"@id":"https:\/\/www.budokampsport.se\/#website"},"datePublished":"2015-08-21T05:10:14+00:00","dateModified":"2016-12-06T21:39:00+00:00","author":{"@id":"https:\/\/www.budokampsport.se\/#\/schema\/person\/5c06d81d14850e2a8ce5493386560145"},"description":"Isa Tidblad Keskikangas \u00e4r klar f\u00f6r final i thaiboxningens World Cup. Det blir 24-\u00e5ringens fj\u00e4rde raka stora m\u00e4sterskapsfinal. Hittills har hon bara","breadcrumb":{"@id":"https:\/\/www.budokampsport.se\/2015\/08\/21\/finalklar-igen-det-var-klinchen-som-gjorde-att-hon-tappade-orken\/#breadcrumb"},"inLanguage":"sv-SE","potentialAction":[{"@type":"ReadAction","target":["https:\/\/www.budokampsport.se\/2015\/08\/21\/finalklar-igen-det-var-klinchen-som-gjorde-att-hon-tappade-orken\/"]}]},{"@type":"BreadcrumbList","@id":"https:\/\/www.budokampsport.se\/2015\/08\/21\/finalklar-igen-det-var-klinchen-som-gjorde-att-hon-tappade-orken\/#breadcrumb","itemListElement":[{"@type":"ListItem","position":1,"name":"Hem","item":"https:\/\/www.budokampsport.se\/"},{"@type":"ListItem","position":2,"name":"Finalklar igen: \u201dDet var klinchen som gjorde att hon tappade orken\u201d"}]},{"@type":"WebSite","@id":"https:\/\/www.budokampsport.se\/#website","url":"https:\/\/www.budokampsport.se\/","name":"Svenska Budo &amp; Kampsportsf\u00f6rbundet","description":"T\u00e4vling, Tr\u00e4ning, Tradition","potentialAction":[{"@type":"SearchAction","target":{"@type":"EntryPoint","urlTemplate":"https:\/\/www.budokampsport.se\/?s={search_term_string}"},"query-input":{"@type":"PropertyValueSpecification","valueRequired":true,"valueName":"search_term_string"}}],"inLanguage":"sv-SE"},{"@type":"Person","@id":"https:\/\/www.budokampsport.se\/#\/schema\/person\/5c06d81d14850e2a8ce5493386560145","name":"Jonathan Broberg","image":{"@type":"ImageObject","inLanguage":"sv-SE","@id":"https:\/\/www.budokampsport.se\/#\/schema\/person\/image\/","url":"https:\/\/secure.gravatar.com\/avatar\/a58041c6cea9128bd9c40ee2f26d4136?s=96&d=blank&r=g","contentUrl":"https:\/\/secure.gravatar.com\/avatar\/a58041c6cea9128bd9c40ee2f26d4136?s=96&d=blank&r=g","caption":"Jonathan Broberg"},"sameAs":["https:\/\/www.facebook.com\/jonathan.broberg.7"],"url":"https:\/\/www.budokampsport.se\/author\/jonathan\/"}]}},"_links":{"self":[{"href":"https:\/\/www.budokampsport.se\/api\/wp\/v2\/posts\/5520","targetHints":{"allow":["GET"]}}],"collection":[{"href":"https:\/\/www.budokampsport.se\/api\/wp\/v2\/posts"}],"about":[{"href":"https:\/\/www.budokampsport.se\/api\/wp\/v2\/types\/post"}],"author":[{"embeddable":true,"href":"https:\/\/www.budokampsport.se\/api\/wp\/v2\/users\/7"}],"replies":[{"embeddable":true,"href":"https:\/\/www.budokampsport.se\/api\/wp\/v2\/comments?post=5520"}],"version-history":[{"count":0,"href":"https:\/\/www.budokampsport.se\/api\/wp\/v2\/posts\/5520\/revisions"}],"wp:attachment":[{"href":"https:\/\/www.budokampsport.se\/api\/wp\/v2\/media?parent=5520"}],"wp:term":[{"taxonomy":"category","embeddable":true,"href":"https:\/\/www.budokampsport.se\/api\/wp\/v2\/categories?post=5520"},{"taxonomy":"post_tag","embeddable":true,"href":"https:\/\/www.budokampsport.se\/api\/wp\/v2\/tags?post=5520"}],"curies":[{"name":"wp","href":"https:\/\/api.w.org\/{rel}","templated":true}]}}