{"id":5529,"date":"2015-08-25T13:03:24","date_gmt":"2015-08-25T11:03:24","guid":{"rendered":"http:\/\/budo.wordpress.dev\/2015\/08\/25\/carl-ryrberg-satsar-pa-att-bli-historisk-i-helgen\/"},"modified":"2016-12-06T22:39:02","modified_gmt":"2016-12-06T21:39:02","slug":"carl-ryrberg-satsar-pa-att-bli-historisk-i-helgen","status":"publish","type":"post","link":"https:\/\/www.budokampsport.se\/2015\/08\/25\/carl-ryrberg-satsar-pa-att-bli-historisk-i-helgen\/","title":{"rendered":"Carl Ryrberg satsar p\u00e5 att bli historisk i helgen"},"content":{"rendered":"<p><strong><img decoding=\"async\" alt=\"\" src=\"\/sites\/default\/files\/hema_2.gif\" style=\"height:290px; width:435px\"><br \/>Under l\u00f6rdag och s\u00f6ndag \u00e4r det historisk kampsportstid i Uppsala, i dubbel bem\u00e4rkelse. Det \u00e4r HEMA:s, historical european martial arts, f\u00f6rsta officiella SM n\u00e5gonsin. Carl Ryrberg fr\u00e5n \u00d6rebro \u00e4r en av medaljfavoriterna i den prestigefyllda HEMA-grenen L\u00e5ngsv\u00e4rd.<br \/>\u00a0\u00a0 &#8211; Det ska bli supersp\u00e4nnande med SM-t\u00e4vlingar. Otroligt intressant och roligt, s\u00e4ger han till budokampsport.se.<\/strong><!--break--><\/p>\n<p>I helgen \u00e4r det dags f\u00f6r en historisk kampsportsupplevelse. I Uppsala i Fyrishovshallen \u00e4r det dags f\u00f6r SM i HEMA. Idrotten valdes in i Svenska Budo &#038; Kampsportsf\u00f6rbundet f\u00f6r tv\u00e5 \u00e5rsst\u00e4mmor sedan och nu till helgen arrangeras s\u00e5ledes SM-t\u00e4vlingar f\u00f6r f\u00f6rsta g\u00e5ngen.<\/p>\n<p>Carl Ryrberg fr\u00e5n \u00d6rebro \u00e4r en av svensk HEMA:s starkaste namn och en av favoriterna i grenen L\u00e5ngsv\u00e4rd. Han \u00e4r laddad inf\u00f6r helgen.<br \/>\u00a0\u00a0 &#8211; Det \u00e4r klart att det k\u00e4nns speciellt med ett SM, vem vill inte kunna bli svensk m\u00e4stare? Det \u00e4r ett stort erk\u00e4nnande fr\u00e5n idrottsr\u00f6relsen och jag hoppas att det blir jag som vinner, och sedan hoppas jag att flera av mina elever kan placera sig h\u00f6gt upp i resultatlistan.<\/p>\n<p>I Ryrbergs f\u00f6rening, \u00d6rebro F\u00f6rening f\u00f6r historisk f\u00e4ktkonst, finns ett 40-tal medlemmar och Ryrberg menar att intresset f\u00f6r HEMA har \u00f6kat.<br \/>\u00a0\u00a0 &#8211; Vi f\u00e5r fler och fler medlemmar och dessutom p\u00e5 en allt bredare basis. Vi har bland annat nu barntr\u00e4ningar.<\/p>\n<p><strong>&#8220;Hoppas komma hem med ett SM-guld&#8221;<\/strong><br \/>Sj\u00e4lv har han tv\u00e5 enklare teknikpass kvar p\u00e5 uppladdningen inf\u00f6r SM.<br \/>\u00a0\u00a0 &#8211; Sedan \u00e4r det \u00e4ta, dricka, sova som g\u00e4ller. Jag \u00e4r i god form och hoppas kunna komma hem fr\u00e5n helgen med ett SM-guld. Men det \u00e4r stor konkurrens. Det \u00e4r faktiskt s\u00e5 att det \u00e4r liknande konkurrens p\u00e5 SM som n\u00e4r vi t\u00e4vlar i USA. Sverige \u00e4r en\u00a0av v\u00e4rldens absolut starkaste HEMA-nationer.<\/p>\n<p>Text: Jonathan Broberg\u00a0<br \/>Foto: Hamid Ershad Sarabi<\/p>\n","protected":false},"excerpt":{"rendered":"<p>Under l\u00f6rdag och s\u00f6ndag \u00e4r det historisk kampsportstid i Uppsala, [&#8230;]<\/p><br>","protected":false},"author":7,"featured_media":0,"comment_status":"closed","ping_status":"closed","sticky":false,"template":"","format":"standard","meta":{"_acf_changed":false,"footnotes":""},"categories":[1],"tags":[],"class_list":["post-5529","post","type-post","status-publish","format-standard","hentry","category-okategoriserade"],"acf":[],"yoast_head":"<!-- This site is optimized with the Yoast SEO plugin v26.8 - https:\/\/yoast.com\/product\/yoast-seo-wordpress\/ -->\n<title>Carl Ryrberg satsar p\u00e5 att bli historisk i helgen - Svenska Budo &amp; Kampsportsf\u00f6rbundet<\/title>\n<meta name=\"description\" content=\"Under l\u00f6rdag och s\u00f6ndag \u00e4r det historisk kampsportstid i Uppsala, i dubbel bem\u00e4rkelse. Det \u00e4r HEMA:s, historical european martial arts, f\u00f6rsta officiella\" \/>\n<meta name=\"robots\" content=\"index, follow, max-snippet:-1, max-image-preview:large, max-video-preview:-1\" \/>\n<link rel=\"canonical\" href=\"https:\/\/www.budokampsport.se\/2015\/08\/25\/carl-ryrberg-satsar-pa-att-bli-historisk-i-helgen\/\" \/>\n<meta property=\"og:locale\" content=\"sv_SE\" \/>\n<meta property=\"og:type\" content=\"article\" \/>\n<meta property=\"og:title\" content=\"Carl Ryrberg satsar p\u00e5 att bli historisk i helgen - Svenska Budo &amp; Kampsportsf\u00f6rbundet\" \/>\n<meta property=\"og:description\" content=\"Under l\u00f6rdag och s\u00f6ndag \u00e4r det historisk kampsportstid i Uppsala, i dubbel bem\u00e4rkelse. Det \u00e4r HEMA:s, historical european martial arts, f\u00f6rsta officiella\" \/>\n<meta property=\"og:url\" content=\"https:\/\/www.budokampsport.se\/2015\/08\/25\/carl-ryrberg-satsar-pa-att-bli-historisk-i-helgen\/\" \/>\n<meta property=\"og:site_name\" content=\"Svenska Budo &amp; Kampsportsf\u00f6rbundet\" \/>\n<meta property=\"article:author\" content=\"https:\/\/www.facebook.com\/jonathan.broberg.7\" \/>\n<meta property=\"article:published_time\" content=\"2015-08-25T11:03:24+00:00\" \/>\n<meta property=\"article:modified_time\" content=\"2016-12-06T21:39:02+00:00\" \/>\n<meta name=\"author\" content=\"Jonathan Broberg\" \/>\n<meta name=\"twitter:card\" content=\"summary_large_image\" \/>\n<meta name=\"twitter:label1\" content=\"Skriven av\" \/>\n\t<meta name=\"twitter:data1\" content=\"Jonathan Broberg\" \/>\n\t<meta name=\"twitter:label2\" content=\"Ber\u00e4knad l\u00e4stid\" \/>\n\t<meta name=\"twitter:data2\" content=\"2 minuter\" \/>\n<script type=\"application\/ld+json\" class=\"yoast-schema-graph\">{\"@context\":\"https:\/\/schema.org\",\"@graph\":[{\"@type\":\"Article\",\"@id\":\"https:\/\/www.budokampsport.se\/2015\/08\/25\/carl-ryrberg-satsar-pa-att-bli-historisk-i-helgen\/#article\",\"isPartOf\":{\"@id\":\"https:\/\/www.budokampsport.se\/2015\/08\/25\/carl-ryrberg-satsar-pa-att-bli-historisk-i-helgen\/\"},\"author\":{\"name\":\"Jonathan Broberg\",\"@id\":\"https:\/\/www.budokampsport.se\/#\/schema\/person\/5c06d81d14850e2a8ce5493386560145\"},\"headline\":\"Carl Ryrberg satsar p\u00e5 att bli historisk i helgen\",\"datePublished\":\"2015-08-25T11:03:24+00:00\",\"dateModified\":\"2016-12-06T21:39:02+00:00\",\"mainEntityOfPage\":{\"@id\":\"https:\/\/www.budokampsport.se\/2015\/08\/25\/carl-ryrberg-satsar-pa-att-bli-historisk-i-helgen\/\"},\"wordCount\":342,\"inLanguage\":\"sv-SE\"},{\"@type\":\"WebPage\",\"@id\":\"https:\/\/www.budokampsport.se\/2015\/08\/25\/carl-ryrberg-satsar-pa-att-bli-historisk-i-helgen\/\",\"url\":\"https:\/\/www.budokampsport.se\/2015\/08\/25\/carl-ryrberg-satsar-pa-att-bli-historisk-i-helgen\/\",\"name\":\"Carl Ryrberg satsar p\u00e5 att bli historisk i helgen - Svenska Budo &amp; Kampsportsf\u00f6rbundet\",\"isPartOf\":{\"@id\":\"https:\/\/www.budokampsport.se\/#website\"},\"datePublished\":\"2015-08-25T11:03:24+00:00\",\"dateModified\":\"2016-12-06T21:39:02+00:00\",\"author\":{\"@id\":\"https:\/\/www.budokampsport.se\/#\/schema\/person\/5c06d81d14850e2a8ce5493386560145\"},\"description\":\"Under l\u00f6rdag och s\u00f6ndag \u00e4r det historisk kampsportstid i Uppsala, i dubbel bem\u00e4rkelse. Det \u00e4r HEMA:s, historical european martial arts, f\u00f6rsta officiella\",\"breadcrumb\":{\"@id\":\"https:\/\/www.budokampsport.se\/2015\/08\/25\/carl-ryrberg-satsar-pa-att-bli-historisk-i-helgen\/#breadcrumb\"},\"inLanguage\":\"sv-SE\",\"potentialAction\":[{\"@type\":\"ReadAction\",\"target\":[\"https:\/\/www.budokampsport.se\/2015\/08\/25\/carl-ryrberg-satsar-pa-att-bli-historisk-i-helgen\/\"]}]},{\"@type\":\"BreadcrumbList\",\"@id\":\"https:\/\/www.budokampsport.se\/2015\/08\/25\/carl-ryrberg-satsar-pa-att-bli-historisk-i-helgen\/#breadcrumb\",\"itemListElement\":[{\"@type\":\"ListItem\",\"position\":1,\"name\":\"Hem\",\"item\":\"https:\/\/www.budokampsport.se\/\"},{\"@type\":\"ListItem\",\"position\":2,\"name\":\"Carl Ryrberg satsar p\u00e5 att bli historisk i helgen\"}]},{\"@type\":\"WebSite\",\"@id\":\"https:\/\/www.budokampsport.se\/#website\",\"url\":\"https:\/\/www.budokampsport.se\/\",\"name\":\"Svenska Budo &amp; Kampsportsf\u00f6rbundet\",\"description\":\"T\u00e4vling, Tr\u00e4ning, Tradition\",\"potentialAction\":[{\"@type\":\"SearchAction\",\"target\":{\"@type\":\"EntryPoint\",\"urlTemplate\":\"https:\/\/www.budokampsport.se\/?s={search_term_string}\"},\"query-input\":{\"@type\":\"PropertyValueSpecification\",\"valueRequired\":true,\"valueName\":\"search_term_string\"}}],\"inLanguage\":\"sv-SE\"},{\"@type\":\"Person\",\"@id\":\"https:\/\/www.budokampsport.se\/#\/schema\/person\/5c06d81d14850e2a8ce5493386560145\",\"name\":\"Jonathan Broberg\",\"image\":{\"@type\":\"ImageObject\",\"inLanguage\":\"sv-SE\",\"@id\":\"https:\/\/www.budokampsport.se\/#\/schema\/person\/image\/\",\"url\":\"https:\/\/secure.gravatar.com\/avatar\/a58041c6cea9128bd9c40ee2f26d4136?s=96&d=blank&r=g\",\"contentUrl\":\"https:\/\/secure.gravatar.com\/avatar\/a58041c6cea9128bd9c40ee2f26d4136?s=96&d=blank&r=g\",\"caption\":\"Jonathan Broberg\"},\"sameAs\":[\"https:\/\/www.facebook.com\/jonathan.broberg.7\"],\"url\":\"https:\/\/www.budokampsport.se\/author\/jonathan\/\"}]}<\/script>\n<!-- \/ Yoast SEO plugin. -->","yoast_head_json":{"title":"Carl Ryrberg satsar p\u00e5 att bli historisk i helgen - Svenska Budo &amp; Kampsportsf\u00f6rbundet","description":"Under l\u00f6rdag och s\u00f6ndag \u00e4r det historisk kampsportstid i Uppsala, i dubbel bem\u00e4rkelse. Det \u00e4r HEMA:s, historical european martial arts, f\u00f6rsta officiella","robots":{"index":"index","follow":"follow","max-snippet":"max-snippet:-1","max-image-preview":"max-image-preview:large","max-video-preview":"max-video-preview:-1"},"canonical":"https:\/\/www.budokampsport.se\/2015\/08\/25\/carl-ryrberg-satsar-pa-att-bli-historisk-i-helgen\/","og_locale":"sv_SE","og_type":"article","og_title":"Carl Ryrberg satsar p\u00e5 att bli historisk i helgen - Svenska Budo &amp; Kampsportsf\u00f6rbundet","og_description":"Under l\u00f6rdag och s\u00f6ndag \u00e4r det historisk kampsportstid i Uppsala, i dubbel bem\u00e4rkelse. Det \u00e4r HEMA:s, historical european martial arts, f\u00f6rsta officiella","og_url":"https:\/\/www.budokampsport.se\/2015\/08\/25\/carl-ryrberg-satsar-pa-att-bli-historisk-i-helgen\/","og_site_name":"Svenska Budo &amp; Kampsportsf\u00f6rbundet","article_author":"https:\/\/www.facebook.com\/jonathan.broberg.7","article_published_time":"2015-08-25T11:03:24+00:00","article_modified_time":"2016-12-06T21:39:02+00:00","author":"Jonathan Broberg","twitter_card":"summary_large_image","twitter_misc":{"Skriven av":"Jonathan Broberg","Ber\u00e4knad l\u00e4stid":"2 minuter"},"schema":{"@context":"https:\/\/schema.org","@graph":[{"@type":"Article","@id":"https:\/\/www.budokampsport.se\/2015\/08\/25\/carl-ryrberg-satsar-pa-att-bli-historisk-i-helgen\/#article","isPartOf":{"@id":"https:\/\/www.budokampsport.se\/2015\/08\/25\/carl-ryrberg-satsar-pa-att-bli-historisk-i-helgen\/"},"author":{"name":"Jonathan Broberg","@id":"https:\/\/www.budokampsport.se\/#\/schema\/person\/5c06d81d14850e2a8ce5493386560145"},"headline":"Carl Ryrberg satsar p\u00e5 att bli historisk i helgen","datePublished":"2015-08-25T11:03:24+00:00","dateModified":"2016-12-06T21:39:02+00:00","mainEntityOfPage":{"@id":"https:\/\/www.budokampsport.se\/2015\/08\/25\/carl-ryrberg-satsar-pa-att-bli-historisk-i-helgen\/"},"wordCount":342,"inLanguage":"sv-SE"},{"@type":"WebPage","@id":"https:\/\/www.budokampsport.se\/2015\/08\/25\/carl-ryrberg-satsar-pa-att-bli-historisk-i-helgen\/","url":"https:\/\/www.budokampsport.se\/2015\/08\/25\/carl-ryrberg-satsar-pa-att-bli-historisk-i-helgen\/","name":"Carl Ryrberg satsar p\u00e5 att bli historisk i helgen - Svenska Budo &amp; Kampsportsf\u00f6rbundet","isPartOf":{"@id":"https:\/\/www.budokampsport.se\/#website"},"datePublished":"2015-08-25T11:03:24+00:00","dateModified":"2016-12-06T21:39:02+00:00","author":{"@id":"https:\/\/www.budokampsport.se\/#\/schema\/person\/5c06d81d14850e2a8ce5493386560145"},"description":"Under l\u00f6rdag och s\u00f6ndag \u00e4r det historisk kampsportstid i Uppsala, i dubbel bem\u00e4rkelse. Det \u00e4r HEMA:s, historical european martial arts, f\u00f6rsta officiella","breadcrumb":{"@id":"https:\/\/www.budokampsport.se\/2015\/08\/25\/carl-ryrberg-satsar-pa-att-bli-historisk-i-helgen\/#breadcrumb"},"inLanguage":"sv-SE","potentialAction":[{"@type":"ReadAction","target":["https:\/\/www.budokampsport.se\/2015\/08\/25\/carl-ryrberg-satsar-pa-att-bli-historisk-i-helgen\/"]}]},{"@type":"BreadcrumbList","@id":"https:\/\/www.budokampsport.se\/2015\/08\/25\/carl-ryrberg-satsar-pa-att-bli-historisk-i-helgen\/#breadcrumb","itemListElement":[{"@type":"ListItem","position":1,"name":"Hem","item":"https:\/\/www.budokampsport.se\/"},{"@type":"ListItem","position":2,"name":"Carl Ryrberg satsar p\u00e5 att bli historisk i helgen"}]},{"@type":"WebSite","@id":"https:\/\/www.budokampsport.se\/#website","url":"https:\/\/www.budokampsport.se\/","name":"Svenska Budo &amp; Kampsportsf\u00f6rbundet","description":"T\u00e4vling, Tr\u00e4ning, Tradition","potentialAction":[{"@type":"SearchAction","target":{"@type":"EntryPoint","urlTemplate":"https:\/\/www.budokampsport.se\/?s={search_term_string}"},"query-input":{"@type":"PropertyValueSpecification","valueRequired":true,"valueName":"search_term_string"}}],"inLanguage":"sv-SE"},{"@type":"Person","@id":"https:\/\/www.budokampsport.se\/#\/schema\/person\/5c06d81d14850e2a8ce5493386560145","name":"Jonathan Broberg","image":{"@type":"ImageObject","inLanguage":"sv-SE","@id":"https:\/\/www.budokampsport.se\/#\/schema\/person\/image\/","url":"https:\/\/secure.gravatar.com\/avatar\/a58041c6cea9128bd9c40ee2f26d4136?s=96&d=blank&r=g","contentUrl":"https:\/\/secure.gravatar.com\/avatar\/a58041c6cea9128bd9c40ee2f26d4136?s=96&d=blank&r=g","caption":"Jonathan Broberg"},"sameAs":["https:\/\/www.facebook.com\/jonathan.broberg.7"],"url":"https:\/\/www.budokampsport.se\/author\/jonathan\/"}]}},"_links":{"self":[{"href":"https:\/\/www.budokampsport.se\/api\/wp\/v2\/posts\/5529","targetHints":{"allow":["GET"]}}],"collection":[{"href":"https:\/\/www.budokampsport.se\/api\/wp\/v2\/posts"}],"about":[{"href":"https:\/\/www.budokampsport.se\/api\/wp\/v2\/types\/post"}],"author":[{"embeddable":true,"href":"https:\/\/www.budokampsport.se\/api\/wp\/v2\/users\/7"}],"replies":[{"embeddable":true,"href":"https:\/\/www.budokampsport.se\/api\/wp\/v2\/comments?post=5529"}],"version-history":[{"count":0,"href":"https:\/\/www.budokampsport.se\/api\/wp\/v2\/posts\/5529\/revisions"}],"wp:attachment":[{"href":"https:\/\/www.budokampsport.se\/api\/wp\/v2\/media?parent=5529"}],"wp:term":[{"taxonomy":"category","embeddable":true,"href":"https:\/\/www.budokampsport.se\/api\/wp\/v2\/categories?post=5529"},{"taxonomy":"post_tag","embeddable":true,"href":"https:\/\/www.budokampsport.se\/api\/wp\/v2\/tags?post=5529"}],"curies":[{"name":"wp","href":"https:\/\/api.w.org\/{rel}","templated":true}]}}