{"id":5537,"date":"2015-09-03T12:10:18","date_gmt":"2015-09-03T10:10:18","guid":{"rendered":"http:\/\/budo.wordpress.dev\/2015\/09\/03\/kampsportskollot-pa-slagskeppet-lockade-till-manga-leenden\/"},"modified":"2016-12-06T22:39:05","modified_gmt":"2016-12-06T21:39:05","slug":"kampsportskollot-pa-slagskeppet-lockade-till-manga-leenden","status":"publish","type":"post","link":"https:\/\/www.budokampsport.se\/2015\/09\/03\/kampsportskollot-pa-slagskeppet-lockade-till-manga-leenden\/","title":{"rendered":"Kampsportskollot p\u00e5 Slagskeppet lockade till m\u00e5nga leenden"},"content":{"rendered":"<p><strong><img decoding=\"async\" alt=\"\" src=\"\/sites\/default\/files\/kampsportskollo_tre.gif\" style=\"height:305px; width:435px\"><br \/>I anrika Kungliga Tennishallen ligger numera Slagskeppet. I nya fr\u00e4scha lokaler arrangerades ett kampsportskollo under tv\u00e5 periodtider i sommar. Budokampsport.se bes\u00f6kte ena dagens av kollot d\u00e4r leenden och lek bredde ut sig p\u00e5 fler \u00e4n bara kollobarnen.<\/strong><!--break--><\/p>\n<p>Slagskeppet \u00e4r en av svensk thaiboxnings allra f\u00f6rn\u00e4msta f\u00f6reningar med l\u00e5ng historik, som fostrat flera svenska v\u00e4rldsstj\u00e4rnor.<\/p>\n<p>Ledarna Peter L\u00f6\u00f6f och Pernilla Wass L\u00f6\u00f6f driver klubben gemensamt och har vigt st\u00f6rre delen av sina liv \u00e5t thaiboxning.<\/p>\n<p>Men denna dag \u00e4r speciell f\u00f6r de b\u00e5da. Det \u00e4r f\u00f6rsta g\u00e5ngen ett thaiboxningskollo h\u00e5lls och det m\u00e4rks att projektet \u00e4r v\u00e4lkommet: det \u00e4r som om nya lokalen i Kungliga Tennishallen \u00e4r ett enda stort leende.<\/p>\n<p><strong>&#8220;Fungerat v\u00e4&#8217;ldigt v\u00e4l&#8221;<\/strong><br \/>Kolloperioden \u00e4r inne p\u00e5 sin andra v\u00e4nda, den f\u00f6rsta var veckan efter midsommar och den andra veckan innan skolan startade. Peter L\u00f6\u00f6f ber\u00e4ttar att m\u00e5nga f\u00f6r\u00e4ldrar har sv\u00e5rt att f\u00e5 kalendrarna att g\u00e5 ihop med skolungdomars sommarlov och ur den problematiken st\u00f6ptes id\u00e9n med ett kollo.<br \/>\u00a0\u00a0 &#8211; F\u00f6r\u00e4ldrarna kommer hit och l\u00e4mnar sina barn p\u00e5 morgonen, vi tar hand om dem och tr\u00e4nar och har roligt tillsammans och sedan h\u00e4mtar f\u00f6r\u00e4ldrarna barnen efter jobbet. Det har fungerat v\u00e4ldigt v\u00e4l.<\/p>\n<p><img decoding=\"async\" alt=\"\" src=\"\/sites\/default\/files\/kampsportskollo_ett.gif\" style=\"height:305px; width:435px\"><\/p>\n<p>Just den h\u00e4r dagen \u00e4r det dags f\u00f6r n\u00e5got man kallar Gladiatorerna. En mindre bana har stakats ut och ut till musik och st\u00e5t kommer kolloledarna ut\u00a0i utsmyckning som sannerligen ser ut som gladiatorernas.<\/p>\n<p>Barnen f\u00e5r sedan springa en och en och f\u00f6rs\u00f6ka ta sig igenom banan f\u00f6rbi gladiatorerna. Det \u00e4r sv\u00e5rt att urskilja vilka som har roligast, kollobarnen, gladiatorerna, Peter och Pernilla, eller de f\u00f6r\u00e4ldrar som st\u00e5r och tittar f\u00f6r att sedan h\u00e4mta barnen. Alla ler och verkar ha en fin stund tillsammans.<\/p>\n<p><img decoding=\"async\" alt=\"\" src=\"\/sites\/default\/files\/kampsportskollo_tva.gif\" style=\"height:305px; width:435px\"><\/p>\n<p>Kollodeltagarna \u00e4r fr\u00e5n alla \u00e5ldrar mellan 8-14 \u00e5r. B\u00e5da kolloveckorna var sedan l\u00e4nge fullbokade och Pernilla Wass L\u00f6\u00f6f menar att kollot mycket v\u00e4l kan s\u00e4tta standarden f\u00f6r fler kampsporter att ta efter.<br \/>\u00a0\u00a0 &#8211; Redan i \u00e5r har vi faktiskt m\u00e4rkt av det och det \u00e4r f\u00f6rst\u00e5s v\u00e4ldigt smickrande. Det tyder ju p\u00e5 att id\u00e9n \u00e4r bra.<\/p>\n<p>Barnen samlas upp och f\u00f6r\u00e4ldrar tillkommer. Kollodagen \u00e4r slut, men leendena fr\u00e5n verksamheten kommer att sitta i fleras minnen f\u00f6r l\u00e5ng tid fram\u00f6ver.<\/p>\n<p>Oavsett i vilken ringh\u00f6rna av kollot betraktaren befinner sig.<\/p>\n<p><img decoding=\"async\" alt=\"\" src=\"\/sites\/default\/files\/kampsportskollo_fyra.gif\" style=\"height:305px; width:435px\"><\/p>\n<p>Text: Jonathan Broberg<br \/>Foto: Pernilla Wass L\u00f6\u00f6f<\/p>\n","protected":false},"excerpt":{"rendered":"<p>I anrika Kungliga Tennishallen ligger numera Slagskeppet. I nya fr\u00e4scha [&#8230;]<\/p><br>","protected":false},"author":7,"featured_media":0,"comment_status":"closed","ping_status":"closed","sticky":false,"template":"","format":"standard","meta":{"_acf_changed":false,"footnotes":""},"categories":[1],"tags":[],"class_list":["post-5537","post","type-post","status-publish","format-standard","hentry","category-okategoriserade"],"acf":[],"yoast_head":"<!-- This site is optimized with the Yoast SEO plugin v26.8 - https:\/\/yoast.com\/product\/yoast-seo-wordpress\/ -->\n<title>Kampsportskollot p\u00e5 Slagskeppet lockade till m\u00e5nga leenden - Svenska Budo &amp; Kampsportsf\u00f6rbundet<\/title>\n<meta name=\"description\" content=\"I anrika Kungliga Tennishallen ligger numera Slagskeppet. I nya fr\u00e4scha lokaler arrangerades ett kampsportskollo under tv\u00e5 periodtider i sommar.\" \/>\n<meta name=\"robots\" content=\"index, follow, max-snippet:-1, max-image-preview:large, max-video-preview:-1\" \/>\n<link rel=\"canonical\" href=\"https:\/\/www.budokampsport.se\/2015\/09\/03\/kampsportskollot-pa-slagskeppet-lockade-till-manga-leenden\/\" \/>\n<meta property=\"og:locale\" content=\"sv_SE\" \/>\n<meta property=\"og:type\" content=\"article\" \/>\n<meta property=\"og:title\" content=\"Kampsportskollot p\u00e5 Slagskeppet lockade till m\u00e5nga leenden - Svenska Budo &amp; Kampsportsf\u00f6rbundet\" \/>\n<meta property=\"og:description\" content=\"I anrika Kungliga Tennishallen ligger numera Slagskeppet. I nya fr\u00e4scha lokaler arrangerades ett kampsportskollo under tv\u00e5 periodtider i sommar.\" \/>\n<meta property=\"og:url\" content=\"https:\/\/www.budokampsport.se\/2015\/09\/03\/kampsportskollot-pa-slagskeppet-lockade-till-manga-leenden\/\" \/>\n<meta property=\"og:site_name\" content=\"Svenska Budo &amp; Kampsportsf\u00f6rbundet\" \/>\n<meta property=\"article:author\" content=\"https:\/\/www.facebook.com\/jonathan.broberg.7\" \/>\n<meta property=\"article:published_time\" content=\"2015-09-03T10:10:18+00:00\" \/>\n<meta property=\"article:modified_time\" content=\"2016-12-06T21:39:05+00:00\" \/>\n<meta name=\"author\" content=\"Jonathan Broberg\" \/>\n<meta name=\"twitter:card\" content=\"summary_large_image\" \/>\n<meta name=\"twitter:label1\" content=\"Skriven av\" \/>\n\t<meta name=\"twitter:data1\" content=\"Jonathan Broberg\" \/>\n\t<meta name=\"twitter:label2\" content=\"Ber\u00e4knad l\u00e4stid\" \/>\n\t<meta name=\"twitter:data2\" content=\"2 minuter\" \/>\n<script type=\"application\/ld+json\" class=\"yoast-schema-graph\">{\"@context\":\"https:\/\/schema.org\",\"@graph\":[{\"@type\":\"Article\",\"@id\":\"https:\/\/www.budokampsport.se\/2015\/09\/03\/kampsportskollot-pa-slagskeppet-lockade-till-manga-leenden\/#article\",\"isPartOf\":{\"@id\":\"https:\/\/www.budokampsport.se\/2015\/09\/03\/kampsportskollot-pa-slagskeppet-lockade-till-manga-leenden\/\"},\"author\":{\"name\":\"Jonathan Broberg\",\"@id\":\"https:\/\/www.budokampsport.se\/#\/schema\/person\/5c06d81d14850e2a8ce5493386560145\"},\"headline\":\"Kampsportskollot p\u00e5 Slagskeppet lockade till m\u00e5nga leenden\",\"datePublished\":\"2015-09-03T10:10:18+00:00\",\"dateModified\":\"2016-12-06T21:39:05+00:00\",\"mainEntityOfPage\":{\"@id\":\"https:\/\/www.budokampsport.se\/2015\/09\/03\/kampsportskollot-pa-slagskeppet-lockade-till-manga-leenden\/\"},\"wordCount\":454,\"inLanguage\":\"sv-SE\"},{\"@type\":\"WebPage\",\"@id\":\"https:\/\/www.budokampsport.se\/2015\/09\/03\/kampsportskollot-pa-slagskeppet-lockade-till-manga-leenden\/\",\"url\":\"https:\/\/www.budokampsport.se\/2015\/09\/03\/kampsportskollot-pa-slagskeppet-lockade-till-manga-leenden\/\",\"name\":\"Kampsportskollot p\u00e5 Slagskeppet lockade till m\u00e5nga leenden - Svenska Budo &amp; Kampsportsf\u00f6rbundet\",\"isPartOf\":{\"@id\":\"https:\/\/www.budokampsport.se\/#website\"},\"datePublished\":\"2015-09-03T10:10:18+00:00\",\"dateModified\":\"2016-12-06T21:39:05+00:00\",\"author\":{\"@id\":\"https:\/\/www.budokampsport.se\/#\/schema\/person\/5c06d81d14850e2a8ce5493386560145\"},\"description\":\"I anrika Kungliga Tennishallen ligger numera Slagskeppet. I nya fr\u00e4scha lokaler arrangerades ett kampsportskollo under tv\u00e5 periodtider i sommar.\",\"breadcrumb\":{\"@id\":\"https:\/\/www.budokampsport.se\/2015\/09\/03\/kampsportskollot-pa-slagskeppet-lockade-till-manga-leenden\/#breadcrumb\"},\"inLanguage\":\"sv-SE\",\"potentialAction\":[{\"@type\":\"ReadAction\",\"target\":[\"https:\/\/www.budokampsport.se\/2015\/09\/03\/kampsportskollot-pa-slagskeppet-lockade-till-manga-leenden\/\"]}]},{\"@type\":\"BreadcrumbList\",\"@id\":\"https:\/\/www.budokampsport.se\/2015\/09\/03\/kampsportskollot-pa-slagskeppet-lockade-till-manga-leenden\/#breadcrumb\",\"itemListElement\":[{\"@type\":\"ListItem\",\"position\":1,\"name\":\"Hem\",\"item\":\"https:\/\/www.budokampsport.se\/\"},{\"@type\":\"ListItem\",\"position\":2,\"name\":\"Kampsportskollot p\u00e5 Slagskeppet lockade till m\u00e5nga leenden\"}]},{\"@type\":\"WebSite\",\"@id\":\"https:\/\/www.budokampsport.se\/#website\",\"url\":\"https:\/\/www.budokampsport.se\/\",\"name\":\"Svenska Budo &amp; Kampsportsf\u00f6rbundet\",\"description\":\"T\u00e4vling, Tr\u00e4ning, Tradition\",\"potentialAction\":[{\"@type\":\"SearchAction\",\"target\":{\"@type\":\"EntryPoint\",\"urlTemplate\":\"https:\/\/www.budokampsport.se\/?s={search_term_string}\"},\"query-input\":{\"@type\":\"PropertyValueSpecification\",\"valueRequired\":true,\"valueName\":\"search_term_string\"}}],\"inLanguage\":\"sv-SE\"},{\"@type\":\"Person\",\"@id\":\"https:\/\/www.budokampsport.se\/#\/schema\/person\/5c06d81d14850e2a8ce5493386560145\",\"name\":\"Jonathan Broberg\",\"image\":{\"@type\":\"ImageObject\",\"inLanguage\":\"sv-SE\",\"@id\":\"https:\/\/www.budokampsport.se\/#\/schema\/person\/image\/\",\"url\":\"https:\/\/secure.gravatar.com\/avatar\/a58041c6cea9128bd9c40ee2f26d4136?s=96&d=blank&r=g\",\"contentUrl\":\"https:\/\/secure.gravatar.com\/avatar\/a58041c6cea9128bd9c40ee2f26d4136?s=96&d=blank&r=g\",\"caption\":\"Jonathan Broberg\"},\"sameAs\":[\"https:\/\/www.facebook.com\/jonathan.broberg.7\"],\"url\":\"https:\/\/www.budokampsport.se\/author\/jonathan\/\"}]}<\/script>\n<!-- \/ Yoast SEO plugin. -->","yoast_head_json":{"title":"Kampsportskollot p\u00e5 Slagskeppet lockade till m\u00e5nga leenden - Svenska Budo &amp; Kampsportsf\u00f6rbundet","description":"I anrika Kungliga Tennishallen ligger numera Slagskeppet. I nya fr\u00e4scha lokaler arrangerades ett kampsportskollo under tv\u00e5 periodtider i sommar.","robots":{"index":"index","follow":"follow","max-snippet":"max-snippet:-1","max-image-preview":"max-image-preview:large","max-video-preview":"max-video-preview:-1"},"canonical":"https:\/\/www.budokampsport.se\/2015\/09\/03\/kampsportskollot-pa-slagskeppet-lockade-till-manga-leenden\/","og_locale":"sv_SE","og_type":"article","og_title":"Kampsportskollot p\u00e5 Slagskeppet lockade till m\u00e5nga leenden - Svenska Budo &amp; Kampsportsf\u00f6rbundet","og_description":"I anrika Kungliga Tennishallen ligger numera Slagskeppet. I nya fr\u00e4scha lokaler arrangerades ett kampsportskollo under tv\u00e5 periodtider i sommar.","og_url":"https:\/\/www.budokampsport.se\/2015\/09\/03\/kampsportskollot-pa-slagskeppet-lockade-till-manga-leenden\/","og_site_name":"Svenska Budo &amp; Kampsportsf\u00f6rbundet","article_author":"https:\/\/www.facebook.com\/jonathan.broberg.7","article_published_time":"2015-09-03T10:10:18+00:00","article_modified_time":"2016-12-06T21:39:05+00:00","author":"Jonathan Broberg","twitter_card":"summary_large_image","twitter_misc":{"Skriven av":"Jonathan Broberg","Ber\u00e4knad l\u00e4stid":"2 minuter"},"schema":{"@context":"https:\/\/schema.org","@graph":[{"@type":"Article","@id":"https:\/\/www.budokampsport.se\/2015\/09\/03\/kampsportskollot-pa-slagskeppet-lockade-till-manga-leenden\/#article","isPartOf":{"@id":"https:\/\/www.budokampsport.se\/2015\/09\/03\/kampsportskollot-pa-slagskeppet-lockade-till-manga-leenden\/"},"author":{"name":"Jonathan Broberg","@id":"https:\/\/www.budokampsport.se\/#\/schema\/person\/5c06d81d14850e2a8ce5493386560145"},"headline":"Kampsportskollot p\u00e5 Slagskeppet lockade till m\u00e5nga leenden","datePublished":"2015-09-03T10:10:18+00:00","dateModified":"2016-12-06T21:39:05+00:00","mainEntityOfPage":{"@id":"https:\/\/www.budokampsport.se\/2015\/09\/03\/kampsportskollot-pa-slagskeppet-lockade-till-manga-leenden\/"},"wordCount":454,"inLanguage":"sv-SE"},{"@type":"WebPage","@id":"https:\/\/www.budokampsport.se\/2015\/09\/03\/kampsportskollot-pa-slagskeppet-lockade-till-manga-leenden\/","url":"https:\/\/www.budokampsport.se\/2015\/09\/03\/kampsportskollot-pa-slagskeppet-lockade-till-manga-leenden\/","name":"Kampsportskollot p\u00e5 Slagskeppet lockade till m\u00e5nga leenden - Svenska Budo &amp; Kampsportsf\u00f6rbundet","isPartOf":{"@id":"https:\/\/www.budokampsport.se\/#website"},"datePublished":"2015-09-03T10:10:18+00:00","dateModified":"2016-12-06T21:39:05+00:00","author":{"@id":"https:\/\/www.budokampsport.se\/#\/schema\/person\/5c06d81d14850e2a8ce5493386560145"},"description":"I anrika Kungliga Tennishallen ligger numera Slagskeppet. I nya fr\u00e4scha lokaler arrangerades ett kampsportskollo under tv\u00e5 periodtider i sommar.","breadcrumb":{"@id":"https:\/\/www.budokampsport.se\/2015\/09\/03\/kampsportskollot-pa-slagskeppet-lockade-till-manga-leenden\/#breadcrumb"},"inLanguage":"sv-SE","potentialAction":[{"@type":"ReadAction","target":["https:\/\/www.budokampsport.se\/2015\/09\/03\/kampsportskollot-pa-slagskeppet-lockade-till-manga-leenden\/"]}]},{"@type":"BreadcrumbList","@id":"https:\/\/www.budokampsport.se\/2015\/09\/03\/kampsportskollot-pa-slagskeppet-lockade-till-manga-leenden\/#breadcrumb","itemListElement":[{"@type":"ListItem","position":1,"name":"Hem","item":"https:\/\/www.budokampsport.se\/"},{"@type":"ListItem","position":2,"name":"Kampsportskollot p\u00e5 Slagskeppet lockade till m\u00e5nga leenden"}]},{"@type":"WebSite","@id":"https:\/\/www.budokampsport.se\/#website","url":"https:\/\/www.budokampsport.se\/","name":"Svenska Budo &amp; Kampsportsf\u00f6rbundet","description":"T\u00e4vling, Tr\u00e4ning, Tradition","potentialAction":[{"@type":"SearchAction","target":{"@type":"EntryPoint","urlTemplate":"https:\/\/www.budokampsport.se\/?s={search_term_string}"},"query-input":{"@type":"PropertyValueSpecification","valueRequired":true,"valueName":"search_term_string"}}],"inLanguage":"sv-SE"},{"@type":"Person","@id":"https:\/\/www.budokampsport.se\/#\/schema\/person\/5c06d81d14850e2a8ce5493386560145","name":"Jonathan Broberg","image":{"@type":"ImageObject","inLanguage":"sv-SE","@id":"https:\/\/www.budokampsport.se\/#\/schema\/person\/image\/","url":"https:\/\/secure.gravatar.com\/avatar\/a58041c6cea9128bd9c40ee2f26d4136?s=96&d=blank&r=g","contentUrl":"https:\/\/secure.gravatar.com\/avatar\/a58041c6cea9128bd9c40ee2f26d4136?s=96&d=blank&r=g","caption":"Jonathan Broberg"},"sameAs":["https:\/\/www.facebook.com\/jonathan.broberg.7"],"url":"https:\/\/www.budokampsport.se\/author\/jonathan\/"}]}},"_links":{"self":[{"href":"https:\/\/www.budokampsport.se\/api\/wp\/v2\/posts\/5537","targetHints":{"allow":["GET"]}}],"collection":[{"href":"https:\/\/www.budokampsport.se\/api\/wp\/v2\/posts"}],"about":[{"href":"https:\/\/www.budokampsport.se\/api\/wp\/v2\/types\/post"}],"author":[{"embeddable":true,"href":"https:\/\/www.budokampsport.se\/api\/wp\/v2\/users\/7"}],"replies":[{"embeddable":true,"href":"https:\/\/www.budokampsport.se\/api\/wp\/v2\/comments?post=5537"}],"version-history":[{"count":0,"href":"https:\/\/www.budokampsport.se\/api\/wp\/v2\/posts\/5537\/revisions"}],"wp:attachment":[{"href":"https:\/\/www.budokampsport.se\/api\/wp\/v2\/media?parent=5537"}],"wp:term":[{"taxonomy":"category","embeddable":true,"href":"https:\/\/www.budokampsport.se\/api\/wp\/v2\/categories?post=5537"},{"taxonomy":"post_tag","embeddable":true,"href":"https:\/\/www.budokampsport.se\/api\/wp\/v2\/tags?post=5537"}],"curies":[{"name":"wp","href":"https:\/\/api.w.org\/{rel}","templated":true}]}}