{"id":5541,"date":"2015-09-08T13:00:14","date_gmt":"2015-09-08T11:00:14","guid":{"rendered":"http:\/\/budo.wordpress.dev\/2015\/09\/08\/kampsportsgalan-klar-for-ytterligare-en-bernskvall-fantastiskt-roliga-manniskor\/"},"modified":"2016-12-06T22:39:06","modified_gmt":"2016-12-06T21:39:06","slug":"kampsportsgalan-klar-for-ytterligare-en-bernskvall-fantastiskt-roliga-manniskor","status":"publish","type":"post","link":"https:\/\/www.budokampsport.se\/2015\/09\/08\/kampsportsgalan-klar-for-ytterligare-en-bernskvall-fantastiskt-roliga-manniskor\/","title":{"rendered":"Kampsportsgalan klar f\u00f6r ytterligare en Bernskv\u00e4ll: \u201dFantastiskt roliga m\u00e4nniskor\u201d"},"content":{"rendered":"<p><strong><img decoding=\"async\" alt=\"\" src=\"\/sites\/default\/files\/kampsportgalan2014-1.gif\" style=\"height:179px; width:435px\"><br \/>Kampsportsgalan\u00a02016 hamnar, \u00e5terigen, p\u00e5 Berns. Budokampsport.se fick en pratstund med Ulla-Carin Norberg, Project Manager, p\u00e5 Berns om Kampsportsgalans plats.<br \/>\u00a0\u00a0 &#8211; Det \u00e4r verkligen, det k\u00e4nner jag starkt efter de h\u00e4r \u00e5ren, en v\u00e4ldigt trevlig kv\u00e4ll och vi \u00e4r stolta och glada att kunna hj\u00e4lpa kampsporten med galan, s\u00e4ger hon.<\/strong><!--break--><\/p>\n<p>Kampsportsgalan har under tre tillf\u00e4llen h\u00e5llits p\u00e5 Berns i Stockholm och s\u00e5 kommer det att forts\u00e4tta \u00e4ven n\u00e4sta \u00e5r.<\/p>\n<p>Kampsportsgalan kommer att h\u00e5llas den 19 mars 2016 p\u00e5 Berns.<br \/>\u00a0\u00a0\u00a0&#8211; Jag har f\u00f6rst\u00e5tt mellan raderna att kampsporten inte precis k\u00e4nner sig j\u00e4tteuppskattad av Idrottsgalan. Att vi fr\u00e5n Berns d\u00e5 kan hj\u00e4lpa till s\u00e5 att kampsporten f\u00e5r en v\u00e4rdlokal f\u00f6r en egen gala k\u00e4nns v\u00e4ldigt bra. Jag skulle s\u00e4ga att vi p\u00e5 Berns f\u00f6rst\u00e5r kampsportarnas rebelliska \u00e5dra.<\/p>\n<p>Ulla-Carin ber\u00e4ttar att Berns ocks\u00e5 har en historik av lite njuggt mottagande fr\u00e5n olika h\u00e5ll. Bland annat efter att Berns en g\u00e5ng i tiden varit f\u00f6rsta svenska st\u00e4lle att ta emot en f\u00e4rgad jazzorkester \u2013 och varit f\u00f6rsta asiatiska restaurangen i Sverige.<br \/>\u00a0\u00a0 &#8211; Ja, vi har en del historik h\u00e4r ocks\u00e5 som vi idag \u00e4r v\u00e4ldigt stolta \u00f6ver, men som d\u00e5 var lite ifr\u00e5gasatt. Ur den aspekten k\u00e4nner jag att det \u00e4r en liten extra krydda att f\u00e5 jobba med Kampsportsgalan.<\/p>\n<p><strong><img decoding=\"async\" alt=\"\" src=\"\/sites\/default\/files\/ulla-carin.gif\" style=\"height:290px; opacity:0.9; width:435px\"><\/strong><\/p>\n<p><strong>&#8220;Man blir ju stolt&#8221;<\/strong><br \/>Och Ulla-Carin menar att hon \u00e4r imponerad av svensk kampsport.<br \/>\u00a0\u00a0 &#8211; Ja, jag har f\u00f6rst\u00e5tt att det vuxit v\u00e4ldigt mycket de senaste \u00e5ren. Kampsporten och galan uppm\u00e4rksammas mer och mer i media numera. Och s\u00e5 blir man ju stolt n\u00e4r man inser hur m\u00e5nga duktiga svenskar kampsporten har och vilken bredd det finns. Det \u00e4r ju allt fr\u00e5n unga tjejer till \u00e4ldre farbr\u00f6der som uppm\u00e4rksammas under galan. Det \u00e4r roligt.<\/p>\n<p>Hon har varit Berns trogen i \u00f6ver 20 \u00e5r nu, men \u00e4nd\u00e5 brinner Ulla-Carin fortfarande f\u00f6r sitt arbete.<br \/>\u00a0\u00a0 &#8211; Det \u00e4r fantastiskt roligt att kunna arbeta med allt fr\u00e5n konserter till f\u00f6retagsevent och till s\u00e5dana saker som kampsportsgalan. Det \u00e4r v\u00e4ldigt inspirerande att tr\u00e4ffa s\u00e5 m\u00e5nga fantastiska m\u00e4nniskor.<\/p>\n<p>Text: Jonathan Broberg<br \/>Foto: Hamid Ershad Sarabi\/Jonathan Broberg<\/p>\n","protected":false},"excerpt":{"rendered":"<p>Kampsportsgalan\u00a02016 hamnar, \u00e5terigen, p\u00e5 Berns. Budokampsport.se fick en pratstund med [&#8230;]<\/p><br>","protected":false},"author":7,"featured_media":0,"comment_status":"closed","ping_status":"closed","sticky":false,"template":"","format":"standard","meta":{"_acf_changed":false,"footnotes":""},"categories":[1],"tags":[],"class_list":["post-5541","post","type-post","status-publish","format-standard","hentry","category-okategoriserade"],"acf":[],"yoast_head":"<!-- This site is optimized with the Yoast SEO plugin v26.8 - https:\/\/yoast.com\/product\/yoast-seo-wordpress\/ -->\n<title>Kampsportsgalan klar f\u00f6r ytterligare en Bernskv\u00e4ll: \u201dFantastiskt roliga m\u00e4nniskor\u201d - Svenska Budo &amp; Kampsportsf\u00f6rbundet<\/title>\n<meta name=\"description\" content=\"Kampsportsgalan\u00a02016 hamnar, \u00e5terigen, p\u00e5 Berns. Budokampsport.se fick en pratstund med Ulla-Carin Norberg, Project Manager, p\u00e5 Berns om Kampsportsgalans\" \/>\n<meta name=\"robots\" content=\"index, follow, max-snippet:-1, max-image-preview:large, max-video-preview:-1\" \/>\n<link rel=\"canonical\" href=\"https:\/\/www.budokampsport.se\/2015\/09\/08\/kampsportsgalan-klar-for-ytterligare-en-bernskvall-fantastiskt-roliga-manniskor\/\" \/>\n<meta property=\"og:locale\" content=\"sv_SE\" \/>\n<meta property=\"og:type\" content=\"article\" \/>\n<meta property=\"og:title\" content=\"Kampsportsgalan klar f\u00f6r ytterligare en Bernskv\u00e4ll: \u201dFantastiskt roliga m\u00e4nniskor\u201d - Svenska Budo &amp; Kampsportsf\u00f6rbundet\" \/>\n<meta property=\"og:description\" content=\"Kampsportsgalan\u00a02016 hamnar, \u00e5terigen, p\u00e5 Berns. Budokampsport.se fick en pratstund med Ulla-Carin Norberg, Project Manager, p\u00e5 Berns om Kampsportsgalans\" \/>\n<meta property=\"og:url\" content=\"https:\/\/www.budokampsport.se\/2015\/09\/08\/kampsportsgalan-klar-for-ytterligare-en-bernskvall-fantastiskt-roliga-manniskor\/\" \/>\n<meta property=\"og:site_name\" content=\"Svenska Budo &amp; Kampsportsf\u00f6rbundet\" \/>\n<meta property=\"article:author\" content=\"https:\/\/www.facebook.com\/jonathan.broberg.7\" \/>\n<meta property=\"article:published_time\" content=\"2015-09-08T11:00:14+00:00\" \/>\n<meta property=\"article:modified_time\" content=\"2016-12-06T21:39:06+00:00\" \/>\n<meta name=\"author\" content=\"Jonathan Broberg\" \/>\n<meta name=\"twitter:card\" content=\"summary_large_image\" \/>\n<meta name=\"twitter:label1\" content=\"Skriven av\" \/>\n\t<meta name=\"twitter:data1\" content=\"Jonathan Broberg\" \/>\n\t<meta name=\"twitter:label2\" content=\"Ber\u00e4knad l\u00e4stid\" \/>\n\t<meta name=\"twitter:data2\" content=\"2 minuter\" \/>\n<script type=\"application\/ld+json\" class=\"yoast-schema-graph\">{\"@context\":\"https:\/\/schema.org\",\"@graph\":[{\"@type\":\"Article\",\"@id\":\"https:\/\/www.budokampsport.se\/2015\/09\/08\/kampsportsgalan-klar-for-ytterligare-en-bernskvall-fantastiskt-roliga-manniskor\/#article\",\"isPartOf\":{\"@id\":\"https:\/\/www.budokampsport.se\/2015\/09\/08\/kampsportsgalan-klar-for-ytterligare-en-bernskvall-fantastiskt-roliga-manniskor\/\"},\"author\":{\"name\":\"Jonathan Broberg\",\"@id\":\"https:\/\/www.budokampsport.se\/#\/schema\/person\/5c06d81d14850e2a8ce5493386560145\"},\"headline\":\"Kampsportsgalan klar f\u00f6r ytterligare en Bernskv\u00e4ll: \u201dFantastiskt roliga m\u00e4nniskor\u201d\",\"datePublished\":\"2015-09-08T11:00:14+00:00\",\"dateModified\":\"2016-12-06T21:39:06+00:00\",\"mainEntityOfPage\":{\"@id\":\"https:\/\/www.budokampsport.se\/2015\/09\/08\/kampsportsgalan-klar-for-ytterligare-en-bernskvall-fantastiskt-roliga-manniskor\/\"},\"wordCount\":399,\"inLanguage\":\"sv-SE\"},{\"@type\":\"WebPage\",\"@id\":\"https:\/\/www.budokampsport.se\/2015\/09\/08\/kampsportsgalan-klar-for-ytterligare-en-bernskvall-fantastiskt-roliga-manniskor\/\",\"url\":\"https:\/\/www.budokampsport.se\/2015\/09\/08\/kampsportsgalan-klar-for-ytterligare-en-bernskvall-fantastiskt-roliga-manniskor\/\",\"name\":\"Kampsportsgalan klar f\u00f6r ytterligare en Bernskv\u00e4ll: \u201dFantastiskt roliga m\u00e4nniskor\u201d - Svenska Budo &amp; Kampsportsf\u00f6rbundet\",\"isPartOf\":{\"@id\":\"https:\/\/www.budokampsport.se\/#website\"},\"datePublished\":\"2015-09-08T11:00:14+00:00\",\"dateModified\":\"2016-12-06T21:39:06+00:00\",\"author\":{\"@id\":\"https:\/\/www.budokampsport.se\/#\/schema\/person\/5c06d81d14850e2a8ce5493386560145\"},\"description\":\"Kampsportsgalan\u00a02016 hamnar, \u00e5terigen, p\u00e5 Berns. Budokampsport.se fick en pratstund med Ulla-Carin Norberg, Project Manager, p\u00e5 Berns om Kampsportsgalans\",\"breadcrumb\":{\"@id\":\"https:\/\/www.budokampsport.se\/2015\/09\/08\/kampsportsgalan-klar-for-ytterligare-en-bernskvall-fantastiskt-roliga-manniskor\/#breadcrumb\"},\"inLanguage\":\"sv-SE\",\"potentialAction\":[{\"@type\":\"ReadAction\",\"target\":[\"https:\/\/www.budokampsport.se\/2015\/09\/08\/kampsportsgalan-klar-for-ytterligare-en-bernskvall-fantastiskt-roliga-manniskor\/\"]}]},{\"@type\":\"BreadcrumbList\",\"@id\":\"https:\/\/www.budokampsport.se\/2015\/09\/08\/kampsportsgalan-klar-for-ytterligare-en-bernskvall-fantastiskt-roliga-manniskor\/#breadcrumb\",\"itemListElement\":[{\"@type\":\"ListItem\",\"position\":1,\"name\":\"Hem\",\"item\":\"https:\/\/www.budokampsport.se\/\"},{\"@type\":\"ListItem\",\"position\":2,\"name\":\"Kampsportsgalan klar f\u00f6r ytterligare en Bernskv\u00e4ll: \u201dFantastiskt roliga m\u00e4nniskor\u201d\"}]},{\"@type\":\"WebSite\",\"@id\":\"https:\/\/www.budokampsport.se\/#website\",\"url\":\"https:\/\/www.budokampsport.se\/\",\"name\":\"Svenska Budo &amp; Kampsportsf\u00f6rbundet\",\"description\":\"T\u00e4vling, Tr\u00e4ning, Tradition\",\"potentialAction\":[{\"@type\":\"SearchAction\",\"target\":{\"@type\":\"EntryPoint\",\"urlTemplate\":\"https:\/\/www.budokampsport.se\/?s={search_term_string}\"},\"query-input\":{\"@type\":\"PropertyValueSpecification\",\"valueRequired\":true,\"valueName\":\"search_term_string\"}}],\"inLanguage\":\"sv-SE\"},{\"@type\":\"Person\",\"@id\":\"https:\/\/www.budokampsport.se\/#\/schema\/person\/5c06d81d14850e2a8ce5493386560145\",\"name\":\"Jonathan Broberg\",\"image\":{\"@type\":\"ImageObject\",\"inLanguage\":\"sv-SE\",\"@id\":\"https:\/\/www.budokampsport.se\/#\/schema\/person\/image\/\",\"url\":\"https:\/\/secure.gravatar.com\/avatar\/a58041c6cea9128bd9c40ee2f26d4136?s=96&d=blank&r=g\",\"contentUrl\":\"https:\/\/secure.gravatar.com\/avatar\/a58041c6cea9128bd9c40ee2f26d4136?s=96&d=blank&r=g\",\"caption\":\"Jonathan Broberg\"},\"sameAs\":[\"https:\/\/www.facebook.com\/jonathan.broberg.7\"],\"url\":\"https:\/\/www.budokampsport.se\/author\/jonathan\/\"}]}<\/script>\n<!-- \/ Yoast SEO plugin. -->","yoast_head_json":{"title":"Kampsportsgalan klar f\u00f6r ytterligare en Bernskv\u00e4ll: \u201dFantastiskt roliga m\u00e4nniskor\u201d - Svenska Budo &amp; Kampsportsf\u00f6rbundet","description":"Kampsportsgalan\u00a02016 hamnar, \u00e5terigen, p\u00e5 Berns. Budokampsport.se fick en pratstund med Ulla-Carin Norberg, Project Manager, p\u00e5 Berns om Kampsportsgalans","robots":{"index":"index","follow":"follow","max-snippet":"max-snippet:-1","max-image-preview":"max-image-preview:large","max-video-preview":"max-video-preview:-1"},"canonical":"https:\/\/www.budokampsport.se\/2015\/09\/08\/kampsportsgalan-klar-for-ytterligare-en-bernskvall-fantastiskt-roliga-manniskor\/","og_locale":"sv_SE","og_type":"article","og_title":"Kampsportsgalan klar f\u00f6r ytterligare en Bernskv\u00e4ll: \u201dFantastiskt roliga m\u00e4nniskor\u201d - Svenska Budo &amp; Kampsportsf\u00f6rbundet","og_description":"Kampsportsgalan\u00a02016 hamnar, \u00e5terigen, p\u00e5 Berns. Budokampsport.se fick en pratstund med Ulla-Carin Norberg, Project Manager, p\u00e5 Berns om Kampsportsgalans","og_url":"https:\/\/www.budokampsport.se\/2015\/09\/08\/kampsportsgalan-klar-for-ytterligare-en-bernskvall-fantastiskt-roliga-manniskor\/","og_site_name":"Svenska Budo &amp; Kampsportsf\u00f6rbundet","article_author":"https:\/\/www.facebook.com\/jonathan.broberg.7","article_published_time":"2015-09-08T11:00:14+00:00","article_modified_time":"2016-12-06T21:39:06+00:00","author":"Jonathan Broberg","twitter_card":"summary_large_image","twitter_misc":{"Skriven av":"Jonathan Broberg","Ber\u00e4knad l\u00e4stid":"2 minuter"},"schema":{"@context":"https:\/\/schema.org","@graph":[{"@type":"Article","@id":"https:\/\/www.budokampsport.se\/2015\/09\/08\/kampsportsgalan-klar-for-ytterligare-en-bernskvall-fantastiskt-roliga-manniskor\/#article","isPartOf":{"@id":"https:\/\/www.budokampsport.se\/2015\/09\/08\/kampsportsgalan-klar-for-ytterligare-en-bernskvall-fantastiskt-roliga-manniskor\/"},"author":{"name":"Jonathan Broberg","@id":"https:\/\/www.budokampsport.se\/#\/schema\/person\/5c06d81d14850e2a8ce5493386560145"},"headline":"Kampsportsgalan klar f\u00f6r ytterligare en Bernskv\u00e4ll: \u201dFantastiskt roliga m\u00e4nniskor\u201d","datePublished":"2015-09-08T11:00:14+00:00","dateModified":"2016-12-06T21:39:06+00:00","mainEntityOfPage":{"@id":"https:\/\/www.budokampsport.se\/2015\/09\/08\/kampsportsgalan-klar-for-ytterligare-en-bernskvall-fantastiskt-roliga-manniskor\/"},"wordCount":399,"inLanguage":"sv-SE"},{"@type":"WebPage","@id":"https:\/\/www.budokampsport.se\/2015\/09\/08\/kampsportsgalan-klar-for-ytterligare-en-bernskvall-fantastiskt-roliga-manniskor\/","url":"https:\/\/www.budokampsport.se\/2015\/09\/08\/kampsportsgalan-klar-for-ytterligare-en-bernskvall-fantastiskt-roliga-manniskor\/","name":"Kampsportsgalan klar f\u00f6r ytterligare en Bernskv\u00e4ll: \u201dFantastiskt roliga m\u00e4nniskor\u201d - Svenska Budo &amp; Kampsportsf\u00f6rbundet","isPartOf":{"@id":"https:\/\/www.budokampsport.se\/#website"},"datePublished":"2015-09-08T11:00:14+00:00","dateModified":"2016-12-06T21:39:06+00:00","author":{"@id":"https:\/\/www.budokampsport.se\/#\/schema\/person\/5c06d81d14850e2a8ce5493386560145"},"description":"Kampsportsgalan\u00a02016 hamnar, \u00e5terigen, p\u00e5 Berns. Budokampsport.se fick en pratstund med Ulla-Carin Norberg, Project Manager, p\u00e5 Berns om Kampsportsgalans","breadcrumb":{"@id":"https:\/\/www.budokampsport.se\/2015\/09\/08\/kampsportsgalan-klar-for-ytterligare-en-bernskvall-fantastiskt-roliga-manniskor\/#breadcrumb"},"inLanguage":"sv-SE","potentialAction":[{"@type":"ReadAction","target":["https:\/\/www.budokampsport.se\/2015\/09\/08\/kampsportsgalan-klar-for-ytterligare-en-bernskvall-fantastiskt-roliga-manniskor\/"]}]},{"@type":"BreadcrumbList","@id":"https:\/\/www.budokampsport.se\/2015\/09\/08\/kampsportsgalan-klar-for-ytterligare-en-bernskvall-fantastiskt-roliga-manniskor\/#breadcrumb","itemListElement":[{"@type":"ListItem","position":1,"name":"Hem","item":"https:\/\/www.budokampsport.se\/"},{"@type":"ListItem","position":2,"name":"Kampsportsgalan klar f\u00f6r ytterligare en Bernskv\u00e4ll: \u201dFantastiskt roliga m\u00e4nniskor\u201d"}]},{"@type":"WebSite","@id":"https:\/\/www.budokampsport.se\/#website","url":"https:\/\/www.budokampsport.se\/","name":"Svenska Budo &amp; Kampsportsf\u00f6rbundet","description":"T\u00e4vling, Tr\u00e4ning, Tradition","potentialAction":[{"@type":"SearchAction","target":{"@type":"EntryPoint","urlTemplate":"https:\/\/www.budokampsport.se\/?s={search_term_string}"},"query-input":{"@type":"PropertyValueSpecification","valueRequired":true,"valueName":"search_term_string"}}],"inLanguage":"sv-SE"},{"@type":"Person","@id":"https:\/\/www.budokampsport.se\/#\/schema\/person\/5c06d81d14850e2a8ce5493386560145","name":"Jonathan Broberg","image":{"@type":"ImageObject","inLanguage":"sv-SE","@id":"https:\/\/www.budokampsport.se\/#\/schema\/person\/image\/","url":"https:\/\/secure.gravatar.com\/avatar\/a58041c6cea9128bd9c40ee2f26d4136?s=96&d=blank&r=g","contentUrl":"https:\/\/secure.gravatar.com\/avatar\/a58041c6cea9128bd9c40ee2f26d4136?s=96&d=blank&r=g","caption":"Jonathan Broberg"},"sameAs":["https:\/\/www.facebook.com\/jonathan.broberg.7"],"url":"https:\/\/www.budokampsport.se\/author\/jonathan\/"}]}},"_links":{"self":[{"href":"https:\/\/www.budokampsport.se\/api\/wp\/v2\/posts\/5541","targetHints":{"allow":["GET"]}}],"collection":[{"href":"https:\/\/www.budokampsport.se\/api\/wp\/v2\/posts"}],"about":[{"href":"https:\/\/www.budokampsport.se\/api\/wp\/v2\/types\/post"}],"author":[{"embeddable":true,"href":"https:\/\/www.budokampsport.se\/api\/wp\/v2\/users\/7"}],"replies":[{"embeddable":true,"href":"https:\/\/www.budokampsport.se\/api\/wp\/v2\/comments?post=5541"}],"version-history":[{"count":0,"href":"https:\/\/www.budokampsport.se\/api\/wp\/v2\/posts\/5541\/revisions"}],"wp:attachment":[{"href":"https:\/\/www.budokampsport.se\/api\/wp\/v2\/media?parent=5541"}],"wp:term":[{"taxonomy":"category","embeddable":true,"href":"https:\/\/www.budokampsport.se\/api\/wp\/v2\/categories?post=5541"},{"taxonomy":"post_tag","embeddable":true,"href":"https:\/\/www.budokampsport.se\/api\/wp\/v2\/tags?post=5541"}],"curies":[{"name":"wp","href":"https:\/\/api.w.org\/{rel}","templated":true}]}}