{"id":5542,"date":"2015-09-09T14:16:44","date_gmt":"2015-09-09T12:16:44","guid":{"rendered":"http:\/\/budo.wordpress.dev\/2015\/09\/09\/reportage-reza-madadi-narmar-sig-comebacken-i-dublin\/"},"modified":"2016-12-06T22:39:06","modified_gmt":"2016-12-06T21:39:06","slug":"reportage-reza-madadi-narmar-sig-comebacken-i-dublin","status":"publish","type":"post","link":"https:\/\/www.budokampsport.se\/2015\/09\/09\/reportage-reza-madadi-narmar-sig-comebacken-i-dublin\/","title":{"rendered":"Reportage: Reza Madadi n\u00e4rmar sig comebacken i Dublin"},"content":{"rendered":"<p><strong><img decoding=\"async\" alt=\"\" src=\"\/sites\/default\/files\/reza_igen.jpg\" style=\"height:287px; width:430px\"><br \/>Det \u00e4r m\u00e4rkliga tidender som breder ut sig. Solen och dess sommarv\u00e4rme sprattlar desperat, och med allt mindre styrka, mot ett m\u00f6rker och en kyla som gror. Och just m\u00f6rker och kyla \u00e4r n\u00e5got som Reza Madadi k\u00e4nt av v\u00e4l de senaste \u00e5ren \u2013 men d\u00e4r finns ocks\u00e5 lycka och lyster.<br \/>\u00a0\u00a0 &#8211; Tro mig n\u00e4r jag s\u00e4ger det, men jag hade f\u00f6rlorat allt. Nu har jag f\u00e5tt en andra chans, och den t\u00e4nker jag verkligen ta till vara p\u00e5, s\u00e4ger han till budokampsport.se.<\/strong><!--break--><\/p>\n<p>Om h\u00f6sten f\u00f6r\u00e4ndras det mesta. Ofta ser vi h\u00f6star som en outgrundlig v\u00e4g mot den vinter som f\u00f6rvisso kan vara vacker att sk\u00e5da, men som ocks\u00e5 inneb\u00e4r dvala f\u00f6r den st\u00f6rre delen av det som v\u00e4xer.<\/p>\n<p>L\u00f6ven f\u00e4rgas f\u00f6rst granna i en f\u00f6r \u00f6gat imposant syn. Sedan faller de till marken och l\u00e4mnar tr\u00e4den alldeles m\u00f6rka och nakna. Men om v\u00e5ren, n\u00e4r knoppar v\u00e4xer till sig har ocks\u00e5 tr\u00e4det blivit st\u00f6rre och starkare \u2013 kanske med ett helt nytt, eller i vart fall p\u00e5nyttf\u00f6tt, skimmer.<\/p>\n<p>Det var en kv\u00e4ll i f\u00e4ngelsecellen, framf\u00f6r en UFC-gala, som precis allt brast f\u00f6r Reza Madadi. Conor McGregor m\u00f6tte Diego Brandao och framf\u00f6r tv-sk\u00e4rmen, ensam med bara cellv\u00e4ggarna runt sig som s\u00e4llskap, satt Reza Madadi gr\u00e5tandes.<br \/>\u00a0\u00a0 &#8211; Jag har haft j\u00e4tte, j\u00e4ttemycket \u00e5ngest. Jag minns den kv\u00e4llen, det var fruktansv\u00e4rt tungt. Jag och Conor b\u00f6rjade som UFC-debutanter p\u00e5 samma kort, och d\u00e4r var han p\u00e5 stor gala och d\u00e4r satt jag.<br \/>\u00a0\u00a0 &#8211; Alla k\u00e4nslor kom d\u00e5. Allt. Jag hade f\u00f6rlorat allt. Jag var borta fr\u00e5n min familj, min \u00e4lskade kampsport kunde jag bara dr\u00f6mma om igen.<\/p>\n<p><img decoding=\"async\" alt=\"\" src=\"\/sites\/default\/files\/reza_0.gif\" style=\"height:290px; width:435px\"><\/p>\n<p><strong>&#8220;Dr\u00f6mma om att komma tillbaka&#8221;<\/strong><br \/>Den kv\u00e4llen kommer Reza Madadi sent gl\u00f6mma. Men n\u00e4r han v\u00e4l torkat av sig t\u00e5rarna, och det st\u00f6rsta k\u00e4nslosvallet runnit av honom, kom en tanke.<br \/>\u00a0\u00a0 &#8211; Jag k\u00e4nde bara, \u201dt\u00e4nk om jag kunde f\u00e5 komma tillbaka\u201d. Jag b\u00f6rjade tr\u00e4na h\u00e5rt, jag k\u00e4nde mig starkare av att kunna dr\u00f6mma om att komma tillbaka och det var lite som att hoppet \u00e5terv\u00e4nde till mig.<\/p>\n<p>Han l\u00e4mnade celltiden bakom sig, fortsatte sedan att tr\u00e4na oerh\u00f6rt m\u00e5lmedvetet p\u00e5 klubben Allstars i Stockholm. Och s\u00e5, en kv\u00e4ll, kom det f\u00f6r honom minst sagt ov\u00e4ntade beskedet.<br \/>\u00a0\u00a0 &#8211; Manos (Terzitane) och Tomas (Ghassemi), vilket jobb de har gjort. Wow!<br \/>\u00a0\u00a0 &#8211; Jag kommer aldrig gl\u00f6mma det. Tomas ringde mig vid \u00e5tta tiden p\u00e5 kv\u00e4llen. D\u00e5 var jag i Fru\u00e4ngen och skulle handla mat f\u00f6r att laga ihop n\u00e5got f\u00f6r min familj, min mamma och min bror. Han sade inget s\u00e4rskilt d\u00e5, utan bara menade att de hade skickat in allt till UFC och verkligen f\u00f6rs\u00f6kt. Jag var tacksam \u00f6ver bara det, att de verkligen st\u00e4llde upp f\u00f6r mig. Men helt \u00e4rligt, jag trodde nog inte p\u00e5 det sj\u00e4lv.<\/p>\n<p>Madadi \u00e5kte hem och hade middag med familjen. D\u00e5. Vid 23.00 ringde det p\u00e5 d\u00f6rrklockan.<br \/>\u00a0\u00a0 &#8211; Jag hann t\u00e4nka det v\u00e4rsta igen, jag menar vem ringer p\u00e5 hos n\u00e5gon vid 23-tiden? S\u00e5 \u00f6ppnade jag och d\u00e4r stod folk i trappuppg\u00e5ngen med ballonger och champagne. De sade till mig, \u201dReza, du \u00e4r tillbaka\u201d. Allts\u00e5, den k\u00e4nslan jag hade i mig d\u00e5. Jag kommer b\u00e4ra med mig den livet ut. Obeskrivligt.<\/p>\n<p>Rezas senaste match i UFC var i den sm\u00e5tt sensationella segern \u00f6ver den numera etablerade storstj\u00e4rnan Michael Johnson, i en v\u00e4ndning som kanske \u00e4r en av de allra mest spektakul\u00e4ra. Det var i april 2013 i Globen.<\/p>\n<p><strong>&#8220;Inget att vara nerv\u00f6s f\u00f6r&#8221;<\/strong><br \/>Nu stundar ett m\u00f6te mot den finurlige Nordirl\u00e4ndaren Norman Parke i Dublin den 24:e oktober. \u00c4ven om matchen blir v\u00e4ldigt speciell f\u00f6r Madadi \u00e4r han inte det minsta nerv\u00f6s inf\u00f6r comebacken.<br \/>\u00a0\u00a0 &#8211; Visst, jag har t\u00e4nkt att \u201dReza, det h\u00e4r klarar du inte, det kommer vara tusentals irl\u00e4ndare som \u00e4r emot dig.\u201d Men samtidigt, n\u00e4r de v\u00e4cker dig fr\u00e5n de d\u00f6da \u2013 s\u00e5 k\u00e4nns det, Gud har givit mig en andra chans \u2013 d\u00e5 finns det liksom inget att vara nerv\u00f6s f\u00f6r. Tro mig n\u00e4r jag s\u00e4ger det, men jag hade f\u00f6rlorat allt. Nu har jag f\u00e5tt en andra chans, och den t\u00e4nker jag verkligen ta till vara p\u00e5.<\/p>\n<p>Det \u00e4r lite styvt en m\u00e5nad till match. Redan har Parke och Madadi hunnit munhuggas p\u00e5 sociala medier.<br \/>\u00a0\u00a0 &#8211; Vi \u00e4r i UFC. Det \u00e4r tufft och de s\u00e4ger att det \u00e4r v\u00e4rldens b\u00e4sta kampsportsorganisation. Det finns inga l\u00e4tta matcher, inga duvungar, och jag f\u00f6rv\u00e4ntar mig absolut ingen l\u00e4tt match. Men jag vill inte g\u00e5 in i matchen och dutta. Antingen s\u00e4nker jag honom eller s\u00e5 s\u00e4nker han mig, det \u00e4r allt eller inget som g\u00e4ller f\u00f6r mig.<\/p>\n<p>F\u00f6r ett par dagar sedan skaffade sig Madadi en ordentlig bl\u00e5tira under en tr\u00e4ning. \u00d6gat svullnade upp och han tog sig in till sjukhus. N\u00e5got som fick honom att i tankarna vandra tillbaka tio \u00e5r i tiden.<br \/>\u00a0\u00a0 &#8211; Jag var i Newcastle och \u00f6gat b\u00f6rjade bl\u00f6da s\u00e5 vi tog oss in till sjukhuset. Det \u00e4r allts\u00e5 n\u00e4stan p\u00e5 dagen tio \u00e5r sedan, och h\u00e4r var jag igen p\u00e5 ett sjukhus med ett \u00f6ga. Och jag har fan inte tr\u00f6ttnat p\u00e5 det h\u00e4r med kampsport, f\u00f6rutom min familj \u00e4r MMA och kampsport det enda jag har i livet. Min k\u00e4rlek till den h\u00e4r sporten, den g\u00e5r inte att beskriva i ord.<\/p>\n<p><strong>&#8220;Vill g\u00e4rna hj\u00e4lpa till&#8221;<\/strong><br \/>Och Reza Madadi hoppas och \u00f6nskar att m\u00e4nniskor kan ta till sig av hans \u00f6de.<br \/>\u00a0 \u00a0&#8211; Jag vet att jag inte kan t\u00e4vla och tr\u00e4na hela livet, men jag hade verkligen velat ge tillbaka n\u00e5got till kampsporten efter min karri\u00e4r. Startat en klubb, eller tr\u00e4na andra, hj\u00e4lpa ungdomar. Jag vill g\u00e4rna hj\u00e4lpa till, och jag hoppas att kampsporten vill att jag g\u00f6r det ocks\u00e5.<\/p>\n<p>Men f\u00f6rst vill Reza Madadi ge sig ut p\u00e5 UFC-resan \u00e4nnu en g\u00e5ng. F\u00f6rsta anhalt \u00e4r Dublin i oktober. Vart allt sedan tar v\u00e4gen, tja, det vet vi troligen i gr\u00e4nslandet d\u00e5 ljuset \u00e5ter tar grepp om klimatet.<\/p>\n<p><img decoding=\"async\" alt=\"\" src=\"\/sites\/default\/files\/Reza_1.JPG\" style=\"height:290px; width:435px\"><\/p>\n<p>Text: Jonathan Broberg<br \/>Foto: Hamid Ershad Sarabi\/Mona Lundkvist<\/p>\n","protected":false},"excerpt":{"rendered":"<p>Det \u00e4r m\u00e4rkliga tidender som breder ut sig. Solen och [&#8230;]<\/p><br>","protected":false},"author":7,"featured_media":0,"comment_status":"closed","ping_status":"closed","sticky":false,"template":"","format":"standard","meta":{"_acf_changed":false,"footnotes":""},"categories":[1],"tags":[],"class_list":["post-5542","post","type-post","status-publish","format-standard","hentry","category-okategoriserade"],"acf":[],"yoast_head":"<!-- This site is optimized with the Yoast SEO plugin v26.8 - https:\/\/yoast.com\/product\/yoast-seo-wordpress\/ -->\n<title>Reportage: Reza Madadi n\u00e4rmar sig comebacken i Dublin - Svenska Budo &amp; Kampsportsf\u00f6rbundet<\/title>\n<meta name=\"description\" content=\"Det \u00e4r m\u00e4rkliga tidender som breder ut sig. Solen och dess sommarv\u00e4rme sprattlar desperat, och med allt mindre styrka, mot ett m\u00f6rker och en kyla som\" \/>\n<meta name=\"robots\" content=\"index, follow, max-snippet:-1, max-image-preview:large, max-video-preview:-1\" \/>\n<link rel=\"canonical\" href=\"https:\/\/www.budokampsport.se\/2015\/09\/09\/reportage-reza-madadi-narmar-sig-comebacken-i-dublin\/\" \/>\n<meta property=\"og:locale\" content=\"sv_SE\" \/>\n<meta property=\"og:type\" content=\"article\" \/>\n<meta property=\"og:title\" content=\"Reportage: Reza Madadi n\u00e4rmar sig comebacken i Dublin - Svenska Budo &amp; Kampsportsf\u00f6rbundet\" \/>\n<meta property=\"og:description\" content=\"Det \u00e4r m\u00e4rkliga tidender som breder ut sig. Solen och dess sommarv\u00e4rme sprattlar desperat, och med allt mindre styrka, mot ett m\u00f6rker och en kyla som\" \/>\n<meta property=\"og:url\" content=\"https:\/\/www.budokampsport.se\/2015\/09\/09\/reportage-reza-madadi-narmar-sig-comebacken-i-dublin\/\" \/>\n<meta property=\"og:site_name\" content=\"Svenska Budo &amp; Kampsportsf\u00f6rbundet\" \/>\n<meta property=\"article:author\" content=\"https:\/\/www.facebook.com\/jonathan.broberg.7\" \/>\n<meta property=\"article:published_time\" content=\"2015-09-09T12:16:44+00:00\" \/>\n<meta property=\"article:modified_time\" content=\"2016-12-06T21:39:06+00:00\" \/>\n<meta name=\"author\" content=\"Jonathan Broberg\" \/>\n<meta name=\"twitter:card\" content=\"summary_large_image\" \/>\n<meta name=\"twitter:label1\" content=\"Skriven av\" \/>\n\t<meta name=\"twitter:data1\" content=\"Jonathan Broberg\" \/>\n\t<meta name=\"twitter:label2\" content=\"Ber\u00e4knad l\u00e4stid\" \/>\n\t<meta name=\"twitter:data2\" content=\"6 minuter\" \/>\n<script type=\"application\/ld+json\" class=\"yoast-schema-graph\">{\"@context\":\"https:\/\/schema.org\",\"@graph\":[{\"@type\":\"Article\",\"@id\":\"https:\/\/www.budokampsport.se\/2015\/09\/09\/reportage-reza-madadi-narmar-sig-comebacken-i-dublin\/#article\",\"isPartOf\":{\"@id\":\"https:\/\/www.budokampsport.se\/2015\/09\/09\/reportage-reza-madadi-narmar-sig-comebacken-i-dublin\/\"},\"author\":{\"name\":\"Jonathan Broberg\",\"@id\":\"https:\/\/www.budokampsport.se\/#\/schema\/person\/5c06d81d14850e2a8ce5493386560145\"},\"headline\":\"Reportage: Reza Madadi n\u00e4rmar sig comebacken i Dublin\",\"datePublished\":\"2015-09-09T12:16:44+00:00\",\"dateModified\":\"2016-12-06T21:39:06+00:00\",\"mainEntityOfPage\":{\"@id\":\"https:\/\/www.budokampsport.se\/2015\/09\/09\/reportage-reza-madadi-narmar-sig-comebacken-i-dublin\/\"},\"wordCount\":1148,\"inLanguage\":\"sv-SE\"},{\"@type\":\"WebPage\",\"@id\":\"https:\/\/www.budokampsport.se\/2015\/09\/09\/reportage-reza-madadi-narmar-sig-comebacken-i-dublin\/\",\"url\":\"https:\/\/www.budokampsport.se\/2015\/09\/09\/reportage-reza-madadi-narmar-sig-comebacken-i-dublin\/\",\"name\":\"Reportage: Reza Madadi n\u00e4rmar sig comebacken i Dublin - Svenska Budo &amp; Kampsportsf\u00f6rbundet\",\"isPartOf\":{\"@id\":\"https:\/\/www.budokampsport.se\/#website\"},\"datePublished\":\"2015-09-09T12:16:44+00:00\",\"dateModified\":\"2016-12-06T21:39:06+00:00\",\"author\":{\"@id\":\"https:\/\/www.budokampsport.se\/#\/schema\/person\/5c06d81d14850e2a8ce5493386560145\"},\"description\":\"Det \u00e4r m\u00e4rkliga tidender som breder ut sig. Solen och dess sommarv\u00e4rme sprattlar desperat, och med allt mindre styrka, mot ett m\u00f6rker och en kyla som\",\"breadcrumb\":{\"@id\":\"https:\/\/www.budokampsport.se\/2015\/09\/09\/reportage-reza-madadi-narmar-sig-comebacken-i-dublin\/#breadcrumb\"},\"inLanguage\":\"sv-SE\",\"potentialAction\":[{\"@type\":\"ReadAction\",\"target\":[\"https:\/\/www.budokampsport.se\/2015\/09\/09\/reportage-reza-madadi-narmar-sig-comebacken-i-dublin\/\"]}]},{\"@type\":\"BreadcrumbList\",\"@id\":\"https:\/\/www.budokampsport.se\/2015\/09\/09\/reportage-reza-madadi-narmar-sig-comebacken-i-dublin\/#breadcrumb\",\"itemListElement\":[{\"@type\":\"ListItem\",\"position\":1,\"name\":\"Hem\",\"item\":\"https:\/\/www.budokampsport.se\/\"},{\"@type\":\"ListItem\",\"position\":2,\"name\":\"Reportage: Reza Madadi n\u00e4rmar sig comebacken i Dublin\"}]},{\"@type\":\"WebSite\",\"@id\":\"https:\/\/www.budokampsport.se\/#website\",\"url\":\"https:\/\/www.budokampsport.se\/\",\"name\":\"Svenska Budo &amp; Kampsportsf\u00f6rbundet\",\"description\":\"T\u00e4vling, Tr\u00e4ning, Tradition\",\"potentialAction\":[{\"@type\":\"SearchAction\",\"target\":{\"@type\":\"EntryPoint\",\"urlTemplate\":\"https:\/\/www.budokampsport.se\/?s={search_term_string}\"},\"query-input\":{\"@type\":\"PropertyValueSpecification\",\"valueRequired\":true,\"valueName\":\"search_term_string\"}}],\"inLanguage\":\"sv-SE\"},{\"@type\":\"Person\",\"@id\":\"https:\/\/www.budokampsport.se\/#\/schema\/person\/5c06d81d14850e2a8ce5493386560145\",\"name\":\"Jonathan Broberg\",\"image\":{\"@type\":\"ImageObject\",\"inLanguage\":\"sv-SE\",\"@id\":\"https:\/\/www.budokampsport.se\/#\/schema\/person\/image\/\",\"url\":\"https:\/\/secure.gravatar.com\/avatar\/a58041c6cea9128bd9c40ee2f26d4136?s=96&d=blank&r=g\",\"contentUrl\":\"https:\/\/secure.gravatar.com\/avatar\/a58041c6cea9128bd9c40ee2f26d4136?s=96&d=blank&r=g\",\"caption\":\"Jonathan Broberg\"},\"sameAs\":[\"https:\/\/www.facebook.com\/jonathan.broberg.7\"],\"url\":\"https:\/\/www.budokampsport.se\/author\/jonathan\/\"}]}<\/script>\n<!-- \/ Yoast SEO plugin. -->","yoast_head_json":{"title":"Reportage: Reza Madadi n\u00e4rmar sig comebacken i Dublin - Svenska Budo &amp; Kampsportsf\u00f6rbundet","description":"Det \u00e4r m\u00e4rkliga tidender som breder ut sig. Solen och dess sommarv\u00e4rme sprattlar desperat, och med allt mindre styrka, mot ett m\u00f6rker och en kyla som","robots":{"index":"index","follow":"follow","max-snippet":"max-snippet:-1","max-image-preview":"max-image-preview:large","max-video-preview":"max-video-preview:-1"},"canonical":"https:\/\/www.budokampsport.se\/2015\/09\/09\/reportage-reza-madadi-narmar-sig-comebacken-i-dublin\/","og_locale":"sv_SE","og_type":"article","og_title":"Reportage: Reza Madadi n\u00e4rmar sig comebacken i Dublin - Svenska Budo &amp; Kampsportsf\u00f6rbundet","og_description":"Det \u00e4r m\u00e4rkliga tidender som breder ut sig. Solen och dess sommarv\u00e4rme sprattlar desperat, och med allt mindre styrka, mot ett m\u00f6rker och en kyla som","og_url":"https:\/\/www.budokampsport.se\/2015\/09\/09\/reportage-reza-madadi-narmar-sig-comebacken-i-dublin\/","og_site_name":"Svenska Budo &amp; Kampsportsf\u00f6rbundet","article_author":"https:\/\/www.facebook.com\/jonathan.broberg.7","article_published_time":"2015-09-09T12:16:44+00:00","article_modified_time":"2016-12-06T21:39:06+00:00","author":"Jonathan Broberg","twitter_card":"summary_large_image","twitter_misc":{"Skriven av":"Jonathan Broberg","Ber\u00e4knad l\u00e4stid":"6 minuter"},"schema":{"@context":"https:\/\/schema.org","@graph":[{"@type":"Article","@id":"https:\/\/www.budokampsport.se\/2015\/09\/09\/reportage-reza-madadi-narmar-sig-comebacken-i-dublin\/#article","isPartOf":{"@id":"https:\/\/www.budokampsport.se\/2015\/09\/09\/reportage-reza-madadi-narmar-sig-comebacken-i-dublin\/"},"author":{"name":"Jonathan Broberg","@id":"https:\/\/www.budokampsport.se\/#\/schema\/person\/5c06d81d14850e2a8ce5493386560145"},"headline":"Reportage: Reza Madadi n\u00e4rmar sig comebacken i Dublin","datePublished":"2015-09-09T12:16:44+00:00","dateModified":"2016-12-06T21:39:06+00:00","mainEntityOfPage":{"@id":"https:\/\/www.budokampsport.se\/2015\/09\/09\/reportage-reza-madadi-narmar-sig-comebacken-i-dublin\/"},"wordCount":1148,"inLanguage":"sv-SE"},{"@type":"WebPage","@id":"https:\/\/www.budokampsport.se\/2015\/09\/09\/reportage-reza-madadi-narmar-sig-comebacken-i-dublin\/","url":"https:\/\/www.budokampsport.se\/2015\/09\/09\/reportage-reza-madadi-narmar-sig-comebacken-i-dublin\/","name":"Reportage: Reza Madadi n\u00e4rmar sig comebacken i Dublin - Svenska Budo &amp; Kampsportsf\u00f6rbundet","isPartOf":{"@id":"https:\/\/www.budokampsport.se\/#website"},"datePublished":"2015-09-09T12:16:44+00:00","dateModified":"2016-12-06T21:39:06+00:00","author":{"@id":"https:\/\/www.budokampsport.se\/#\/schema\/person\/5c06d81d14850e2a8ce5493386560145"},"description":"Det \u00e4r m\u00e4rkliga tidender som breder ut sig. Solen och dess sommarv\u00e4rme sprattlar desperat, och med allt mindre styrka, mot ett m\u00f6rker och en kyla som","breadcrumb":{"@id":"https:\/\/www.budokampsport.se\/2015\/09\/09\/reportage-reza-madadi-narmar-sig-comebacken-i-dublin\/#breadcrumb"},"inLanguage":"sv-SE","potentialAction":[{"@type":"ReadAction","target":["https:\/\/www.budokampsport.se\/2015\/09\/09\/reportage-reza-madadi-narmar-sig-comebacken-i-dublin\/"]}]},{"@type":"BreadcrumbList","@id":"https:\/\/www.budokampsport.se\/2015\/09\/09\/reportage-reza-madadi-narmar-sig-comebacken-i-dublin\/#breadcrumb","itemListElement":[{"@type":"ListItem","position":1,"name":"Hem","item":"https:\/\/www.budokampsport.se\/"},{"@type":"ListItem","position":2,"name":"Reportage: Reza Madadi n\u00e4rmar sig comebacken i Dublin"}]},{"@type":"WebSite","@id":"https:\/\/www.budokampsport.se\/#website","url":"https:\/\/www.budokampsport.se\/","name":"Svenska Budo &amp; Kampsportsf\u00f6rbundet","description":"T\u00e4vling, Tr\u00e4ning, Tradition","potentialAction":[{"@type":"SearchAction","target":{"@type":"EntryPoint","urlTemplate":"https:\/\/www.budokampsport.se\/?s={search_term_string}"},"query-input":{"@type":"PropertyValueSpecification","valueRequired":true,"valueName":"search_term_string"}}],"inLanguage":"sv-SE"},{"@type":"Person","@id":"https:\/\/www.budokampsport.se\/#\/schema\/person\/5c06d81d14850e2a8ce5493386560145","name":"Jonathan Broberg","image":{"@type":"ImageObject","inLanguage":"sv-SE","@id":"https:\/\/www.budokampsport.se\/#\/schema\/person\/image\/","url":"https:\/\/secure.gravatar.com\/avatar\/a58041c6cea9128bd9c40ee2f26d4136?s=96&d=blank&r=g","contentUrl":"https:\/\/secure.gravatar.com\/avatar\/a58041c6cea9128bd9c40ee2f26d4136?s=96&d=blank&r=g","caption":"Jonathan Broberg"},"sameAs":["https:\/\/www.facebook.com\/jonathan.broberg.7"],"url":"https:\/\/www.budokampsport.se\/author\/jonathan\/"}]}},"_links":{"self":[{"href":"https:\/\/www.budokampsport.se\/api\/wp\/v2\/posts\/5542","targetHints":{"allow":["GET"]}}],"collection":[{"href":"https:\/\/www.budokampsport.se\/api\/wp\/v2\/posts"}],"about":[{"href":"https:\/\/www.budokampsport.se\/api\/wp\/v2\/types\/post"}],"author":[{"embeddable":true,"href":"https:\/\/www.budokampsport.se\/api\/wp\/v2\/users\/7"}],"replies":[{"embeddable":true,"href":"https:\/\/www.budokampsport.se\/api\/wp\/v2\/comments?post=5542"}],"version-history":[{"count":0,"href":"https:\/\/www.budokampsport.se\/api\/wp\/v2\/posts\/5542\/revisions"}],"wp:attachment":[{"href":"https:\/\/www.budokampsport.se\/api\/wp\/v2\/media?parent=5542"}],"wp:term":[{"taxonomy":"category","embeddable":true,"href":"https:\/\/www.budokampsport.se\/api\/wp\/v2\/categories?post=5542"},{"taxonomy":"post_tag","embeddable":true,"href":"https:\/\/www.budokampsport.se\/api\/wp\/v2\/tags?post=5542"}],"curies":[{"name":"wp","href":"https:\/\/api.w.org\/{rel}","templated":true}]}}