{"id":5553,"date":"2015-10-02T08:07:48","date_gmt":"2015-10-02T06:07:48","guid":{"rendered":"http:\/\/budo.wordpress.dev\/2015\/10\/02\/svts-intervju-med-madeleine-vall-efter-hennes-besked-om-att-hon-slutar\/"},"modified":"2016-12-06T22:39:08","modified_gmt":"2016-12-06T21:39:08","slug":"svts-intervju-med-madeleine-vall-efter-hennes-besked-om-att-hon-slutar","status":"publish","type":"post","link":"https:\/\/www.budokampsport.se\/2015\/10\/02\/svts-intervju-med-madeleine-vall-efter-hennes-besked-om-att-hon-slutar\/","title":{"rendered":"SVT:s intervju med Madeleine Vall efter hennes besked om att hon slutar"},"content":{"rendered":"<p>Madeleine Vall har varit en stor kampsportsstj\u00e4rna men efter att l\u00e4karna givit henne besked om att sluta p\u00e5 grund av att hon f\u00e5tt hj\u00e4rnskador tvingas hon nu l\u00e4gga handskarna p\u00e5 hyllan. Se SVT:s intervju med Vall.<br \/>\u00a0<\/p>\n<p><iframe loading=\"lazy\" frameborder=\"0\" height=\"270\" scrolling=\"no\" src=\"http:\/\/www.svt.se\/wd?widgetId=23991&#038;sectionId=557&#038;articleId=3952251&#038;type=embed&#038;contextSectionId=557&#038;autostart=false\" width=\"435\"><\/iframe><\/p>\n","protected":false},"excerpt":{"rendered":"<p>Madeleine Vall har varit en stor kampsportsstj\u00e4rna men efter att [&#8230;]<\/p><br>","protected":false},"author":7,"featured_media":0,"comment_status":"closed","ping_status":"closed","sticky":false,"template":"","format":"standard","meta":{"_acf_changed":false,"footnotes":""},"categories":[1],"tags":[],"class_list":["post-5553","post","type-post","status-publish","format-standard","hentry","category-okategoriserade"],"acf":[],"yoast_head":"<!-- This site is optimized with the Yoast SEO plugin v26.8 - https:\/\/yoast.com\/product\/yoast-seo-wordpress\/ -->\n<title>SVT:s intervju med Madeleine Vall efter hennes besked om att hon slutar - Svenska Budo &amp; Kampsportsf\u00f6rbundet<\/title>\n<meta name=\"description\" content=\"Madeleine Vall har varit en stor kampsportsstj\u00e4rna men efter att l\u00e4karna givit henne besked om att sluta p\u00e5 grund av att hon f\u00e5tt hj\u00e4rnskador tvingas hon\" \/>\n<meta name=\"robots\" content=\"index, follow, max-snippet:-1, max-image-preview:large, max-video-preview:-1\" \/>\n<link rel=\"canonical\" href=\"https:\/\/www.budokampsport.se\/2015\/10\/02\/svts-intervju-med-madeleine-vall-efter-hennes-besked-om-att-hon-slutar\/\" \/>\n<meta property=\"og:locale\" content=\"sv_SE\" \/>\n<meta property=\"og:type\" content=\"article\" \/>\n<meta property=\"og:title\" content=\"SVT:s intervju med Madeleine Vall efter hennes besked om att hon slutar - Svenska Budo &amp; Kampsportsf\u00f6rbundet\" \/>\n<meta property=\"og:description\" content=\"Madeleine Vall har varit en stor kampsportsstj\u00e4rna men efter att l\u00e4karna givit henne besked om att sluta p\u00e5 grund av att hon f\u00e5tt hj\u00e4rnskador tvingas hon\" \/>\n<meta property=\"og:url\" content=\"https:\/\/www.budokampsport.se\/2015\/10\/02\/svts-intervju-med-madeleine-vall-efter-hennes-besked-om-att-hon-slutar\/\" \/>\n<meta property=\"og:site_name\" content=\"Svenska Budo &amp; Kampsportsf\u00f6rbundet\" \/>\n<meta property=\"article:author\" content=\"https:\/\/www.facebook.com\/jonathan.broberg.7\" \/>\n<meta property=\"article:published_time\" content=\"2015-10-02T06:07:48+00:00\" \/>\n<meta property=\"article:modified_time\" content=\"2016-12-06T21:39:08+00:00\" \/>\n<meta name=\"author\" content=\"Jonathan Broberg\" \/>\n<meta name=\"twitter:card\" content=\"summary_large_image\" \/>\n<meta name=\"twitter:label1\" content=\"Skriven av\" \/>\n\t<meta name=\"twitter:data1\" content=\"Jonathan Broberg\" \/>\n<script type=\"application\/ld+json\" class=\"yoast-schema-graph\">{\"@context\":\"https:\/\/schema.org\",\"@graph\":[{\"@type\":\"Article\",\"@id\":\"https:\/\/www.budokampsport.se\/2015\/10\/02\/svts-intervju-med-madeleine-vall-efter-hennes-besked-om-att-hon-slutar\/#article\",\"isPartOf\":{\"@id\":\"https:\/\/www.budokampsport.se\/2015\/10\/02\/svts-intervju-med-madeleine-vall-efter-hennes-besked-om-att-hon-slutar\/\"},\"author\":{\"name\":\"Jonathan Broberg\",\"@id\":\"https:\/\/www.budokampsport.se\/#\/schema\/person\/5c06d81d14850e2a8ce5493386560145\"},\"headline\":\"SVT:s intervju med Madeleine Vall efter hennes besked om att hon slutar\",\"datePublished\":\"2015-10-02T06:07:48+00:00\",\"dateModified\":\"2016-12-06T21:39:08+00:00\",\"mainEntityOfPage\":{\"@id\":\"https:\/\/www.budokampsport.se\/2015\/10\/02\/svts-intervju-med-madeleine-vall-efter-hennes-besked-om-att-hon-slutar\/\"},\"wordCount\":55,\"inLanguage\":\"sv-SE\"},{\"@type\":\"WebPage\",\"@id\":\"https:\/\/www.budokampsport.se\/2015\/10\/02\/svts-intervju-med-madeleine-vall-efter-hennes-besked-om-att-hon-slutar\/\",\"url\":\"https:\/\/www.budokampsport.se\/2015\/10\/02\/svts-intervju-med-madeleine-vall-efter-hennes-besked-om-att-hon-slutar\/\",\"name\":\"SVT:s intervju med Madeleine Vall efter hennes besked om att hon slutar - Svenska Budo &amp; Kampsportsf\u00f6rbundet\",\"isPartOf\":{\"@id\":\"https:\/\/www.budokampsport.se\/#website\"},\"datePublished\":\"2015-10-02T06:07:48+00:00\",\"dateModified\":\"2016-12-06T21:39:08+00:00\",\"author\":{\"@id\":\"https:\/\/www.budokampsport.se\/#\/schema\/person\/5c06d81d14850e2a8ce5493386560145\"},\"description\":\"Madeleine Vall har varit en stor kampsportsstj\u00e4rna men efter att l\u00e4karna givit henne besked om att sluta p\u00e5 grund av att hon f\u00e5tt hj\u00e4rnskador tvingas hon\",\"breadcrumb\":{\"@id\":\"https:\/\/www.budokampsport.se\/2015\/10\/02\/svts-intervju-med-madeleine-vall-efter-hennes-besked-om-att-hon-slutar\/#breadcrumb\"},\"inLanguage\":\"sv-SE\",\"potentialAction\":[{\"@type\":\"ReadAction\",\"target\":[\"https:\/\/www.budokampsport.se\/2015\/10\/02\/svts-intervju-med-madeleine-vall-efter-hennes-besked-om-att-hon-slutar\/\"]}]},{\"@type\":\"BreadcrumbList\",\"@id\":\"https:\/\/www.budokampsport.se\/2015\/10\/02\/svts-intervju-med-madeleine-vall-efter-hennes-besked-om-att-hon-slutar\/#breadcrumb\",\"itemListElement\":[{\"@type\":\"ListItem\",\"position\":1,\"name\":\"Hem\",\"item\":\"https:\/\/www.budokampsport.se\/\"},{\"@type\":\"ListItem\",\"position\":2,\"name\":\"SVT:s intervju med Madeleine Vall efter hennes besked om att hon slutar\"}]},{\"@type\":\"WebSite\",\"@id\":\"https:\/\/www.budokampsport.se\/#website\",\"url\":\"https:\/\/www.budokampsport.se\/\",\"name\":\"Svenska Budo &amp; Kampsportsf\u00f6rbundet\",\"description\":\"T\u00e4vling, Tr\u00e4ning, Tradition\",\"potentialAction\":[{\"@type\":\"SearchAction\",\"target\":{\"@type\":\"EntryPoint\",\"urlTemplate\":\"https:\/\/www.budokampsport.se\/?s={search_term_string}\"},\"query-input\":{\"@type\":\"PropertyValueSpecification\",\"valueRequired\":true,\"valueName\":\"search_term_string\"}}],\"inLanguage\":\"sv-SE\"},{\"@type\":\"Person\",\"@id\":\"https:\/\/www.budokampsport.se\/#\/schema\/person\/5c06d81d14850e2a8ce5493386560145\",\"name\":\"Jonathan Broberg\",\"image\":{\"@type\":\"ImageObject\",\"inLanguage\":\"sv-SE\",\"@id\":\"https:\/\/www.budokampsport.se\/#\/schema\/person\/image\/\",\"url\":\"https:\/\/secure.gravatar.com\/avatar\/a58041c6cea9128bd9c40ee2f26d4136?s=96&d=blank&r=g\",\"contentUrl\":\"https:\/\/secure.gravatar.com\/avatar\/a58041c6cea9128bd9c40ee2f26d4136?s=96&d=blank&r=g\",\"caption\":\"Jonathan Broberg\"},\"sameAs\":[\"https:\/\/www.facebook.com\/jonathan.broberg.7\"],\"url\":\"https:\/\/www.budokampsport.se\/author\/jonathan\/\"}]}<\/script>\n<!-- \/ Yoast SEO plugin. -->","yoast_head_json":{"title":"SVT:s intervju med Madeleine Vall efter hennes besked om att hon slutar - Svenska Budo &amp; Kampsportsf\u00f6rbundet","description":"Madeleine Vall har varit en stor kampsportsstj\u00e4rna men efter att l\u00e4karna givit henne besked om att sluta p\u00e5 grund av att hon f\u00e5tt hj\u00e4rnskador tvingas hon","robots":{"index":"index","follow":"follow","max-snippet":"max-snippet:-1","max-image-preview":"max-image-preview:large","max-video-preview":"max-video-preview:-1"},"canonical":"https:\/\/www.budokampsport.se\/2015\/10\/02\/svts-intervju-med-madeleine-vall-efter-hennes-besked-om-att-hon-slutar\/","og_locale":"sv_SE","og_type":"article","og_title":"SVT:s intervju med Madeleine Vall efter hennes besked om att hon slutar - Svenska Budo &amp; Kampsportsf\u00f6rbundet","og_description":"Madeleine Vall har varit en stor kampsportsstj\u00e4rna men efter att l\u00e4karna givit henne besked om att sluta p\u00e5 grund av att hon f\u00e5tt hj\u00e4rnskador tvingas hon","og_url":"https:\/\/www.budokampsport.se\/2015\/10\/02\/svts-intervju-med-madeleine-vall-efter-hennes-besked-om-att-hon-slutar\/","og_site_name":"Svenska Budo &amp; Kampsportsf\u00f6rbundet","article_author":"https:\/\/www.facebook.com\/jonathan.broberg.7","article_published_time":"2015-10-02T06:07:48+00:00","article_modified_time":"2016-12-06T21:39:08+00:00","author":"Jonathan Broberg","twitter_card":"summary_large_image","twitter_misc":{"Skriven av":"Jonathan Broberg"},"schema":{"@context":"https:\/\/schema.org","@graph":[{"@type":"Article","@id":"https:\/\/www.budokampsport.se\/2015\/10\/02\/svts-intervju-med-madeleine-vall-efter-hennes-besked-om-att-hon-slutar\/#article","isPartOf":{"@id":"https:\/\/www.budokampsport.se\/2015\/10\/02\/svts-intervju-med-madeleine-vall-efter-hennes-besked-om-att-hon-slutar\/"},"author":{"name":"Jonathan Broberg","@id":"https:\/\/www.budokampsport.se\/#\/schema\/person\/5c06d81d14850e2a8ce5493386560145"},"headline":"SVT:s intervju med Madeleine Vall efter hennes besked om att hon slutar","datePublished":"2015-10-02T06:07:48+00:00","dateModified":"2016-12-06T21:39:08+00:00","mainEntityOfPage":{"@id":"https:\/\/www.budokampsport.se\/2015\/10\/02\/svts-intervju-med-madeleine-vall-efter-hennes-besked-om-att-hon-slutar\/"},"wordCount":55,"inLanguage":"sv-SE"},{"@type":"WebPage","@id":"https:\/\/www.budokampsport.se\/2015\/10\/02\/svts-intervju-med-madeleine-vall-efter-hennes-besked-om-att-hon-slutar\/","url":"https:\/\/www.budokampsport.se\/2015\/10\/02\/svts-intervju-med-madeleine-vall-efter-hennes-besked-om-att-hon-slutar\/","name":"SVT:s intervju med Madeleine Vall efter hennes besked om att hon slutar - Svenska Budo &amp; Kampsportsf\u00f6rbundet","isPartOf":{"@id":"https:\/\/www.budokampsport.se\/#website"},"datePublished":"2015-10-02T06:07:48+00:00","dateModified":"2016-12-06T21:39:08+00:00","author":{"@id":"https:\/\/www.budokampsport.se\/#\/schema\/person\/5c06d81d14850e2a8ce5493386560145"},"description":"Madeleine Vall har varit en stor kampsportsstj\u00e4rna men efter att l\u00e4karna givit henne besked om att sluta p\u00e5 grund av att hon f\u00e5tt hj\u00e4rnskador tvingas hon","breadcrumb":{"@id":"https:\/\/www.budokampsport.se\/2015\/10\/02\/svts-intervju-med-madeleine-vall-efter-hennes-besked-om-att-hon-slutar\/#breadcrumb"},"inLanguage":"sv-SE","potentialAction":[{"@type":"ReadAction","target":["https:\/\/www.budokampsport.se\/2015\/10\/02\/svts-intervju-med-madeleine-vall-efter-hennes-besked-om-att-hon-slutar\/"]}]},{"@type":"BreadcrumbList","@id":"https:\/\/www.budokampsport.se\/2015\/10\/02\/svts-intervju-med-madeleine-vall-efter-hennes-besked-om-att-hon-slutar\/#breadcrumb","itemListElement":[{"@type":"ListItem","position":1,"name":"Hem","item":"https:\/\/www.budokampsport.se\/"},{"@type":"ListItem","position":2,"name":"SVT:s intervju med Madeleine Vall efter hennes besked om att hon slutar"}]},{"@type":"WebSite","@id":"https:\/\/www.budokampsport.se\/#website","url":"https:\/\/www.budokampsport.se\/","name":"Svenska Budo &amp; Kampsportsf\u00f6rbundet","description":"T\u00e4vling, Tr\u00e4ning, Tradition","potentialAction":[{"@type":"SearchAction","target":{"@type":"EntryPoint","urlTemplate":"https:\/\/www.budokampsport.se\/?s={search_term_string}"},"query-input":{"@type":"PropertyValueSpecification","valueRequired":true,"valueName":"search_term_string"}}],"inLanguage":"sv-SE"},{"@type":"Person","@id":"https:\/\/www.budokampsport.se\/#\/schema\/person\/5c06d81d14850e2a8ce5493386560145","name":"Jonathan Broberg","image":{"@type":"ImageObject","inLanguage":"sv-SE","@id":"https:\/\/www.budokampsport.se\/#\/schema\/person\/image\/","url":"https:\/\/secure.gravatar.com\/avatar\/a58041c6cea9128bd9c40ee2f26d4136?s=96&d=blank&r=g","contentUrl":"https:\/\/secure.gravatar.com\/avatar\/a58041c6cea9128bd9c40ee2f26d4136?s=96&d=blank&r=g","caption":"Jonathan Broberg"},"sameAs":["https:\/\/www.facebook.com\/jonathan.broberg.7"],"url":"https:\/\/www.budokampsport.se\/author\/jonathan\/"}]}},"_links":{"self":[{"href":"https:\/\/www.budokampsport.se\/api\/wp\/v2\/posts\/5553","targetHints":{"allow":["GET"]}}],"collection":[{"href":"https:\/\/www.budokampsport.se\/api\/wp\/v2\/posts"}],"about":[{"href":"https:\/\/www.budokampsport.se\/api\/wp\/v2\/types\/post"}],"author":[{"embeddable":true,"href":"https:\/\/www.budokampsport.se\/api\/wp\/v2\/users\/7"}],"replies":[{"embeddable":true,"href":"https:\/\/www.budokampsport.se\/api\/wp\/v2\/comments?post=5553"}],"version-history":[{"count":0,"href":"https:\/\/www.budokampsport.se\/api\/wp\/v2\/posts\/5553\/revisions"}],"wp:attachment":[{"href":"https:\/\/www.budokampsport.se\/api\/wp\/v2\/media?parent=5553"}],"wp:term":[{"taxonomy":"category","embeddable":true,"href":"https:\/\/www.budokampsport.se\/api\/wp\/v2\/categories?post=5553"},{"taxonomy":"post_tag","embeddable":true,"href":"https:\/\/www.budokampsport.se\/api\/wp\/v2\/tags?post=5553"}],"curies":[{"name":"wp","href":"https:\/\/api.w.org\/{rel}","templated":true}]}}