{"id":55536,"date":"2017-12-13T12:49:10","date_gmt":"2017-12-13T11:49:10","guid":{"rendered":"http:\/\/www.budokampsport.se\/?p=55536"},"modified":"2017-12-13T12:52:49","modified_gmt":"2017-12-13T11:52:49","slug":"kampsportspoddens-julkalender-13","status":"publish","type":"post","link":"https:\/\/www.budokampsport.se\/2017\/12\/13\/kampsportspoddens-julkalender-13\/","title":{"rendered":"Kampsportspoddens julkalender"},"content":{"rendered":"<p><span style=\"font-size: 14pt;\">Nedan summeras Kampsportspoddens f\u00f6rsta 13 luckor.<\/span><\/p>\n<p><span style=\"font-size: 12pt;\">Om du tror dig veta vilka ord med 24 bokst\u00e4ver vi letar efter <strong>maila annie@budo.se och skriv \u201djulkalendern\u201d i \u00e4mnesraden<\/strong>.<br \/>\nDu kan d\u00e5 vinna tv\u00e5 biljetter till Kampsportsgalan den 17:e mars p\u00e5 Berns i Stockholm.<\/span><\/p>\n<p><strong>Tidigare luckor<\/strong><br \/>\n<strong>1.<\/strong> Vad heter den amerikanska organisationen som arrangerar evenemang med proffsmatcher, vi s\u00f6ker f\u00f6rsta bokstaven i organisationens namn?<\/p>\n<p><strong>2.<\/strong> Vilket vapen anv\u00e4nder Sida Yin i sin sport iaido? Vi s\u00f6ker f\u00f6rsta bokstaven i vapnets namn.<\/p>\n<p><strong>3.<\/strong> EM i thaiboxning h\u00f6lls under h\u00f6sten, vi s\u00f6ker den f\u00f6rsta bokstaven i stadens namn.<\/p>\n<p><strong>4.<\/strong> Vad heter tjejen som \u00e4r uppvuxen i Ensamhet och tog VM-guld i armbrytning under h\u00f6stens m\u00e4sterskap, vi s\u00f6ker f\u00f6rsta bokstaven i hennes efternamn.<\/p>\n<p><strong>5.<\/strong> \u00c5r 1960 startades det som sedermera blev Budo &amp; Kampsportsf\u00f6rbundet och dess f\u00f6rsta styrelsem\u00f6te skedde samma \u00e5r i G\u00f6teborg. Mycket har h\u00e4nt sen dess men nu s\u00f6ker vi f\u00f6rsta bokstaven i ett annat ord f\u00f6r start?<\/p>\n<p><strong>6.<\/strong> Idrotten vi beskriver i avsnittet har en uttalad antiv\u00e5lds-policy, kallas den fredliga kampkonsten och kan tr\u00e4nas i alla \u00e5ldrar. Vi s\u00f6ker f\u00f6rsta bokstaven i idrottens namn.<\/p>\n<p><strong>7.<\/strong> Efter Rumble of the Kings \u00e4r det tydligt att Sofia Olofsson \u00e4r v\u00e4rldens b\u00e4sta \u00e4ven p\u00e5 proffssidan. Vilket gym representerar Sofia? Vi s\u00f6ker f\u00f6rsta bokstaven i gymmets namn.<\/p>\n<p><strong>8.<\/strong> Bland m\u00e4ngder av medaljer \u00e4r \u00e4nd\u00e5 tr\u00e4ning den centrala delen som genomsyrar v\u00e5ra idrotter. Tr\u00e4ningsmomentet \u00e4r n\u00e5got som s\u00e4rskiljer budo och kampsporter med m\u00e5nga andra idrotter eftersom man tr\u00e4nar oftast i blandade \u00e5ldersgrupper med b\u00e5de tjejer och killar. Vi s\u00f6ker f\u00f6rsta bokstaven i det som varit luckans tema.<\/p>\n<p><strong>9.<\/strong> HEMA var med under sommarens SVT-s\u00e4nda SM-vecka, TV-profilen Kalle Zackari Wahlstr\u00f6m testade \u00e4ven idrotten p\u00e5 plats. Men i vilket tr\u00e4ningsprogram p\u00e5 SVT slog Kalle igenom? Vi s\u00f6ker f\u00f6rsta bokstaven i Tv-programmets titel.<\/p>\n<p><strong>10.<\/strong> Stig Forsberg var kansliets f\u00f6ra f\u00f6reningskonsulent och fick en dag ett samtal fr\u00e5n polisen som informerade att en viss Katsuhiro Komaki i full mundering stod p\u00e5 Sergels Torg och utf\u00f6rde kata, och som sedermera blev en stor inspirat\u00f6r inom iaidon. Men vad heter hans dotter som ing\u00e5r i kendolandslaget? Vi s\u00f6ker f\u00f6rsta bokstaven i hennes f\u00f6rnamn.<\/p>\n<p><strong>11<\/strong>. Sveriges st\u00f6rsta kickboxningsstj\u00e4rna vann b\u00e5de VM-guld och m\u00e4starb\u00e4ltet i Wako Pro, Caroline Ek vann det mesta i sin karri\u00e4r och blev k\u00e4nd f\u00f6r hela svenska folket efter sin medverkan i M\u00e4starnas M\u00e4stare. Vi s\u00f6ker nu f\u00f6rsta bokstaven i det landskap Caroline kommer ifr\u00e5n. Ledtr\u00e5d: Carolines karri\u00e4r var allt annat \u00e4n blek.<\/p>\n<p><strong>12.<\/strong> Glima har sina r\u00f6tter i vikingatiden, fanns med i n\u00e5gra av de f\u00f6rsta Olympiska Spelen, \u00e4r Islands nationalsport och \u00e4r en av Sveriges minsta idrotter om man tittar p\u00e5 medlemsantal. Allt sammantaget g\u00f6r idrotten v\u00e4ldigt&#8230; Vi s\u00f6ker f\u00f6rsta bokstaven i det beskrivande ordet vi letar efter.<\/p>\n<p><strong>13.<\/strong> Lucia \u00e4r h\u00e4r med ordentlig lyskraft, hon \u00e4r nybliven ambassad\u00f6r Svenska Spels \u201dFram\u00e5t f\u00f6r fler i r\u00f6relse\u201d och tillsammans med sex m\u00e4sterskapssegrar p\u00e5 sex gjorda m\u00e4sterskap g\u00f6r Patricia Axling till vad d\u00e5? Vi s\u00f6ker f\u00f6rsta bokstaven i det ord som beskriver Patricias st\u00e4llning inom thaiboxningens -57-kilosklass under de senaste \u00e5ren.<\/p>\n<p>Text: Annie Bondefelt<br \/>\nFoto: Hamid Ershad Sarabi<\/p>\n","protected":false},"excerpt":{"rendered":"<p>Nedan summeras Kampsportspoddens f\u00f6rsta 13 luckor. Om du tror dig [&#8230;]<\/p><br>","protected":false},"author":120,"featured_media":55537,"comment_status":"open","ping_status":"open","sticky":false,"template":"","format":"standard","meta":{"_acf_changed":false,"footnotes":""},"categories":[1],"tags":[],"class_list":["post-55536","post","type-post","status-publish","format-standard","has-post-thumbnail","hentry","category-okategoriserade"],"acf":[],"yoast_head":"<!-- This site is optimized with the Yoast SEO plugin v26.8 - https:\/\/yoast.com\/product\/yoast-seo-wordpress\/ -->\n<title>Kampsportspoddens julkalender - Svenska Budo &amp; Kampsportsf\u00f6rbundet<\/title>\n<meta name=\"description\" content=\"Nedan summeras Kampsportspoddens f\u00f6rsta 13 luckor. Om du tror dig veta vilka ord med 24 bokst\u00e4ver vi letar efter maila annie@budo.se och skriv\" \/>\n<meta name=\"robots\" content=\"index, follow, max-snippet:-1, max-image-preview:large, max-video-preview:-1\" \/>\n<link rel=\"canonical\" href=\"https:\/\/www.budokampsport.se\/2017\/12\/13\/kampsportspoddens-julkalender-13\/\" \/>\n<meta property=\"og:locale\" content=\"sv_SE\" \/>\n<meta property=\"og:type\" content=\"article\" \/>\n<meta property=\"og:title\" content=\"Kampsportspoddens julkalender - Svenska Budo &amp; Kampsportsf\u00f6rbundet\" \/>\n<meta property=\"og:description\" content=\"Nedan summeras Kampsportspoddens f\u00f6rsta 13 luckor. Om du tror dig veta vilka ord med 24 bokst\u00e4ver vi letar efter maila annie@budo.se och skriv\" \/>\n<meta property=\"og:url\" content=\"https:\/\/www.budokampsport.se\/2017\/12\/13\/kampsportspoddens-julkalender-13\/\" \/>\n<meta property=\"og:site_name\" content=\"Svenska Budo &amp; Kampsportsf\u00f6rbundet\" \/>\n<meta property=\"article:published_time\" content=\"2017-12-13T11:49:10+00:00\" \/>\n<meta property=\"article:modified_time\" content=\"2017-12-13T11:52:49+00:00\" \/>\n<meta property=\"og:image\" content=\"https:\/\/www.budokampsport.se\/wp-content\/uploads\/2017\/12\/PUFF-2-for-julkalender-podd-e1624882946765.jpg\" \/>\n\t<meta property=\"og:image:width\" content=\"850\" \/>\n\t<meta property=\"og:image:height\" content=\"560\" \/>\n\t<meta property=\"og:image:type\" content=\"image\/jpeg\" \/>\n<meta name=\"author\" content=\"Annie Carriage\" \/>\n<meta name=\"twitter:card\" content=\"summary_large_image\" \/>\n<meta name=\"twitter:label1\" content=\"Skriven av\" \/>\n\t<meta name=\"twitter:data1\" content=\"Annie Carriage\" \/>\n\t<meta name=\"twitter:label2\" content=\"Ber\u00e4knad l\u00e4stid\" \/>\n\t<meta name=\"twitter:data2\" content=\"3 minuter\" \/>\n<script type=\"application\/ld+json\" class=\"yoast-schema-graph\">{\"@context\":\"https:\/\/schema.org\",\"@graph\":[{\"@type\":\"Article\",\"@id\":\"https:\/\/www.budokampsport.se\/2017\/12\/13\/kampsportspoddens-julkalender-13\/#article\",\"isPartOf\":{\"@id\":\"https:\/\/www.budokampsport.se\/2017\/12\/13\/kampsportspoddens-julkalender-13\/\"},\"author\":{\"name\":\"Annie Carriage\",\"@id\":\"https:\/\/www.budokampsport.se\/#\/schema\/person\/c838cace8171f692e363fde3f38f208b\"},\"headline\":\"Kampsportspoddens julkalender\",\"datePublished\":\"2017-12-13T11:49:10+00:00\",\"dateModified\":\"2017-12-13T11:52:49+00:00\",\"mainEntityOfPage\":{\"@id\":\"https:\/\/www.budokampsport.se\/2017\/12\/13\/kampsportspoddens-julkalender-13\/\"},\"wordCount\":584,\"commentCount\":0,\"image\":{\"@id\":\"https:\/\/www.budokampsport.se\/2017\/12\/13\/kampsportspoddens-julkalender-13\/#primaryimage\"},\"thumbnailUrl\":\"https:\/\/www.budokampsport.se\/wp-content\/uploads\/2017\/12\/PUFF-2-for-julkalender-podd-e1624882946765.jpg\",\"inLanguage\":\"sv-SE\",\"potentialAction\":[{\"@type\":\"CommentAction\",\"name\":\"Comment\",\"target\":[\"https:\/\/www.budokampsport.se\/2017\/12\/13\/kampsportspoddens-julkalender-13\/#respond\"]}]},{\"@type\":\"WebPage\",\"@id\":\"https:\/\/www.budokampsport.se\/2017\/12\/13\/kampsportspoddens-julkalender-13\/\",\"url\":\"https:\/\/www.budokampsport.se\/2017\/12\/13\/kampsportspoddens-julkalender-13\/\",\"name\":\"Kampsportspoddens julkalender - Svenska Budo &amp; Kampsportsf\u00f6rbundet\",\"isPartOf\":{\"@id\":\"https:\/\/www.budokampsport.se\/#website\"},\"primaryImageOfPage\":{\"@id\":\"https:\/\/www.budokampsport.se\/2017\/12\/13\/kampsportspoddens-julkalender-13\/#primaryimage\"},\"image\":{\"@id\":\"https:\/\/www.budokampsport.se\/2017\/12\/13\/kampsportspoddens-julkalender-13\/#primaryimage\"},\"thumbnailUrl\":\"https:\/\/www.budokampsport.se\/wp-content\/uploads\/2017\/12\/PUFF-2-for-julkalender-podd-e1624882946765.jpg\",\"datePublished\":\"2017-12-13T11:49:10+00:00\",\"dateModified\":\"2017-12-13T11:52:49+00:00\",\"author\":{\"@id\":\"https:\/\/www.budokampsport.se\/#\/schema\/person\/c838cace8171f692e363fde3f38f208b\"},\"description\":\"Nedan summeras Kampsportspoddens f\u00f6rsta 13 luckor. Om du tror dig veta vilka ord med 24 bokst\u00e4ver vi letar efter maila annie@budo.se och skriv\",\"breadcrumb\":{\"@id\":\"https:\/\/www.budokampsport.se\/2017\/12\/13\/kampsportspoddens-julkalender-13\/#breadcrumb\"},\"inLanguage\":\"sv-SE\",\"potentialAction\":[{\"@type\":\"ReadAction\",\"target\":[\"https:\/\/www.budokampsport.se\/2017\/12\/13\/kampsportspoddens-julkalender-13\/\"]}]},{\"@type\":\"ImageObject\",\"inLanguage\":\"sv-SE\",\"@id\":\"https:\/\/www.budokampsport.se\/2017\/12\/13\/kampsportspoddens-julkalender-13\/#primaryimage\",\"url\":\"https:\/\/www.budokampsport.se\/wp-content\/uploads\/2017\/12\/PUFF-2-for-julkalender-podd-e1624882946765.jpg\",\"contentUrl\":\"https:\/\/www.budokampsport.se\/wp-content\/uploads\/2017\/12\/PUFF-2-for-julkalender-podd-e1624882946765.jpg\",\"width\":850,\"height\":560},{\"@type\":\"BreadcrumbList\",\"@id\":\"https:\/\/www.budokampsport.se\/2017\/12\/13\/kampsportspoddens-julkalender-13\/#breadcrumb\",\"itemListElement\":[{\"@type\":\"ListItem\",\"position\":1,\"name\":\"Hem\",\"item\":\"https:\/\/www.budokampsport.se\/\"},{\"@type\":\"ListItem\",\"position\":2,\"name\":\"Kampsportspoddens julkalender\"}]},{\"@type\":\"WebSite\",\"@id\":\"https:\/\/www.budokampsport.se\/#website\",\"url\":\"https:\/\/www.budokampsport.se\/\",\"name\":\"Svenska Budo &amp; Kampsportsf\u00f6rbundet\",\"description\":\"T\u00e4vling, Tr\u00e4ning, Tradition\",\"potentialAction\":[{\"@type\":\"SearchAction\",\"target\":{\"@type\":\"EntryPoint\",\"urlTemplate\":\"https:\/\/www.budokampsport.se\/?s={search_term_string}\"},\"query-input\":{\"@type\":\"PropertyValueSpecification\",\"valueRequired\":true,\"valueName\":\"search_term_string\"}}],\"inLanguage\":\"sv-SE\"},{\"@type\":\"Person\",\"@id\":\"https:\/\/www.budokampsport.se\/#\/schema\/person\/c838cace8171f692e363fde3f38f208b\",\"name\":\"Annie Carriage\",\"image\":{\"@type\":\"ImageObject\",\"inLanguage\":\"sv-SE\",\"@id\":\"https:\/\/www.budokampsport.se\/#\/schema\/person\/image\/\",\"url\":\"https:\/\/secure.gravatar.com\/avatar\/9311295560bdfbdf78365a26f7df1876?s=96&d=blank&r=g\",\"contentUrl\":\"https:\/\/secure.gravatar.com\/avatar\/9311295560bdfbdf78365a26f7df1876?s=96&d=blank&r=g\",\"caption\":\"Annie Carriage\"},\"url\":\"https:\/\/www.budokampsport.se\/author\/annie-bondefelt\/\"}]}<\/script>\n<!-- \/ Yoast SEO plugin. -->","yoast_head_json":{"title":"Kampsportspoddens julkalender - Svenska Budo &amp; Kampsportsf\u00f6rbundet","description":"Nedan summeras Kampsportspoddens f\u00f6rsta 13 luckor. Om du tror dig veta vilka ord med 24 bokst\u00e4ver vi letar efter maila annie@budo.se och skriv","robots":{"index":"index","follow":"follow","max-snippet":"max-snippet:-1","max-image-preview":"max-image-preview:large","max-video-preview":"max-video-preview:-1"},"canonical":"https:\/\/www.budokampsport.se\/2017\/12\/13\/kampsportspoddens-julkalender-13\/","og_locale":"sv_SE","og_type":"article","og_title":"Kampsportspoddens julkalender - Svenska Budo &amp; Kampsportsf\u00f6rbundet","og_description":"Nedan summeras Kampsportspoddens f\u00f6rsta 13 luckor. Om du tror dig veta vilka ord med 24 bokst\u00e4ver vi letar efter maila annie@budo.se och skriv","og_url":"https:\/\/www.budokampsport.se\/2017\/12\/13\/kampsportspoddens-julkalender-13\/","og_site_name":"Svenska Budo &amp; Kampsportsf\u00f6rbundet","article_published_time":"2017-12-13T11:49:10+00:00","article_modified_time":"2017-12-13T11:52:49+00:00","og_image":[{"width":850,"height":560,"url":"https:\/\/www.budokampsport.se\/wp-content\/uploads\/2017\/12\/PUFF-2-for-julkalender-podd-e1624882946765.jpg","type":"image\/jpeg"}],"author":"Annie Carriage","twitter_card":"summary_large_image","twitter_misc":{"Skriven av":"Annie Carriage","Ber\u00e4knad l\u00e4stid":"3 minuter"},"schema":{"@context":"https:\/\/schema.org","@graph":[{"@type":"Article","@id":"https:\/\/www.budokampsport.se\/2017\/12\/13\/kampsportspoddens-julkalender-13\/#article","isPartOf":{"@id":"https:\/\/www.budokampsport.se\/2017\/12\/13\/kampsportspoddens-julkalender-13\/"},"author":{"name":"Annie Carriage","@id":"https:\/\/www.budokampsport.se\/#\/schema\/person\/c838cace8171f692e363fde3f38f208b"},"headline":"Kampsportspoddens julkalender","datePublished":"2017-12-13T11:49:10+00:00","dateModified":"2017-12-13T11:52:49+00:00","mainEntityOfPage":{"@id":"https:\/\/www.budokampsport.se\/2017\/12\/13\/kampsportspoddens-julkalender-13\/"},"wordCount":584,"commentCount":0,"image":{"@id":"https:\/\/www.budokampsport.se\/2017\/12\/13\/kampsportspoddens-julkalender-13\/#primaryimage"},"thumbnailUrl":"https:\/\/www.budokampsport.se\/wp-content\/uploads\/2017\/12\/PUFF-2-for-julkalender-podd-e1624882946765.jpg","inLanguage":"sv-SE","potentialAction":[{"@type":"CommentAction","name":"Comment","target":["https:\/\/www.budokampsport.se\/2017\/12\/13\/kampsportspoddens-julkalender-13\/#respond"]}]},{"@type":"WebPage","@id":"https:\/\/www.budokampsport.se\/2017\/12\/13\/kampsportspoddens-julkalender-13\/","url":"https:\/\/www.budokampsport.se\/2017\/12\/13\/kampsportspoddens-julkalender-13\/","name":"Kampsportspoddens julkalender - Svenska Budo &amp; Kampsportsf\u00f6rbundet","isPartOf":{"@id":"https:\/\/www.budokampsport.se\/#website"},"primaryImageOfPage":{"@id":"https:\/\/www.budokampsport.se\/2017\/12\/13\/kampsportspoddens-julkalender-13\/#primaryimage"},"image":{"@id":"https:\/\/www.budokampsport.se\/2017\/12\/13\/kampsportspoddens-julkalender-13\/#primaryimage"},"thumbnailUrl":"https:\/\/www.budokampsport.se\/wp-content\/uploads\/2017\/12\/PUFF-2-for-julkalender-podd-e1624882946765.jpg","datePublished":"2017-12-13T11:49:10+00:00","dateModified":"2017-12-13T11:52:49+00:00","author":{"@id":"https:\/\/www.budokampsport.se\/#\/schema\/person\/c838cace8171f692e363fde3f38f208b"},"description":"Nedan summeras Kampsportspoddens f\u00f6rsta 13 luckor. Om du tror dig veta vilka ord med 24 bokst\u00e4ver vi letar efter maila annie@budo.se och skriv","breadcrumb":{"@id":"https:\/\/www.budokampsport.se\/2017\/12\/13\/kampsportspoddens-julkalender-13\/#breadcrumb"},"inLanguage":"sv-SE","potentialAction":[{"@type":"ReadAction","target":["https:\/\/www.budokampsport.se\/2017\/12\/13\/kampsportspoddens-julkalender-13\/"]}]},{"@type":"ImageObject","inLanguage":"sv-SE","@id":"https:\/\/www.budokampsport.se\/2017\/12\/13\/kampsportspoddens-julkalender-13\/#primaryimage","url":"https:\/\/www.budokampsport.se\/wp-content\/uploads\/2017\/12\/PUFF-2-for-julkalender-podd-e1624882946765.jpg","contentUrl":"https:\/\/www.budokampsport.se\/wp-content\/uploads\/2017\/12\/PUFF-2-for-julkalender-podd-e1624882946765.jpg","width":850,"height":560},{"@type":"BreadcrumbList","@id":"https:\/\/www.budokampsport.se\/2017\/12\/13\/kampsportspoddens-julkalender-13\/#breadcrumb","itemListElement":[{"@type":"ListItem","position":1,"name":"Hem","item":"https:\/\/www.budokampsport.se\/"},{"@type":"ListItem","position":2,"name":"Kampsportspoddens julkalender"}]},{"@type":"WebSite","@id":"https:\/\/www.budokampsport.se\/#website","url":"https:\/\/www.budokampsport.se\/","name":"Svenska Budo &amp; Kampsportsf\u00f6rbundet","description":"T\u00e4vling, Tr\u00e4ning, Tradition","potentialAction":[{"@type":"SearchAction","target":{"@type":"EntryPoint","urlTemplate":"https:\/\/www.budokampsport.se\/?s={search_term_string}"},"query-input":{"@type":"PropertyValueSpecification","valueRequired":true,"valueName":"search_term_string"}}],"inLanguage":"sv-SE"},{"@type":"Person","@id":"https:\/\/www.budokampsport.se\/#\/schema\/person\/c838cace8171f692e363fde3f38f208b","name":"Annie Carriage","image":{"@type":"ImageObject","inLanguage":"sv-SE","@id":"https:\/\/www.budokampsport.se\/#\/schema\/person\/image\/","url":"https:\/\/secure.gravatar.com\/avatar\/9311295560bdfbdf78365a26f7df1876?s=96&d=blank&r=g","contentUrl":"https:\/\/secure.gravatar.com\/avatar\/9311295560bdfbdf78365a26f7df1876?s=96&d=blank&r=g","caption":"Annie Carriage"},"url":"https:\/\/www.budokampsport.se\/author\/annie-bondefelt\/"}]}},"_links":{"self":[{"href":"https:\/\/www.budokampsport.se\/api\/wp\/v2\/posts\/55536","targetHints":{"allow":["GET"]}}],"collection":[{"href":"https:\/\/www.budokampsport.se\/api\/wp\/v2\/posts"}],"about":[{"href":"https:\/\/www.budokampsport.se\/api\/wp\/v2\/types\/post"}],"author":[{"embeddable":true,"href":"https:\/\/www.budokampsport.se\/api\/wp\/v2\/users\/120"}],"replies":[{"embeddable":true,"href":"https:\/\/www.budokampsport.se\/api\/wp\/v2\/comments?post=55536"}],"version-history":[{"count":0,"href":"https:\/\/www.budokampsport.se\/api\/wp\/v2\/posts\/55536\/revisions"}],"wp:featuredmedia":[{"embeddable":true,"href":"https:\/\/www.budokampsport.se\/api\/wp\/v2\/media\/55537"}],"wp:attachment":[{"href":"https:\/\/www.budokampsport.se\/api\/wp\/v2\/media?parent=55536"}],"wp:term":[{"taxonomy":"category","embeddable":true,"href":"https:\/\/www.budokampsport.se\/api\/wp\/v2\/categories?post=55536"},{"taxonomy":"post_tag","embeddable":true,"href":"https:\/\/www.budokampsport.se\/api\/wp\/v2\/tags?post=55536"}],"curies":[{"name":"wp","href":"https:\/\/api.w.org\/{rel}","templated":true}]}}