{"id":5577,"date":"2015-10-29T13:11:19","date_gmt":"2015-10-29T12:11:19","guid":{"rendered":"http:\/\/budo.wordpress.dev\/2015\/10\/29\/senaste-nytt-jennifer-osterlin-vidare-till-semifinal\/"},"modified":"2016-12-06T22:39:13","modified_gmt":"2016-12-06T21:39:13","slug":"senaste-nytt-jennifer-osterlin-vidare-till-semifinal","status":"publish","type":"post","link":"https:\/\/www.budokampsport.se\/2015\/10\/29\/senaste-nytt-jennifer-osterlin-vidare-till-semifinal\/","title":{"rendered":"Senaste nytt: Jennifer \u00d6sterlin vidare till semifinal"},"content":{"rendered":"<p><strong><img decoding=\"async\" alt=\"\" src=\"\/sites\/default\/files\/jennifer.jpg\" style=\"height:435px; width:435px\"><br \/>Det blev en kvartsfinal med mer kamp \u00e4n grannl\u00e5t, men vad gjorde det. Jennifer \u00d6sterlin \u00e4r \u00e5terigen en medalj\u00f6r p\u00e5 ett stort m\u00e4sterskap, efter att ha sugit musten ur marockanskan Farih Sabah.<br \/>\u00a0\u00a0 &#8211; Det har varit ett tungt \u00e5r sedan jag gick match sist och det varit en l\u00e5ng och tung v\u00e4g tillbaka, s\u00e4ger \u00d6sterlin till budokampsport.se.<\/strong><!--break--><\/p>\n<p>Det blev en lite m\u00e4rklig kvartsfinal mellan Jennifer \u00d6sterlin och Farih Sabah i damernas kvartsfinal i K1 -71kg.<\/p>\n<p>Jennifer \u00d6sterlin, som \u00e4r tillbaka i de stora sammanhangen efter l\u00e5ng fr\u00e5nvaro, s\u00e5g ut som hon brukade. Full fart fram\u00e5t, och r\u00e4tt in i klinch.<\/p>\n<p>Farih Sabah h\u00e4ngde med hyfsat i den f\u00f6rsta ronden, men de ideliga h\u00e5rda och pricks\u00e4kra svenska kn\u00e4na i klinchen tog s\u00e5 sm\u00e5ningom ut sin r\u00e4tt.<\/p>\n<p>Ju l\u00e4ngre matchen led desto tyngre hade marockanskan det att freda sig och Jennifer \u00d6sterlin vann tillslut t\u00e4mligen ohotat och \u00e4r klar f\u00f6r semifinal, och dessutom s\u00e4krat en ny svensk VM-medalj. Ny \u00e5terst\u00e5r bara att se vilken val\u00f6r dessa medaljer f\u00e5r.<br \/>\u00a0\u00a0 &#8211;\u00a0Det var en j\u00e4mn f\u00f6rsta rond k\u00e4ndes det som. Jag tog de f\u00f6rsta po\u00e4ngen sedan gick hon om, men n\u00e4r jag gick till vilan efter f\u00f6rsta s\u00e5 k\u00e4ndes det som jag ledde. Jag k\u00e4nde mig stark under matchen, och fick in n\u00e5gra riktigt bra kn\u00e4n. De l\u00e5ga sparkarna k\u00e4ndes ocks\u00e5 bra och jag hoppas jag ska f\u00e5 till mina kombinationer \u00e4nnu b\u00e4ttre till semifinal-matchen.<\/p>\n<p>Text: Jonathan Broberg<br \/>Foto: Olof Pettersson<\/p>\n","protected":false},"excerpt":{"rendered":"<p>Det blev en kvartsfinal med mer kamp \u00e4n grannl\u00e5t, men [&#8230;]<\/p><br>","protected":false},"author":7,"featured_media":0,"comment_status":"closed","ping_status":"closed","sticky":false,"template":"","format":"standard","meta":{"_acf_changed":false,"footnotes":""},"categories":[1],"tags":[],"class_list":["post-5577","post","type-post","status-publish","format-standard","hentry","category-okategoriserade"],"acf":[],"yoast_head":"<!-- This site is optimized with the Yoast SEO plugin v26.8 - https:\/\/yoast.com\/product\/yoast-seo-wordpress\/ -->\n<title>Senaste nytt: Jennifer \u00d6sterlin vidare till semifinal - Svenska Budo &amp; Kampsportsf\u00f6rbundet<\/title>\n<meta name=\"description\" content=\"Det blev en kvartsfinal med mer kamp \u00e4n grannl\u00e5t, men vad gjorde det. Jennifer \u00d6sterlin \u00e4r \u00e5terigen en medalj\u00f6r p\u00e5 ett stort m\u00e4sterskap, efter att ha\" \/>\n<meta name=\"robots\" content=\"index, follow, max-snippet:-1, max-image-preview:large, max-video-preview:-1\" \/>\n<link rel=\"canonical\" href=\"https:\/\/www.budokampsport.se\/2015\/10\/29\/senaste-nytt-jennifer-osterlin-vidare-till-semifinal\/\" \/>\n<meta property=\"og:locale\" content=\"sv_SE\" \/>\n<meta property=\"og:type\" content=\"article\" \/>\n<meta property=\"og:title\" content=\"Senaste nytt: Jennifer \u00d6sterlin vidare till semifinal - Svenska Budo &amp; Kampsportsf\u00f6rbundet\" \/>\n<meta property=\"og:description\" content=\"Det blev en kvartsfinal med mer kamp \u00e4n grannl\u00e5t, men vad gjorde det. Jennifer \u00d6sterlin \u00e4r \u00e5terigen en medalj\u00f6r p\u00e5 ett stort m\u00e4sterskap, efter att ha\" \/>\n<meta property=\"og:url\" content=\"https:\/\/www.budokampsport.se\/2015\/10\/29\/senaste-nytt-jennifer-osterlin-vidare-till-semifinal\/\" \/>\n<meta property=\"og:site_name\" content=\"Svenska Budo &amp; Kampsportsf\u00f6rbundet\" \/>\n<meta property=\"article:author\" content=\"https:\/\/www.facebook.com\/jonathan.broberg.7\" \/>\n<meta property=\"article:published_time\" content=\"2015-10-29T12:11:19+00:00\" \/>\n<meta property=\"article:modified_time\" content=\"2016-12-06T21:39:13+00:00\" \/>\n<meta name=\"author\" content=\"Jonathan Broberg\" \/>\n<meta name=\"twitter:card\" content=\"summary_large_image\" \/>\n<meta name=\"twitter:label1\" content=\"Skriven av\" \/>\n\t<meta name=\"twitter:data1\" content=\"Jonathan Broberg\" \/>\n\t<meta name=\"twitter:label2\" content=\"Ber\u00e4knad l\u00e4stid\" \/>\n\t<meta name=\"twitter:data2\" content=\"1 minut\" \/>\n<script type=\"application\/ld+json\" class=\"yoast-schema-graph\">{\"@context\":\"https:\/\/schema.org\",\"@graph\":[{\"@type\":\"Article\",\"@id\":\"https:\/\/www.budokampsport.se\/2015\/10\/29\/senaste-nytt-jennifer-osterlin-vidare-till-semifinal\/#article\",\"isPartOf\":{\"@id\":\"https:\/\/www.budokampsport.se\/2015\/10\/29\/senaste-nytt-jennifer-osterlin-vidare-till-semifinal\/\"},\"author\":{\"name\":\"Jonathan Broberg\",\"@id\":\"https:\/\/www.budokampsport.se\/#\/schema\/person\/5c06d81d14850e2a8ce5493386560145\"},\"headline\":\"Senaste nytt: Jennifer \u00d6sterlin vidare till semifinal\",\"datePublished\":\"2015-10-29T12:11:19+00:00\",\"dateModified\":\"2016-12-06T21:39:13+00:00\",\"mainEntityOfPage\":{\"@id\":\"https:\/\/www.budokampsport.se\/2015\/10\/29\/senaste-nytt-jennifer-osterlin-vidare-till-semifinal\/\"},\"wordCount\":285,\"inLanguage\":\"sv-SE\"},{\"@type\":\"WebPage\",\"@id\":\"https:\/\/www.budokampsport.se\/2015\/10\/29\/senaste-nytt-jennifer-osterlin-vidare-till-semifinal\/\",\"url\":\"https:\/\/www.budokampsport.se\/2015\/10\/29\/senaste-nytt-jennifer-osterlin-vidare-till-semifinal\/\",\"name\":\"Senaste nytt: Jennifer \u00d6sterlin vidare till semifinal - Svenska Budo &amp; Kampsportsf\u00f6rbundet\",\"isPartOf\":{\"@id\":\"https:\/\/www.budokampsport.se\/#website\"},\"datePublished\":\"2015-10-29T12:11:19+00:00\",\"dateModified\":\"2016-12-06T21:39:13+00:00\",\"author\":{\"@id\":\"https:\/\/www.budokampsport.se\/#\/schema\/person\/5c06d81d14850e2a8ce5493386560145\"},\"description\":\"Det blev en kvartsfinal med mer kamp \u00e4n grannl\u00e5t, men vad gjorde det. Jennifer \u00d6sterlin \u00e4r \u00e5terigen en medalj\u00f6r p\u00e5 ett stort m\u00e4sterskap, efter att ha\",\"breadcrumb\":{\"@id\":\"https:\/\/www.budokampsport.se\/2015\/10\/29\/senaste-nytt-jennifer-osterlin-vidare-till-semifinal\/#breadcrumb\"},\"inLanguage\":\"sv-SE\",\"potentialAction\":[{\"@type\":\"ReadAction\",\"target\":[\"https:\/\/www.budokampsport.se\/2015\/10\/29\/senaste-nytt-jennifer-osterlin-vidare-till-semifinal\/\"]}]},{\"@type\":\"BreadcrumbList\",\"@id\":\"https:\/\/www.budokampsport.se\/2015\/10\/29\/senaste-nytt-jennifer-osterlin-vidare-till-semifinal\/#breadcrumb\",\"itemListElement\":[{\"@type\":\"ListItem\",\"position\":1,\"name\":\"Hem\",\"item\":\"https:\/\/www.budokampsport.se\/\"},{\"@type\":\"ListItem\",\"position\":2,\"name\":\"Senaste nytt: Jennifer \u00d6sterlin vidare till semifinal\"}]},{\"@type\":\"WebSite\",\"@id\":\"https:\/\/www.budokampsport.se\/#website\",\"url\":\"https:\/\/www.budokampsport.se\/\",\"name\":\"Svenska Budo &amp; Kampsportsf\u00f6rbundet\",\"description\":\"T\u00e4vling, Tr\u00e4ning, Tradition\",\"potentialAction\":[{\"@type\":\"SearchAction\",\"target\":{\"@type\":\"EntryPoint\",\"urlTemplate\":\"https:\/\/www.budokampsport.se\/?s={search_term_string}\"},\"query-input\":{\"@type\":\"PropertyValueSpecification\",\"valueRequired\":true,\"valueName\":\"search_term_string\"}}],\"inLanguage\":\"sv-SE\"},{\"@type\":\"Person\",\"@id\":\"https:\/\/www.budokampsport.se\/#\/schema\/person\/5c06d81d14850e2a8ce5493386560145\",\"name\":\"Jonathan Broberg\",\"image\":{\"@type\":\"ImageObject\",\"inLanguage\":\"sv-SE\",\"@id\":\"https:\/\/www.budokampsport.se\/#\/schema\/person\/image\/\",\"url\":\"https:\/\/secure.gravatar.com\/avatar\/a58041c6cea9128bd9c40ee2f26d4136?s=96&d=blank&r=g\",\"contentUrl\":\"https:\/\/secure.gravatar.com\/avatar\/a58041c6cea9128bd9c40ee2f26d4136?s=96&d=blank&r=g\",\"caption\":\"Jonathan Broberg\"},\"sameAs\":[\"https:\/\/www.facebook.com\/jonathan.broberg.7\"],\"url\":\"https:\/\/www.budokampsport.se\/author\/jonathan\/\"}]}<\/script>\n<!-- \/ Yoast SEO plugin. -->","yoast_head_json":{"title":"Senaste nytt: Jennifer \u00d6sterlin vidare till semifinal - Svenska Budo &amp; Kampsportsf\u00f6rbundet","description":"Det blev en kvartsfinal med mer kamp \u00e4n grannl\u00e5t, men vad gjorde det. Jennifer \u00d6sterlin \u00e4r \u00e5terigen en medalj\u00f6r p\u00e5 ett stort m\u00e4sterskap, efter att ha","robots":{"index":"index","follow":"follow","max-snippet":"max-snippet:-1","max-image-preview":"max-image-preview:large","max-video-preview":"max-video-preview:-1"},"canonical":"https:\/\/www.budokampsport.se\/2015\/10\/29\/senaste-nytt-jennifer-osterlin-vidare-till-semifinal\/","og_locale":"sv_SE","og_type":"article","og_title":"Senaste nytt: Jennifer \u00d6sterlin vidare till semifinal - Svenska Budo &amp; Kampsportsf\u00f6rbundet","og_description":"Det blev en kvartsfinal med mer kamp \u00e4n grannl\u00e5t, men vad gjorde det. Jennifer \u00d6sterlin \u00e4r \u00e5terigen en medalj\u00f6r p\u00e5 ett stort m\u00e4sterskap, efter att ha","og_url":"https:\/\/www.budokampsport.se\/2015\/10\/29\/senaste-nytt-jennifer-osterlin-vidare-till-semifinal\/","og_site_name":"Svenska Budo &amp; Kampsportsf\u00f6rbundet","article_author":"https:\/\/www.facebook.com\/jonathan.broberg.7","article_published_time":"2015-10-29T12:11:19+00:00","article_modified_time":"2016-12-06T21:39:13+00:00","author":"Jonathan Broberg","twitter_card":"summary_large_image","twitter_misc":{"Skriven av":"Jonathan Broberg","Ber\u00e4knad l\u00e4stid":"1 minut"},"schema":{"@context":"https:\/\/schema.org","@graph":[{"@type":"Article","@id":"https:\/\/www.budokampsport.se\/2015\/10\/29\/senaste-nytt-jennifer-osterlin-vidare-till-semifinal\/#article","isPartOf":{"@id":"https:\/\/www.budokampsport.se\/2015\/10\/29\/senaste-nytt-jennifer-osterlin-vidare-till-semifinal\/"},"author":{"name":"Jonathan Broberg","@id":"https:\/\/www.budokampsport.se\/#\/schema\/person\/5c06d81d14850e2a8ce5493386560145"},"headline":"Senaste nytt: Jennifer \u00d6sterlin vidare till semifinal","datePublished":"2015-10-29T12:11:19+00:00","dateModified":"2016-12-06T21:39:13+00:00","mainEntityOfPage":{"@id":"https:\/\/www.budokampsport.se\/2015\/10\/29\/senaste-nytt-jennifer-osterlin-vidare-till-semifinal\/"},"wordCount":285,"inLanguage":"sv-SE"},{"@type":"WebPage","@id":"https:\/\/www.budokampsport.se\/2015\/10\/29\/senaste-nytt-jennifer-osterlin-vidare-till-semifinal\/","url":"https:\/\/www.budokampsport.se\/2015\/10\/29\/senaste-nytt-jennifer-osterlin-vidare-till-semifinal\/","name":"Senaste nytt: Jennifer \u00d6sterlin vidare till semifinal - Svenska Budo &amp; Kampsportsf\u00f6rbundet","isPartOf":{"@id":"https:\/\/www.budokampsport.se\/#website"},"datePublished":"2015-10-29T12:11:19+00:00","dateModified":"2016-12-06T21:39:13+00:00","author":{"@id":"https:\/\/www.budokampsport.se\/#\/schema\/person\/5c06d81d14850e2a8ce5493386560145"},"description":"Det blev en kvartsfinal med mer kamp \u00e4n grannl\u00e5t, men vad gjorde det. Jennifer \u00d6sterlin \u00e4r \u00e5terigen en medalj\u00f6r p\u00e5 ett stort m\u00e4sterskap, efter att ha","breadcrumb":{"@id":"https:\/\/www.budokampsport.se\/2015\/10\/29\/senaste-nytt-jennifer-osterlin-vidare-till-semifinal\/#breadcrumb"},"inLanguage":"sv-SE","potentialAction":[{"@type":"ReadAction","target":["https:\/\/www.budokampsport.se\/2015\/10\/29\/senaste-nytt-jennifer-osterlin-vidare-till-semifinal\/"]}]},{"@type":"BreadcrumbList","@id":"https:\/\/www.budokampsport.se\/2015\/10\/29\/senaste-nytt-jennifer-osterlin-vidare-till-semifinal\/#breadcrumb","itemListElement":[{"@type":"ListItem","position":1,"name":"Hem","item":"https:\/\/www.budokampsport.se\/"},{"@type":"ListItem","position":2,"name":"Senaste nytt: Jennifer \u00d6sterlin vidare till semifinal"}]},{"@type":"WebSite","@id":"https:\/\/www.budokampsport.se\/#website","url":"https:\/\/www.budokampsport.se\/","name":"Svenska Budo &amp; Kampsportsf\u00f6rbundet","description":"T\u00e4vling, Tr\u00e4ning, Tradition","potentialAction":[{"@type":"SearchAction","target":{"@type":"EntryPoint","urlTemplate":"https:\/\/www.budokampsport.se\/?s={search_term_string}"},"query-input":{"@type":"PropertyValueSpecification","valueRequired":true,"valueName":"search_term_string"}}],"inLanguage":"sv-SE"},{"@type":"Person","@id":"https:\/\/www.budokampsport.se\/#\/schema\/person\/5c06d81d14850e2a8ce5493386560145","name":"Jonathan Broberg","image":{"@type":"ImageObject","inLanguage":"sv-SE","@id":"https:\/\/www.budokampsport.se\/#\/schema\/person\/image\/","url":"https:\/\/secure.gravatar.com\/avatar\/a58041c6cea9128bd9c40ee2f26d4136?s=96&d=blank&r=g","contentUrl":"https:\/\/secure.gravatar.com\/avatar\/a58041c6cea9128bd9c40ee2f26d4136?s=96&d=blank&r=g","caption":"Jonathan Broberg"},"sameAs":["https:\/\/www.facebook.com\/jonathan.broberg.7"],"url":"https:\/\/www.budokampsport.se\/author\/jonathan\/"}]}},"_links":{"self":[{"href":"https:\/\/www.budokampsport.se\/api\/wp\/v2\/posts\/5577","targetHints":{"allow":["GET"]}}],"collection":[{"href":"https:\/\/www.budokampsport.se\/api\/wp\/v2\/posts"}],"about":[{"href":"https:\/\/www.budokampsport.se\/api\/wp\/v2\/types\/post"}],"author":[{"embeddable":true,"href":"https:\/\/www.budokampsport.se\/api\/wp\/v2\/users\/7"}],"replies":[{"embeddable":true,"href":"https:\/\/www.budokampsport.se\/api\/wp\/v2\/comments?post=5577"}],"version-history":[{"count":0,"href":"https:\/\/www.budokampsport.se\/api\/wp\/v2\/posts\/5577\/revisions"}],"wp:attachment":[{"href":"https:\/\/www.budokampsport.se\/api\/wp\/v2\/media?parent=5577"}],"wp:term":[{"taxonomy":"category","embeddable":true,"href":"https:\/\/www.budokampsport.se\/api\/wp\/v2\/categories?post=5577"},{"taxonomy":"post_tag","embeddable":true,"href":"https:\/\/www.budokampsport.se\/api\/wp\/v2\/tags?post=5577"}],"curies":[{"name":"wp","href":"https:\/\/api.w.org\/{rel}","templated":true}]}}