{"id":5597,"date":"2015-11-20T07:41:51","date_gmt":"2015-11-20T06:41:51","guid":{"rendered":"http:\/\/budo.wordpress.dev\/2015\/11\/20\/max-hederstrom-tog-sig-till-fjarde-omgangen\/"},"modified":"2022-02-25T08:03:34","modified_gmt":"2022-02-25T07:03:34","slug":"max-hederstrom-tog-sig-till-fjarde-omgangen","status":"publish","type":"post","link":"https:\/\/www.budokampsport.se\/2015\/11\/20\/max-hederstrom-tog-sig-till-fjarde-omgangen\/","title":{"rendered":"Max Hederstr\u00f6m tog sig till fj\u00e4rde omg\u00e5ngen"},"content":{"rendered":"<p><strong><img decoding=\"async\" style=\"height: 290px; width: 435px;\" src=\"\/sites\/default\/files\/max_hederstrom_ett.gif\" alt=\"\" \/><br \/>\nMax Hederstr\u00f6m hade inte riktigt flytet med sig under jujutsu-VM:s f\u00f6rsta t\u00e4vlingsdag. Han vann \u00f6vertygande premi\u00e4ren, men f\u00f6rlorade bittert i match tv\u00e5 och tvingades till \u00e5terkval i herrarnas -94kg i stilen ne waza. V\u00e4l d\u00e4r blev det en seger och sedan en f\u00f6rlust<\/strong>.<!--break--><\/p>\n<p>Max Hederstr\u00f6m besegrade fransmannen Ilyes Barafane i herrarnas -94kg i stilen ne waza med 8-2. Hederstr\u00f6m tog direkt tag i taktpinnen och kontrollerade matchen fr\u00e5n f\u00f6rsta till sista sekund.<\/p>\n<p>Hederstr\u00f6m st\u00f6tte ihop med Alketbi fr\u00e5n F\u00f6renade Arabemiraten i andra matchen. I en trevande och avvaktande inledning var det \u00e4n Hederstr\u00f6m som kopplade grepp om matchbilden. Men i\u00a0matchens sk\u00e4lvande sekunder fick Alketbi n\u00e4stan in ett kast, d\u00e4r Hederstr\u00f6m tillsynes f\u00f6rsvarade sig skickligt, men d\u00e4r Alketbi \u00e4nd\u00e5 tilld\u00f6mdes fyra po\u00e4ng, matchens enda po\u00e4ng \u00f6verhuvudtaget.\u00a0<\/p>\n<p>Efter matchen var det uppr\u00f6rda svenska miner och en l\u00e5ng domarkonferens. Framf\u00f6rallt menade man fr\u00e5n svenskt h\u00e5ll att Hederstr\u00f6m hade liknande tekniker som inte bel\u00f6nades.<\/p>\n<p>Tredje matchen, \u00e5terkvalet, f\u00f6r Max Hederstr\u00f6m var mot Ihab Janeb fr\u00e5n Jordanien.\u00a0I en ot\u00e4ckt liknande drabbning som matchen mot Alketbi blev\u00a0det po\u00e4ngl\u00f6st hela tiden ut. Men Hederstr\u00f6m hade fyra f\u00f6rdelar, vilket b\u00e4rgade segern.<\/p>\n<p><img decoding=\"async\" style=\"height: 290px; width: 435px;\" src=\"\/sites\/default\/files\/max_hederstrom_tva.gif\" alt=\"\" \/><\/p>\n<p>I den fj\u00e4rde omg\u00e5ngen st\u00f6tte Hederstr\u00f6m ihop med den belgiska stj\u00e4rnan Minguet, som tog en tidig ledning och drygade sedan ut och vann p\u00e5 ett l\u00e5s efter drygt tre minuter av matchen. D\u00e4rmed \u00e4r VM \u00f6ver\u00a0f\u00f6r Hederstr\u00f6m, som \u00e4nd\u00e5 visade goda kvaliteter och fina tekniker.<\/p>\n<p>Text och foto: Jonathan Broberg<br \/>\n\u00a0<\/p>\n","protected":false},"excerpt":{"rendered":"<p>Max Hederstr\u00f6m hade inte riktigt flytet med sig under jujutsu-VM:s [&#8230;]<\/p><br>","protected":false},"author":7,"featured_media":0,"comment_status":"closed","ping_status":"closed","sticky":false,"template":"","format":"standard","meta":{"_acf_changed":false,"footnotes":""},"categories":[1],"tags":[],"class_list":["post-5597","post","type-post","status-publish","format-standard","hentry","category-okategoriserade"],"acf":[],"yoast_head":"<!-- This site is optimized with the Yoast SEO plugin v26.8 - https:\/\/yoast.com\/product\/yoast-seo-wordpress\/ -->\n<title>Max Hederstr\u00f6m tog sig till fj\u00e4rde omg\u00e5ngen - Svenska Budo &amp; Kampsportsf\u00f6rbundet<\/title>\n<meta name=\"description\" content=\"Max Hederstr\u00f6m hade inte riktigt flytet med sig under jujutsu-VM:s f\u00f6rsta t\u00e4vlingsdag. Han vann \u00f6vertygande premi\u00e4ren, men f\u00f6rlorade bittert i match tv\u00e5\" \/>\n<meta name=\"robots\" content=\"index, follow, max-snippet:-1, max-image-preview:large, max-video-preview:-1\" \/>\n<link rel=\"canonical\" href=\"https:\/\/www.budokampsport.se\/2015\/11\/20\/max-hederstrom-tog-sig-till-fjarde-omgangen\/\" \/>\n<meta property=\"og:locale\" content=\"sv_SE\" \/>\n<meta property=\"og:type\" content=\"article\" \/>\n<meta property=\"og:title\" content=\"Max Hederstr\u00f6m tog sig till fj\u00e4rde omg\u00e5ngen - Svenska Budo &amp; Kampsportsf\u00f6rbundet\" \/>\n<meta property=\"og:description\" content=\"Max Hederstr\u00f6m hade inte riktigt flytet med sig under jujutsu-VM:s f\u00f6rsta t\u00e4vlingsdag. Han vann \u00f6vertygande premi\u00e4ren, men f\u00f6rlorade bittert i match tv\u00e5\" \/>\n<meta property=\"og:url\" content=\"https:\/\/www.budokampsport.se\/2015\/11\/20\/max-hederstrom-tog-sig-till-fjarde-omgangen\/\" \/>\n<meta property=\"og:site_name\" content=\"Svenska Budo &amp; Kampsportsf\u00f6rbundet\" \/>\n<meta property=\"article:author\" content=\"https:\/\/www.facebook.com\/jonathan.broberg.7\" \/>\n<meta property=\"article:published_time\" content=\"2015-11-20T06:41:51+00:00\" \/>\n<meta property=\"article:modified_time\" content=\"2022-02-25T07:03:34+00:00\" \/>\n<meta name=\"author\" content=\"Jonathan Broberg\" \/>\n<meta name=\"twitter:card\" content=\"summary_large_image\" \/>\n<meta name=\"twitter:label1\" content=\"Skriven av\" \/>\n\t<meta name=\"twitter:data1\" content=\"Jonathan Broberg\" \/>\n\t<meta name=\"twitter:label2\" content=\"Ber\u00e4knad l\u00e4stid\" \/>\n\t<meta name=\"twitter:data2\" content=\"1 minut\" \/>\n<script type=\"application\/ld+json\" class=\"yoast-schema-graph\">{\"@context\":\"https:\/\/schema.org\",\"@graph\":[{\"@type\":\"Article\",\"@id\":\"https:\/\/www.budokampsport.se\/2015\/11\/20\/max-hederstrom-tog-sig-till-fjarde-omgangen\/#article\",\"isPartOf\":{\"@id\":\"https:\/\/www.budokampsport.se\/2015\/11\/20\/max-hederstrom-tog-sig-till-fjarde-omgangen\/\"},\"author\":{\"name\":\"Jonathan Broberg\",\"@id\":\"https:\/\/www.budokampsport.se\/#\/schema\/person\/5c06d81d14850e2a8ce5493386560145\"},\"headline\":\"Max Hederstr\u00f6m tog sig till fj\u00e4rde omg\u00e5ngen\",\"datePublished\":\"2015-11-20T06:41:51+00:00\",\"dateModified\":\"2022-02-25T07:03:34+00:00\",\"mainEntityOfPage\":{\"@id\":\"https:\/\/www.budokampsport.se\/2015\/11\/20\/max-hederstrom-tog-sig-till-fjarde-omgangen\/\"},\"wordCount\":301,\"inLanguage\":\"sv-SE\"},{\"@type\":\"WebPage\",\"@id\":\"https:\/\/www.budokampsport.se\/2015\/11\/20\/max-hederstrom-tog-sig-till-fjarde-omgangen\/\",\"url\":\"https:\/\/www.budokampsport.se\/2015\/11\/20\/max-hederstrom-tog-sig-till-fjarde-omgangen\/\",\"name\":\"Max Hederstr\u00f6m tog sig till fj\u00e4rde omg\u00e5ngen - Svenska Budo &amp; Kampsportsf\u00f6rbundet\",\"isPartOf\":{\"@id\":\"https:\/\/www.budokampsport.se\/#website\"},\"datePublished\":\"2015-11-20T06:41:51+00:00\",\"dateModified\":\"2022-02-25T07:03:34+00:00\",\"author\":{\"@id\":\"https:\/\/www.budokampsport.se\/#\/schema\/person\/5c06d81d14850e2a8ce5493386560145\"},\"description\":\"Max Hederstr\u00f6m hade inte riktigt flytet med sig under jujutsu-VM:s f\u00f6rsta t\u00e4vlingsdag. Han vann \u00f6vertygande premi\u00e4ren, men f\u00f6rlorade bittert i match tv\u00e5\",\"breadcrumb\":{\"@id\":\"https:\/\/www.budokampsport.se\/2015\/11\/20\/max-hederstrom-tog-sig-till-fjarde-omgangen\/#breadcrumb\"},\"inLanguage\":\"sv-SE\",\"potentialAction\":[{\"@type\":\"ReadAction\",\"target\":[\"https:\/\/www.budokampsport.se\/2015\/11\/20\/max-hederstrom-tog-sig-till-fjarde-omgangen\/\"]}]},{\"@type\":\"BreadcrumbList\",\"@id\":\"https:\/\/www.budokampsport.se\/2015\/11\/20\/max-hederstrom-tog-sig-till-fjarde-omgangen\/#breadcrumb\",\"itemListElement\":[{\"@type\":\"ListItem\",\"position\":1,\"name\":\"Hem\",\"item\":\"https:\/\/www.budokampsport.se\/\"},{\"@type\":\"ListItem\",\"position\":2,\"name\":\"Max Hederstr\u00f6m tog sig till fj\u00e4rde omg\u00e5ngen\"}]},{\"@type\":\"WebSite\",\"@id\":\"https:\/\/www.budokampsport.se\/#website\",\"url\":\"https:\/\/www.budokampsport.se\/\",\"name\":\"Svenska Budo &amp; Kampsportsf\u00f6rbundet\",\"description\":\"T\u00e4vling, Tr\u00e4ning, Tradition\",\"potentialAction\":[{\"@type\":\"SearchAction\",\"target\":{\"@type\":\"EntryPoint\",\"urlTemplate\":\"https:\/\/www.budokampsport.se\/?s={search_term_string}\"},\"query-input\":{\"@type\":\"PropertyValueSpecification\",\"valueRequired\":true,\"valueName\":\"search_term_string\"}}],\"inLanguage\":\"sv-SE\"},{\"@type\":\"Person\",\"@id\":\"https:\/\/www.budokampsport.se\/#\/schema\/person\/5c06d81d14850e2a8ce5493386560145\",\"name\":\"Jonathan Broberg\",\"image\":{\"@type\":\"ImageObject\",\"inLanguage\":\"sv-SE\",\"@id\":\"https:\/\/www.budokampsport.se\/#\/schema\/person\/image\/\",\"url\":\"https:\/\/secure.gravatar.com\/avatar\/a58041c6cea9128bd9c40ee2f26d4136?s=96&d=blank&r=g\",\"contentUrl\":\"https:\/\/secure.gravatar.com\/avatar\/a58041c6cea9128bd9c40ee2f26d4136?s=96&d=blank&r=g\",\"caption\":\"Jonathan Broberg\"},\"sameAs\":[\"https:\/\/www.facebook.com\/jonathan.broberg.7\"],\"url\":\"https:\/\/www.budokampsport.se\/author\/jonathan\/\"}]}<\/script>\n<!-- \/ Yoast SEO plugin. -->","yoast_head_json":{"title":"Max Hederstr\u00f6m tog sig till fj\u00e4rde omg\u00e5ngen - Svenska Budo &amp; Kampsportsf\u00f6rbundet","description":"Max Hederstr\u00f6m hade inte riktigt flytet med sig under jujutsu-VM:s f\u00f6rsta t\u00e4vlingsdag. Han vann \u00f6vertygande premi\u00e4ren, men f\u00f6rlorade bittert i match tv\u00e5","robots":{"index":"index","follow":"follow","max-snippet":"max-snippet:-1","max-image-preview":"max-image-preview:large","max-video-preview":"max-video-preview:-1"},"canonical":"https:\/\/www.budokampsport.se\/2015\/11\/20\/max-hederstrom-tog-sig-till-fjarde-omgangen\/","og_locale":"sv_SE","og_type":"article","og_title":"Max Hederstr\u00f6m tog sig till fj\u00e4rde omg\u00e5ngen - Svenska Budo &amp; Kampsportsf\u00f6rbundet","og_description":"Max Hederstr\u00f6m hade inte riktigt flytet med sig under jujutsu-VM:s f\u00f6rsta t\u00e4vlingsdag. Han vann \u00f6vertygande premi\u00e4ren, men f\u00f6rlorade bittert i match tv\u00e5","og_url":"https:\/\/www.budokampsport.se\/2015\/11\/20\/max-hederstrom-tog-sig-till-fjarde-omgangen\/","og_site_name":"Svenska Budo &amp; Kampsportsf\u00f6rbundet","article_author":"https:\/\/www.facebook.com\/jonathan.broberg.7","article_published_time":"2015-11-20T06:41:51+00:00","article_modified_time":"2022-02-25T07:03:34+00:00","author":"Jonathan Broberg","twitter_card":"summary_large_image","twitter_misc":{"Skriven av":"Jonathan Broberg","Ber\u00e4knad l\u00e4stid":"1 minut"},"schema":{"@context":"https:\/\/schema.org","@graph":[{"@type":"Article","@id":"https:\/\/www.budokampsport.se\/2015\/11\/20\/max-hederstrom-tog-sig-till-fjarde-omgangen\/#article","isPartOf":{"@id":"https:\/\/www.budokampsport.se\/2015\/11\/20\/max-hederstrom-tog-sig-till-fjarde-omgangen\/"},"author":{"name":"Jonathan Broberg","@id":"https:\/\/www.budokampsport.se\/#\/schema\/person\/5c06d81d14850e2a8ce5493386560145"},"headline":"Max Hederstr\u00f6m tog sig till fj\u00e4rde omg\u00e5ngen","datePublished":"2015-11-20T06:41:51+00:00","dateModified":"2022-02-25T07:03:34+00:00","mainEntityOfPage":{"@id":"https:\/\/www.budokampsport.se\/2015\/11\/20\/max-hederstrom-tog-sig-till-fjarde-omgangen\/"},"wordCount":301,"inLanguage":"sv-SE"},{"@type":"WebPage","@id":"https:\/\/www.budokampsport.se\/2015\/11\/20\/max-hederstrom-tog-sig-till-fjarde-omgangen\/","url":"https:\/\/www.budokampsport.se\/2015\/11\/20\/max-hederstrom-tog-sig-till-fjarde-omgangen\/","name":"Max Hederstr\u00f6m tog sig till fj\u00e4rde omg\u00e5ngen - Svenska Budo &amp; Kampsportsf\u00f6rbundet","isPartOf":{"@id":"https:\/\/www.budokampsport.se\/#website"},"datePublished":"2015-11-20T06:41:51+00:00","dateModified":"2022-02-25T07:03:34+00:00","author":{"@id":"https:\/\/www.budokampsport.se\/#\/schema\/person\/5c06d81d14850e2a8ce5493386560145"},"description":"Max Hederstr\u00f6m hade inte riktigt flytet med sig under jujutsu-VM:s f\u00f6rsta t\u00e4vlingsdag. Han vann \u00f6vertygande premi\u00e4ren, men f\u00f6rlorade bittert i match tv\u00e5","breadcrumb":{"@id":"https:\/\/www.budokampsport.se\/2015\/11\/20\/max-hederstrom-tog-sig-till-fjarde-omgangen\/#breadcrumb"},"inLanguage":"sv-SE","potentialAction":[{"@type":"ReadAction","target":["https:\/\/www.budokampsport.se\/2015\/11\/20\/max-hederstrom-tog-sig-till-fjarde-omgangen\/"]}]},{"@type":"BreadcrumbList","@id":"https:\/\/www.budokampsport.se\/2015\/11\/20\/max-hederstrom-tog-sig-till-fjarde-omgangen\/#breadcrumb","itemListElement":[{"@type":"ListItem","position":1,"name":"Hem","item":"https:\/\/www.budokampsport.se\/"},{"@type":"ListItem","position":2,"name":"Max Hederstr\u00f6m tog sig till fj\u00e4rde omg\u00e5ngen"}]},{"@type":"WebSite","@id":"https:\/\/www.budokampsport.se\/#website","url":"https:\/\/www.budokampsport.se\/","name":"Svenska Budo &amp; Kampsportsf\u00f6rbundet","description":"T\u00e4vling, Tr\u00e4ning, Tradition","potentialAction":[{"@type":"SearchAction","target":{"@type":"EntryPoint","urlTemplate":"https:\/\/www.budokampsport.se\/?s={search_term_string}"},"query-input":{"@type":"PropertyValueSpecification","valueRequired":true,"valueName":"search_term_string"}}],"inLanguage":"sv-SE"},{"@type":"Person","@id":"https:\/\/www.budokampsport.se\/#\/schema\/person\/5c06d81d14850e2a8ce5493386560145","name":"Jonathan Broberg","image":{"@type":"ImageObject","inLanguage":"sv-SE","@id":"https:\/\/www.budokampsport.se\/#\/schema\/person\/image\/","url":"https:\/\/secure.gravatar.com\/avatar\/a58041c6cea9128bd9c40ee2f26d4136?s=96&d=blank&r=g","contentUrl":"https:\/\/secure.gravatar.com\/avatar\/a58041c6cea9128bd9c40ee2f26d4136?s=96&d=blank&r=g","caption":"Jonathan Broberg"},"sameAs":["https:\/\/www.facebook.com\/jonathan.broberg.7"],"url":"https:\/\/www.budokampsport.se\/author\/jonathan\/"}]}},"_links":{"self":[{"href":"https:\/\/www.budokampsport.se\/api\/wp\/v2\/posts\/5597","targetHints":{"allow":["GET"]}}],"collection":[{"href":"https:\/\/www.budokampsport.se\/api\/wp\/v2\/posts"}],"about":[{"href":"https:\/\/www.budokampsport.se\/api\/wp\/v2\/types\/post"}],"author":[{"embeddable":true,"href":"https:\/\/www.budokampsport.se\/api\/wp\/v2\/users\/7"}],"replies":[{"embeddable":true,"href":"https:\/\/www.budokampsport.se\/api\/wp\/v2\/comments?post=5597"}],"version-history":[{"count":0,"href":"https:\/\/www.budokampsport.se\/api\/wp\/v2\/posts\/5597\/revisions"}],"wp:attachment":[{"href":"https:\/\/www.budokampsport.se\/api\/wp\/v2\/media?parent=5597"}],"wp:term":[{"taxonomy":"category","embeddable":true,"href":"https:\/\/www.budokampsport.se\/api\/wp\/v2\/categories?post=5597"},{"taxonomy":"post_tag","embeddable":true,"href":"https:\/\/www.budokampsport.se\/api\/wp\/v2\/tags?post=5597"}],"curies":[{"name":"wp","href":"https:\/\/api.w.org\/{rel}","templated":true}]}}