{"id":5606,"date":"2015-11-21T10:03:51","date_gmt":"2015-11-21T09:03:51","guid":{"rendered":"http:\/\/budo.wordpress.dev\/2015\/11\/21\/halvskadad-nolbratt-klappade-ut-i-semifinalen\/"},"modified":"2016-12-06T22:39:18","modified_gmt":"2016-12-06T21:39:18","slug":"halvskadad-nolbratt-klappade-ut-i-semifinalen","status":"publish","type":"post","link":"https:\/\/www.budokampsport.se\/2015\/11\/21\/halvskadad-nolbratt-klappade-ut-i-semifinalen\/","title":{"rendered":"Halvskadad Nolbratt klappade ut i semifinalen"},"content":{"rendered":"<p><strong><img decoding=\"async\" alt=\"\" src=\"\/sites\/default\/files\/rasmus_nolbratt_tre.gif\" style=\"height:290px; width:435px\"><br \/>17-\u00e5rige Rasmus Nolbratt har tagit VM med storm och charmat fler \u00e4n bara de med bl\u00e5gula sympatier. Men det \u00f6mmande kn\u00e4t gjorde att han inte kunde ge israelen Evyatar Paperni n\u00e5gon match.<\/strong> <!--break--><\/p>\n<p>Den tungt meriterade och fler\u00e5rigt mer rutinerade israelen hade gjort sin scouting av svensken v\u00e4l, och gick direkt p\u00e5 ett benl\u00e5s mot det \u00f6mmande svenska kn\u00e4t och Nolbratt tvingades att klappa ut sig.<\/p>\n<p>Nu v\u00e4ntar en bronsmatch f\u00f6r talangen som sannerligen \u00f6verraskat positivt under VM.<\/p>\n<p>Text och foto: Jonathan Broberg<\/p>\n","protected":false},"excerpt":{"rendered":"<p>17-\u00e5rige Rasmus Nolbratt har tagit VM med storm och charmat [&#8230;]<\/p><br>","protected":false},"author":7,"featured_media":0,"comment_status":"closed","ping_status":"closed","sticky":false,"template":"","format":"standard","meta":{"_acf_changed":false,"footnotes":""},"categories":[1],"tags":[],"class_list":["post-5606","post","type-post","status-publish","format-standard","hentry","category-okategoriserade"],"acf":[],"yoast_head":"<!-- This site is optimized with the Yoast SEO plugin v26.8 - https:\/\/yoast.com\/product\/yoast-seo-wordpress\/ -->\n<title>Halvskadad Nolbratt klappade ut i semifinalen - Svenska Budo &amp; Kampsportsf\u00f6rbundet<\/title>\n<meta name=\"description\" content=\"17-\u00e5rige Rasmus Nolbratt har tagit VM med storm och charmat fler \u00e4n bara de med bl\u00e5gula sympatier. Men det \u00f6mmande kn\u00e4t gjorde att han inte kunde ge\" \/>\n<meta name=\"robots\" content=\"index, follow, max-snippet:-1, max-image-preview:large, max-video-preview:-1\" \/>\n<link rel=\"canonical\" href=\"https:\/\/www.budokampsport.se\/2015\/11\/21\/halvskadad-nolbratt-klappade-ut-i-semifinalen\/\" \/>\n<meta property=\"og:locale\" content=\"sv_SE\" \/>\n<meta property=\"og:type\" content=\"article\" \/>\n<meta property=\"og:title\" content=\"Halvskadad Nolbratt klappade ut i semifinalen - Svenska Budo &amp; Kampsportsf\u00f6rbundet\" \/>\n<meta property=\"og:description\" content=\"17-\u00e5rige Rasmus Nolbratt har tagit VM med storm och charmat fler \u00e4n bara de med bl\u00e5gula sympatier. Men det \u00f6mmande kn\u00e4t gjorde att han inte kunde ge\" \/>\n<meta property=\"og:url\" content=\"https:\/\/www.budokampsport.se\/2015\/11\/21\/halvskadad-nolbratt-klappade-ut-i-semifinalen\/\" \/>\n<meta property=\"og:site_name\" content=\"Svenska Budo &amp; Kampsportsf\u00f6rbundet\" \/>\n<meta property=\"article:author\" content=\"https:\/\/www.facebook.com\/jonathan.broberg.7\" \/>\n<meta property=\"article:published_time\" content=\"2015-11-21T09:03:51+00:00\" \/>\n<meta property=\"article:modified_time\" content=\"2016-12-06T21:39:18+00:00\" \/>\n<meta name=\"author\" content=\"Jonathan Broberg\" \/>\n<meta name=\"twitter:card\" content=\"summary_large_image\" \/>\n<meta name=\"twitter:label1\" content=\"Skriven av\" \/>\n\t<meta name=\"twitter:data1\" content=\"Jonathan Broberg\" \/>\n<script type=\"application\/ld+json\" class=\"yoast-schema-graph\">{\"@context\":\"https:\/\/schema.org\",\"@graph\":[{\"@type\":\"Article\",\"@id\":\"https:\/\/www.budokampsport.se\/2015\/11\/21\/halvskadad-nolbratt-klappade-ut-i-semifinalen\/#article\",\"isPartOf\":{\"@id\":\"https:\/\/www.budokampsport.se\/2015\/11\/21\/halvskadad-nolbratt-klappade-ut-i-semifinalen\/\"},\"author\":{\"name\":\"Jonathan Broberg\",\"@id\":\"https:\/\/www.budokampsport.se\/#\/schema\/person\/5c06d81d14850e2a8ce5493386560145\"},\"headline\":\"Halvskadad Nolbratt klappade ut i semifinalen\",\"datePublished\":\"2015-11-21T09:03:51+00:00\",\"dateModified\":\"2016-12-06T21:39:18+00:00\",\"mainEntityOfPage\":{\"@id\":\"https:\/\/www.budokampsport.se\/2015\/11\/21\/halvskadad-nolbratt-klappade-ut-i-semifinalen\/\"},\"wordCount\":98,\"inLanguage\":\"sv-SE\"},{\"@type\":\"WebPage\",\"@id\":\"https:\/\/www.budokampsport.se\/2015\/11\/21\/halvskadad-nolbratt-klappade-ut-i-semifinalen\/\",\"url\":\"https:\/\/www.budokampsport.se\/2015\/11\/21\/halvskadad-nolbratt-klappade-ut-i-semifinalen\/\",\"name\":\"Halvskadad Nolbratt klappade ut i semifinalen - Svenska Budo &amp; Kampsportsf\u00f6rbundet\",\"isPartOf\":{\"@id\":\"https:\/\/www.budokampsport.se\/#website\"},\"datePublished\":\"2015-11-21T09:03:51+00:00\",\"dateModified\":\"2016-12-06T21:39:18+00:00\",\"author\":{\"@id\":\"https:\/\/www.budokampsport.se\/#\/schema\/person\/5c06d81d14850e2a8ce5493386560145\"},\"description\":\"17-\u00e5rige Rasmus Nolbratt har tagit VM med storm och charmat fler \u00e4n bara de med bl\u00e5gula sympatier. Men det \u00f6mmande kn\u00e4t gjorde att han inte kunde ge\",\"breadcrumb\":{\"@id\":\"https:\/\/www.budokampsport.se\/2015\/11\/21\/halvskadad-nolbratt-klappade-ut-i-semifinalen\/#breadcrumb\"},\"inLanguage\":\"sv-SE\",\"potentialAction\":[{\"@type\":\"ReadAction\",\"target\":[\"https:\/\/www.budokampsport.se\/2015\/11\/21\/halvskadad-nolbratt-klappade-ut-i-semifinalen\/\"]}]},{\"@type\":\"BreadcrumbList\",\"@id\":\"https:\/\/www.budokampsport.se\/2015\/11\/21\/halvskadad-nolbratt-klappade-ut-i-semifinalen\/#breadcrumb\",\"itemListElement\":[{\"@type\":\"ListItem\",\"position\":1,\"name\":\"Hem\",\"item\":\"https:\/\/www.budokampsport.se\/\"},{\"@type\":\"ListItem\",\"position\":2,\"name\":\"Halvskadad Nolbratt klappade ut i semifinalen\"}]},{\"@type\":\"WebSite\",\"@id\":\"https:\/\/www.budokampsport.se\/#website\",\"url\":\"https:\/\/www.budokampsport.se\/\",\"name\":\"Svenska Budo &amp; Kampsportsf\u00f6rbundet\",\"description\":\"T\u00e4vling, Tr\u00e4ning, Tradition\",\"potentialAction\":[{\"@type\":\"SearchAction\",\"target\":{\"@type\":\"EntryPoint\",\"urlTemplate\":\"https:\/\/www.budokampsport.se\/?s={search_term_string}\"},\"query-input\":{\"@type\":\"PropertyValueSpecification\",\"valueRequired\":true,\"valueName\":\"search_term_string\"}}],\"inLanguage\":\"sv-SE\"},{\"@type\":\"Person\",\"@id\":\"https:\/\/www.budokampsport.se\/#\/schema\/person\/5c06d81d14850e2a8ce5493386560145\",\"name\":\"Jonathan Broberg\",\"image\":{\"@type\":\"ImageObject\",\"inLanguage\":\"sv-SE\",\"@id\":\"https:\/\/www.budokampsport.se\/#\/schema\/person\/image\/\",\"url\":\"https:\/\/secure.gravatar.com\/avatar\/a58041c6cea9128bd9c40ee2f26d4136?s=96&d=blank&r=g\",\"contentUrl\":\"https:\/\/secure.gravatar.com\/avatar\/a58041c6cea9128bd9c40ee2f26d4136?s=96&d=blank&r=g\",\"caption\":\"Jonathan Broberg\"},\"sameAs\":[\"https:\/\/www.facebook.com\/jonathan.broberg.7\"],\"url\":\"https:\/\/www.budokampsport.se\/author\/jonathan\/\"}]}<\/script>\n<!-- \/ Yoast SEO plugin. -->","yoast_head_json":{"title":"Halvskadad Nolbratt klappade ut i semifinalen - Svenska Budo &amp; Kampsportsf\u00f6rbundet","description":"17-\u00e5rige Rasmus Nolbratt har tagit VM med storm och charmat fler \u00e4n bara de med bl\u00e5gula sympatier. Men det \u00f6mmande kn\u00e4t gjorde att han inte kunde ge","robots":{"index":"index","follow":"follow","max-snippet":"max-snippet:-1","max-image-preview":"max-image-preview:large","max-video-preview":"max-video-preview:-1"},"canonical":"https:\/\/www.budokampsport.se\/2015\/11\/21\/halvskadad-nolbratt-klappade-ut-i-semifinalen\/","og_locale":"sv_SE","og_type":"article","og_title":"Halvskadad Nolbratt klappade ut i semifinalen - Svenska Budo &amp; Kampsportsf\u00f6rbundet","og_description":"17-\u00e5rige Rasmus Nolbratt har tagit VM med storm och charmat fler \u00e4n bara de med bl\u00e5gula sympatier. Men det \u00f6mmande kn\u00e4t gjorde att han inte kunde ge","og_url":"https:\/\/www.budokampsport.se\/2015\/11\/21\/halvskadad-nolbratt-klappade-ut-i-semifinalen\/","og_site_name":"Svenska Budo &amp; Kampsportsf\u00f6rbundet","article_author":"https:\/\/www.facebook.com\/jonathan.broberg.7","article_published_time":"2015-11-21T09:03:51+00:00","article_modified_time":"2016-12-06T21:39:18+00:00","author":"Jonathan Broberg","twitter_card":"summary_large_image","twitter_misc":{"Skriven av":"Jonathan Broberg"},"schema":{"@context":"https:\/\/schema.org","@graph":[{"@type":"Article","@id":"https:\/\/www.budokampsport.se\/2015\/11\/21\/halvskadad-nolbratt-klappade-ut-i-semifinalen\/#article","isPartOf":{"@id":"https:\/\/www.budokampsport.se\/2015\/11\/21\/halvskadad-nolbratt-klappade-ut-i-semifinalen\/"},"author":{"name":"Jonathan Broberg","@id":"https:\/\/www.budokampsport.se\/#\/schema\/person\/5c06d81d14850e2a8ce5493386560145"},"headline":"Halvskadad Nolbratt klappade ut i semifinalen","datePublished":"2015-11-21T09:03:51+00:00","dateModified":"2016-12-06T21:39:18+00:00","mainEntityOfPage":{"@id":"https:\/\/www.budokampsport.se\/2015\/11\/21\/halvskadad-nolbratt-klappade-ut-i-semifinalen\/"},"wordCount":98,"inLanguage":"sv-SE"},{"@type":"WebPage","@id":"https:\/\/www.budokampsport.se\/2015\/11\/21\/halvskadad-nolbratt-klappade-ut-i-semifinalen\/","url":"https:\/\/www.budokampsport.se\/2015\/11\/21\/halvskadad-nolbratt-klappade-ut-i-semifinalen\/","name":"Halvskadad Nolbratt klappade ut i semifinalen - Svenska Budo &amp; Kampsportsf\u00f6rbundet","isPartOf":{"@id":"https:\/\/www.budokampsport.se\/#website"},"datePublished":"2015-11-21T09:03:51+00:00","dateModified":"2016-12-06T21:39:18+00:00","author":{"@id":"https:\/\/www.budokampsport.se\/#\/schema\/person\/5c06d81d14850e2a8ce5493386560145"},"description":"17-\u00e5rige Rasmus Nolbratt har tagit VM med storm och charmat fler \u00e4n bara de med bl\u00e5gula sympatier. Men det \u00f6mmande kn\u00e4t gjorde att han inte kunde ge","breadcrumb":{"@id":"https:\/\/www.budokampsport.se\/2015\/11\/21\/halvskadad-nolbratt-klappade-ut-i-semifinalen\/#breadcrumb"},"inLanguage":"sv-SE","potentialAction":[{"@type":"ReadAction","target":["https:\/\/www.budokampsport.se\/2015\/11\/21\/halvskadad-nolbratt-klappade-ut-i-semifinalen\/"]}]},{"@type":"BreadcrumbList","@id":"https:\/\/www.budokampsport.se\/2015\/11\/21\/halvskadad-nolbratt-klappade-ut-i-semifinalen\/#breadcrumb","itemListElement":[{"@type":"ListItem","position":1,"name":"Hem","item":"https:\/\/www.budokampsport.se\/"},{"@type":"ListItem","position":2,"name":"Halvskadad Nolbratt klappade ut i semifinalen"}]},{"@type":"WebSite","@id":"https:\/\/www.budokampsport.se\/#website","url":"https:\/\/www.budokampsport.se\/","name":"Svenska Budo &amp; Kampsportsf\u00f6rbundet","description":"T\u00e4vling, Tr\u00e4ning, Tradition","potentialAction":[{"@type":"SearchAction","target":{"@type":"EntryPoint","urlTemplate":"https:\/\/www.budokampsport.se\/?s={search_term_string}"},"query-input":{"@type":"PropertyValueSpecification","valueRequired":true,"valueName":"search_term_string"}}],"inLanguage":"sv-SE"},{"@type":"Person","@id":"https:\/\/www.budokampsport.se\/#\/schema\/person\/5c06d81d14850e2a8ce5493386560145","name":"Jonathan Broberg","image":{"@type":"ImageObject","inLanguage":"sv-SE","@id":"https:\/\/www.budokampsport.se\/#\/schema\/person\/image\/","url":"https:\/\/secure.gravatar.com\/avatar\/a58041c6cea9128bd9c40ee2f26d4136?s=96&d=blank&r=g","contentUrl":"https:\/\/secure.gravatar.com\/avatar\/a58041c6cea9128bd9c40ee2f26d4136?s=96&d=blank&r=g","caption":"Jonathan Broberg"},"sameAs":["https:\/\/www.facebook.com\/jonathan.broberg.7"],"url":"https:\/\/www.budokampsport.se\/author\/jonathan\/"}]}},"_links":{"self":[{"href":"https:\/\/www.budokampsport.se\/api\/wp\/v2\/posts\/5606","targetHints":{"allow":["GET"]}}],"collection":[{"href":"https:\/\/www.budokampsport.se\/api\/wp\/v2\/posts"}],"about":[{"href":"https:\/\/www.budokampsport.se\/api\/wp\/v2\/types\/post"}],"author":[{"embeddable":true,"href":"https:\/\/www.budokampsport.se\/api\/wp\/v2\/users\/7"}],"replies":[{"embeddable":true,"href":"https:\/\/www.budokampsport.se\/api\/wp\/v2\/comments?post=5606"}],"version-history":[{"count":0,"href":"https:\/\/www.budokampsport.se\/api\/wp\/v2\/posts\/5606\/revisions"}],"wp:attachment":[{"href":"https:\/\/www.budokampsport.se\/api\/wp\/v2\/media?parent=5606"}],"wp:term":[{"taxonomy":"category","embeddable":true,"href":"https:\/\/www.budokampsport.se\/api\/wp\/v2\/categories?post=5606"},{"taxonomy":"post_tag","embeddable":true,"href":"https:\/\/www.budokampsport.se\/api\/wp\/v2\/tags?post=5606"}],"curies":[{"name":"wp","href":"https:\/\/api.w.org\/{rel}","templated":true}]}}