{"id":5626,"date":"2015-12-15T11:55:25","date_gmt":"2015-12-15T10:55:25","guid":{"rendered":"http:\/\/budo.wordpress.dev\/2015\/12\/15\/kickboxningen-strukturerar-om-landslaget-magnus-segerberg-ny-forbundskapten\/"},"modified":"2016-12-06T22:39:23","modified_gmt":"2016-12-06T21:39:23","slug":"kickboxningen-strukturerar-om-landslaget-magnus-segerberg-ny-forbundskapten","status":"publish","type":"post","link":"https:\/\/www.budokampsport.se\/2015\/12\/15\/kickboxningen-strukturerar-om-landslaget-magnus-segerberg-ny-forbundskapten\/","title":{"rendered":"Kickboxningen strukturerar om landslaget \u2013 Magnus Segerberg ny f\u00f6rbundskapten"},"content":{"rendered":"<p><strong><img decoding=\"async\" alt=\"\" src=\"\/sites\/default\/files\/931351_561845507193769_37841666_n.jpg\" style=\"float:right; height:160px; width:160px\">Det blir en lite ny organisationsstruktur runt landslaget i kickboxning. De nuvarande f\u00f6rbundskaptensposterna kommer att f\u00f6rsvinna och ist\u00e4llet formas en ensam f\u00f6rbundskaptensroll. Och denna roll kommer Magnus Segerberg, tidigare landslagsansvarig, att f\u00e5.<\/strong><!--break--><br \/>\u00a0\u00a0<\/p>\n<p>\u201dNuvarande landslagsansvarig Magnus Segerberg kommer att f\u00e5 en ny roll kallad headcoach vilket inneb\u00e4r att han f\u00e5r huvudansvaret f\u00f6r alla discipliner som Svenska kickboxningslandslaget representerar, d\u00e4r tanken \u00e4r att headcoach ska kunna ta med sig en eller flera coacher vid behov, detta kommer helt och h\u00e5llet att styras av hur m\u00e5nga fighters som representerar Svenska landslaget, dock \u00e4r det headcoach som har huvudansvaret f\u00f6r coachning mm p\u00e5 dom uppdrag som landslaget deltar p\u00e5\u201d, skriver Svenska Kickboxningsf\u00f6rbundet p\u00e5 sin facebooksida.<\/p>\n","protected":false},"excerpt":{"rendered":"<p>Det blir en lite ny organisationsstruktur runt landslaget i kickboxning. [&#8230;]<\/p><br>","protected":false},"author":7,"featured_media":0,"comment_status":"closed","ping_status":"closed","sticky":false,"template":"","format":"standard","meta":{"_acf_changed":false,"footnotes":""},"categories":[1],"tags":[],"class_list":["post-5626","post","type-post","status-publish","format-standard","hentry","category-okategoriserade"],"acf":[],"yoast_head":"<!-- This site is optimized with the Yoast SEO plugin v26.8 - https:\/\/yoast.com\/product\/yoast-seo-wordpress\/ -->\n<title>Kickboxningen strukturerar om landslaget \u2013 Magnus Segerberg ny f\u00f6rbundskapten - Svenska Budo &amp; Kampsportsf\u00f6rbundet<\/title>\n<meta name=\"description\" content=\"Det blir en lite ny organisationsstruktur runt landslaget i kickboxning. De nuvarande f\u00f6rbundskaptensposterna kommer att f\u00f6rsvinna och ist\u00e4llet formas en\" \/>\n<meta name=\"robots\" content=\"index, follow, max-snippet:-1, max-image-preview:large, max-video-preview:-1\" \/>\n<link rel=\"canonical\" href=\"https:\/\/www.budokampsport.se\/2015\/12\/15\/kickboxningen-strukturerar-om-landslaget-magnus-segerberg-ny-forbundskapten\/\" \/>\n<meta property=\"og:locale\" content=\"sv_SE\" \/>\n<meta property=\"og:type\" content=\"article\" \/>\n<meta property=\"og:title\" content=\"Kickboxningen strukturerar om landslaget \u2013 Magnus Segerberg ny f\u00f6rbundskapten - Svenska Budo &amp; Kampsportsf\u00f6rbundet\" \/>\n<meta property=\"og:description\" content=\"Det blir en lite ny organisationsstruktur runt landslaget i kickboxning. De nuvarande f\u00f6rbundskaptensposterna kommer att f\u00f6rsvinna och ist\u00e4llet formas en\" \/>\n<meta property=\"og:url\" content=\"https:\/\/www.budokampsport.se\/2015\/12\/15\/kickboxningen-strukturerar-om-landslaget-magnus-segerberg-ny-forbundskapten\/\" \/>\n<meta property=\"og:site_name\" content=\"Svenska Budo &amp; Kampsportsf\u00f6rbundet\" \/>\n<meta property=\"article:author\" content=\"https:\/\/www.facebook.com\/jonathan.broberg.7\" \/>\n<meta property=\"article:published_time\" content=\"2015-12-15T10:55:25+00:00\" \/>\n<meta property=\"article:modified_time\" content=\"2016-12-06T21:39:23+00:00\" \/>\n<meta name=\"author\" content=\"Jonathan Broberg\" \/>\n<meta name=\"twitter:card\" content=\"summary_large_image\" \/>\n<meta name=\"twitter:label1\" content=\"Skriven av\" \/>\n\t<meta name=\"twitter:data1\" content=\"Jonathan Broberg\" \/>\n\t<meta name=\"twitter:label2\" content=\"Ber\u00e4knad l\u00e4stid\" \/>\n\t<meta name=\"twitter:data2\" content=\"1 minut\" \/>\n<script type=\"application\/ld+json\" class=\"yoast-schema-graph\">{\"@context\":\"https:\/\/schema.org\",\"@graph\":[{\"@type\":\"Article\",\"@id\":\"https:\/\/www.budokampsport.se\/2015\/12\/15\/kickboxningen-strukturerar-om-landslaget-magnus-segerberg-ny-forbundskapten\/#article\",\"isPartOf\":{\"@id\":\"https:\/\/www.budokampsport.se\/2015\/12\/15\/kickboxningen-strukturerar-om-landslaget-magnus-segerberg-ny-forbundskapten\/\"},\"author\":{\"name\":\"Jonathan Broberg\",\"@id\":\"https:\/\/www.budokampsport.se\/#\/schema\/person\/5c06d81d14850e2a8ce5493386560145\"},\"headline\":\"Kickboxningen strukturerar om landslaget \u2013 Magnus Segerberg ny f\u00f6rbundskapten\",\"datePublished\":\"2015-12-15T10:55:25+00:00\",\"dateModified\":\"2016-12-06T21:39:23+00:00\",\"mainEntityOfPage\":{\"@id\":\"https:\/\/www.budokampsport.se\/2015\/12\/15\/kickboxningen-strukturerar-om-landslaget-magnus-segerberg-ny-forbundskapten\/\"},\"wordCount\":132,\"inLanguage\":\"sv-SE\"},{\"@type\":\"WebPage\",\"@id\":\"https:\/\/www.budokampsport.se\/2015\/12\/15\/kickboxningen-strukturerar-om-landslaget-magnus-segerberg-ny-forbundskapten\/\",\"url\":\"https:\/\/www.budokampsport.se\/2015\/12\/15\/kickboxningen-strukturerar-om-landslaget-magnus-segerberg-ny-forbundskapten\/\",\"name\":\"Kickboxningen strukturerar om landslaget \u2013 Magnus Segerberg ny f\u00f6rbundskapten - Svenska Budo &amp; Kampsportsf\u00f6rbundet\",\"isPartOf\":{\"@id\":\"https:\/\/www.budokampsport.se\/#website\"},\"datePublished\":\"2015-12-15T10:55:25+00:00\",\"dateModified\":\"2016-12-06T21:39:23+00:00\",\"author\":{\"@id\":\"https:\/\/www.budokampsport.se\/#\/schema\/person\/5c06d81d14850e2a8ce5493386560145\"},\"description\":\"Det blir en lite ny organisationsstruktur runt landslaget i kickboxning. De nuvarande f\u00f6rbundskaptensposterna kommer att f\u00f6rsvinna och ist\u00e4llet formas en\",\"breadcrumb\":{\"@id\":\"https:\/\/www.budokampsport.se\/2015\/12\/15\/kickboxningen-strukturerar-om-landslaget-magnus-segerberg-ny-forbundskapten\/#breadcrumb\"},\"inLanguage\":\"sv-SE\",\"potentialAction\":[{\"@type\":\"ReadAction\",\"target\":[\"https:\/\/www.budokampsport.se\/2015\/12\/15\/kickboxningen-strukturerar-om-landslaget-magnus-segerberg-ny-forbundskapten\/\"]}]},{\"@type\":\"BreadcrumbList\",\"@id\":\"https:\/\/www.budokampsport.se\/2015\/12\/15\/kickboxningen-strukturerar-om-landslaget-magnus-segerberg-ny-forbundskapten\/#breadcrumb\",\"itemListElement\":[{\"@type\":\"ListItem\",\"position\":1,\"name\":\"Hem\",\"item\":\"https:\/\/www.budokampsport.se\/\"},{\"@type\":\"ListItem\",\"position\":2,\"name\":\"Kickboxningen strukturerar om landslaget \u2013 Magnus Segerberg ny f\u00f6rbundskapten\"}]},{\"@type\":\"WebSite\",\"@id\":\"https:\/\/www.budokampsport.se\/#website\",\"url\":\"https:\/\/www.budokampsport.se\/\",\"name\":\"Svenska Budo &amp; Kampsportsf\u00f6rbundet\",\"description\":\"T\u00e4vling, Tr\u00e4ning, Tradition\",\"potentialAction\":[{\"@type\":\"SearchAction\",\"target\":{\"@type\":\"EntryPoint\",\"urlTemplate\":\"https:\/\/www.budokampsport.se\/?s={search_term_string}\"},\"query-input\":{\"@type\":\"PropertyValueSpecification\",\"valueRequired\":true,\"valueName\":\"search_term_string\"}}],\"inLanguage\":\"sv-SE\"},{\"@type\":\"Person\",\"@id\":\"https:\/\/www.budokampsport.se\/#\/schema\/person\/5c06d81d14850e2a8ce5493386560145\",\"name\":\"Jonathan Broberg\",\"image\":{\"@type\":\"ImageObject\",\"inLanguage\":\"sv-SE\",\"@id\":\"https:\/\/www.budokampsport.se\/#\/schema\/person\/image\/\",\"url\":\"https:\/\/secure.gravatar.com\/avatar\/a58041c6cea9128bd9c40ee2f26d4136?s=96&d=blank&r=g\",\"contentUrl\":\"https:\/\/secure.gravatar.com\/avatar\/a58041c6cea9128bd9c40ee2f26d4136?s=96&d=blank&r=g\",\"caption\":\"Jonathan Broberg\"},\"sameAs\":[\"https:\/\/www.facebook.com\/jonathan.broberg.7\"],\"url\":\"https:\/\/www.budokampsport.se\/author\/jonathan\/\"}]}<\/script>\n<!-- \/ Yoast SEO plugin. -->","yoast_head_json":{"title":"Kickboxningen strukturerar om landslaget \u2013 Magnus Segerberg ny f\u00f6rbundskapten - Svenska Budo &amp; Kampsportsf\u00f6rbundet","description":"Det blir en lite ny organisationsstruktur runt landslaget i kickboxning. De nuvarande f\u00f6rbundskaptensposterna kommer att f\u00f6rsvinna och ist\u00e4llet formas en","robots":{"index":"index","follow":"follow","max-snippet":"max-snippet:-1","max-image-preview":"max-image-preview:large","max-video-preview":"max-video-preview:-1"},"canonical":"https:\/\/www.budokampsport.se\/2015\/12\/15\/kickboxningen-strukturerar-om-landslaget-magnus-segerberg-ny-forbundskapten\/","og_locale":"sv_SE","og_type":"article","og_title":"Kickboxningen strukturerar om landslaget \u2013 Magnus Segerberg ny f\u00f6rbundskapten - Svenska Budo &amp; Kampsportsf\u00f6rbundet","og_description":"Det blir en lite ny organisationsstruktur runt landslaget i kickboxning. De nuvarande f\u00f6rbundskaptensposterna kommer att f\u00f6rsvinna och ist\u00e4llet formas en","og_url":"https:\/\/www.budokampsport.se\/2015\/12\/15\/kickboxningen-strukturerar-om-landslaget-magnus-segerberg-ny-forbundskapten\/","og_site_name":"Svenska Budo &amp; Kampsportsf\u00f6rbundet","article_author":"https:\/\/www.facebook.com\/jonathan.broberg.7","article_published_time":"2015-12-15T10:55:25+00:00","article_modified_time":"2016-12-06T21:39:23+00:00","author":"Jonathan Broberg","twitter_card":"summary_large_image","twitter_misc":{"Skriven av":"Jonathan Broberg","Ber\u00e4knad l\u00e4stid":"1 minut"},"schema":{"@context":"https:\/\/schema.org","@graph":[{"@type":"Article","@id":"https:\/\/www.budokampsport.se\/2015\/12\/15\/kickboxningen-strukturerar-om-landslaget-magnus-segerberg-ny-forbundskapten\/#article","isPartOf":{"@id":"https:\/\/www.budokampsport.se\/2015\/12\/15\/kickboxningen-strukturerar-om-landslaget-magnus-segerberg-ny-forbundskapten\/"},"author":{"name":"Jonathan Broberg","@id":"https:\/\/www.budokampsport.se\/#\/schema\/person\/5c06d81d14850e2a8ce5493386560145"},"headline":"Kickboxningen strukturerar om landslaget \u2013 Magnus Segerberg ny f\u00f6rbundskapten","datePublished":"2015-12-15T10:55:25+00:00","dateModified":"2016-12-06T21:39:23+00:00","mainEntityOfPage":{"@id":"https:\/\/www.budokampsport.se\/2015\/12\/15\/kickboxningen-strukturerar-om-landslaget-magnus-segerberg-ny-forbundskapten\/"},"wordCount":132,"inLanguage":"sv-SE"},{"@type":"WebPage","@id":"https:\/\/www.budokampsport.se\/2015\/12\/15\/kickboxningen-strukturerar-om-landslaget-magnus-segerberg-ny-forbundskapten\/","url":"https:\/\/www.budokampsport.se\/2015\/12\/15\/kickboxningen-strukturerar-om-landslaget-magnus-segerberg-ny-forbundskapten\/","name":"Kickboxningen strukturerar om landslaget \u2013 Magnus Segerberg ny f\u00f6rbundskapten - Svenska Budo &amp; Kampsportsf\u00f6rbundet","isPartOf":{"@id":"https:\/\/www.budokampsport.se\/#website"},"datePublished":"2015-12-15T10:55:25+00:00","dateModified":"2016-12-06T21:39:23+00:00","author":{"@id":"https:\/\/www.budokampsport.se\/#\/schema\/person\/5c06d81d14850e2a8ce5493386560145"},"description":"Det blir en lite ny organisationsstruktur runt landslaget i kickboxning. De nuvarande f\u00f6rbundskaptensposterna kommer att f\u00f6rsvinna och ist\u00e4llet formas en","breadcrumb":{"@id":"https:\/\/www.budokampsport.se\/2015\/12\/15\/kickboxningen-strukturerar-om-landslaget-magnus-segerberg-ny-forbundskapten\/#breadcrumb"},"inLanguage":"sv-SE","potentialAction":[{"@type":"ReadAction","target":["https:\/\/www.budokampsport.se\/2015\/12\/15\/kickboxningen-strukturerar-om-landslaget-magnus-segerberg-ny-forbundskapten\/"]}]},{"@type":"BreadcrumbList","@id":"https:\/\/www.budokampsport.se\/2015\/12\/15\/kickboxningen-strukturerar-om-landslaget-magnus-segerberg-ny-forbundskapten\/#breadcrumb","itemListElement":[{"@type":"ListItem","position":1,"name":"Hem","item":"https:\/\/www.budokampsport.se\/"},{"@type":"ListItem","position":2,"name":"Kickboxningen strukturerar om landslaget \u2013 Magnus Segerberg ny f\u00f6rbundskapten"}]},{"@type":"WebSite","@id":"https:\/\/www.budokampsport.se\/#website","url":"https:\/\/www.budokampsport.se\/","name":"Svenska Budo &amp; Kampsportsf\u00f6rbundet","description":"T\u00e4vling, Tr\u00e4ning, Tradition","potentialAction":[{"@type":"SearchAction","target":{"@type":"EntryPoint","urlTemplate":"https:\/\/www.budokampsport.se\/?s={search_term_string}"},"query-input":{"@type":"PropertyValueSpecification","valueRequired":true,"valueName":"search_term_string"}}],"inLanguage":"sv-SE"},{"@type":"Person","@id":"https:\/\/www.budokampsport.se\/#\/schema\/person\/5c06d81d14850e2a8ce5493386560145","name":"Jonathan Broberg","image":{"@type":"ImageObject","inLanguage":"sv-SE","@id":"https:\/\/www.budokampsport.se\/#\/schema\/person\/image\/","url":"https:\/\/secure.gravatar.com\/avatar\/a58041c6cea9128bd9c40ee2f26d4136?s=96&d=blank&r=g","contentUrl":"https:\/\/secure.gravatar.com\/avatar\/a58041c6cea9128bd9c40ee2f26d4136?s=96&d=blank&r=g","caption":"Jonathan Broberg"},"sameAs":["https:\/\/www.facebook.com\/jonathan.broberg.7"],"url":"https:\/\/www.budokampsport.se\/author\/jonathan\/"}]}},"_links":{"self":[{"href":"https:\/\/www.budokampsport.se\/api\/wp\/v2\/posts\/5626","targetHints":{"allow":["GET"]}}],"collection":[{"href":"https:\/\/www.budokampsport.se\/api\/wp\/v2\/posts"}],"about":[{"href":"https:\/\/www.budokampsport.se\/api\/wp\/v2\/types\/post"}],"author":[{"embeddable":true,"href":"https:\/\/www.budokampsport.se\/api\/wp\/v2\/users\/7"}],"replies":[{"embeddable":true,"href":"https:\/\/www.budokampsport.se\/api\/wp\/v2\/comments?post=5626"}],"version-history":[{"count":0,"href":"https:\/\/www.budokampsport.se\/api\/wp\/v2\/posts\/5626\/revisions"}],"wp:attachment":[{"href":"https:\/\/www.budokampsport.se\/api\/wp\/v2\/media?parent=5626"}],"wp:term":[{"taxonomy":"category","embeddable":true,"href":"https:\/\/www.budokampsport.se\/api\/wp\/v2\/categories?post=5626"},{"taxonomy":"post_tag","embeddable":true,"href":"https:\/\/www.budokampsport.se\/api\/wp\/v2\/tags?post=5626"}],"curies":[{"name":"wp","href":"https:\/\/api.w.org\/{rel}","templated":true}]}}