{"id":5682,"date":"2016-02-17T11:55:09","date_gmt":"2016-02-17T10:55:09","guid":{"rendered":"http:\/\/budo.wordpress.dev\/2016\/02\/17\/kampsportsgalan-2016-de-nominerade\/"},"modified":"2016-12-06T22:39:34","modified_gmt":"2016-12-06T21:39:34","slug":"kampsportsgalan-2016-de-nominerade","status":"publish","type":"post","link":"https:\/\/www.budokampsport.se\/2016\/02\/17\/kampsportsgalan-2016-de-nominerade\/","title":{"rendered":"Kampsportsgalan 2016 &#8211; de nominerade"},"content":{"rendered":"<p><strong><img decoding=\"async\" alt=\"\" src=\"\/sites\/default\/files\/kampsportgalan2014-1.gif\" style=\"height:179px; width:435px\"><br \/>H\u00e4r \u00e4r \u00e5rets nominerade till Kampsportsgalan, som h\u00e5lls p\u00e5 Berns salonger den 19:e mars. R\u00f6stningen till Folkets pris \u2013 guldtsuban startar snart, h\u00e5ll utkik. I kategorin SB&#038;K:s Hederspris tas inga nominerade ut, utan priset delas ut p\u00e5 galakv\u00e4llen.<\/strong><!--break--><\/p>\n<p><strong>\u00c5rets ledare<\/strong><br \/>1) Per B\u00e5ngh\u00e4ll, thaiboxning<br \/>2) Carl Ryrberg, HEMA<br \/>3) Michael Kuntz, jujutsu<br \/>4) Omar Bouiche, MMA<\/p>\n<p><strong>\u00c5rets genombrott<\/strong><br \/>1) Rostem Akman, MMA<br \/>2) Madeleine H\u00e5kansson, BJJ<br \/>3) William Seth-Wenzel, jujutsu<br \/>4) Mattias Jansson, Link\u00f6ping, jodo<\/p>\n<p><strong>\u00c5rets m\u00e4stare<\/strong><br \/>1) Sida Yin, iaido<br \/>2) Anders Linnard, HEMA<br \/>3) Sanny Dahlbeck, thaiboxning<br \/>4) Hamza Bougamza, thaiboxning<\/p>\n<p><strong>\u00c5rets klubb<\/strong><br \/>1) Nacka Dojo IF<br \/>2) F\u00f6reningen G\u00f6teborgs Historiska F\u00e4ktskola<br \/>3) Tullinge Muay Thai Thaiboxningsf\u00f6rening<br \/>4) Fenix Budo &#038; Kampsportsf\u00f6rening<\/p>\n<p><strong>\u00c5rets traditionella ut\u00f6vare<\/strong><br \/>1) Li Min Hua, wushu<br \/>2) Lars Magnar Enoksen, glima<br \/>3) Roland Hultberg, aikido<br \/>4) Mats Wahlqvist, kendo<\/p>\n<p><strong>\u00c5rets m\u00e4starinna<\/strong><br \/>1) Maxine Thylin, BJJ<br \/>2) Jennie Brolin, jujutsu<br \/>3) Helena Edfeldt, jujutsu<br \/>4) Sofia Olofsson, thaiboxning<\/p>\n<p><strong>\u00c5rets f\u00f6rebild<\/strong><br \/>1) Pannie Kianzad, MMA<br \/>2) Martin Lavin, BJJ<br \/>3) Alexander Gustafsson, MMA<br \/>4) Ilir Latifi, MMA<\/p>\n<p><strong>\u00c5rets kampsportare<\/strong><br \/>1) Sofia Olofsson, thaiboxning<br \/>2) Maxine Thylin, BJJ<br \/>3) Ilir Latifi, MMA<br \/>4) Sanny Dahlbeck, thaiboxning<\/p>\n<p><strong>Folkets pris \u2013 guldtsuban (r\u00f6stningen till priset \u00f6ppnas snart)<\/strong><br \/>1) Hamza Bougamza, thaiboxning<br \/>2) Alexander Gustafsson, MMA<br \/>3) Ilir Latifi, MMA<br \/>4) Helena Edfeldt, jujutsu<br \/>5) Sanny Dahlbeck, thaiboxning<br \/>6) Pannie Kianzad, MMA<br \/>7) Maxine Thylin, BJJ<br \/>8) Isa Tidblad Keskikangas, thaiboxning<br \/>9) Fredrik Widgren, jujutsu<br \/>10) Sida Yin, iaido<\/p>\n<p><strong>SB&#038;K:s Hederspris<\/strong><br \/>Tas ut vid senare tillf\u00e4lle av Svenska Budo &#038; Kampsportsf\u00f6rbundets styrelse.<\/p>\n<p>Text: Jonathan Broberg<br \/>Foto: Hamid Ershad Sarabi<\/p>\n","protected":false},"excerpt":{"rendered":"<p>H\u00e4r \u00e4r \u00e5rets nominerade till Kampsportsgalan, som h\u00e5lls p\u00e5 Berns [&#8230;]<\/p><br>","protected":false},"author":7,"featured_media":0,"comment_status":"closed","ping_status":"closed","sticky":false,"template":"","format":"standard","meta":{"_acf_changed":false,"footnotes":""},"categories":[1],"tags":[],"class_list":["post-5682","post","type-post","status-publish","format-standard","hentry","category-okategoriserade"],"acf":[],"yoast_head":"<!-- This site is optimized with the Yoast SEO plugin v26.8 - https:\/\/yoast.com\/product\/yoast-seo-wordpress\/ -->\n<title>Kampsportsgalan 2016 - de nominerade - Svenska Budo &amp; Kampsportsf\u00f6rbundet<\/title>\n<meta name=\"description\" content=\"H\u00e4r \u00e4r \u00e5rets nominerade till Kampsportsgalan, som h\u00e5lls p\u00e5 Berns salonger den 19:e mars. R\u00f6stningen till Folkets pris \u2013 guldtsuban startar snart, h\u00e5ll\" \/>\n<meta name=\"robots\" content=\"index, follow, max-snippet:-1, max-image-preview:large, max-video-preview:-1\" \/>\n<link rel=\"canonical\" href=\"https:\/\/www.budokampsport.se\/2016\/02\/17\/kampsportsgalan-2016-de-nominerade\/\" \/>\n<meta property=\"og:locale\" content=\"sv_SE\" \/>\n<meta property=\"og:type\" content=\"article\" \/>\n<meta property=\"og:title\" content=\"Kampsportsgalan 2016 - de nominerade - Svenska Budo &amp; Kampsportsf\u00f6rbundet\" \/>\n<meta property=\"og:description\" content=\"H\u00e4r \u00e4r \u00e5rets nominerade till Kampsportsgalan, som h\u00e5lls p\u00e5 Berns salonger den 19:e mars. R\u00f6stningen till Folkets pris \u2013 guldtsuban startar snart, h\u00e5ll\" \/>\n<meta property=\"og:url\" content=\"https:\/\/www.budokampsport.se\/2016\/02\/17\/kampsportsgalan-2016-de-nominerade\/\" \/>\n<meta property=\"og:site_name\" content=\"Svenska Budo &amp; Kampsportsf\u00f6rbundet\" \/>\n<meta property=\"article:author\" content=\"https:\/\/www.facebook.com\/jonathan.broberg.7\" \/>\n<meta property=\"article:published_time\" content=\"2016-02-17T10:55:09+00:00\" \/>\n<meta property=\"article:modified_time\" content=\"2016-12-06T21:39:34+00:00\" \/>\n<meta name=\"author\" content=\"Jonathan Broberg\" \/>\n<meta name=\"twitter:card\" content=\"summary_large_image\" \/>\n<meta name=\"twitter:label1\" content=\"Skriven av\" \/>\n\t<meta name=\"twitter:data1\" content=\"Jonathan Broberg\" \/>\n\t<meta name=\"twitter:label2\" content=\"Ber\u00e4knad l\u00e4stid\" \/>\n\t<meta name=\"twitter:data2\" content=\"1 minut\" \/>\n<script type=\"application\/ld+json\" class=\"yoast-schema-graph\">{\"@context\":\"https:\/\/schema.org\",\"@graph\":[{\"@type\":\"Article\",\"@id\":\"https:\/\/www.budokampsport.se\/2016\/02\/17\/kampsportsgalan-2016-de-nominerade\/#article\",\"isPartOf\":{\"@id\":\"https:\/\/www.budokampsport.se\/2016\/02\/17\/kampsportsgalan-2016-de-nominerade\/\"},\"author\":{\"name\":\"Jonathan Broberg\",\"@id\":\"https:\/\/www.budokampsport.se\/#\/schema\/person\/5c06d81d14850e2a8ce5493386560145\"},\"headline\":\"Kampsportsgalan 2016 &#8211; de nominerade\",\"datePublished\":\"2016-02-17T10:55:09+00:00\",\"dateModified\":\"2016-12-06T21:39:34+00:00\",\"mainEntityOfPage\":{\"@id\":\"https:\/\/www.budokampsport.se\/2016\/02\/17\/kampsportsgalan-2016-de-nominerade\/\"},\"wordCount\":241,\"inLanguage\":\"sv-SE\"},{\"@type\":\"WebPage\",\"@id\":\"https:\/\/www.budokampsport.se\/2016\/02\/17\/kampsportsgalan-2016-de-nominerade\/\",\"url\":\"https:\/\/www.budokampsport.se\/2016\/02\/17\/kampsportsgalan-2016-de-nominerade\/\",\"name\":\"Kampsportsgalan 2016 - de nominerade - Svenska Budo &amp; Kampsportsf\u00f6rbundet\",\"isPartOf\":{\"@id\":\"https:\/\/www.budokampsport.se\/#website\"},\"datePublished\":\"2016-02-17T10:55:09+00:00\",\"dateModified\":\"2016-12-06T21:39:34+00:00\",\"author\":{\"@id\":\"https:\/\/www.budokampsport.se\/#\/schema\/person\/5c06d81d14850e2a8ce5493386560145\"},\"description\":\"H\u00e4r \u00e4r \u00e5rets nominerade till Kampsportsgalan, som h\u00e5lls p\u00e5 Berns salonger den 19:e mars. R\u00f6stningen till Folkets pris \u2013 guldtsuban startar snart, h\u00e5ll\",\"breadcrumb\":{\"@id\":\"https:\/\/www.budokampsport.se\/2016\/02\/17\/kampsportsgalan-2016-de-nominerade\/#breadcrumb\"},\"inLanguage\":\"sv-SE\",\"potentialAction\":[{\"@type\":\"ReadAction\",\"target\":[\"https:\/\/www.budokampsport.se\/2016\/02\/17\/kampsportsgalan-2016-de-nominerade\/\"]}]},{\"@type\":\"BreadcrumbList\",\"@id\":\"https:\/\/www.budokampsport.se\/2016\/02\/17\/kampsportsgalan-2016-de-nominerade\/#breadcrumb\",\"itemListElement\":[{\"@type\":\"ListItem\",\"position\":1,\"name\":\"Hem\",\"item\":\"https:\/\/www.budokampsport.se\/\"},{\"@type\":\"ListItem\",\"position\":2,\"name\":\"Kampsportsgalan 2016 &#8211; de nominerade\"}]},{\"@type\":\"WebSite\",\"@id\":\"https:\/\/www.budokampsport.se\/#website\",\"url\":\"https:\/\/www.budokampsport.se\/\",\"name\":\"Svenska Budo &amp; Kampsportsf\u00f6rbundet\",\"description\":\"T\u00e4vling, Tr\u00e4ning, Tradition\",\"potentialAction\":[{\"@type\":\"SearchAction\",\"target\":{\"@type\":\"EntryPoint\",\"urlTemplate\":\"https:\/\/www.budokampsport.se\/?s={search_term_string}\"},\"query-input\":{\"@type\":\"PropertyValueSpecification\",\"valueRequired\":true,\"valueName\":\"search_term_string\"}}],\"inLanguage\":\"sv-SE\"},{\"@type\":\"Person\",\"@id\":\"https:\/\/www.budokampsport.se\/#\/schema\/person\/5c06d81d14850e2a8ce5493386560145\",\"name\":\"Jonathan Broberg\",\"image\":{\"@type\":\"ImageObject\",\"inLanguage\":\"sv-SE\",\"@id\":\"https:\/\/www.budokampsport.se\/#\/schema\/person\/image\/\",\"url\":\"https:\/\/secure.gravatar.com\/avatar\/a58041c6cea9128bd9c40ee2f26d4136?s=96&d=blank&r=g\",\"contentUrl\":\"https:\/\/secure.gravatar.com\/avatar\/a58041c6cea9128bd9c40ee2f26d4136?s=96&d=blank&r=g\",\"caption\":\"Jonathan Broberg\"},\"sameAs\":[\"https:\/\/www.facebook.com\/jonathan.broberg.7\"],\"url\":\"https:\/\/www.budokampsport.se\/author\/jonathan\/\"}]}<\/script>\n<!-- \/ Yoast SEO plugin. -->","yoast_head_json":{"title":"Kampsportsgalan 2016 - de nominerade - Svenska Budo &amp; Kampsportsf\u00f6rbundet","description":"H\u00e4r \u00e4r \u00e5rets nominerade till Kampsportsgalan, som h\u00e5lls p\u00e5 Berns salonger den 19:e mars. R\u00f6stningen till Folkets pris \u2013 guldtsuban startar snart, h\u00e5ll","robots":{"index":"index","follow":"follow","max-snippet":"max-snippet:-1","max-image-preview":"max-image-preview:large","max-video-preview":"max-video-preview:-1"},"canonical":"https:\/\/www.budokampsport.se\/2016\/02\/17\/kampsportsgalan-2016-de-nominerade\/","og_locale":"sv_SE","og_type":"article","og_title":"Kampsportsgalan 2016 - de nominerade - Svenska Budo &amp; Kampsportsf\u00f6rbundet","og_description":"H\u00e4r \u00e4r \u00e5rets nominerade till Kampsportsgalan, som h\u00e5lls p\u00e5 Berns salonger den 19:e mars. R\u00f6stningen till Folkets pris \u2013 guldtsuban startar snart, h\u00e5ll","og_url":"https:\/\/www.budokampsport.se\/2016\/02\/17\/kampsportsgalan-2016-de-nominerade\/","og_site_name":"Svenska Budo &amp; Kampsportsf\u00f6rbundet","article_author":"https:\/\/www.facebook.com\/jonathan.broberg.7","article_published_time":"2016-02-17T10:55:09+00:00","article_modified_time":"2016-12-06T21:39:34+00:00","author":"Jonathan Broberg","twitter_card":"summary_large_image","twitter_misc":{"Skriven av":"Jonathan Broberg","Ber\u00e4knad l\u00e4stid":"1 minut"},"schema":{"@context":"https:\/\/schema.org","@graph":[{"@type":"Article","@id":"https:\/\/www.budokampsport.se\/2016\/02\/17\/kampsportsgalan-2016-de-nominerade\/#article","isPartOf":{"@id":"https:\/\/www.budokampsport.se\/2016\/02\/17\/kampsportsgalan-2016-de-nominerade\/"},"author":{"name":"Jonathan Broberg","@id":"https:\/\/www.budokampsport.se\/#\/schema\/person\/5c06d81d14850e2a8ce5493386560145"},"headline":"Kampsportsgalan 2016 &#8211; de nominerade","datePublished":"2016-02-17T10:55:09+00:00","dateModified":"2016-12-06T21:39:34+00:00","mainEntityOfPage":{"@id":"https:\/\/www.budokampsport.se\/2016\/02\/17\/kampsportsgalan-2016-de-nominerade\/"},"wordCount":241,"inLanguage":"sv-SE"},{"@type":"WebPage","@id":"https:\/\/www.budokampsport.se\/2016\/02\/17\/kampsportsgalan-2016-de-nominerade\/","url":"https:\/\/www.budokampsport.se\/2016\/02\/17\/kampsportsgalan-2016-de-nominerade\/","name":"Kampsportsgalan 2016 - de nominerade - Svenska Budo &amp; Kampsportsf\u00f6rbundet","isPartOf":{"@id":"https:\/\/www.budokampsport.se\/#website"},"datePublished":"2016-02-17T10:55:09+00:00","dateModified":"2016-12-06T21:39:34+00:00","author":{"@id":"https:\/\/www.budokampsport.se\/#\/schema\/person\/5c06d81d14850e2a8ce5493386560145"},"description":"H\u00e4r \u00e4r \u00e5rets nominerade till Kampsportsgalan, som h\u00e5lls p\u00e5 Berns salonger den 19:e mars. R\u00f6stningen till Folkets pris \u2013 guldtsuban startar snart, h\u00e5ll","breadcrumb":{"@id":"https:\/\/www.budokampsport.se\/2016\/02\/17\/kampsportsgalan-2016-de-nominerade\/#breadcrumb"},"inLanguage":"sv-SE","potentialAction":[{"@type":"ReadAction","target":["https:\/\/www.budokampsport.se\/2016\/02\/17\/kampsportsgalan-2016-de-nominerade\/"]}]},{"@type":"BreadcrumbList","@id":"https:\/\/www.budokampsport.se\/2016\/02\/17\/kampsportsgalan-2016-de-nominerade\/#breadcrumb","itemListElement":[{"@type":"ListItem","position":1,"name":"Hem","item":"https:\/\/www.budokampsport.se\/"},{"@type":"ListItem","position":2,"name":"Kampsportsgalan 2016 &#8211; de nominerade"}]},{"@type":"WebSite","@id":"https:\/\/www.budokampsport.se\/#website","url":"https:\/\/www.budokampsport.se\/","name":"Svenska Budo &amp; Kampsportsf\u00f6rbundet","description":"T\u00e4vling, Tr\u00e4ning, Tradition","potentialAction":[{"@type":"SearchAction","target":{"@type":"EntryPoint","urlTemplate":"https:\/\/www.budokampsport.se\/?s={search_term_string}"},"query-input":{"@type":"PropertyValueSpecification","valueRequired":true,"valueName":"search_term_string"}}],"inLanguage":"sv-SE"},{"@type":"Person","@id":"https:\/\/www.budokampsport.se\/#\/schema\/person\/5c06d81d14850e2a8ce5493386560145","name":"Jonathan Broberg","image":{"@type":"ImageObject","inLanguage":"sv-SE","@id":"https:\/\/www.budokampsport.se\/#\/schema\/person\/image\/","url":"https:\/\/secure.gravatar.com\/avatar\/a58041c6cea9128bd9c40ee2f26d4136?s=96&d=blank&r=g","contentUrl":"https:\/\/secure.gravatar.com\/avatar\/a58041c6cea9128bd9c40ee2f26d4136?s=96&d=blank&r=g","caption":"Jonathan Broberg"},"sameAs":["https:\/\/www.facebook.com\/jonathan.broberg.7"],"url":"https:\/\/www.budokampsport.se\/author\/jonathan\/"}]}},"_links":{"self":[{"href":"https:\/\/www.budokampsport.se\/api\/wp\/v2\/posts\/5682","targetHints":{"allow":["GET"]}}],"collection":[{"href":"https:\/\/www.budokampsport.se\/api\/wp\/v2\/posts"}],"about":[{"href":"https:\/\/www.budokampsport.se\/api\/wp\/v2\/types\/post"}],"author":[{"embeddable":true,"href":"https:\/\/www.budokampsport.se\/api\/wp\/v2\/users\/7"}],"replies":[{"embeddable":true,"href":"https:\/\/www.budokampsport.se\/api\/wp\/v2\/comments?post=5682"}],"version-history":[{"count":0,"href":"https:\/\/www.budokampsport.se\/api\/wp\/v2\/posts\/5682\/revisions"}],"wp:attachment":[{"href":"https:\/\/www.budokampsport.se\/api\/wp\/v2\/media?parent=5682"}],"wp:term":[{"taxonomy":"category","embeddable":true,"href":"https:\/\/www.budokampsport.se\/api\/wp\/v2\/categories?post=5682"},{"taxonomy":"post_tag","embeddable":true,"href":"https:\/\/www.budokampsport.se\/api\/wp\/v2\/tags?post=5682"}],"curies":[{"name":"wp","href":"https:\/\/api.w.org\/{rel}","templated":true}]}}