{"id":5685,"date":"2016-02-23T10:20:25","date_gmt":"2016-02-23T09:20:25","guid":{"rendered":"http:\/\/budo.wordpress.dev\/2016\/02\/23\/presentation-infor-kampsportsgalan-de-nominerade-till-arets-ledare\/"},"modified":"2016-12-06T22:39:34","modified_gmt":"2016-12-06T21:39:34","slug":"presentation-infor-kampsportsgalan-de-nominerade-till-arets-ledare","status":"publish","type":"post","link":"https:\/\/www.budokampsport.se\/2016\/02\/23\/presentation-infor-kampsportsgalan-de-nominerade-till-arets-ledare\/","title":{"rendered":"Presentation inf\u00f6r Kampsportsgalan: De nominerade till \u00e5rets ledare"},"content":{"rendered":"<p><strong><img decoding=\"async\" alt=\"\" src=\"\/sites\/default\/files\/ledare_1.gif\" style=\"height:290px; width:435px\"><br \/>Det \u00e4r inte s\u00e5 l\u00e5ng tid kvar till Kampsportsgalans sjunde upplaga. 19:e mars p\u00e5 Berns \u00e4r det dags igen, och budokampsport.se g\u00e5r igenom samtliga nominerade till galan lite mer ing\u00e5ende, och startar med \u00c5rets ledare.<\/strong><!--break--><\/p>\n<p><strong>Pelle B\u00e5ngh\u00e4ll, thaiboxning<\/strong><br \/>I m\u00e5ngas \u00f6gon har det svenska landslaget i thaiboxning varit en veritabel medaljmaskin, vilket ocks\u00e5 \u00e4r en sanning. Men mycket har h\u00e4nt rent organisatoriskt och n\u00e4r Pelle B\u00e5ngh\u00e4ll 2014 tog \u00f6ver som f\u00f6rbundskapten byggde han landslaget som ett lag, en enhet. Resultaten l\u00e4t inte v\u00e4nta p\u00e5 sig och under World cup i Bangkok b\u00e4rgades tio medaljer hem.<br \/>B\u00e5ngh\u00e4ll \u00e4r dessutom en mycket framg\u00e5ngsrik och omtyckt klubbledare i Varberg och har l\u00e4nge varit den som dragit det stora lasset med en satsning p\u00e5 bland annat talangutveckling och ett Thaiboxningsgymnasium.<\/p>\n<p><img decoding=\"async\" alt=\"\" src=\"\/sites\/default\/files\/banghall.gif\" style=\"height:246px; width:435px\"><\/p>\n<p><strong>2) Carl Ryrberg, HEMA<\/strong><br \/>En av de eldsj\u00e4lar som tagit ett stort ansvar f\u00f6r svensk HEMA:s utveckling. En j\u00e4tteduktig idrottare, men kanske \u00e4nnu mer kompetent som klubbledare. Ryrbergs engagemang har inneburit att t\u00e4vlingsverksamheten inom HEMA har professionaliserats och st\u00e4rkts. Verkar som klubbledare i \u00d6rebro d\u00e4r han \u00e4r ytterst uppskattad.<\/p>\n<p><img decoding=\"async\" alt=\"\" src=\"\/sites\/default\/files\/carl_ryrberg.gif\" style=\"height:234px; width:435px\"><\/p>\n<p><strong>3) Michael Kuntz, jujutsu<\/strong><br \/>Under flera \u00e5r har svensk jujustu varit en stark medaljmaskin. Det var inte s\u00e5 innan den karismatiske Michael Kuntz tilltr\u00e4dde som f\u00f6rbundskapten. Kuntz s\u00e4tt att arbeta och f\u00e5 alla att trivas, och hans\u00a0fingertoppsk\u00e4nsla f\u00f6r att ta ut unga, har inneburit ett enormt lyft f\u00f6r svensk jujutsu. P\u00e5 VM i Bangkok 2015 hade Sverige exempelvis sex debutanter p\u00e5 tio VM-starter, och kom hem med fem medaljer.<\/p>\n<p><img decoding=\"async\" alt=\"\" src=\"\/sites\/default\/files\/brolin_kuntz_0.gif\" style=\"height:290px; width:435px\"><\/p>\n<p><strong>4) Omar Bouiche, MMA<\/strong><br \/>En pionj\u00e4r och en innovat\u00f6r i en och samma person. Dessutom fruktansv\u00e4rt duktig p\u00e5 att \u00f6verf\u00f6ra sina kunskaper till sina adepter. \u00c4r spindeln i n\u00e4tet i en av Sveriges b\u00e4sta och mest anrika MMA-f\u00f6reningar, Pancrase. Har f\u00e5tt fram m\u00e5nga duktiga MMA-idrottare och har ett stort hj\u00e4rta f\u00f6r idrotten.<\/p>\n<p><img decoding=\"async\" alt=\"\" src=\"\/sites\/default\/files\/omar_bouiche.gif\" style=\"height:290px; width:435px\"><\/p>\n<p>Text: Jonathan Broberg<br \/>Rubrikfoto: Hamid Ershad Sarabi<br \/>\u00d6vriga foton: Jonathan Broberg<\/p>\n","protected":false},"excerpt":{"rendered":"<p>Det \u00e4r inte s\u00e5 l\u00e5ng tid kvar till Kampsportsgalans sjunde [&#8230;]<\/p><br>","protected":false},"author":7,"featured_media":0,"comment_status":"closed","ping_status":"closed","sticky":false,"template":"","format":"standard","meta":{"_acf_changed":false,"footnotes":""},"categories":[1],"tags":[],"class_list":["post-5685","post","type-post","status-publish","format-standard","hentry","category-okategoriserade"],"acf":[],"yoast_head":"<!-- This site is optimized with the Yoast SEO plugin v26.8 - https:\/\/yoast.com\/product\/yoast-seo-wordpress\/ -->\n<title>Presentation inf\u00f6r Kampsportsgalan: De nominerade till \u00e5rets ledare - Svenska Budo &amp; Kampsportsf\u00f6rbundet<\/title>\n<meta name=\"description\" content=\"Det \u00e4r inte s\u00e5 l\u00e5ng tid kvar till Kampsportsgalans sjunde upplaga. 19:e mars p\u00e5 Berns \u00e4r det dags igen, och budokampsport.se g\u00e5r igenom samtliga\" \/>\n<meta name=\"robots\" content=\"index, follow, max-snippet:-1, max-image-preview:large, max-video-preview:-1\" \/>\n<link rel=\"canonical\" href=\"https:\/\/www.budokampsport.se\/2016\/02\/23\/presentation-infor-kampsportsgalan-de-nominerade-till-arets-ledare\/\" \/>\n<meta property=\"og:locale\" content=\"sv_SE\" \/>\n<meta property=\"og:type\" content=\"article\" \/>\n<meta property=\"og:title\" content=\"Presentation inf\u00f6r Kampsportsgalan: De nominerade till \u00e5rets ledare - Svenska Budo &amp; Kampsportsf\u00f6rbundet\" \/>\n<meta property=\"og:description\" content=\"Det \u00e4r inte s\u00e5 l\u00e5ng tid kvar till Kampsportsgalans sjunde upplaga. 19:e mars p\u00e5 Berns \u00e4r det dags igen, och budokampsport.se g\u00e5r igenom samtliga\" \/>\n<meta property=\"og:url\" content=\"https:\/\/www.budokampsport.se\/2016\/02\/23\/presentation-infor-kampsportsgalan-de-nominerade-till-arets-ledare\/\" \/>\n<meta property=\"og:site_name\" content=\"Svenska Budo &amp; Kampsportsf\u00f6rbundet\" \/>\n<meta property=\"article:author\" content=\"https:\/\/www.facebook.com\/jonathan.broberg.7\" \/>\n<meta property=\"article:published_time\" content=\"2016-02-23T09:20:25+00:00\" \/>\n<meta property=\"article:modified_time\" content=\"2016-12-06T21:39:34+00:00\" \/>\n<meta name=\"author\" content=\"Jonathan Broberg\" \/>\n<meta name=\"twitter:card\" content=\"summary_large_image\" \/>\n<meta name=\"twitter:label1\" content=\"Skriven av\" \/>\n\t<meta name=\"twitter:data1\" content=\"Jonathan Broberg\" \/>\n\t<meta name=\"twitter:label2\" content=\"Ber\u00e4knad l\u00e4stid\" \/>\n\t<meta name=\"twitter:data2\" content=\"2 minuter\" \/>\n<script type=\"application\/ld+json\" class=\"yoast-schema-graph\">{\"@context\":\"https:\/\/schema.org\",\"@graph\":[{\"@type\":\"Article\",\"@id\":\"https:\/\/www.budokampsport.se\/2016\/02\/23\/presentation-infor-kampsportsgalan-de-nominerade-till-arets-ledare\/#article\",\"isPartOf\":{\"@id\":\"https:\/\/www.budokampsport.se\/2016\/02\/23\/presentation-infor-kampsportsgalan-de-nominerade-till-arets-ledare\/\"},\"author\":{\"name\":\"Jonathan Broberg\",\"@id\":\"https:\/\/www.budokampsport.se\/#\/schema\/person\/5c06d81d14850e2a8ce5493386560145\"},\"headline\":\"Presentation inf\u00f6r Kampsportsgalan: De nominerade till \u00e5rets ledare\",\"datePublished\":\"2016-02-23T09:20:25+00:00\",\"dateModified\":\"2016-12-06T21:39:34+00:00\",\"mainEntityOfPage\":{\"@id\":\"https:\/\/www.budokampsport.se\/2016\/02\/23\/presentation-infor-kampsportsgalan-de-nominerade-till-arets-ledare\/\"},\"wordCount\":354,\"inLanguage\":\"sv-SE\"},{\"@type\":\"WebPage\",\"@id\":\"https:\/\/www.budokampsport.se\/2016\/02\/23\/presentation-infor-kampsportsgalan-de-nominerade-till-arets-ledare\/\",\"url\":\"https:\/\/www.budokampsport.se\/2016\/02\/23\/presentation-infor-kampsportsgalan-de-nominerade-till-arets-ledare\/\",\"name\":\"Presentation inf\u00f6r Kampsportsgalan: De nominerade till \u00e5rets ledare - Svenska Budo &amp; Kampsportsf\u00f6rbundet\",\"isPartOf\":{\"@id\":\"https:\/\/www.budokampsport.se\/#website\"},\"datePublished\":\"2016-02-23T09:20:25+00:00\",\"dateModified\":\"2016-12-06T21:39:34+00:00\",\"author\":{\"@id\":\"https:\/\/www.budokampsport.se\/#\/schema\/person\/5c06d81d14850e2a8ce5493386560145\"},\"description\":\"Det \u00e4r inte s\u00e5 l\u00e5ng tid kvar till Kampsportsgalans sjunde upplaga. 19:e mars p\u00e5 Berns \u00e4r det dags igen, och budokampsport.se g\u00e5r igenom samtliga\",\"breadcrumb\":{\"@id\":\"https:\/\/www.budokampsport.se\/2016\/02\/23\/presentation-infor-kampsportsgalan-de-nominerade-till-arets-ledare\/#breadcrumb\"},\"inLanguage\":\"sv-SE\",\"potentialAction\":[{\"@type\":\"ReadAction\",\"target\":[\"https:\/\/www.budokampsport.se\/2016\/02\/23\/presentation-infor-kampsportsgalan-de-nominerade-till-arets-ledare\/\"]}]},{\"@type\":\"BreadcrumbList\",\"@id\":\"https:\/\/www.budokampsport.se\/2016\/02\/23\/presentation-infor-kampsportsgalan-de-nominerade-till-arets-ledare\/#breadcrumb\",\"itemListElement\":[{\"@type\":\"ListItem\",\"position\":1,\"name\":\"Hem\",\"item\":\"https:\/\/www.budokampsport.se\/\"},{\"@type\":\"ListItem\",\"position\":2,\"name\":\"Presentation inf\u00f6r Kampsportsgalan: De nominerade till \u00e5rets ledare\"}]},{\"@type\":\"WebSite\",\"@id\":\"https:\/\/www.budokampsport.se\/#website\",\"url\":\"https:\/\/www.budokampsport.se\/\",\"name\":\"Svenska Budo &amp; Kampsportsf\u00f6rbundet\",\"description\":\"T\u00e4vling, Tr\u00e4ning, Tradition\",\"potentialAction\":[{\"@type\":\"SearchAction\",\"target\":{\"@type\":\"EntryPoint\",\"urlTemplate\":\"https:\/\/www.budokampsport.se\/?s={search_term_string}\"},\"query-input\":{\"@type\":\"PropertyValueSpecification\",\"valueRequired\":true,\"valueName\":\"search_term_string\"}}],\"inLanguage\":\"sv-SE\"},{\"@type\":\"Person\",\"@id\":\"https:\/\/www.budokampsport.se\/#\/schema\/person\/5c06d81d14850e2a8ce5493386560145\",\"name\":\"Jonathan Broberg\",\"image\":{\"@type\":\"ImageObject\",\"inLanguage\":\"sv-SE\",\"@id\":\"https:\/\/www.budokampsport.se\/#\/schema\/person\/image\/\",\"url\":\"https:\/\/secure.gravatar.com\/avatar\/a58041c6cea9128bd9c40ee2f26d4136?s=96&d=blank&r=g\",\"contentUrl\":\"https:\/\/secure.gravatar.com\/avatar\/a58041c6cea9128bd9c40ee2f26d4136?s=96&d=blank&r=g\",\"caption\":\"Jonathan Broberg\"},\"sameAs\":[\"https:\/\/www.facebook.com\/jonathan.broberg.7\"],\"url\":\"https:\/\/www.budokampsport.se\/author\/jonathan\/\"}]}<\/script>\n<!-- \/ Yoast SEO plugin. -->","yoast_head_json":{"title":"Presentation inf\u00f6r Kampsportsgalan: De nominerade till \u00e5rets ledare - Svenska Budo &amp; Kampsportsf\u00f6rbundet","description":"Det \u00e4r inte s\u00e5 l\u00e5ng tid kvar till Kampsportsgalans sjunde upplaga. 19:e mars p\u00e5 Berns \u00e4r det dags igen, och budokampsport.se g\u00e5r igenom samtliga","robots":{"index":"index","follow":"follow","max-snippet":"max-snippet:-1","max-image-preview":"max-image-preview:large","max-video-preview":"max-video-preview:-1"},"canonical":"https:\/\/www.budokampsport.se\/2016\/02\/23\/presentation-infor-kampsportsgalan-de-nominerade-till-arets-ledare\/","og_locale":"sv_SE","og_type":"article","og_title":"Presentation inf\u00f6r Kampsportsgalan: De nominerade till \u00e5rets ledare - Svenska Budo &amp; Kampsportsf\u00f6rbundet","og_description":"Det \u00e4r inte s\u00e5 l\u00e5ng tid kvar till Kampsportsgalans sjunde upplaga. 19:e mars p\u00e5 Berns \u00e4r det dags igen, och budokampsport.se g\u00e5r igenom samtliga","og_url":"https:\/\/www.budokampsport.se\/2016\/02\/23\/presentation-infor-kampsportsgalan-de-nominerade-till-arets-ledare\/","og_site_name":"Svenska Budo &amp; Kampsportsf\u00f6rbundet","article_author":"https:\/\/www.facebook.com\/jonathan.broberg.7","article_published_time":"2016-02-23T09:20:25+00:00","article_modified_time":"2016-12-06T21:39:34+00:00","author":"Jonathan Broberg","twitter_card":"summary_large_image","twitter_misc":{"Skriven av":"Jonathan Broberg","Ber\u00e4knad l\u00e4stid":"2 minuter"},"schema":{"@context":"https:\/\/schema.org","@graph":[{"@type":"Article","@id":"https:\/\/www.budokampsport.se\/2016\/02\/23\/presentation-infor-kampsportsgalan-de-nominerade-till-arets-ledare\/#article","isPartOf":{"@id":"https:\/\/www.budokampsport.se\/2016\/02\/23\/presentation-infor-kampsportsgalan-de-nominerade-till-arets-ledare\/"},"author":{"name":"Jonathan Broberg","@id":"https:\/\/www.budokampsport.se\/#\/schema\/person\/5c06d81d14850e2a8ce5493386560145"},"headline":"Presentation inf\u00f6r Kampsportsgalan: De nominerade till \u00e5rets ledare","datePublished":"2016-02-23T09:20:25+00:00","dateModified":"2016-12-06T21:39:34+00:00","mainEntityOfPage":{"@id":"https:\/\/www.budokampsport.se\/2016\/02\/23\/presentation-infor-kampsportsgalan-de-nominerade-till-arets-ledare\/"},"wordCount":354,"inLanguage":"sv-SE"},{"@type":"WebPage","@id":"https:\/\/www.budokampsport.se\/2016\/02\/23\/presentation-infor-kampsportsgalan-de-nominerade-till-arets-ledare\/","url":"https:\/\/www.budokampsport.se\/2016\/02\/23\/presentation-infor-kampsportsgalan-de-nominerade-till-arets-ledare\/","name":"Presentation inf\u00f6r Kampsportsgalan: De nominerade till \u00e5rets ledare - Svenska Budo &amp; Kampsportsf\u00f6rbundet","isPartOf":{"@id":"https:\/\/www.budokampsport.se\/#website"},"datePublished":"2016-02-23T09:20:25+00:00","dateModified":"2016-12-06T21:39:34+00:00","author":{"@id":"https:\/\/www.budokampsport.se\/#\/schema\/person\/5c06d81d14850e2a8ce5493386560145"},"description":"Det \u00e4r inte s\u00e5 l\u00e5ng tid kvar till Kampsportsgalans sjunde upplaga. 19:e mars p\u00e5 Berns \u00e4r det dags igen, och budokampsport.se g\u00e5r igenom samtliga","breadcrumb":{"@id":"https:\/\/www.budokampsport.se\/2016\/02\/23\/presentation-infor-kampsportsgalan-de-nominerade-till-arets-ledare\/#breadcrumb"},"inLanguage":"sv-SE","potentialAction":[{"@type":"ReadAction","target":["https:\/\/www.budokampsport.se\/2016\/02\/23\/presentation-infor-kampsportsgalan-de-nominerade-till-arets-ledare\/"]}]},{"@type":"BreadcrumbList","@id":"https:\/\/www.budokampsport.se\/2016\/02\/23\/presentation-infor-kampsportsgalan-de-nominerade-till-arets-ledare\/#breadcrumb","itemListElement":[{"@type":"ListItem","position":1,"name":"Hem","item":"https:\/\/www.budokampsport.se\/"},{"@type":"ListItem","position":2,"name":"Presentation inf\u00f6r Kampsportsgalan: De nominerade till \u00e5rets ledare"}]},{"@type":"WebSite","@id":"https:\/\/www.budokampsport.se\/#website","url":"https:\/\/www.budokampsport.se\/","name":"Svenska Budo &amp; Kampsportsf\u00f6rbundet","description":"T\u00e4vling, Tr\u00e4ning, Tradition","potentialAction":[{"@type":"SearchAction","target":{"@type":"EntryPoint","urlTemplate":"https:\/\/www.budokampsport.se\/?s={search_term_string}"},"query-input":{"@type":"PropertyValueSpecification","valueRequired":true,"valueName":"search_term_string"}}],"inLanguage":"sv-SE"},{"@type":"Person","@id":"https:\/\/www.budokampsport.se\/#\/schema\/person\/5c06d81d14850e2a8ce5493386560145","name":"Jonathan Broberg","image":{"@type":"ImageObject","inLanguage":"sv-SE","@id":"https:\/\/www.budokampsport.se\/#\/schema\/person\/image\/","url":"https:\/\/secure.gravatar.com\/avatar\/a58041c6cea9128bd9c40ee2f26d4136?s=96&d=blank&r=g","contentUrl":"https:\/\/secure.gravatar.com\/avatar\/a58041c6cea9128bd9c40ee2f26d4136?s=96&d=blank&r=g","caption":"Jonathan Broberg"},"sameAs":["https:\/\/www.facebook.com\/jonathan.broberg.7"],"url":"https:\/\/www.budokampsport.se\/author\/jonathan\/"}]}},"_links":{"self":[{"href":"https:\/\/www.budokampsport.se\/api\/wp\/v2\/posts\/5685","targetHints":{"allow":["GET"]}}],"collection":[{"href":"https:\/\/www.budokampsport.se\/api\/wp\/v2\/posts"}],"about":[{"href":"https:\/\/www.budokampsport.se\/api\/wp\/v2\/types\/post"}],"author":[{"embeddable":true,"href":"https:\/\/www.budokampsport.se\/api\/wp\/v2\/users\/7"}],"replies":[{"embeddable":true,"href":"https:\/\/www.budokampsport.se\/api\/wp\/v2\/comments?post=5685"}],"version-history":[{"count":0,"href":"https:\/\/www.budokampsport.se\/api\/wp\/v2\/posts\/5685\/revisions"}],"wp:attachment":[{"href":"https:\/\/www.budokampsport.se\/api\/wp\/v2\/media?parent=5685"}],"wp:term":[{"taxonomy":"category","embeddable":true,"href":"https:\/\/www.budokampsport.se\/api\/wp\/v2\/categories?post=5685"},{"taxonomy":"post_tag","embeddable":true,"href":"https:\/\/www.budokampsport.se\/api\/wp\/v2\/tags?post=5685"}],"curies":[{"name":"wp","href":"https:\/\/api.w.org\/{rel}","templated":true}]}}