{"id":5688,"date":"2016-03-01T16:33:25","date_gmt":"2016-03-01T15:33:25","guid":{"rendered":"http:\/\/budo.wordpress.dev\/2016\/03\/01\/presentation-infor-kampsportsgalan-de-nominerade-till-arets-genombrott\/"},"modified":"2016-12-06T22:39:36","modified_gmt":"2016-12-06T21:39:36","slug":"presentation-infor-kampsportsgalan-de-nominerade-till-arets-genombrott","status":"publish","type":"post","link":"https:\/\/www.budokampsport.se\/2016\/03\/01\/presentation-infor-kampsportsgalan-de-nominerade-till-arets-genombrott\/","title":{"rendered":"Presentation inf\u00f6r Kampsportsgalan: De nominerade till \u00e5rets genombrott"},"content":{"rendered":"<p><strong><img decoding=\"async\" alt=\"\" src=\"\/sites\/default\/files\/genombrott_0.gif\" style=\"height:290px; width:435px\"><br \/>Det \u00e4r inte s\u00e5 l\u00e5ng tid kvar till Kampsportsgalans sjunde upplaga. 19:e mars p\u00e5 Berns \u00e4r det dags igen, och budokampsport.se g\u00e5r igenom samtliga nominerade till galan lite mer ing\u00e5ende, och forts\u00e4tter med \u00c5rets genombrott.<\/strong><!--break--><\/p>\n<p><strong>Rostem Akman, MMA<\/strong><br \/>Akman har haft en upp\u00e5tg\u00e5ende utveckling de senaste \u00e5ren och tog under 2015 ytterligare stora kliv mot toppen. Under European Open i Birmingham kom fulltr\u00e4ffen. Akman visade prov p\u00e5 fin teknik och att han utvecklat sina avslut. I finalen besegrades norrmannen Marius H\u00e5konsen. Akman fortsatte sedan p\u00e5 den inslagna segerv\u00e4gen och vann i december ocks\u00e5 SM-guld.<\/p>\n<p><img decoding=\"async\" alt=\"\" src=\"\/sites\/default\/files\/rostem-akman.gif\" style=\"height:245px; width:435px\"><\/p>\n<p><strong>Madeleine H\u00e5kansson, BJJ<\/strong><br \/>Har under senare \u00e5r utvecklats enormt mycket,\u00a0emellertid har den riktigt stora t\u00e4vlingssm\u00e4llkaramellen v\u00e4ntat p\u00e5 sig. Till i fjol. H\u00e5kansson svarade f\u00f6r ett utm\u00e4rkt VM d\u00e4r hon efter flera imponerande insatser vann ett silver i lilab\u00e4ltesklassen och dessutom blev det en\u00a0hel rad andra framst\u00e5ende resultat under 2015, d\u00e4ribland ett imponerande SM-guld.<\/p>\n<p><img decoding=\"async\" alt=\"\" src=\"\/sites\/default\/files\/madeleine_vm.gif\" style=\"height:267px; width:435px\"><\/p>\n<p><strong>William Seth-Wenzel, jujutsu<\/strong><br \/>Det blev n\u00e5gra f\u00f6rtrollade svenska VM-dagar i Bangkok i slutet p\u00e5 november. Och f\u00f6r seniordebuterande 18-\u00e5ringen William Seth-Wenzel blev det en ny resa bland de allra fr\u00e4msta. Talangen fr\u00e5n Nacka sopade banan med det ena v\u00e4rldsnamnet efter det andra, tills den regerande danske v\u00e4rldsm\u00e4staren Mikkel Willard blev f\u00f6r tuff i semifinal. Men bronset fick Seth-Wenzel med sig fr\u00e5n Bangkok efter en lysande uppvisning mot tysken Christopher M\u00fcller i bronsmatchen.<\/p>\n<p><img decoding=\"async\" alt=\"\" src=\"\/sites\/default\/files\/william_seth_wenzel_brons.gif\" style=\"height:290px; width:435px\"><\/p>\n<p><strong>Mattias Jansson, jodo<\/strong><br \/>Lite i skymundan av storstj\u00e4rnorna Jesper Waldest\u00e5l och Sida Yin svarade j\u00e4ttetalangen Mattias Jansson fr\u00e5n Link\u00f6ping f\u00f6r ett enast\u00e5ende EM i jodo. Med kvicka, stils\u00e4kra tekniker och med ett vasst fokus vann Jansson guldet i mudanklassen och \u00e4r med det ett nytt svenskt stort jodonamn att l\u00e4gga p\u00e5 minnet.<\/p>\n<p><img decoding=\"async\" alt=\"\" src=\"\/sites\/default\/files\/mattias_jansson_jodo.gif\" style=\"height:290px; width:435px\"><\/p>\n<p>Text: Jonathan Broberg<br \/>Rubrikfoto: Hamid Ershad Sarabi<br \/>Tv\u00e5 f\u00f6rsta fotona: privata<br \/>Tv\u00e5 sista: Jonathan Broberg<\/p>\n","protected":false},"excerpt":{"rendered":"<p>Det \u00e4r inte s\u00e5 l\u00e5ng tid kvar till Kampsportsgalans sjunde [&#8230;]<\/p><br>","protected":false},"author":7,"featured_media":0,"comment_status":"closed","ping_status":"closed","sticky":false,"template":"","format":"standard","meta":{"_acf_changed":false,"footnotes":""},"categories":[1],"tags":[],"class_list":["post-5688","post","type-post","status-publish","format-standard","hentry","category-okategoriserade"],"acf":[],"yoast_head":"<!-- This site is optimized with the Yoast SEO plugin v26.8 - https:\/\/yoast.com\/product\/yoast-seo-wordpress\/ -->\n<title>Presentation inf\u00f6r Kampsportsgalan: De nominerade till \u00e5rets genombrott - Svenska Budo &amp; Kampsportsf\u00f6rbundet<\/title>\n<meta name=\"description\" content=\"Det \u00e4r inte s\u00e5 l\u00e5ng tid kvar till Kampsportsgalans sjunde upplaga. 19:e mars p\u00e5 Berns \u00e4r det dags igen, och budokampsport.se g\u00e5r igenom samtliga\" \/>\n<meta name=\"robots\" content=\"index, follow, max-snippet:-1, max-image-preview:large, max-video-preview:-1\" \/>\n<link rel=\"canonical\" href=\"https:\/\/www.budokampsport.se\/2016\/03\/01\/presentation-infor-kampsportsgalan-de-nominerade-till-arets-genombrott\/\" \/>\n<meta property=\"og:locale\" content=\"sv_SE\" \/>\n<meta property=\"og:type\" content=\"article\" \/>\n<meta property=\"og:title\" content=\"Presentation inf\u00f6r Kampsportsgalan: De nominerade till \u00e5rets genombrott - Svenska Budo &amp; Kampsportsf\u00f6rbundet\" \/>\n<meta property=\"og:description\" content=\"Det \u00e4r inte s\u00e5 l\u00e5ng tid kvar till Kampsportsgalans sjunde upplaga. 19:e mars p\u00e5 Berns \u00e4r det dags igen, och budokampsport.se g\u00e5r igenom samtliga\" \/>\n<meta property=\"og:url\" content=\"https:\/\/www.budokampsport.se\/2016\/03\/01\/presentation-infor-kampsportsgalan-de-nominerade-till-arets-genombrott\/\" \/>\n<meta property=\"og:site_name\" content=\"Svenska Budo &amp; Kampsportsf\u00f6rbundet\" \/>\n<meta property=\"article:author\" content=\"https:\/\/www.facebook.com\/jonathan.broberg.7\" \/>\n<meta property=\"article:published_time\" content=\"2016-03-01T15:33:25+00:00\" \/>\n<meta property=\"article:modified_time\" content=\"2016-12-06T21:39:36+00:00\" \/>\n<meta name=\"author\" content=\"Jonathan Broberg\" \/>\n<meta name=\"twitter:card\" content=\"summary_large_image\" \/>\n<meta name=\"twitter:label1\" content=\"Skriven av\" \/>\n\t<meta name=\"twitter:data1\" content=\"Jonathan Broberg\" \/>\n\t<meta name=\"twitter:label2\" content=\"Ber\u00e4knad l\u00e4stid\" \/>\n\t<meta name=\"twitter:data2\" content=\"2 minuter\" \/>\n<script type=\"application\/ld+json\" class=\"yoast-schema-graph\">{\"@context\":\"https:\/\/schema.org\",\"@graph\":[{\"@type\":\"Article\",\"@id\":\"https:\/\/www.budokampsport.se\/2016\/03\/01\/presentation-infor-kampsportsgalan-de-nominerade-till-arets-genombrott\/#article\",\"isPartOf\":{\"@id\":\"https:\/\/www.budokampsport.se\/2016\/03\/01\/presentation-infor-kampsportsgalan-de-nominerade-till-arets-genombrott\/\"},\"author\":{\"name\":\"Jonathan Broberg\",\"@id\":\"https:\/\/www.budokampsport.se\/#\/schema\/person\/5c06d81d14850e2a8ce5493386560145\"},\"headline\":\"Presentation inf\u00f6r Kampsportsgalan: De nominerade till \u00e5rets genombrott\",\"datePublished\":\"2016-03-01T15:33:25+00:00\",\"dateModified\":\"2016-12-06T21:39:36+00:00\",\"mainEntityOfPage\":{\"@id\":\"https:\/\/www.budokampsport.se\/2016\/03\/01\/presentation-infor-kampsportsgalan-de-nominerade-till-arets-genombrott\/\"},\"wordCount\":335,\"inLanguage\":\"sv-SE\"},{\"@type\":\"WebPage\",\"@id\":\"https:\/\/www.budokampsport.se\/2016\/03\/01\/presentation-infor-kampsportsgalan-de-nominerade-till-arets-genombrott\/\",\"url\":\"https:\/\/www.budokampsport.se\/2016\/03\/01\/presentation-infor-kampsportsgalan-de-nominerade-till-arets-genombrott\/\",\"name\":\"Presentation inf\u00f6r Kampsportsgalan: De nominerade till \u00e5rets genombrott - Svenska Budo &amp; Kampsportsf\u00f6rbundet\",\"isPartOf\":{\"@id\":\"https:\/\/www.budokampsport.se\/#website\"},\"datePublished\":\"2016-03-01T15:33:25+00:00\",\"dateModified\":\"2016-12-06T21:39:36+00:00\",\"author\":{\"@id\":\"https:\/\/www.budokampsport.se\/#\/schema\/person\/5c06d81d14850e2a8ce5493386560145\"},\"description\":\"Det \u00e4r inte s\u00e5 l\u00e5ng tid kvar till Kampsportsgalans sjunde upplaga. 19:e mars p\u00e5 Berns \u00e4r det dags igen, och budokampsport.se g\u00e5r igenom samtliga\",\"breadcrumb\":{\"@id\":\"https:\/\/www.budokampsport.se\/2016\/03\/01\/presentation-infor-kampsportsgalan-de-nominerade-till-arets-genombrott\/#breadcrumb\"},\"inLanguage\":\"sv-SE\",\"potentialAction\":[{\"@type\":\"ReadAction\",\"target\":[\"https:\/\/www.budokampsport.se\/2016\/03\/01\/presentation-infor-kampsportsgalan-de-nominerade-till-arets-genombrott\/\"]}]},{\"@type\":\"BreadcrumbList\",\"@id\":\"https:\/\/www.budokampsport.se\/2016\/03\/01\/presentation-infor-kampsportsgalan-de-nominerade-till-arets-genombrott\/#breadcrumb\",\"itemListElement\":[{\"@type\":\"ListItem\",\"position\":1,\"name\":\"Hem\",\"item\":\"https:\/\/www.budokampsport.se\/\"},{\"@type\":\"ListItem\",\"position\":2,\"name\":\"Presentation inf\u00f6r Kampsportsgalan: De nominerade till \u00e5rets genombrott\"}]},{\"@type\":\"WebSite\",\"@id\":\"https:\/\/www.budokampsport.se\/#website\",\"url\":\"https:\/\/www.budokampsport.se\/\",\"name\":\"Svenska Budo &amp; Kampsportsf\u00f6rbundet\",\"description\":\"T\u00e4vling, Tr\u00e4ning, Tradition\",\"potentialAction\":[{\"@type\":\"SearchAction\",\"target\":{\"@type\":\"EntryPoint\",\"urlTemplate\":\"https:\/\/www.budokampsport.se\/?s={search_term_string}\"},\"query-input\":{\"@type\":\"PropertyValueSpecification\",\"valueRequired\":true,\"valueName\":\"search_term_string\"}}],\"inLanguage\":\"sv-SE\"},{\"@type\":\"Person\",\"@id\":\"https:\/\/www.budokampsport.se\/#\/schema\/person\/5c06d81d14850e2a8ce5493386560145\",\"name\":\"Jonathan Broberg\",\"image\":{\"@type\":\"ImageObject\",\"inLanguage\":\"sv-SE\",\"@id\":\"https:\/\/www.budokampsport.se\/#\/schema\/person\/image\/\",\"url\":\"https:\/\/secure.gravatar.com\/avatar\/a58041c6cea9128bd9c40ee2f26d4136?s=96&d=blank&r=g\",\"contentUrl\":\"https:\/\/secure.gravatar.com\/avatar\/a58041c6cea9128bd9c40ee2f26d4136?s=96&d=blank&r=g\",\"caption\":\"Jonathan Broberg\"},\"sameAs\":[\"https:\/\/www.facebook.com\/jonathan.broberg.7\"],\"url\":\"https:\/\/www.budokampsport.se\/author\/jonathan\/\"}]}<\/script>\n<!-- \/ Yoast SEO plugin. -->","yoast_head_json":{"title":"Presentation inf\u00f6r Kampsportsgalan: De nominerade till \u00e5rets genombrott - Svenska Budo &amp; Kampsportsf\u00f6rbundet","description":"Det \u00e4r inte s\u00e5 l\u00e5ng tid kvar till Kampsportsgalans sjunde upplaga. 19:e mars p\u00e5 Berns \u00e4r det dags igen, och budokampsport.se g\u00e5r igenom samtliga","robots":{"index":"index","follow":"follow","max-snippet":"max-snippet:-1","max-image-preview":"max-image-preview:large","max-video-preview":"max-video-preview:-1"},"canonical":"https:\/\/www.budokampsport.se\/2016\/03\/01\/presentation-infor-kampsportsgalan-de-nominerade-till-arets-genombrott\/","og_locale":"sv_SE","og_type":"article","og_title":"Presentation inf\u00f6r Kampsportsgalan: De nominerade till \u00e5rets genombrott - Svenska Budo &amp; Kampsportsf\u00f6rbundet","og_description":"Det \u00e4r inte s\u00e5 l\u00e5ng tid kvar till Kampsportsgalans sjunde upplaga. 19:e mars p\u00e5 Berns \u00e4r det dags igen, och budokampsport.se g\u00e5r igenom samtliga","og_url":"https:\/\/www.budokampsport.se\/2016\/03\/01\/presentation-infor-kampsportsgalan-de-nominerade-till-arets-genombrott\/","og_site_name":"Svenska Budo &amp; Kampsportsf\u00f6rbundet","article_author":"https:\/\/www.facebook.com\/jonathan.broberg.7","article_published_time":"2016-03-01T15:33:25+00:00","article_modified_time":"2016-12-06T21:39:36+00:00","author":"Jonathan Broberg","twitter_card":"summary_large_image","twitter_misc":{"Skriven av":"Jonathan Broberg","Ber\u00e4knad l\u00e4stid":"2 minuter"},"schema":{"@context":"https:\/\/schema.org","@graph":[{"@type":"Article","@id":"https:\/\/www.budokampsport.se\/2016\/03\/01\/presentation-infor-kampsportsgalan-de-nominerade-till-arets-genombrott\/#article","isPartOf":{"@id":"https:\/\/www.budokampsport.se\/2016\/03\/01\/presentation-infor-kampsportsgalan-de-nominerade-till-arets-genombrott\/"},"author":{"name":"Jonathan Broberg","@id":"https:\/\/www.budokampsport.se\/#\/schema\/person\/5c06d81d14850e2a8ce5493386560145"},"headline":"Presentation inf\u00f6r Kampsportsgalan: De nominerade till \u00e5rets genombrott","datePublished":"2016-03-01T15:33:25+00:00","dateModified":"2016-12-06T21:39:36+00:00","mainEntityOfPage":{"@id":"https:\/\/www.budokampsport.se\/2016\/03\/01\/presentation-infor-kampsportsgalan-de-nominerade-till-arets-genombrott\/"},"wordCount":335,"inLanguage":"sv-SE"},{"@type":"WebPage","@id":"https:\/\/www.budokampsport.se\/2016\/03\/01\/presentation-infor-kampsportsgalan-de-nominerade-till-arets-genombrott\/","url":"https:\/\/www.budokampsport.se\/2016\/03\/01\/presentation-infor-kampsportsgalan-de-nominerade-till-arets-genombrott\/","name":"Presentation inf\u00f6r Kampsportsgalan: De nominerade till \u00e5rets genombrott - Svenska Budo &amp; Kampsportsf\u00f6rbundet","isPartOf":{"@id":"https:\/\/www.budokampsport.se\/#website"},"datePublished":"2016-03-01T15:33:25+00:00","dateModified":"2016-12-06T21:39:36+00:00","author":{"@id":"https:\/\/www.budokampsport.se\/#\/schema\/person\/5c06d81d14850e2a8ce5493386560145"},"description":"Det \u00e4r inte s\u00e5 l\u00e5ng tid kvar till Kampsportsgalans sjunde upplaga. 19:e mars p\u00e5 Berns \u00e4r det dags igen, och budokampsport.se g\u00e5r igenom samtliga","breadcrumb":{"@id":"https:\/\/www.budokampsport.se\/2016\/03\/01\/presentation-infor-kampsportsgalan-de-nominerade-till-arets-genombrott\/#breadcrumb"},"inLanguage":"sv-SE","potentialAction":[{"@type":"ReadAction","target":["https:\/\/www.budokampsport.se\/2016\/03\/01\/presentation-infor-kampsportsgalan-de-nominerade-till-arets-genombrott\/"]}]},{"@type":"BreadcrumbList","@id":"https:\/\/www.budokampsport.se\/2016\/03\/01\/presentation-infor-kampsportsgalan-de-nominerade-till-arets-genombrott\/#breadcrumb","itemListElement":[{"@type":"ListItem","position":1,"name":"Hem","item":"https:\/\/www.budokampsport.se\/"},{"@type":"ListItem","position":2,"name":"Presentation inf\u00f6r Kampsportsgalan: De nominerade till \u00e5rets genombrott"}]},{"@type":"WebSite","@id":"https:\/\/www.budokampsport.se\/#website","url":"https:\/\/www.budokampsport.se\/","name":"Svenska Budo &amp; Kampsportsf\u00f6rbundet","description":"T\u00e4vling, Tr\u00e4ning, Tradition","potentialAction":[{"@type":"SearchAction","target":{"@type":"EntryPoint","urlTemplate":"https:\/\/www.budokampsport.se\/?s={search_term_string}"},"query-input":{"@type":"PropertyValueSpecification","valueRequired":true,"valueName":"search_term_string"}}],"inLanguage":"sv-SE"},{"@type":"Person","@id":"https:\/\/www.budokampsport.se\/#\/schema\/person\/5c06d81d14850e2a8ce5493386560145","name":"Jonathan Broberg","image":{"@type":"ImageObject","inLanguage":"sv-SE","@id":"https:\/\/www.budokampsport.se\/#\/schema\/person\/image\/","url":"https:\/\/secure.gravatar.com\/avatar\/a58041c6cea9128bd9c40ee2f26d4136?s=96&d=blank&r=g","contentUrl":"https:\/\/secure.gravatar.com\/avatar\/a58041c6cea9128bd9c40ee2f26d4136?s=96&d=blank&r=g","caption":"Jonathan Broberg"},"sameAs":["https:\/\/www.facebook.com\/jonathan.broberg.7"],"url":"https:\/\/www.budokampsport.se\/author\/jonathan\/"}]}},"_links":{"self":[{"href":"https:\/\/www.budokampsport.se\/api\/wp\/v2\/posts\/5688","targetHints":{"allow":["GET"]}}],"collection":[{"href":"https:\/\/www.budokampsport.se\/api\/wp\/v2\/posts"}],"about":[{"href":"https:\/\/www.budokampsport.se\/api\/wp\/v2\/types\/post"}],"author":[{"embeddable":true,"href":"https:\/\/www.budokampsport.se\/api\/wp\/v2\/users\/7"}],"replies":[{"embeddable":true,"href":"https:\/\/www.budokampsport.se\/api\/wp\/v2\/comments?post=5688"}],"version-history":[{"count":0,"href":"https:\/\/www.budokampsport.se\/api\/wp\/v2\/posts\/5688\/revisions"}],"wp:attachment":[{"href":"https:\/\/www.budokampsport.se\/api\/wp\/v2\/media?parent=5688"}],"wp:term":[{"taxonomy":"category","embeddable":true,"href":"https:\/\/www.budokampsport.se\/api\/wp\/v2\/categories?post=5688"},{"taxonomy":"post_tag","embeddable":true,"href":"https:\/\/www.budokampsport.se\/api\/wp\/v2\/tags?post=5688"}],"curies":[{"name":"wp","href":"https:\/\/api.w.org\/{rel}","templated":true}]}}