{"id":5695,"date":"2016-03-10T13:57:45","date_gmt":"2016-03-10T12:57:45","guid":{"rendered":"http:\/\/budo.wordpress.dev\/2016\/03\/10\/presentation-infor-kampsportsgalan-de-nominerade-till-arets-mastarinna\/"},"modified":"2016-12-06T22:39:37","modified_gmt":"2016-12-06T21:39:37","slug":"presentation-infor-kampsportsgalan-de-nominerade-till-arets-mastarinna","status":"publish","type":"post","link":"https:\/\/www.budokampsport.se\/2016\/03\/10\/presentation-infor-kampsportsgalan-de-nominerade-till-arets-mastarinna\/","title":{"rendered":"Presentation inf\u00f6r Kampsportsgalan: De nominerade till \u00c5rets m\u00e4starinna"},"content":{"rendered":"<p><strong><img decoding=\"async\" alt=\"\" src=\"\/sites\/default\/files\/mastarinna_1.gif\" style=\"height:290px; width:435px\"><br \/>Det \u00e4r mindre \u00e4n tv\u00e5 veckor kvar till Kampsportsgalans sjunde upplaga. 19:e mars p\u00e5 Berns \u00e4r det dags igen, och budokampsport.se g\u00e5r igenom samtliga nominerade till galan lite mer ing\u00e5ende, och forts\u00e4tter med \u00c5rets m\u00e4starinna.<\/strong><!--break--><\/p>\n<p><strong>Maxine Thylin, BJJ<\/strong><br \/>2015 blev Maxine Thylins b\u00e4sta \u00e5r i karri\u00e4ren. Hon vann VM-guld f\u00f6r brunb\u00e4lten och hon graderades sedan till svart b\u00e4lte. VM i USA \u00e5kte Thylin till med lite mentala kval. Hon hade vunnit i stort sett allt f\u00f6r brunb\u00e4lten utom just ett VM. Men det blev n\u00e5gra f\u00f6rtrollade guldgr\u00e4vardagar i USA f\u00f6r Nackatjejen. Efter tre inledande segrar var hon s\u00e5 i final och d\u00e4r besegrade hon en brasilianska och vann guld. I samma veva blev hon s\u00e5ledes ocks\u00e5 graderad till svart b\u00e4lte.<\/p>\n<p><img decoding=\"async\" alt=\"\" src=\"\/sites\/default\/files\/nacka-dojo-mugshot-22.jpg\" style=\"height:435px; width:435px\"><\/p>\n<p><strong>Jennie Brolin, jujutsu<\/strong><br \/>Sagan om Jennie Brolin, den 40-\u00e5riga sm\u00e5barnsmamman fr\u00e5n Uppsala, g\u00e5r inte att ber\u00e4tta sig tr\u00f6tt p\u00e5. Efter comebacken och VM-bronset 2014 \u00e5kte Brolin till EM i Almere i fjol och var ostoppbar.\u00a0Finalen mot ryskan Paderina blev en fullst\u00e4ndig svensk urladdning och hon vann ett extremt efterl\u00e4ngtat m\u00e4sterskapsguld.<\/p>\n<p><img decoding=\"async\" alt=\"\" src=\"\/sites\/default\/files\/jennie_brolin_emguld_2015.jpg\" style=\"height:290px; width:435px\"><\/p>\n<p><strong>Helena Edfeldt, jujutsu<\/strong><br \/>Edfeldt kom till VM i Bangkok rej\u00e4lt guldt\u00f6rstig efter den sn\u00f6pliga VM-finalf\u00f6rlusten 2014. Men redan i den f\u00f6rsta matchen h\u00f6ll hon p\u00e5 att st\u00e4lla till det. Segern s\u00e4krades i den sista sekunden, men efter det var Edfeldt n\u00e4stintill felfri. Hon fick sin revansch och vann sitt VM-guld efter n\u00e5gra rafflande och magiska dagar i Bangkok.<\/p>\n<p><img decoding=\"async\" alt=\"\" src=\"\/sites\/default\/files\/helena_edfeldt_guld.gif\" style=\"height:290px; width:435px\"><\/p>\n<p><strong>Sofia Olofsson, thaiboxning<\/strong><br \/>Den timida stockholmaren \u00e4r numera allt annat \u00e4n lugn i ringarna. Kom till World Cup i Thailand, som ersatte VM, som regerande Europam\u00e4starinna och hade utvecklats till ett namn alla ville vinna \u00f6ver. Olofsson gick emellertid inte att stoppa och hon vann karri\u00e4rens hittills st\u00f6rsta seger. I finalen besegrade hon estniska stj\u00e4rnan Aho efter att domaren brutit matchen i den tredje ronden. Hon blev ocks\u00e5 utsedd till World cups b\u00e4sta kvinnliga fighter, och fick f\u00f6r det\u00a0thail\u00e4ndska drottningens pokal.\u00a0Sofia Olofsson vann ocks\u00e5 SM och Nordiska m\u00e4sterskapen under 2015.<\/p>\n<p><img decoding=\"async\" alt=\"\" src=\"\/sites\/default\/files\/sofia_klar_for_semi.gif\" style=\"height:290px; width:435px\"><\/p>\n<p>Text: Jonathan Broberg<br \/>Rubrikfoto: Hamid Ershad Sarabi<\/p>\n","protected":false},"excerpt":{"rendered":"<p>Det \u00e4r mindre \u00e4n tv\u00e5 veckor kvar till Kampsportsgalans sjunde [&#8230;]<\/p><br>","protected":false},"author":7,"featured_media":0,"comment_status":"closed","ping_status":"closed","sticky":false,"template":"","format":"standard","meta":{"_acf_changed":false,"footnotes":""},"categories":[1],"tags":[],"class_list":["post-5695","post","type-post","status-publish","format-standard","hentry","category-okategoriserade"],"acf":[],"yoast_head":"<!-- This site is optimized with the Yoast SEO plugin v26.8 - https:\/\/yoast.com\/product\/yoast-seo-wordpress\/ -->\n<title>Presentation inf\u00f6r Kampsportsgalan: De nominerade till \u00c5rets m\u00e4starinna - Svenska Budo &amp; Kampsportsf\u00f6rbundet<\/title>\n<meta name=\"description\" content=\"Det \u00e4r mindre \u00e4n tv\u00e5 veckor kvar till Kampsportsgalans sjunde upplaga. 19:e mars p\u00e5 Berns \u00e4r det dags igen, och budokampsport.se g\u00e5r igenom samtliga\" \/>\n<meta name=\"robots\" content=\"index, follow, max-snippet:-1, max-image-preview:large, max-video-preview:-1\" \/>\n<link rel=\"canonical\" href=\"https:\/\/www.budokampsport.se\/2016\/03\/10\/presentation-infor-kampsportsgalan-de-nominerade-till-arets-mastarinna\/\" \/>\n<meta property=\"og:locale\" content=\"sv_SE\" \/>\n<meta property=\"og:type\" content=\"article\" \/>\n<meta property=\"og:title\" content=\"Presentation inf\u00f6r Kampsportsgalan: De nominerade till \u00c5rets m\u00e4starinna - Svenska Budo &amp; Kampsportsf\u00f6rbundet\" \/>\n<meta property=\"og:description\" content=\"Det \u00e4r mindre \u00e4n tv\u00e5 veckor kvar till Kampsportsgalans sjunde upplaga. 19:e mars p\u00e5 Berns \u00e4r det dags igen, och budokampsport.se g\u00e5r igenom samtliga\" \/>\n<meta property=\"og:url\" content=\"https:\/\/www.budokampsport.se\/2016\/03\/10\/presentation-infor-kampsportsgalan-de-nominerade-till-arets-mastarinna\/\" \/>\n<meta property=\"og:site_name\" content=\"Svenska Budo &amp; Kampsportsf\u00f6rbundet\" \/>\n<meta property=\"article:author\" content=\"https:\/\/www.facebook.com\/jonathan.broberg.7\" \/>\n<meta property=\"article:published_time\" content=\"2016-03-10T12:57:45+00:00\" \/>\n<meta property=\"article:modified_time\" content=\"2016-12-06T21:39:37+00:00\" \/>\n<meta name=\"author\" content=\"Jonathan Broberg\" \/>\n<meta name=\"twitter:card\" content=\"summary_large_image\" \/>\n<meta name=\"twitter:label1\" content=\"Skriven av\" \/>\n\t<meta name=\"twitter:data1\" content=\"Jonathan Broberg\" \/>\n\t<meta name=\"twitter:label2\" content=\"Ber\u00e4knad l\u00e4stid\" \/>\n\t<meta name=\"twitter:data2\" content=\"2 minuter\" \/>\n<script type=\"application\/ld+json\" class=\"yoast-schema-graph\">{\"@context\":\"https:\/\/schema.org\",\"@graph\":[{\"@type\":\"Article\",\"@id\":\"https:\/\/www.budokampsport.se\/2016\/03\/10\/presentation-infor-kampsportsgalan-de-nominerade-till-arets-mastarinna\/#article\",\"isPartOf\":{\"@id\":\"https:\/\/www.budokampsport.se\/2016\/03\/10\/presentation-infor-kampsportsgalan-de-nominerade-till-arets-mastarinna\/\"},\"author\":{\"name\":\"Jonathan Broberg\",\"@id\":\"https:\/\/www.budokampsport.se\/#\/schema\/person\/5c06d81d14850e2a8ce5493386560145\"},\"headline\":\"Presentation inf\u00f6r Kampsportsgalan: De nominerade till \u00c5rets m\u00e4starinna\",\"datePublished\":\"2016-03-10T12:57:45+00:00\",\"dateModified\":\"2016-12-06T21:39:37+00:00\",\"mainEntityOfPage\":{\"@id\":\"https:\/\/www.budokampsport.se\/2016\/03\/10\/presentation-infor-kampsportsgalan-de-nominerade-till-arets-mastarinna\/\"},\"wordCount\":379,\"inLanguage\":\"sv-SE\"},{\"@type\":\"WebPage\",\"@id\":\"https:\/\/www.budokampsport.se\/2016\/03\/10\/presentation-infor-kampsportsgalan-de-nominerade-till-arets-mastarinna\/\",\"url\":\"https:\/\/www.budokampsport.se\/2016\/03\/10\/presentation-infor-kampsportsgalan-de-nominerade-till-arets-mastarinna\/\",\"name\":\"Presentation inf\u00f6r Kampsportsgalan: De nominerade till \u00c5rets m\u00e4starinna - Svenska Budo &amp; Kampsportsf\u00f6rbundet\",\"isPartOf\":{\"@id\":\"https:\/\/www.budokampsport.se\/#website\"},\"datePublished\":\"2016-03-10T12:57:45+00:00\",\"dateModified\":\"2016-12-06T21:39:37+00:00\",\"author\":{\"@id\":\"https:\/\/www.budokampsport.se\/#\/schema\/person\/5c06d81d14850e2a8ce5493386560145\"},\"description\":\"Det \u00e4r mindre \u00e4n tv\u00e5 veckor kvar till Kampsportsgalans sjunde upplaga. 19:e mars p\u00e5 Berns \u00e4r det dags igen, och budokampsport.se g\u00e5r igenom samtliga\",\"breadcrumb\":{\"@id\":\"https:\/\/www.budokampsport.se\/2016\/03\/10\/presentation-infor-kampsportsgalan-de-nominerade-till-arets-mastarinna\/#breadcrumb\"},\"inLanguage\":\"sv-SE\",\"potentialAction\":[{\"@type\":\"ReadAction\",\"target\":[\"https:\/\/www.budokampsport.se\/2016\/03\/10\/presentation-infor-kampsportsgalan-de-nominerade-till-arets-mastarinna\/\"]}]},{\"@type\":\"BreadcrumbList\",\"@id\":\"https:\/\/www.budokampsport.se\/2016\/03\/10\/presentation-infor-kampsportsgalan-de-nominerade-till-arets-mastarinna\/#breadcrumb\",\"itemListElement\":[{\"@type\":\"ListItem\",\"position\":1,\"name\":\"Hem\",\"item\":\"https:\/\/www.budokampsport.se\/\"},{\"@type\":\"ListItem\",\"position\":2,\"name\":\"Presentation inf\u00f6r Kampsportsgalan: De nominerade till \u00c5rets m\u00e4starinna\"}]},{\"@type\":\"WebSite\",\"@id\":\"https:\/\/www.budokampsport.se\/#website\",\"url\":\"https:\/\/www.budokampsport.se\/\",\"name\":\"Svenska Budo &amp; Kampsportsf\u00f6rbundet\",\"description\":\"T\u00e4vling, Tr\u00e4ning, Tradition\",\"potentialAction\":[{\"@type\":\"SearchAction\",\"target\":{\"@type\":\"EntryPoint\",\"urlTemplate\":\"https:\/\/www.budokampsport.se\/?s={search_term_string}\"},\"query-input\":{\"@type\":\"PropertyValueSpecification\",\"valueRequired\":true,\"valueName\":\"search_term_string\"}}],\"inLanguage\":\"sv-SE\"},{\"@type\":\"Person\",\"@id\":\"https:\/\/www.budokampsport.se\/#\/schema\/person\/5c06d81d14850e2a8ce5493386560145\",\"name\":\"Jonathan Broberg\",\"image\":{\"@type\":\"ImageObject\",\"inLanguage\":\"sv-SE\",\"@id\":\"https:\/\/www.budokampsport.se\/#\/schema\/person\/image\/\",\"url\":\"https:\/\/secure.gravatar.com\/avatar\/a58041c6cea9128bd9c40ee2f26d4136?s=96&d=blank&r=g\",\"contentUrl\":\"https:\/\/secure.gravatar.com\/avatar\/a58041c6cea9128bd9c40ee2f26d4136?s=96&d=blank&r=g\",\"caption\":\"Jonathan Broberg\"},\"sameAs\":[\"https:\/\/www.facebook.com\/jonathan.broberg.7\"],\"url\":\"https:\/\/www.budokampsport.se\/author\/jonathan\/\"}]}<\/script>\n<!-- \/ Yoast SEO plugin. -->","yoast_head_json":{"title":"Presentation inf\u00f6r Kampsportsgalan: De nominerade till \u00c5rets m\u00e4starinna - Svenska Budo &amp; Kampsportsf\u00f6rbundet","description":"Det \u00e4r mindre \u00e4n tv\u00e5 veckor kvar till Kampsportsgalans sjunde upplaga. 19:e mars p\u00e5 Berns \u00e4r det dags igen, och budokampsport.se g\u00e5r igenom samtliga","robots":{"index":"index","follow":"follow","max-snippet":"max-snippet:-1","max-image-preview":"max-image-preview:large","max-video-preview":"max-video-preview:-1"},"canonical":"https:\/\/www.budokampsport.se\/2016\/03\/10\/presentation-infor-kampsportsgalan-de-nominerade-till-arets-mastarinna\/","og_locale":"sv_SE","og_type":"article","og_title":"Presentation inf\u00f6r Kampsportsgalan: De nominerade till \u00c5rets m\u00e4starinna - Svenska Budo &amp; Kampsportsf\u00f6rbundet","og_description":"Det \u00e4r mindre \u00e4n tv\u00e5 veckor kvar till Kampsportsgalans sjunde upplaga. 19:e mars p\u00e5 Berns \u00e4r det dags igen, och budokampsport.se g\u00e5r igenom samtliga","og_url":"https:\/\/www.budokampsport.se\/2016\/03\/10\/presentation-infor-kampsportsgalan-de-nominerade-till-arets-mastarinna\/","og_site_name":"Svenska Budo &amp; Kampsportsf\u00f6rbundet","article_author":"https:\/\/www.facebook.com\/jonathan.broberg.7","article_published_time":"2016-03-10T12:57:45+00:00","article_modified_time":"2016-12-06T21:39:37+00:00","author":"Jonathan Broberg","twitter_card":"summary_large_image","twitter_misc":{"Skriven av":"Jonathan Broberg","Ber\u00e4knad l\u00e4stid":"2 minuter"},"schema":{"@context":"https:\/\/schema.org","@graph":[{"@type":"Article","@id":"https:\/\/www.budokampsport.se\/2016\/03\/10\/presentation-infor-kampsportsgalan-de-nominerade-till-arets-mastarinna\/#article","isPartOf":{"@id":"https:\/\/www.budokampsport.se\/2016\/03\/10\/presentation-infor-kampsportsgalan-de-nominerade-till-arets-mastarinna\/"},"author":{"name":"Jonathan Broberg","@id":"https:\/\/www.budokampsport.se\/#\/schema\/person\/5c06d81d14850e2a8ce5493386560145"},"headline":"Presentation inf\u00f6r Kampsportsgalan: De nominerade till \u00c5rets m\u00e4starinna","datePublished":"2016-03-10T12:57:45+00:00","dateModified":"2016-12-06T21:39:37+00:00","mainEntityOfPage":{"@id":"https:\/\/www.budokampsport.se\/2016\/03\/10\/presentation-infor-kampsportsgalan-de-nominerade-till-arets-mastarinna\/"},"wordCount":379,"inLanguage":"sv-SE"},{"@type":"WebPage","@id":"https:\/\/www.budokampsport.se\/2016\/03\/10\/presentation-infor-kampsportsgalan-de-nominerade-till-arets-mastarinna\/","url":"https:\/\/www.budokampsport.se\/2016\/03\/10\/presentation-infor-kampsportsgalan-de-nominerade-till-arets-mastarinna\/","name":"Presentation inf\u00f6r Kampsportsgalan: De nominerade till \u00c5rets m\u00e4starinna - Svenska Budo &amp; Kampsportsf\u00f6rbundet","isPartOf":{"@id":"https:\/\/www.budokampsport.se\/#website"},"datePublished":"2016-03-10T12:57:45+00:00","dateModified":"2016-12-06T21:39:37+00:00","author":{"@id":"https:\/\/www.budokampsport.se\/#\/schema\/person\/5c06d81d14850e2a8ce5493386560145"},"description":"Det \u00e4r mindre \u00e4n tv\u00e5 veckor kvar till Kampsportsgalans sjunde upplaga. 19:e mars p\u00e5 Berns \u00e4r det dags igen, och budokampsport.se g\u00e5r igenom samtliga","breadcrumb":{"@id":"https:\/\/www.budokampsport.se\/2016\/03\/10\/presentation-infor-kampsportsgalan-de-nominerade-till-arets-mastarinna\/#breadcrumb"},"inLanguage":"sv-SE","potentialAction":[{"@type":"ReadAction","target":["https:\/\/www.budokampsport.se\/2016\/03\/10\/presentation-infor-kampsportsgalan-de-nominerade-till-arets-mastarinna\/"]}]},{"@type":"BreadcrumbList","@id":"https:\/\/www.budokampsport.se\/2016\/03\/10\/presentation-infor-kampsportsgalan-de-nominerade-till-arets-mastarinna\/#breadcrumb","itemListElement":[{"@type":"ListItem","position":1,"name":"Hem","item":"https:\/\/www.budokampsport.se\/"},{"@type":"ListItem","position":2,"name":"Presentation inf\u00f6r Kampsportsgalan: De nominerade till \u00c5rets m\u00e4starinna"}]},{"@type":"WebSite","@id":"https:\/\/www.budokampsport.se\/#website","url":"https:\/\/www.budokampsport.se\/","name":"Svenska Budo &amp; Kampsportsf\u00f6rbundet","description":"T\u00e4vling, Tr\u00e4ning, Tradition","potentialAction":[{"@type":"SearchAction","target":{"@type":"EntryPoint","urlTemplate":"https:\/\/www.budokampsport.se\/?s={search_term_string}"},"query-input":{"@type":"PropertyValueSpecification","valueRequired":true,"valueName":"search_term_string"}}],"inLanguage":"sv-SE"},{"@type":"Person","@id":"https:\/\/www.budokampsport.se\/#\/schema\/person\/5c06d81d14850e2a8ce5493386560145","name":"Jonathan Broberg","image":{"@type":"ImageObject","inLanguage":"sv-SE","@id":"https:\/\/www.budokampsport.se\/#\/schema\/person\/image\/","url":"https:\/\/secure.gravatar.com\/avatar\/a58041c6cea9128bd9c40ee2f26d4136?s=96&d=blank&r=g","contentUrl":"https:\/\/secure.gravatar.com\/avatar\/a58041c6cea9128bd9c40ee2f26d4136?s=96&d=blank&r=g","caption":"Jonathan Broberg"},"sameAs":["https:\/\/www.facebook.com\/jonathan.broberg.7"],"url":"https:\/\/www.budokampsport.se\/author\/jonathan\/"}]}},"_links":{"self":[{"href":"https:\/\/www.budokampsport.se\/api\/wp\/v2\/posts\/5695","targetHints":{"allow":["GET"]}}],"collection":[{"href":"https:\/\/www.budokampsport.se\/api\/wp\/v2\/posts"}],"about":[{"href":"https:\/\/www.budokampsport.se\/api\/wp\/v2\/types\/post"}],"author":[{"embeddable":true,"href":"https:\/\/www.budokampsport.se\/api\/wp\/v2\/users\/7"}],"replies":[{"embeddable":true,"href":"https:\/\/www.budokampsport.se\/api\/wp\/v2\/comments?post=5695"}],"version-history":[{"count":0,"href":"https:\/\/www.budokampsport.se\/api\/wp\/v2\/posts\/5695\/revisions"}],"wp:attachment":[{"href":"https:\/\/www.budokampsport.se\/api\/wp\/v2\/media?parent=5695"}],"wp:term":[{"taxonomy":"category","embeddable":true,"href":"https:\/\/www.budokampsport.se\/api\/wp\/v2\/categories?post=5695"},{"taxonomy":"post_tag","embeddable":true,"href":"https:\/\/www.budokampsport.se\/api\/wp\/v2\/tags?post=5695"}],"curies":[{"name":"wp","href":"https:\/\/api.w.org\/{rel}","templated":true}]}}