{"id":5709,"date":"2016-03-22T09:38:20","date_gmt":"2016-03-22T08:38:20","guid":{"rendered":"http:\/\/budo.wordpress.dev\/2016\/03\/22\/svenskt-jvm-brons-i-jujutsu\/"},"modified":"2016-12-06T22:39:40","modified_gmt":"2016-12-06T21:39:40","slug":"svenskt-jvm-brons-i-jujutsu","status":"publish","type":"post","link":"https:\/\/www.budokampsport.se\/2016\/03\/22\/svenskt-jvm-brons-i-jujutsu\/","title":{"rendered":"Svenskt JVM-brons i jujutsu"},"content":{"rendered":"<p><strong><img decoding=\"async\" alt=\"\" src=\"\/sites\/default\/files\/william_seth_wenzel.gif\" style=\"height:290px; width:435px\"><br \/>Det blev en svensk medalj n\u00e4r junior-VM i jujutsu i Madrid avgjordes under helgen. William Seth-Wenzel, som under l\u00f6rdagen vann pris som \u00c5rets genombrott p\u00e5 Kampsportsgalan, svarade f\u00f6r medaljen.<\/strong><!--break--><\/p>\n<p><strong>William Seth-Wenzel<\/strong> gjorde ett fantastiskt senior-VM i Bangkok i h\u00f6stas. D\u00e5 blev det ett brons, som ocks\u00e5 lade grunden till att Seth-Wenzel blev utsedd till \u00c5rets genombrott vid Kampsportsgalan i l\u00f6rdags.<\/p>\n<p>Men under JVM i Madrid, ocks\u00e5 det i l\u00f6rdags, hade supertalangen inte fullt lika mycket flyt i sitt game som i Bangkok. \u00a0Det blev f\u00f6rvisso ett nytt brons, ett k\u00e4mpa-brons, men siktet var nog h\u00f6gre inst\u00e4llt \u00e4n s\u00e5.<\/p>\n<p>En annan som lyckades f\u00f6rtr\u00e4ffligt under senior-VM i Bangkok var <strong>Isabelle Vistam<\/strong>, som missade medalj med en h\u00e5rsm\u00e5n d\u00e5. Men under l\u00f6rdagens JVM st\u00e4mde inte mycket f\u00f6r henne och n\u00e4r hon dessutom hade lite otur med en del tveksamma domslut emot sig, fick hon resa hem fr\u00e5n Madrid utan medalj.<\/p>\n<p>Duoparet <strong>Theo Wik<\/strong> och <strong>Simon Sj\u00f6din<\/strong> svarade f\u00f6r ett fint m\u00e4sterskap. De vann inledningsmatchen mot Tyskland, men f\u00f6rlorade sedan n\u00e4stkommande match och n\u00e4r de sedermera f\u00f6rlorade mot Slovenien i den andra \u00e5terkvalsmatchen f\u00f6rsvann bronschansen.<\/p>\n<p>Text och foto: Jonathan Broberg<\/p>\n","protected":false},"excerpt":{"rendered":"<p>Det blev en svensk medalj n\u00e4r junior-VM i jujutsu i [&#8230;]<\/p><br>","protected":false},"author":7,"featured_media":0,"comment_status":"closed","ping_status":"closed","sticky":false,"template":"","format":"standard","meta":{"_acf_changed":false,"footnotes":""},"categories":[1],"tags":[],"class_list":["post-5709","post","type-post","status-publish","format-standard","hentry","category-okategoriserade"],"acf":[],"yoast_head":"<!-- This site is optimized with the Yoast SEO plugin v26.8 - https:\/\/yoast.com\/product\/yoast-seo-wordpress\/ -->\n<title>Svenskt JVM-brons i jujutsu - Svenska Budo &amp; Kampsportsf\u00f6rbundet<\/title>\n<meta name=\"description\" content=\"Det blev en svensk medalj n\u00e4r junior-VM i jujutsu i Madrid avgjordes under helgen. William Seth-Wenzel, som under l\u00f6rdagen vann pris som \u00c5rets genombrott\" \/>\n<meta name=\"robots\" content=\"index, follow, max-snippet:-1, max-image-preview:large, max-video-preview:-1\" \/>\n<link rel=\"canonical\" href=\"https:\/\/www.budokampsport.se\/2016\/03\/22\/svenskt-jvm-brons-i-jujutsu\/\" \/>\n<meta property=\"og:locale\" content=\"sv_SE\" \/>\n<meta property=\"og:type\" content=\"article\" \/>\n<meta property=\"og:title\" content=\"Svenskt JVM-brons i jujutsu - Svenska Budo &amp; Kampsportsf\u00f6rbundet\" \/>\n<meta property=\"og:description\" content=\"Det blev en svensk medalj n\u00e4r junior-VM i jujutsu i Madrid avgjordes under helgen. William Seth-Wenzel, som under l\u00f6rdagen vann pris som \u00c5rets genombrott\" \/>\n<meta property=\"og:url\" content=\"https:\/\/www.budokampsport.se\/2016\/03\/22\/svenskt-jvm-brons-i-jujutsu\/\" \/>\n<meta property=\"og:site_name\" content=\"Svenska Budo &amp; Kampsportsf\u00f6rbundet\" \/>\n<meta property=\"article:author\" content=\"https:\/\/www.facebook.com\/jonathan.broberg.7\" \/>\n<meta property=\"article:published_time\" content=\"2016-03-22T08:38:20+00:00\" \/>\n<meta property=\"article:modified_time\" content=\"2016-12-06T21:39:40+00:00\" \/>\n<meta name=\"author\" content=\"Jonathan Broberg\" \/>\n<meta name=\"twitter:card\" content=\"summary_large_image\" \/>\n<meta name=\"twitter:label1\" content=\"Skriven av\" \/>\n\t<meta name=\"twitter:data1\" content=\"Jonathan Broberg\" \/>\n\t<meta name=\"twitter:label2\" content=\"Ber\u00e4knad l\u00e4stid\" \/>\n\t<meta name=\"twitter:data2\" content=\"1 minut\" \/>\n<script type=\"application\/ld+json\" class=\"yoast-schema-graph\">{\"@context\":\"https:\/\/schema.org\",\"@graph\":[{\"@type\":\"Article\",\"@id\":\"https:\/\/www.budokampsport.se\/2016\/03\/22\/svenskt-jvm-brons-i-jujutsu\/#article\",\"isPartOf\":{\"@id\":\"https:\/\/www.budokampsport.se\/2016\/03\/22\/svenskt-jvm-brons-i-jujutsu\/\"},\"author\":{\"name\":\"Jonathan Broberg\",\"@id\":\"https:\/\/www.budokampsport.se\/#\/schema\/person\/5c06d81d14850e2a8ce5493386560145\"},\"headline\":\"Svenskt JVM-brons i jujutsu\",\"datePublished\":\"2016-03-22T08:38:20+00:00\",\"dateModified\":\"2016-12-06T21:39:40+00:00\",\"mainEntityOfPage\":{\"@id\":\"https:\/\/www.budokampsport.se\/2016\/03\/22\/svenskt-jvm-brons-i-jujutsu\/\"},\"wordCount\":218,\"inLanguage\":\"sv-SE\"},{\"@type\":\"WebPage\",\"@id\":\"https:\/\/www.budokampsport.se\/2016\/03\/22\/svenskt-jvm-brons-i-jujutsu\/\",\"url\":\"https:\/\/www.budokampsport.se\/2016\/03\/22\/svenskt-jvm-brons-i-jujutsu\/\",\"name\":\"Svenskt JVM-brons i jujutsu - Svenska Budo &amp; Kampsportsf\u00f6rbundet\",\"isPartOf\":{\"@id\":\"https:\/\/www.budokampsport.se\/#website\"},\"datePublished\":\"2016-03-22T08:38:20+00:00\",\"dateModified\":\"2016-12-06T21:39:40+00:00\",\"author\":{\"@id\":\"https:\/\/www.budokampsport.se\/#\/schema\/person\/5c06d81d14850e2a8ce5493386560145\"},\"description\":\"Det blev en svensk medalj n\u00e4r junior-VM i jujutsu i Madrid avgjordes under helgen. William Seth-Wenzel, som under l\u00f6rdagen vann pris som \u00c5rets genombrott\",\"breadcrumb\":{\"@id\":\"https:\/\/www.budokampsport.se\/2016\/03\/22\/svenskt-jvm-brons-i-jujutsu\/#breadcrumb\"},\"inLanguage\":\"sv-SE\",\"potentialAction\":[{\"@type\":\"ReadAction\",\"target\":[\"https:\/\/www.budokampsport.se\/2016\/03\/22\/svenskt-jvm-brons-i-jujutsu\/\"]}]},{\"@type\":\"BreadcrumbList\",\"@id\":\"https:\/\/www.budokampsport.se\/2016\/03\/22\/svenskt-jvm-brons-i-jujutsu\/#breadcrumb\",\"itemListElement\":[{\"@type\":\"ListItem\",\"position\":1,\"name\":\"Hem\",\"item\":\"https:\/\/www.budokampsport.se\/\"},{\"@type\":\"ListItem\",\"position\":2,\"name\":\"Svenskt JVM-brons i jujutsu\"}]},{\"@type\":\"WebSite\",\"@id\":\"https:\/\/www.budokampsport.se\/#website\",\"url\":\"https:\/\/www.budokampsport.se\/\",\"name\":\"Svenska Budo &amp; Kampsportsf\u00f6rbundet\",\"description\":\"T\u00e4vling, Tr\u00e4ning, Tradition\",\"potentialAction\":[{\"@type\":\"SearchAction\",\"target\":{\"@type\":\"EntryPoint\",\"urlTemplate\":\"https:\/\/www.budokampsport.se\/?s={search_term_string}\"},\"query-input\":{\"@type\":\"PropertyValueSpecification\",\"valueRequired\":true,\"valueName\":\"search_term_string\"}}],\"inLanguage\":\"sv-SE\"},{\"@type\":\"Person\",\"@id\":\"https:\/\/www.budokampsport.se\/#\/schema\/person\/5c06d81d14850e2a8ce5493386560145\",\"name\":\"Jonathan Broberg\",\"image\":{\"@type\":\"ImageObject\",\"inLanguage\":\"sv-SE\",\"@id\":\"https:\/\/www.budokampsport.se\/#\/schema\/person\/image\/\",\"url\":\"https:\/\/secure.gravatar.com\/avatar\/a58041c6cea9128bd9c40ee2f26d4136?s=96&d=blank&r=g\",\"contentUrl\":\"https:\/\/secure.gravatar.com\/avatar\/a58041c6cea9128bd9c40ee2f26d4136?s=96&d=blank&r=g\",\"caption\":\"Jonathan Broberg\"},\"sameAs\":[\"https:\/\/www.facebook.com\/jonathan.broberg.7\"],\"url\":\"https:\/\/www.budokampsport.se\/author\/jonathan\/\"}]}<\/script>\n<!-- \/ Yoast SEO plugin. -->","yoast_head_json":{"title":"Svenskt JVM-brons i jujutsu - Svenska Budo &amp; Kampsportsf\u00f6rbundet","description":"Det blev en svensk medalj n\u00e4r junior-VM i jujutsu i Madrid avgjordes under helgen. William Seth-Wenzel, som under l\u00f6rdagen vann pris som \u00c5rets genombrott","robots":{"index":"index","follow":"follow","max-snippet":"max-snippet:-1","max-image-preview":"max-image-preview:large","max-video-preview":"max-video-preview:-1"},"canonical":"https:\/\/www.budokampsport.se\/2016\/03\/22\/svenskt-jvm-brons-i-jujutsu\/","og_locale":"sv_SE","og_type":"article","og_title":"Svenskt JVM-brons i jujutsu - Svenska Budo &amp; Kampsportsf\u00f6rbundet","og_description":"Det blev en svensk medalj n\u00e4r junior-VM i jujutsu i Madrid avgjordes under helgen. William Seth-Wenzel, som under l\u00f6rdagen vann pris som \u00c5rets genombrott","og_url":"https:\/\/www.budokampsport.se\/2016\/03\/22\/svenskt-jvm-brons-i-jujutsu\/","og_site_name":"Svenska Budo &amp; Kampsportsf\u00f6rbundet","article_author":"https:\/\/www.facebook.com\/jonathan.broberg.7","article_published_time":"2016-03-22T08:38:20+00:00","article_modified_time":"2016-12-06T21:39:40+00:00","author":"Jonathan Broberg","twitter_card":"summary_large_image","twitter_misc":{"Skriven av":"Jonathan Broberg","Ber\u00e4knad l\u00e4stid":"1 minut"},"schema":{"@context":"https:\/\/schema.org","@graph":[{"@type":"Article","@id":"https:\/\/www.budokampsport.se\/2016\/03\/22\/svenskt-jvm-brons-i-jujutsu\/#article","isPartOf":{"@id":"https:\/\/www.budokampsport.se\/2016\/03\/22\/svenskt-jvm-brons-i-jujutsu\/"},"author":{"name":"Jonathan Broberg","@id":"https:\/\/www.budokampsport.se\/#\/schema\/person\/5c06d81d14850e2a8ce5493386560145"},"headline":"Svenskt JVM-brons i jujutsu","datePublished":"2016-03-22T08:38:20+00:00","dateModified":"2016-12-06T21:39:40+00:00","mainEntityOfPage":{"@id":"https:\/\/www.budokampsport.se\/2016\/03\/22\/svenskt-jvm-brons-i-jujutsu\/"},"wordCount":218,"inLanguage":"sv-SE"},{"@type":"WebPage","@id":"https:\/\/www.budokampsport.se\/2016\/03\/22\/svenskt-jvm-brons-i-jujutsu\/","url":"https:\/\/www.budokampsport.se\/2016\/03\/22\/svenskt-jvm-brons-i-jujutsu\/","name":"Svenskt JVM-brons i jujutsu - Svenska Budo &amp; Kampsportsf\u00f6rbundet","isPartOf":{"@id":"https:\/\/www.budokampsport.se\/#website"},"datePublished":"2016-03-22T08:38:20+00:00","dateModified":"2016-12-06T21:39:40+00:00","author":{"@id":"https:\/\/www.budokampsport.se\/#\/schema\/person\/5c06d81d14850e2a8ce5493386560145"},"description":"Det blev en svensk medalj n\u00e4r junior-VM i jujutsu i Madrid avgjordes under helgen. William Seth-Wenzel, som under l\u00f6rdagen vann pris som \u00c5rets genombrott","breadcrumb":{"@id":"https:\/\/www.budokampsport.se\/2016\/03\/22\/svenskt-jvm-brons-i-jujutsu\/#breadcrumb"},"inLanguage":"sv-SE","potentialAction":[{"@type":"ReadAction","target":["https:\/\/www.budokampsport.se\/2016\/03\/22\/svenskt-jvm-brons-i-jujutsu\/"]}]},{"@type":"BreadcrumbList","@id":"https:\/\/www.budokampsport.se\/2016\/03\/22\/svenskt-jvm-brons-i-jujutsu\/#breadcrumb","itemListElement":[{"@type":"ListItem","position":1,"name":"Hem","item":"https:\/\/www.budokampsport.se\/"},{"@type":"ListItem","position":2,"name":"Svenskt JVM-brons i jujutsu"}]},{"@type":"WebSite","@id":"https:\/\/www.budokampsport.se\/#website","url":"https:\/\/www.budokampsport.se\/","name":"Svenska Budo &amp; Kampsportsf\u00f6rbundet","description":"T\u00e4vling, Tr\u00e4ning, Tradition","potentialAction":[{"@type":"SearchAction","target":{"@type":"EntryPoint","urlTemplate":"https:\/\/www.budokampsport.se\/?s={search_term_string}"},"query-input":{"@type":"PropertyValueSpecification","valueRequired":true,"valueName":"search_term_string"}}],"inLanguage":"sv-SE"},{"@type":"Person","@id":"https:\/\/www.budokampsport.se\/#\/schema\/person\/5c06d81d14850e2a8ce5493386560145","name":"Jonathan Broberg","image":{"@type":"ImageObject","inLanguage":"sv-SE","@id":"https:\/\/www.budokampsport.se\/#\/schema\/person\/image\/","url":"https:\/\/secure.gravatar.com\/avatar\/a58041c6cea9128bd9c40ee2f26d4136?s=96&d=blank&r=g","contentUrl":"https:\/\/secure.gravatar.com\/avatar\/a58041c6cea9128bd9c40ee2f26d4136?s=96&d=blank&r=g","caption":"Jonathan Broberg"},"sameAs":["https:\/\/www.facebook.com\/jonathan.broberg.7"],"url":"https:\/\/www.budokampsport.se\/author\/jonathan\/"}]}},"_links":{"self":[{"href":"https:\/\/www.budokampsport.se\/api\/wp\/v2\/posts\/5709","targetHints":{"allow":["GET"]}}],"collection":[{"href":"https:\/\/www.budokampsport.se\/api\/wp\/v2\/posts"}],"about":[{"href":"https:\/\/www.budokampsport.se\/api\/wp\/v2\/types\/post"}],"author":[{"embeddable":true,"href":"https:\/\/www.budokampsport.se\/api\/wp\/v2\/users\/7"}],"replies":[{"embeddable":true,"href":"https:\/\/www.budokampsport.se\/api\/wp\/v2\/comments?post=5709"}],"version-history":[{"count":0,"href":"https:\/\/www.budokampsport.se\/api\/wp\/v2\/posts\/5709\/revisions"}],"wp:attachment":[{"href":"https:\/\/www.budokampsport.se\/api\/wp\/v2\/media?parent=5709"}],"wp:term":[{"taxonomy":"category","embeddable":true,"href":"https:\/\/www.budokampsport.se\/api\/wp\/v2\/categories?post=5709"},{"taxonomy":"post_tag","embeddable":true,"href":"https:\/\/www.budokampsport.se\/api\/wp\/v2\/tags?post=5709"}],"curies":[{"name":"wp","href":"https:\/\/api.w.org\/{rel}","templated":true}]}}