{"id":5749,"date":"2016-04-28T10:03:24","date_gmt":"2016-04-28T08:03:24","guid":{"rendered":"http:\/\/budo.wordpress.dev\/2016\/04\/28\/isabelle-vistam-aker-till-paris-rejalt-revanschsugen\/"},"modified":"2016-12-06T22:39:48","modified_gmt":"2016-12-06T21:39:48","slug":"isabelle-vistam-aker-till-paris-rejalt-revanschsugen","status":"publish","type":"post","link":"https:\/\/www.budokampsport.se\/2016\/04\/28\/isabelle-vistam-aker-till-paris-rejalt-revanschsugen\/","title":{"rendered":"Isabelle Vistam \u00e5ker till Paris rej\u00e4lt revanschsugen"},"content":{"rendered":"<p><strong><img decoding=\"async\" alt=\"\" src=\"\/sites\/default\/files\/isabelle_vistam_tva.gif\" style=\"height:323px; width:435px\"><br \/>Hon gjorde sitt allra f\u00f6rsta senior-VM ifjol \u2013 och slutade femma. Supertalangen i jujutsu Isabelle Vistam har h\u00f6ga f\u00f6rv\u00e4ntningar \u00e5rets s\u00e4song, som inleds med stort\u00e4vlingen Paris Open under helgen.<br \/>\u00a0\u00a0 &#8211; Vilken t\u00e4vling jag \u00e4n \u00e5ker p\u00e5 \u00e4r m\u00e5ls\u00e4ttningen att ta medalj, s\u00e4ger hon till budokampsport.se.<\/strong><!--break--><\/p>\n<p>Isabelle Vistam kom ifjol till VM i Bangkok som en frisk fl\u00e4kt. Hon var superl\u00f6ftet som emellertid varit skadedrabbad och VM i Bangkok ifjol var hennes, n\u00e5got senare \u00e4n planerat, debut i VM-sammanhang f\u00f6r seniorer.<\/p>\n<p>Men tidigt stod det klart att Vistam h\u00e5ller fruktansv\u00e4rt h\u00f6g kvalitet. Hon slutade femma, bara en h\u00e5rsm\u00e5n fr\u00e5n VM-medalj.<\/p>\n<p>I helgen tar den nya s\u00e4songen lite fart med stort\u00e4vlingen Paris Open.<br \/>\u00a0\u00a0 &#8211; Det \u00e4r alltid roligt med en stor och \u00f6ppen t\u00e4vling. Jag ska \u00e5ka ner och g\u00f6ra mitt allra b\u00e4sta.<\/p>\n<p><strong>&#8220;F\u00e5\u00a0tuffare sparring&#8221;<\/strong><br \/>Och m\u00e5ls\u00e4ttningen f\u00f6r Isabelle \u00e4r glasklar.<br \/>\u00a0\u00a0 &#8211; Vilken t\u00e4vling jag \u00e4n \u00e5ker p\u00e5 \u00e4r m\u00e5ls\u00e4ttningen att ta medalj, men jag vet ocks\u00e5 att det \u00e4r sv\u00e5r konkurrens p\u00e5 t\u00e4vlingar s\u00e5 som Paris Open. M\u00e5let \u00e4r att g\u00f6ra mitt allra b\u00e4sta, s\u00e5 f\u00e5r vi se hur l\u00e5ngt det r\u00e4cker.<\/p>\n<p>Hennes magnifika VM i fjol till trots, under junior-VM i v\u00e5ras st\u00e4mde inte mycket f\u00f6r Vistam.<br \/>\u00a0\u00a0 &#8211; Jag tror jag st\u00e5r bra i min jujutsu just nu och forts\u00e4tter att tr\u00e4na p\u00e5 h\u00e5rt inf\u00f6r de kommande m\u00e4sterskapen. Jag har tr\u00e4nat och t\u00e4vlat lite mer Brasiliansk Ju-jutsu f\u00f6r att bli starkare i brottningsdelen, men \u00e4ven f\u00f6r att f\u00e5 tuffare sparring med tjejer i min storlek.<\/p>\n<p>Text: Jonathan Broberg<br \/>Foto: Hamid Ershad Sarabi<\/p>\n","protected":false},"excerpt":{"rendered":"<p>Hon gjorde sitt allra f\u00f6rsta senior-VM ifjol \u2013 och slutade [&#8230;]<\/p><br>","protected":false},"author":7,"featured_media":0,"comment_status":"closed","ping_status":"closed","sticky":false,"template":"","format":"standard","meta":{"_acf_changed":false,"footnotes":""},"categories":[1],"tags":[],"class_list":["post-5749","post","type-post","status-publish","format-standard","hentry","category-okategoriserade"],"acf":[],"yoast_head":"<!-- This site is optimized with the Yoast SEO plugin v26.8 - https:\/\/yoast.com\/product\/yoast-seo-wordpress\/ -->\n<title>Isabelle Vistam \u00e5ker till Paris rej\u00e4lt revanschsugen - Svenska Budo &amp; Kampsportsf\u00f6rbundet<\/title>\n<meta name=\"description\" content=\"Hon gjorde sitt allra f\u00f6rsta senior-VM ifjol \u2013 och slutade femma. Supertalangen i jujutsu Isabelle Vistam har h\u00f6ga f\u00f6rv\u00e4ntningar \u00e5rets s\u00e4song, som inleds\" \/>\n<meta name=\"robots\" content=\"index, follow, max-snippet:-1, max-image-preview:large, max-video-preview:-1\" \/>\n<link rel=\"canonical\" href=\"https:\/\/www.budokampsport.se\/2016\/04\/28\/isabelle-vistam-aker-till-paris-rejalt-revanschsugen\/\" \/>\n<meta property=\"og:locale\" content=\"sv_SE\" \/>\n<meta property=\"og:type\" content=\"article\" \/>\n<meta property=\"og:title\" content=\"Isabelle Vistam \u00e5ker till Paris rej\u00e4lt revanschsugen - Svenska Budo &amp; Kampsportsf\u00f6rbundet\" \/>\n<meta property=\"og:description\" content=\"Hon gjorde sitt allra f\u00f6rsta senior-VM ifjol \u2013 och slutade femma. Supertalangen i jujutsu Isabelle Vistam har h\u00f6ga f\u00f6rv\u00e4ntningar \u00e5rets s\u00e4song, som inleds\" \/>\n<meta property=\"og:url\" content=\"https:\/\/www.budokampsport.se\/2016\/04\/28\/isabelle-vistam-aker-till-paris-rejalt-revanschsugen\/\" \/>\n<meta property=\"og:site_name\" content=\"Svenska Budo &amp; Kampsportsf\u00f6rbundet\" \/>\n<meta property=\"article:author\" content=\"https:\/\/www.facebook.com\/jonathan.broberg.7\" \/>\n<meta property=\"article:published_time\" content=\"2016-04-28T08:03:24+00:00\" \/>\n<meta property=\"article:modified_time\" content=\"2016-12-06T21:39:48+00:00\" \/>\n<meta name=\"author\" content=\"Jonathan Broberg\" \/>\n<meta name=\"twitter:card\" content=\"summary_large_image\" \/>\n<meta name=\"twitter:label1\" content=\"Skriven av\" \/>\n\t<meta name=\"twitter:data1\" content=\"Jonathan Broberg\" \/>\n\t<meta name=\"twitter:label2\" content=\"Ber\u00e4knad l\u00e4stid\" \/>\n\t<meta name=\"twitter:data2\" content=\"2 minuter\" \/>\n<script type=\"application\/ld+json\" class=\"yoast-schema-graph\">{\"@context\":\"https:\/\/schema.org\",\"@graph\":[{\"@type\":\"Article\",\"@id\":\"https:\/\/www.budokampsport.se\/2016\/04\/28\/isabelle-vistam-aker-till-paris-rejalt-revanschsugen\/#article\",\"isPartOf\":{\"@id\":\"https:\/\/www.budokampsport.se\/2016\/04\/28\/isabelle-vistam-aker-till-paris-rejalt-revanschsugen\/\"},\"author\":{\"name\":\"Jonathan Broberg\",\"@id\":\"https:\/\/www.budokampsport.se\/#\/schema\/person\/5c06d81d14850e2a8ce5493386560145\"},\"headline\":\"Isabelle Vistam \u00e5ker till Paris rej\u00e4lt revanschsugen\",\"datePublished\":\"2016-04-28T08:03:24+00:00\",\"dateModified\":\"2016-12-06T21:39:48+00:00\",\"mainEntityOfPage\":{\"@id\":\"https:\/\/www.budokampsport.se\/2016\/04\/28\/isabelle-vistam-aker-till-paris-rejalt-revanschsugen\/\"},\"wordCount\":312,\"inLanguage\":\"sv-SE\"},{\"@type\":\"WebPage\",\"@id\":\"https:\/\/www.budokampsport.se\/2016\/04\/28\/isabelle-vistam-aker-till-paris-rejalt-revanschsugen\/\",\"url\":\"https:\/\/www.budokampsport.se\/2016\/04\/28\/isabelle-vistam-aker-till-paris-rejalt-revanschsugen\/\",\"name\":\"Isabelle Vistam \u00e5ker till Paris rej\u00e4lt revanschsugen - Svenska Budo &amp; Kampsportsf\u00f6rbundet\",\"isPartOf\":{\"@id\":\"https:\/\/www.budokampsport.se\/#website\"},\"datePublished\":\"2016-04-28T08:03:24+00:00\",\"dateModified\":\"2016-12-06T21:39:48+00:00\",\"author\":{\"@id\":\"https:\/\/www.budokampsport.se\/#\/schema\/person\/5c06d81d14850e2a8ce5493386560145\"},\"description\":\"Hon gjorde sitt allra f\u00f6rsta senior-VM ifjol \u2013 och slutade femma. Supertalangen i jujutsu Isabelle Vistam har h\u00f6ga f\u00f6rv\u00e4ntningar \u00e5rets s\u00e4song, som inleds\",\"breadcrumb\":{\"@id\":\"https:\/\/www.budokampsport.se\/2016\/04\/28\/isabelle-vistam-aker-till-paris-rejalt-revanschsugen\/#breadcrumb\"},\"inLanguage\":\"sv-SE\",\"potentialAction\":[{\"@type\":\"ReadAction\",\"target\":[\"https:\/\/www.budokampsport.se\/2016\/04\/28\/isabelle-vistam-aker-till-paris-rejalt-revanschsugen\/\"]}]},{\"@type\":\"BreadcrumbList\",\"@id\":\"https:\/\/www.budokampsport.se\/2016\/04\/28\/isabelle-vistam-aker-till-paris-rejalt-revanschsugen\/#breadcrumb\",\"itemListElement\":[{\"@type\":\"ListItem\",\"position\":1,\"name\":\"Hem\",\"item\":\"https:\/\/www.budokampsport.se\/\"},{\"@type\":\"ListItem\",\"position\":2,\"name\":\"Isabelle Vistam \u00e5ker till Paris rej\u00e4lt revanschsugen\"}]},{\"@type\":\"WebSite\",\"@id\":\"https:\/\/www.budokampsport.se\/#website\",\"url\":\"https:\/\/www.budokampsport.se\/\",\"name\":\"Svenska Budo &amp; Kampsportsf\u00f6rbundet\",\"description\":\"T\u00e4vling, Tr\u00e4ning, Tradition\",\"potentialAction\":[{\"@type\":\"SearchAction\",\"target\":{\"@type\":\"EntryPoint\",\"urlTemplate\":\"https:\/\/www.budokampsport.se\/?s={search_term_string}\"},\"query-input\":{\"@type\":\"PropertyValueSpecification\",\"valueRequired\":true,\"valueName\":\"search_term_string\"}}],\"inLanguage\":\"sv-SE\"},{\"@type\":\"Person\",\"@id\":\"https:\/\/www.budokampsport.se\/#\/schema\/person\/5c06d81d14850e2a8ce5493386560145\",\"name\":\"Jonathan Broberg\",\"image\":{\"@type\":\"ImageObject\",\"inLanguage\":\"sv-SE\",\"@id\":\"https:\/\/www.budokampsport.se\/#\/schema\/person\/image\/\",\"url\":\"https:\/\/secure.gravatar.com\/avatar\/a58041c6cea9128bd9c40ee2f26d4136?s=96&d=blank&r=g\",\"contentUrl\":\"https:\/\/secure.gravatar.com\/avatar\/a58041c6cea9128bd9c40ee2f26d4136?s=96&d=blank&r=g\",\"caption\":\"Jonathan Broberg\"},\"sameAs\":[\"https:\/\/www.facebook.com\/jonathan.broberg.7\"],\"url\":\"https:\/\/www.budokampsport.se\/author\/jonathan\/\"}]}<\/script>\n<!-- \/ Yoast SEO plugin. -->","yoast_head_json":{"title":"Isabelle Vistam \u00e5ker till Paris rej\u00e4lt revanschsugen - Svenska Budo &amp; Kampsportsf\u00f6rbundet","description":"Hon gjorde sitt allra f\u00f6rsta senior-VM ifjol \u2013 och slutade femma. Supertalangen i jujutsu Isabelle Vistam har h\u00f6ga f\u00f6rv\u00e4ntningar \u00e5rets s\u00e4song, som inleds","robots":{"index":"index","follow":"follow","max-snippet":"max-snippet:-1","max-image-preview":"max-image-preview:large","max-video-preview":"max-video-preview:-1"},"canonical":"https:\/\/www.budokampsport.se\/2016\/04\/28\/isabelle-vistam-aker-till-paris-rejalt-revanschsugen\/","og_locale":"sv_SE","og_type":"article","og_title":"Isabelle Vistam \u00e5ker till Paris rej\u00e4lt revanschsugen - Svenska Budo &amp; Kampsportsf\u00f6rbundet","og_description":"Hon gjorde sitt allra f\u00f6rsta senior-VM ifjol \u2013 och slutade femma. Supertalangen i jujutsu Isabelle Vistam har h\u00f6ga f\u00f6rv\u00e4ntningar \u00e5rets s\u00e4song, som inleds","og_url":"https:\/\/www.budokampsport.se\/2016\/04\/28\/isabelle-vistam-aker-till-paris-rejalt-revanschsugen\/","og_site_name":"Svenska Budo &amp; Kampsportsf\u00f6rbundet","article_author":"https:\/\/www.facebook.com\/jonathan.broberg.7","article_published_time":"2016-04-28T08:03:24+00:00","article_modified_time":"2016-12-06T21:39:48+00:00","author":"Jonathan Broberg","twitter_card":"summary_large_image","twitter_misc":{"Skriven av":"Jonathan Broberg","Ber\u00e4knad l\u00e4stid":"2 minuter"},"schema":{"@context":"https:\/\/schema.org","@graph":[{"@type":"Article","@id":"https:\/\/www.budokampsport.se\/2016\/04\/28\/isabelle-vistam-aker-till-paris-rejalt-revanschsugen\/#article","isPartOf":{"@id":"https:\/\/www.budokampsport.se\/2016\/04\/28\/isabelle-vistam-aker-till-paris-rejalt-revanschsugen\/"},"author":{"name":"Jonathan Broberg","@id":"https:\/\/www.budokampsport.se\/#\/schema\/person\/5c06d81d14850e2a8ce5493386560145"},"headline":"Isabelle Vistam \u00e5ker till Paris rej\u00e4lt revanschsugen","datePublished":"2016-04-28T08:03:24+00:00","dateModified":"2016-12-06T21:39:48+00:00","mainEntityOfPage":{"@id":"https:\/\/www.budokampsport.se\/2016\/04\/28\/isabelle-vistam-aker-till-paris-rejalt-revanschsugen\/"},"wordCount":312,"inLanguage":"sv-SE"},{"@type":"WebPage","@id":"https:\/\/www.budokampsport.se\/2016\/04\/28\/isabelle-vistam-aker-till-paris-rejalt-revanschsugen\/","url":"https:\/\/www.budokampsport.se\/2016\/04\/28\/isabelle-vistam-aker-till-paris-rejalt-revanschsugen\/","name":"Isabelle Vistam \u00e5ker till Paris rej\u00e4lt revanschsugen - Svenska Budo &amp; Kampsportsf\u00f6rbundet","isPartOf":{"@id":"https:\/\/www.budokampsport.se\/#website"},"datePublished":"2016-04-28T08:03:24+00:00","dateModified":"2016-12-06T21:39:48+00:00","author":{"@id":"https:\/\/www.budokampsport.se\/#\/schema\/person\/5c06d81d14850e2a8ce5493386560145"},"description":"Hon gjorde sitt allra f\u00f6rsta senior-VM ifjol \u2013 och slutade femma. Supertalangen i jujutsu Isabelle Vistam har h\u00f6ga f\u00f6rv\u00e4ntningar \u00e5rets s\u00e4song, som inleds","breadcrumb":{"@id":"https:\/\/www.budokampsport.se\/2016\/04\/28\/isabelle-vistam-aker-till-paris-rejalt-revanschsugen\/#breadcrumb"},"inLanguage":"sv-SE","potentialAction":[{"@type":"ReadAction","target":["https:\/\/www.budokampsport.se\/2016\/04\/28\/isabelle-vistam-aker-till-paris-rejalt-revanschsugen\/"]}]},{"@type":"BreadcrumbList","@id":"https:\/\/www.budokampsport.se\/2016\/04\/28\/isabelle-vistam-aker-till-paris-rejalt-revanschsugen\/#breadcrumb","itemListElement":[{"@type":"ListItem","position":1,"name":"Hem","item":"https:\/\/www.budokampsport.se\/"},{"@type":"ListItem","position":2,"name":"Isabelle Vistam \u00e5ker till Paris rej\u00e4lt revanschsugen"}]},{"@type":"WebSite","@id":"https:\/\/www.budokampsport.se\/#website","url":"https:\/\/www.budokampsport.se\/","name":"Svenska Budo &amp; Kampsportsf\u00f6rbundet","description":"T\u00e4vling, Tr\u00e4ning, Tradition","potentialAction":[{"@type":"SearchAction","target":{"@type":"EntryPoint","urlTemplate":"https:\/\/www.budokampsport.se\/?s={search_term_string}"},"query-input":{"@type":"PropertyValueSpecification","valueRequired":true,"valueName":"search_term_string"}}],"inLanguage":"sv-SE"},{"@type":"Person","@id":"https:\/\/www.budokampsport.se\/#\/schema\/person\/5c06d81d14850e2a8ce5493386560145","name":"Jonathan Broberg","image":{"@type":"ImageObject","inLanguage":"sv-SE","@id":"https:\/\/www.budokampsport.se\/#\/schema\/person\/image\/","url":"https:\/\/secure.gravatar.com\/avatar\/a58041c6cea9128bd9c40ee2f26d4136?s=96&d=blank&r=g","contentUrl":"https:\/\/secure.gravatar.com\/avatar\/a58041c6cea9128bd9c40ee2f26d4136?s=96&d=blank&r=g","caption":"Jonathan Broberg"},"sameAs":["https:\/\/www.facebook.com\/jonathan.broberg.7"],"url":"https:\/\/www.budokampsport.se\/author\/jonathan\/"}]}},"_links":{"self":[{"href":"https:\/\/www.budokampsport.se\/api\/wp\/v2\/posts\/5749","targetHints":{"allow":["GET"]}}],"collection":[{"href":"https:\/\/www.budokampsport.se\/api\/wp\/v2\/posts"}],"about":[{"href":"https:\/\/www.budokampsport.se\/api\/wp\/v2\/types\/post"}],"author":[{"embeddable":true,"href":"https:\/\/www.budokampsport.se\/api\/wp\/v2\/users\/7"}],"replies":[{"embeddable":true,"href":"https:\/\/www.budokampsport.se\/api\/wp\/v2\/comments?post=5749"}],"version-history":[{"count":0,"href":"https:\/\/www.budokampsport.se\/api\/wp\/v2\/posts\/5749\/revisions"}],"wp:attachment":[{"href":"https:\/\/www.budokampsport.se\/api\/wp\/v2\/media?parent=5749"}],"wp:term":[{"taxonomy":"category","embeddable":true,"href":"https:\/\/www.budokampsport.se\/api\/wp\/v2\/categories?post=5749"},{"taxonomy":"post_tag","embeddable":true,"href":"https:\/\/www.budokampsport.se\/api\/wp\/v2\/tags?post=5749"}],"curies":[{"name":"wp","href":"https:\/\/api.w.org\/{rel}","templated":true}]}}