{"id":5751,"date":"2016-04-28T13:32:09","date_gmt":"2016-04-28T11:32:09","guid":{"rendered":"http:\/\/budo.wordpress.dev\/2016\/04\/28\/nyblivne-varldsmastaren-hjalp-hur-ska-det-har-sluta\/"},"modified":"2016-12-02T07:25:13","modified_gmt":"2016-12-02T06:25:13","slug":"nyblivne-varldsmastaren-hjalp-hur-ska-det-har-sluta","status":"publish","type":"post","link":"https:\/\/www.budokampsport.se\/2016\/04\/28\/nyblivne-varldsmastaren-hjalp-hur-ska-det-har-sluta\/","title":{"rendered":"Nyblivne v\u00e4rldsm\u00e4staren: &#8220;Hj\u00e4lp, hur ska det h\u00e4r sluta"},"content":{"rendered":"<p><strong><img decoding=\"async\" alt=\"\" src=\"\/sites\/default\/files\/tilda_ek.jpg\" style=\"height:270px; width:435px\"><br \/>F\u00f6r drygt en vecka sedan i Bukarest blev 19-\u00e5riga Tilda Ek fr\u00e5n Svedala v\u00e4rldsm\u00e4stare i kempo. Men faktum \u00e4r att hon inte ens skulle ha varit med, d\u00e5 hon var anm\u00e4ld i U21-klassen. Men av n\u00e5gon anledning slogs den klassen ihop med seniorklassen och Ek vann allts\u00e5 guldet d\u00e4r \u00e4nd\u00e5.<br \/>\u00a0\u00a0 &#8211; F\u00f6rst var det tungt, jag t\u00e4nkte: hj\u00e4lp, hur ska det h\u00e4r sluta, s\u00e4ger hon till budokampsport.se.<\/strong><!--break--><\/p>\n<p>F\u00f6r m\u00e5nga i Sverige har den senaste veckan varit gr\u00e5, kall och inte alls speciellt speciell. V\u00e5ren har lyst med sin fr\u00e5nvaro.<\/p>\n<p>F\u00f6r 19-\u00e5riga Tilda Ek har veckan kanske varit den b\u00e4sta hon har upplevt. Den 20 april 2016 kommer hon sent gl\u00f6mma.<\/p>\n<p>Ek, som vunnit b\u00e5de JVM och U21-VM i kempo f\u00f6rr, var inst\u00e4lld p\u00e5 att t\u00e4vla i U21-klassen i \u00e5r igen. Men v\u00e4l p\u00e5 plats i Bukarest f\u00f6r\u00e4ndrades allt radikalt. U21 hade slagits ihop med seniorklassen och ton\u00e5ringen fr\u00e5n Svedala skulle ist\u00e4llet t\u00e4vla mot de allra b\u00e4sta seniorerna.<br \/>\u00a0\u00a0 &#8211; Det fanns inte s\u00e5 mycket att g\u00f6ra \u00e5t saken. Jag ville ju t\u00e4vla. Men f\u00f6rst var det tungt, jag t\u00e4nkte: hj\u00e4lp, hur ska det h\u00e4r sluta?<\/p>\n<p>Och nog syntes det tidigt i VM, rent av redan i f\u00f6rsta matchens f\u00f6rsta skede, att det inte var en vanlig situation. Ek misslyckades med en nedtagning och hamnade direkt i po\u00e4ngm\u00e4ssigt underl\u00e4ge.<br \/>\u00a0\u00a0 &#8211; Det var verkligen tufft. Men jag lyckades flippa motst\u00e5ndet och hamnade i \u00f6verl\u00e4ge och fick po\u00e4ng och v\u00e4nde matchen. D\u00e5 b\u00f6rjade nerverna sl\u00e4ppa. Sedan h\u00e4nde n\u00e4stan samma sak i den andra matchen, jag hamnade tidigt i underl\u00e4ge men v\u00e4nde och vann. Sedan rullade det p\u00e5.<\/p>\n<p><strong>Extrajobbar p\u00e5 bensinmack<\/strong><br \/>Och som det gjorde det. Mediestudenten, som jobbar extra p\u00e5 bensinmack p\u00e5 helgerna, var omutlig och pl\u00f6tsligt framme i en VM-final. Vilken hon ocks\u00e5, p\u00e5 ett \u00f6vertygande vis vann.<br \/>\u00a0\u00a0 &#8211; Jag har l\u00e4rt mig av den senaste veckan att man kanske inte ska haka upp sig p\u00e5 sm\u00e5 f\u00f6r\u00e4ndringar. Det \u00e4r inte l\u00e4tt, men jag bevisade f\u00f6r mig sj\u00e4lv att det g\u00e5r om man bara tror p\u00e5 att man kan klara det. Och som min tr\u00e4nare Martin sade, jag tr\u00e4nar ju med de som \u00e4r \u00e4ldre hemma p\u00e5 klubben.<\/p>\n<p>I sommar tar Ek studenten. Hon g\u00f6r det som en v\u00e4rldsm\u00e4starinna. Det \u00e4r det nog inte s\u00e5 m\u00e5nga andra studenter som ska stoltsera med. \u00a0<\/p>\n<p>Text: Jonathan Broberg<br \/>Foto: Martin J\u00f6nsson<\/p>\n","protected":false},"excerpt":{"rendered":"<p>F\u00f6r drygt en vecka sedan i Bukarest blev 19-\u00e5riga Tilda [&#8230;]<\/p><br>","protected":false},"author":1,"featured_media":0,"comment_status":"closed","ping_status":"closed","sticky":false,"template":"","format":"standard","meta":{"_acf_changed":false,"footnotes":""},"categories":[1],"tags":[],"class_list":["post-5751","post","type-post","status-publish","format-standard","hentry","category-okategoriserade"],"acf":[],"yoast_head":"<!-- This site is optimized with the Yoast SEO plugin v26.8 - https:\/\/yoast.com\/product\/yoast-seo-wordpress\/ -->\n<title>Nyblivne v\u00e4rldsm\u00e4staren: &quot;Hj\u00e4lp, hur ska det h\u00e4r sluta - Svenska Budo &amp; Kampsportsf\u00f6rbundet<\/title>\n<meta name=\"description\" content=\"F\u00f6r drygt en vecka sedan i Bukarest blev 19-\u00e5riga Tilda Ek fr\u00e5n Svedala v\u00e4rldsm\u00e4stare i kempo. Men faktum \u00e4r att hon inte ens skulle ha varit med, d\u00e5 hon\" \/>\n<meta name=\"robots\" content=\"index, follow, max-snippet:-1, max-image-preview:large, max-video-preview:-1\" \/>\n<link rel=\"canonical\" href=\"https:\/\/www.budokampsport.se\/2016\/04\/28\/nyblivne-varldsmastaren-hjalp-hur-ska-det-har-sluta\/\" \/>\n<meta property=\"og:locale\" content=\"sv_SE\" \/>\n<meta property=\"og:type\" content=\"article\" \/>\n<meta property=\"og:title\" content=\"Nyblivne v\u00e4rldsm\u00e4staren: &quot;Hj\u00e4lp, hur ska det h\u00e4r sluta - Svenska Budo &amp; Kampsportsf\u00f6rbundet\" \/>\n<meta property=\"og:description\" content=\"F\u00f6r drygt en vecka sedan i Bukarest blev 19-\u00e5riga Tilda Ek fr\u00e5n Svedala v\u00e4rldsm\u00e4stare i kempo. Men faktum \u00e4r att hon inte ens skulle ha varit med, d\u00e5 hon\" \/>\n<meta property=\"og:url\" content=\"https:\/\/www.budokampsport.se\/2016\/04\/28\/nyblivne-varldsmastaren-hjalp-hur-ska-det-har-sluta\/\" \/>\n<meta property=\"og:site_name\" content=\"Svenska Budo &amp; Kampsportsf\u00f6rbundet\" \/>\n<meta property=\"article:published_time\" content=\"2016-04-28T11:32:09+00:00\" \/>\n<meta property=\"article:modified_time\" content=\"2016-12-02T06:25:13+00:00\" \/>\n<meta name=\"author\" content=\"Tony Svensson\" \/>\n<meta name=\"twitter:card\" content=\"summary_large_image\" \/>\n<meta name=\"twitter:label1\" content=\"Skriven av\" \/>\n\t<meta name=\"twitter:data1\" content=\"Tony Svensson\" \/>\n\t<meta name=\"twitter:label2\" content=\"Ber\u00e4knad l\u00e4stid\" \/>\n\t<meta name=\"twitter:data2\" content=\"2 minuter\" \/>\n<script type=\"application\/ld+json\" class=\"yoast-schema-graph\">{\"@context\":\"https:\/\/schema.org\",\"@graph\":[{\"@type\":\"Article\",\"@id\":\"https:\/\/www.budokampsport.se\/2016\/04\/28\/nyblivne-varldsmastaren-hjalp-hur-ska-det-har-sluta\/#article\",\"isPartOf\":{\"@id\":\"https:\/\/www.budokampsport.se\/2016\/04\/28\/nyblivne-varldsmastaren-hjalp-hur-ska-det-har-sluta\/\"},\"author\":{\"name\":\"Tony Svensson\",\"@id\":\"https:\/\/www.budokampsport.se\/#\/schema\/person\/fa63fbbb0d79141e613a4ec1e6866e5e\"},\"headline\":\"Nyblivne v\u00e4rldsm\u00e4staren: &#8220;Hj\u00e4lp, hur ska det h\u00e4r sluta\",\"datePublished\":\"2016-04-28T11:32:09+00:00\",\"dateModified\":\"2016-12-02T06:25:13+00:00\",\"mainEntityOfPage\":{\"@id\":\"https:\/\/www.budokampsport.se\/2016\/04\/28\/nyblivne-varldsmastaren-hjalp-hur-ska-det-har-sluta\/\"},\"wordCount\":467,\"inLanguage\":\"sv-SE\"},{\"@type\":\"WebPage\",\"@id\":\"https:\/\/www.budokampsport.se\/2016\/04\/28\/nyblivne-varldsmastaren-hjalp-hur-ska-det-har-sluta\/\",\"url\":\"https:\/\/www.budokampsport.se\/2016\/04\/28\/nyblivne-varldsmastaren-hjalp-hur-ska-det-har-sluta\/\",\"name\":\"Nyblivne v\u00e4rldsm\u00e4staren: \\\"Hj\u00e4lp, hur ska det h\u00e4r sluta - Svenska Budo &amp; Kampsportsf\u00f6rbundet\",\"isPartOf\":{\"@id\":\"https:\/\/www.budokampsport.se\/#website\"},\"datePublished\":\"2016-04-28T11:32:09+00:00\",\"dateModified\":\"2016-12-02T06:25:13+00:00\",\"author\":{\"@id\":\"https:\/\/www.budokampsport.se\/#\/schema\/person\/fa63fbbb0d79141e613a4ec1e6866e5e\"},\"description\":\"F\u00f6r drygt en vecka sedan i Bukarest blev 19-\u00e5riga Tilda Ek fr\u00e5n Svedala v\u00e4rldsm\u00e4stare i kempo. Men faktum \u00e4r att hon inte ens skulle ha varit med, d\u00e5 hon\",\"breadcrumb\":{\"@id\":\"https:\/\/www.budokampsport.se\/2016\/04\/28\/nyblivne-varldsmastaren-hjalp-hur-ska-det-har-sluta\/#breadcrumb\"},\"inLanguage\":\"sv-SE\",\"potentialAction\":[{\"@type\":\"ReadAction\",\"target\":[\"https:\/\/www.budokampsport.se\/2016\/04\/28\/nyblivne-varldsmastaren-hjalp-hur-ska-det-har-sluta\/\"]}]},{\"@type\":\"BreadcrumbList\",\"@id\":\"https:\/\/www.budokampsport.se\/2016\/04\/28\/nyblivne-varldsmastaren-hjalp-hur-ska-det-har-sluta\/#breadcrumb\",\"itemListElement\":[{\"@type\":\"ListItem\",\"position\":1,\"name\":\"Hem\",\"item\":\"https:\/\/www.budokampsport.se\/\"},{\"@type\":\"ListItem\",\"position\":2,\"name\":\"Nyblivne v\u00e4rldsm\u00e4staren: &#8220;Hj\u00e4lp, hur ska det h\u00e4r sluta\"}]},{\"@type\":\"WebSite\",\"@id\":\"https:\/\/www.budokampsport.se\/#website\",\"url\":\"https:\/\/www.budokampsport.se\/\",\"name\":\"Svenska Budo &amp; Kampsportsf\u00f6rbundet\",\"description\":\"T\u00e4vling, Tr\u00e4ning, Tradition\",\"potentialAction\":[{\"@type\":\"SearchAction\",\"target\":{\"@type\":\"EntryPoint\",\"urlTemplate\":\"https:\/\/www.budokampsport.se\/?s={search_term_string}\"},\"query-input\":{\"@type\":\"PropertyValueSpecification\",\"valueRequired\":true,\"valueName\":\"search_term_string\"}}],\"inLanguage\":\"sv-SE\"},{\"@type\":\"Person\",\"@id\":\"https:\/\/www.budokampsport.se\/#\/schema\/person\/fa63fbbb0d79141e613a4ec1e6866e5e\",\"name\":\"Tony Svensson\",\"image\":{\"@type\":\"ImageObject\",\"inLanguage\":\"sv-SE\",\"@id\":\"https:\/\/www.budokampsport.se\/#\/schema\/person\/image\/\",\"url\":\"https:\/\/secure.gravatar.com\/avatar\/7bc374e22b288be285d5a3938a1e7522?s=96&d=blank&r=g\",\"contentUrl\":\"https:\/\/secure.gravatar.com\/avatar\/7bc374e22b288be285d5a3938a1e7522?s=96&d=blank&r=g\",\"caption\":\"Tony Svensson\"},\"url\":\"https:\/\/www.budokampsport.se\/author\/sbk\/\"}]}<\/script>\n<!-- \/ Yoast SEO plugin. -->","yoast_head_json":{"title":"Nyblivne v\u00e4rldsm\u00e4staren: \"Hj\u00e4lp, hur ska det h\u00e4r sluta - Svenska Budo &amp; Kampsportsf\u00f6rbundet","description":"F\u00f6r drygt en vecka sedan i Bukarest blev 19-\u00e5riga Tilda Ek fr\u00e5n Svedala v\u00e4rldsm\u00e4stare i kempo. Men faktum \u00e4r att hon inte ens skulle ha varit med, d\u00e5 hon","robots":{"index":"index","follow":"follow","max-snippet":"max-snippet:-1","max-image-preview":"max-image-preview:large","max-video-preview":"max-video-preview:-1"},"canonical":"https:\/\/www.budokampsport.se\/2016\/04\/28\/nyblivne-varldsmastaren-hjalp-hur-ska-det-har-sluta\/","og_locale":"sv_SE","og_type":"article","og_title":"Nyblivne v\u00e4rldsm\u00e4staren: \"Hj\u00e4lp, hur ska det h\u00e4r sluta - Svenska Budo &amp; Kampsportsf\u00f6rbundet","og_description":"F\u00f6r drygt en vecka sedan i Bukarest blev 19-\u00e5riga Tilda Ek fr\u00e5n Svedala v\u00e4rldsm\u00e4stare i kempo. Men faktum \u00e4r att hon inte ens skulle ha varit med, d\u00e5 hon","og_url":"https:\/\/www.budokampsport.se\/2016\/04\/28\/nyblivne-varldsmastaren-hjalp-hur-ska-det-har-sluta\/","og_site_name":"Svenska Budo &amp; Kampsportsf\u00f6rbundet","article_published_time":"2016-04-28T11:32:09+00:00","article_modified_time":"2016-12-02T06:25:13+00:00","author":"Tony Svensson","twitter_card":"summary_large_image","twitter_misc":{"Skriven av":"Tony Svensson","Ber\u00e4knad l\u00e4stid":"2 minuter"},"schema":{"@context":"https:\/\/schema.org","@graph":[{"@type":"Article","@id":"https:\/\/www.budokampsport.se\/2016\/04\/28\/nyblivne-varldsmastaren-hjalp-hur-ska-det-har-sluta\/#article","isPartOf":{"@id":"https:\/\/www.budokampsport.se\/2016\/04\/28\/nyblivne-varldsmastaren-hjalp-hur-ska-det-har-sluta\/"},"author":{"name":"Tony Svensson","@id":"https:\/\/www.budokampsport.se\/#\/schema\/person\/fa63fbbb0d79141e613a4ec1e6866e5e"},"headline":"Nyblivne v\u00e4rldsm\u00e4staren: &#8220;Hj\u00e4lp, hur ska det h\u00e4r sluta","datePublished":"2016-04-28T11:32:09+00:00","dateModified":"2016-12-02T06:25:13+00:00","mainEntityOfPage":{"@id":"https:\/\/www.budokampsport.se\/2016\/04\/28\/nyblivne-varldsmastaren-hjalp-hur-ska-det-har-sluta\/"},"wordCount":467,"inLanguage":"sv-SE"},{"@type":"WebPage","@id":"https:\/\/www.budokampsport.se\/2016\/04\/28\/nyblivne-varldsmastaren-hjalp-hur-ska-det-har-sluta\/","url":"https:\/\/www.budokampsport.se\/2016\/04\/28\/nyblivne-varldsmastaren-hjalp-hur-ska-det-har-sluta\/","name":"Nyblivne v\u00e4rldsm\u00e4staren: \"Hj\u00e4lp, hur ska det h\u00e4r sluta - Svenska Budo &amp; Kampsportsf\u00f6rbundet","isPartOf":{"@id":"https:\/\/www.budokampsport.se\/#website"},"datePublished":"2016-04-28T11:32:09+00:00","dateModified":"2016-12-02T06:25:13+00:00","author":{"@id":"https:\/\/www.budokampsport.se\/#\/schema\/person\/fa63fbbb0d79141e613a4ec1e6866e5e"},"description":"F\u00f6r drygt en vecka sedan i Bukarest blev 19-\u00e5riga Tilda Ek fr\u00e5n Svedala v\u00e4rldsm\u00e4stare i kempo. Men faktum \u00e4r att hon inte ens skulle ha varit med, d\u00e5 hon","breadcrumb":{"@id":"https:\/\/www.budokampsport.se\/2016\/04\/28\/nyblivne-varldsmastaren-hjalp-hur-ska-det-har-sluta\/#breadcrumb"},"inLanguage":"sv-SE","potentialAction":[{"@type":"ReadAction","target":["https:\/\/www.budokampsport.se\/2016\/04\/28\/nyblivne-varldsmastaren-hjalp-hur-ska-det-har-sluta\/"]}]},{"@type":"BreadcrumbList","@id":"https:\/\/www.budokampsport.se\/2016\/04\/28\/nyblivne-varldsmastaren-hjalp-hur-ska-det-har-sluta\/#breadcrumb","itemListElement":[{"@type":"ListItem","position":1,"name":"Hem","item":"https:\/\/www.budokampsport.se\/"},{"@type":"ListItem","position":2,"name":"Nyblivne v\u00e4rldsm\u00e4staren: &#8220;Hj\u00e4lp, hur ska det h\u00e4r sluta"}]},{"@type":"WebSite","@id":"https:\/\/www.budokampsport.se\/#website","url":"https:\/\/www.budokampsport.se\/","name":"Svenska Budo &amp; Kampsportsf\u00f6rbundet","description":"T\u00e4vling, Tr\u00e4ning, Tradition","potentialAction":[{"@type":"SearchAction","target":{"@type":"EntryPoint","urlTemplate":"https:\/\/www.budokampsport.se\/?s={search_term_string}"},"query-input":{"@type":"PropertyValueSpecification","valueRequired":true,"valueName":"search_term_string"}}],"inLanguage":"sv-SE"},{"@type":"Person","@id":"https:\/\/www.budokampsport.se\/#\/schema\/person\/fa63fbbb0d79141e613a4ec1e6866e5e","name":"Tony Svensson","image":{"@type":"ImageObject","inLanguage":"sv-SE","@id":"https:\/\/www.budokampsport.se\/#\/schema\/person\/image\/","url":"https:\/\/secure.gravatar.com\/avatar\/7bc374e22b288be285d5a3938a1e7522?s=96&d=blank&r=g","contentUrl":"https:\/\/secure.gravatar.com\/avatar\/7bc374e22b288be285d5a3938a1e7522?s=96&d=blank&r=g","caption":"Tony Svensson"},"url":"https:\/\/www.budokampsport.se\/author\/sbk\/"}]}},"_links":{"self":[{"href":"https:\/\/www.budokampsport.se\/api\/wp\/v2\/posts\/5751","targetHints":{"allow":["GET"]}}],"collection":[{"href":"https:\/\/www.budokampsport.se\/api\/wp\/v2\/posts"}],"about":[{"href":"https:\/\/www.budokampsport.se\/api\/wp\/v2\/types\/post"}],"author":[{"embeddable":true,"href":"https:\/\/www.budokampsport.se\/api\/wp\/v2\/users\/1"}],"replies":[{"embeddable":true,"href":"https:\/\/www.budokampsport.se\/api\/wp\/v2\/comments?post=5751"}],"version-history":[{"count":0,"href":"https:\/\/www.budokampsport.se\/api\/wp\/v2\/posts\/5751\/revisions"}],"wp:attachment":[{"href":"https:\/\/www.budokampsport.se\/api\/wp\/v2\/media?parent=5751"}],"wp:term":[{"taxonomy":"category","embeddable":true,"href":"https:\/\/www.budokampsport.se\/api\/wp\/v2\/categories?post=5751"},{"taxonomy":"post_tag","embeddable":true,"href":"https:\/\/www.budokampsport.se\/api\/wp\/v2\/tags?post=5751"}],"curies":[{"name":"wp","href":"https:\/\/api.w.org\/{rel}","templated":true}]}}