{"id":5768,"date":"2016-05-11T13:16:31","date_gmt":"2016-05-11T11:16:31","guid":{"rendered":"http:\/\/budo.wordpress.dev\/2016\/05\/11\/inget-vm-for-sanny-dahlbeck\/"},"modified":"2016-12-06T22:39:52","modified_gmt":"2016-12-06T21:39:52","slug":"inget-vm-for-sanny-dahlbeck","status":"publish","type":"post","link":"https:\/\/www.budokampsport.se\/2016\/05\/11\/inget-vm-for-sanny-dahlbeck\/","title":{"rendered":"Inget VM f\u00f6r Sanny Dahlbeck"},"content":{"rendered":"<p><strong><img decoding=\"async\" alt=\"\" src=\"\/sites\/default\/files\/sanny_0_0.gif\" style=\"height:338px; width:435px\"><br \/>Han har f\u00f6rs\u00f6kt in i det sista att bli kurant fr\u00e5n en efterh\u00e4ngsen f\u00f6rkylning och besv\u00e4r med pollenallergi. Men nu st\u00e5r det klart att thaiboxningsstj\u00e4rnan Sanny Dahlbeck inte kommer till start under VM i J\u00f6nk\u00f6ping som inleds n\u00e4sta vecka. Ett stort avbr\u00e4ck f\u00f6r truppen f\u00f6rst\u00e5s.<br \/>\u00a0\u00a0 &#8211; Att t\u00e4vla \u00e4r det b\u00e4sta som finns, s\u00e5 det \u00e4r klart att det h\u00e4r beskedet k\u00e4nns surt att l\u00e4mna. Jag hade verkligen sett fram emot att f\u00e5 m\u00f6jlighet att vinna ett VM p\u00e5 hemma, s\u00e4ger han till budokampsport.se.<\/strong><!--break--><\/p>\n<p>Dahlbeck kommer att ers\u00e4ttas av Halmstads Magnus Andersson, som under SM i Varberg gjorde en v\u00e4ldigt fin match mot just Dahlbeck.<\/p>\n<p>F\u00f6rbundskapten Pelle B\u00e5ngh\u00e4ll motiverar uttagningen av Magnus Andersson.<br \/>\u00a0\u00a0 &#8211; F\u00f6rst och fr\u00e4mst, det \u00e4r trist att Sanny inte kan komma till start, framf\u00f6r allt f\u00f6r honom sj\u00e4lv. Att Magnus kommer in i truppen \u00e4r vi v\u00e4ldigt n\u00f6jda med, speciellt eftersom han tackar ja med s\u00e5 kort varsel. Magnus vann silver i World cup:s B-klass ifjol och \u00e4r en enorm krigare med bra tryck i teknikerna.<\/p>\n<p>Dessutom har varbergaren Mario Cartagena \u00e5dragit sig en str\u00e4ckning i baksida l\u00e5r och missar \u00e4ven han VM. I den viktklassen kommer dock ingen ers\u00e4ttare att h\u00e4mtas in.<\/p>\n<p>Text och foto: Jonathan Broberg<\/p>\n","protected":false},"excerpt":{"rendered":"<p>Han har f\u00f6rs\u00f6kt in i det sista att bli kurant [&#8230;]<\/p><br>","protected":false},"author":7,"featured_media":0,"comment_status":"closed","ping_status":"closed","sticky":false,"template":"","format":"standard","meta":{"_acf_changed":false,"footnotes":""},"categories":[1],"tags":[],"class_list":["post-5768","post","type-post","status-publish","format-standard","hentry","category-okategoriserade"],"acf":[],"yoast_head":"<!-- This site is optimized with the Yoast SEO plugin v26.8 - https:\/\/yoast.com\/product\/yoast-seo-wordpress\/ -->\n<title>Inget VM f\u00f6r Sanny Dahlbeck - Svenska Budo &amp; Kampsportsf\u00f6rbundet<\/title>\n<meta name=\"description\" content=\"Han har f\u00f6rs\u00f6kt in i det sista att bli kurant fr\u00e5n en efterh\u00e4ngsen f\u00f6rkylning och besv\u00e4r med pollenallergi. Men nu st\u00e5r det klart att thaiboxningsstj\u00e4rnan\" \/>\n<meta name=\"robots\" content=\"index, follow, max-snippet:-1, max-image-preview:large, max-video-preview:-1\" \/>\n<link rel=\"canonical\" href=\"https:\/\/www.budokampsport.se\/2016\/05\/11\/inget-vm-for-sanny-dahlbeck\/\" \/>\n<meta property=\"og:locale\" content=\"sv_SE\" \/>\n<meta property=\"og:type\" content=\"article\" \/>\n<meta property=\"og:title\" content=\"Inget VM f\u00f6r Sanny Dahlbeck - Svenska Budo &amp; Kampsportsf\u00f6rbundet\" \/>\n<meta property=\"og:description\" content=\"Han har f\u00f6rs\u00f6kt in i det sista att bli kurant fr\u00e5n en efterh\u00e4ngsen f\u00f6rkylning och besv\u00e4r med pollenallergi. Men nu st\u00e5r det klart att thaiboxningsstj\u00e4rnan\" \/>\n<meta property=\"og:url\" content=\"https:\/\/www.budokampsport.se\/2016\/05\/11\/inget-vm-for-sanny-dahlbeck\/\" \/>\n<meta property=\"og:site_name\" content=\"Svenska Budo &amp; Kampsportsf\u00f6rbundet\" \/>\n<meta property=\"article:author\" content=\"https:\/\/www.facebook.com\/jonathan.broberg.7\" \/>\n<meta property=\"article:published_time\" content=\"2016-05-11T11:16:31+00:00\" \/>\n<meta property=\"article:modified_time\" content=\"2016-12-06T21:39:52+00:00\" \/>\n<meta name=\"author\" content=\"Jonathan Broberg\" \/>\n<meta name=\"twitter:card\" content=\"summary_large_image\" \/>\n<meta name=\"twitter:label1\" content=\"Skriven av\" \/>\n\t<meta name=\"twitter:data1\" content=\"Jonathan Broberg\" \/>\n\t<meta name=\"twitter:label2\" content=\"Ber\u00e4knad l\u00e4stid\" \/>\n\t<meta name=\"twitter:data2\" content=\"1 minut\" \/>\n<script type=\"application\/ld+json\" class=\"yoast-schema-graph\">{\"@context\":\"https:\/\/schema.org\",\"@graph\":[{\"@type\":\"Article\",\"@id\":\"https:\/\/www.budokampsport.se\/2016\/05\/11\/inget-vm-for-sanny-dahlbeck\/#article\",\"isPartOf\":{\"@id\":\"https:\/\/www.budokampsport.se\/2016\/05\/11\/inget-vm-for-sanny-dahlbeck\/\"},\"author\":{\"name\":\"Jonathan Broberg\",\"@id\":\"https:\/\/www.budokampsport.se\/#\/schema\/person\/5c06d81d14850e2a8ce5493386560145\"},\"headline\":\"Inget VM f\u00f6r Sanny Dahlbeck\",\"datePublished\":\"2016-05-11T11:16:31+00:00\",\"dateModified\":\"2016-12-06T21:39:52+00:00\",\"mainEntityOfPage\":{\"@id\":\"https:\/\/www.budokampsport.se\/2016\/05\/11\/inget-vm-for-sanny-dahlbeck\/\"},\"wordCount\":248,\"inLanguage\":\"sv-SE\"},{\"@type\":\"WebPage\",\"@id\":\"https:\/\/www.budokampsport.se\/2016\/05\/11\/inget-vm-for-sanny-dahlbeck\/\",\"url\":\"https:\/\/www.budokampsport.se\/2016\/05\/11\/inget-vm-for-sanny-dahlbeck\/\",\"name\":\"Inget VM f\u00f6r Sanny Dahlbeck - Svenska Budo &amp; Kampsportsf\u00f6rbundet\",\"isPartOf\":{\"@id\":\"https:\/\/www.budokampsport.se\/#website\"},\"datePublished\":\"2016-05-11T11:16:31+00:00\",\"dateModified\":\"2016-12-06T21:39:52+00:00\",\"author\":{\"@id\":\"https:\/\/www.budokampsport.se\/#\/schema\/person\/5c06d81d14850e2a8ce5493386560145\"},\"description\":\"Han har f\u00f6rs\u00f6kt in i det sista att bli kurant fr\u00e5n en efterh\u00e4ngsen f\u00f6rkylning och besv\u00e4r med pollenallergi. Men nu st\u00e5r det klart att thaiboxningsstj\u00e4rnan\",\"breadcrumb\":{\"@id\":\"https:\/\/www.budokampsport.se\/2016\/05\/11\/inget-vm-for-sanny-dahlbeck\/#breadcrumb\"},\"inLanguage\":\"sv-SE\",\"potentialAction\":[{\"@type\":\"ReadAction\",\"target\":[\"https:\/\/www.budokampsport.se\/2016\/05\/11\/inget-vm-for-sanny-dahlbeck\/\"]}]},{\"@type\":\"BreadcrumbList\",\"@id\":\"https:\/\/www.budokampsport.se\/2016\/05\/11\/inget-vm-for-sanny-dahlbeck\/#breadcrumb\",\"itemListElement\":[{\"@type\":\"ListItem\",\"position\":1,\"name\":\"Hem\",\"item\":\"https:\/\/www.budokampsport.se\/\"},{\"@type\":\"ListItem\",\"position\":2,\"name\":\"Inget VM f\u00f6r Sanny Dahlbeck\"}]},{\"@type\":\"WebSite\",\"@id\":\"https:\/\/www.budokampsport.se\/#website\",\"url\":\"https:\/\/www.budokampsport.se\/\",\"name\":\"Svenska Budo &amp; Kampsportsf\u00f6rbundet\",\"description\":\"T\u00e4vling, Tr\u00e4ning, Tradition\",\"potentialAction\":[{\"@type\":\"SearchAction\",\"target\":{\"@type\":\"EntryPoint\",\"urlTemplate\":\"https:\/\/www.budokampsport.se\/?s={search_term_string}\"},\"query-input\":{\"@type\":\"PropertyValueSpecification\",\"valueRequired\":true,\"valueName\":\"search_term_string\"}}],\"inLanguage\":\"sv-SE\"},{\"@type\":\"Person\",\"@id\":\"https:\/\/www.budokampsport.se\/#\/schema\/person\/5c06d81d14850e2a8ce5493386560145\",\"name\":\"Jonathan Broberg\",\"image\":{\"@type\":\"ImageObject\",\"inLanguage\":\"sv-SE\",\"@id\":\"https:\/\/www.budokampsport.se\/#\/schema\/person\/image\/\",\"url\":\"https:\/\/secure.gravatar.com\/avatar\/a58041c6cea9128bd9c40ee2f26d4136?s=96&d=blank&r=g\",\"contentUrl\":\"https:\/\/secure.gravatar.com\/avatar\/a58041c6cea9128bd9c40ee2f26d4136?s=96&d=blank&r=g\",\"caption\":\"Jonathan Broberg\"},\"sameAs\":[\"https:\/\/www.facebook.com\/jonathan.broberg.7\"],\"url\":\"https:\/\/www.budokampsport.se\/author\/jonathan\/\"}]}<\/script>\n<!-- \/ Yoast SEO plugin. -->","yoast_head_json":{"title":"Inget VM f\u00f6r Sanny Dahlbeck - Svenska Budo &amp; Kampsportsf\u00f6rbundet","description":"Han har f\u00f6rs\u00f6kt in i det sista att bli kurant fr\u00e5n en efterh\u00e4ngsen f\u00f6rkylning och besv\u00e4r med pollenallergi. Men nu st\u00e5r det klart att thaiboxningsstj\u00e4rnan","robots":{"index":"index","follow":"follow","max-snippet":"max-snippet:-1","max-image-preview":"max-image-preview:large","max-video-preview":"max-video-preview:-1"},"canonical":"https:\/\/www.budokampsport.se\/2016\/05\/11\/inget-vm-for-sanny-dahlbeck\/","og_locale":"sv_SE","og_type":"article","og_title":"Inget VM f\u00f6r Sanny Dahlbeck - Svenska Budo &amp; Kampsportsf\u00f6rbundet","og_description":"Han har f\u00f6rs\u00f6kt in i det sista att bli kurant fr\u00e5n en efterh\u00e4ngsen f\u00f6rkylning och besv\u00e4r med pollenallergi. Men nu st\u00e5r det klart att thaiboxningsstj\u00e4rnan","og_url":"https:\/\/www.budokampsport.se\/2016\/05\/11\/inget-vm-for-sanny-dahlbeck\/","og_site_name":"Svenska Budo &amp; Kampsportsf\u00f6rbundet","article_author":"https:\/\/www.facebook.com\/jonathan.broberg.7","article_published_time":"2016-05-11T11:16:31+00:00","article_modified_time":"2016-12-06T21:39:52+00:00","author":"Jonathan Broberg","twitter_card":"summary_large_image","twitter_misc":{"Skriven av":"Jonathan Broberg","Ber\u00e4knad l\u00e4stid":"1 minut"},"schema":{"@context":"https:\/\/schema.org","@graph":[{"@type":"Article","@id":"https:\/\/www.budokampsport.se\/2016\/05\/11\/inget-vm-for-sanny-dahlbeck\/#article","isPartOf":{"@id":"https:\/\/www.budokampsport.se\/2016\/05\/11\/inget-vm-for-sanny-dahlbeck\/"},"author":{"name":"Jonathan Broberg","@id":"https:\/\/www.budokampsport.se\/#\/schema\/person\/5c06d81d14850e2a8ce5493386560145"},"headline":"Inget VM f\u00f6r Sanny Dahlbeck","datePublished":"2016-05-11T11:16:31+00:00","dateModified":"2016-12-06T21:39:52+00:00","mainEntityOfPage":{"@id":"https:\/\/www.budokampsport.se\/2016\/05\/11\/inget-vm-for-sanny-dahlbeck\/"},"wordCount":248,"inLanguage":"sv-SE"},{"@type":"WebPage","@id":"https:\/\/www.budokampsport.se\/2016\/05\/11\/inget-vm-for-sanny-dahlbeck\/","url":"https:\/\/www.budokampsport.se\/2016\/05\/11\/inget-vm-for-sanny-dahlbeck\/","name":"Inget VM f\u00f6r Sanny Dahlbeck - Svenska Budo &amp; Kampsportsf\u00f6rbundet","isPartOf":{"@id":"https:\/\/www.budokampsport.se\/#website"},"datePublished":"2016-05-11T11:16:31+00:00","dateModified":"2016-12-06T21:39:52+00:00","author":{"@id":"https:\/\/www.budokampsport.se\/#\/schema\/person\/5c06d81d14850e2a8ce5493386560145"},"description":"Han har f\u00f6rs\u00f6kt in i det sista att bli kurant fr\u00e5n en efterh\u00e4ngsen f\u00f6rkylning och besv\u00e4r med pollenallergi. Men nu st\u00e5r det klart att thaiboxningsstj\u00e4rnan","breadcrumb":{"@id":"https:\/\/www.budokampsport.se\/2016\/05\/11\/inget-vm-for-sanny-dahlbeck\/#breadcrumb"},"inLanguage":"sv-SE","potentialAction":[{"@type":"ReadAction","target":["https:\/\/www.budokampsport.se\/2016\/05\/11\/inget-vm-for-sanny-dahlbeck\/"]}]},{"@type":"BreadcrumbList","@id":"https:\/\/www.budokampsport.se\/2016\/05\/11\/inget-vm-for-sanny-dahlbeck\/#breadcrumb","itemListElement":[{"@type":"ListItem","position":1,"name":"Hem","item":"https:\/\/www.budokampsport.se\/"},{"@type":"ListItem","position":2,"name":"Inget VM f\u00f6r Sanny Dahlbeck"}]},{"@type":"WebSite","@id":"https:\/\/www.budokampsport.se\/#website","url":"https:\/\/www.budokampsport.se\/","name":"Svenska Budo &amp; Kampsportsf\u00f6rbundet","description":"T\u00e4vling, Tr\u00e4ning, Tradition","potentialAction":[{"@type":"SearchAction","target":{"@type":"EntryPoint","urlTemplate":"https:\/\/www.budokampsport.se\/?s={search_term_string}"},"query-input":{"@type":"PropertyValueSpecification","valueRequired":true,"valueName":"search_term_string"}}],"inLanguage":"sv-SE"},{"@type":"Person","@id":"https:\/\/www.budokampsport.se\/#\/schema\/person\/5c06d81d14850e2a8ce5493386560145","name":"Jonathan Broberg","image":{"@type":"ImageObject","inLanguage":"sv-SE","@id":"https:\/\/www.budokampsport.se\/#\/schema\/person\/image\/","url":"https:\/\/secure.gravatar.com\/avatar\/a58041c6cea9128bd9c40ee2f26d4136?s=96&d=blank&r=g","contentUrl":"https:\/\/secure.gravatar.com\/avatar\/a58041c6cea9128bd9c40ee2f26d4136?s=96&d=blank&r=g","caption":"Jonathan Broberg"},"sameAs":["https:\/\/www.facebook.com\/jonathan.broberg.7"],"url":"https:\/\/www.budokampsport.se\/author\/jonathan\/"}]}},"_links":{"self":[{"href":"https:\/\/www.budokampsport.se\/api\/wp\/v2\/posts\/5768","targetHints":{"allow":["GET"]}}],"collection":[{"href":"https:\/\/www.budokampsport.se\/api\/wp\/v2\/posts"}],"about":[{"href":"https:\/\/www.budokampsport.se\/api\/wp\/v2\/types\/post"}],"author":[{"embeddable":true,"href":"https:\/\/www.budokampsport.se\/api\/wp\/v2\/users\/7"}],"replies":[{"embeddable":true,"href":"https:\/\/www.budokampsport.se\/api\/wp\/v2\/comments?post=5768"}],"version-history":[{"count":0,"href":"https:\/\/www.budokampsport.se\/api\/wp\/v2\/posts\/5768\/revisions"}],"wp:attachment":[{"href":"https:\/\/www.budokampsport.se\/api\/wp\/v2\/media?parent=5768"}],"wp:term":[{"taxonomy":"category","embeddable":true,"href":"https:\/\/www.budokampsport.se\/api\/wp\/v2\/categories?post=5768"},{"taxonomy":"post_tag","embeddable":true,"href":"https:\/\/www.budokampsport.se\/api\/wp\/v2\/tags?post=5768"}],"curies":[{"name":"wp","href":"https:\/\/api.w.org\/{rel}","templated":true}]}}