{"id":5774,"date":"2016-05-13T20:55:39","date_gmt":"2016-05-13T18:55:39","guid":{"rendered":"http:\/\/budo.wordpress.dev\/2016\/05\/13\/alicia-edin-avslutade-karriaren-med-ett-em-brons\/"},"modified":"2016-12-06T22:39:53","modified_gmt":"2016-12-06T21:39:53","slug":"alicia-edin-avslutade-karriaren-med-ett-em-brons","status":"publish","type":"post","link":"https:\/\/www.budokampsport.se\/2016\/05\/13\/alicia-edin-avslutade-karriaren-med-ett-em-brons\/","title":{"rendered":"Alicia Edin avslutade karri\u00e4ren med ett EM-brons"},"content":{"rendered":"<p><strong><img decoding=\"async\" alt=\"\" src=\"\/sites\/default\/files\/alicia_edin.gif\" style=\"height:289px; width:435px\"><br \/>En stor svensk idrottskarri\u00e4r tog slut i Tbilisi i Georgien ikv\u00e4ll. Efter tio framg\u00e5ngsrika t\u00e4vlings\u00e5r blev det ikv\u00e4ll ett EM-brons f\u00f6r Edin i kata.<br \/>\u00a0\u00a0 &#8211; Det var fantastiskt att f\u00e5 med mig ett brons fr\u00e5n mitt sista EM, s\u00e4ger hon till budokampsport.se.<\/strong><!--break--><\/p>\n<p>Alicia Edin vann EM-brons i kyokushin ikv\u00e4ll i georgiska Tbilisi. Det var ocks\u00e5 hennes s\u00e4tt att s\u00e4tta punkt f\u00f6r en l\u00e5ng och framg\u00e5ngsrik karri\u00e4r.<br \/>\u00a0\u00a0 &#8211; Det var fantastiskt att f\u00e5 med mig ett brons fr\u00e5n mitt sista EM. Vi har haft en tuff v\u00e5r i familjen med sjukdom och det var l\u00e4nge os\u00e4kert om vi skulle kunna \u00e5ka. Att \u00e4nd\u00e5 kunna presentera s\u00e5 h\u00e4r bra k\u00e4nns otroligt sk\u00f6nt.<br \/>\u00a0\u00a0 &#8211; Jag slutar t\u00e4vla nu, tio \u00e5r f\u00e5r r\u00e4cka.<\/p>\n<p>Text: Jonathan Broberg<br \/>Foto: Annika Peterson<\/p>\n","protected":false},"excerpt":{"rendered":"<p>En stor svensk idrottskarri\u00e4r tog slut i Tbilisi i Georgien [&#8230;]<\/p><br>","protected":false},"author":7,"featured_media":0,"comment_status":"closed","ping_status":"closed","sticky":false,"template":"","format":"standard","meta":{"_acf_changed":false,"footnotes":""},"categories":[1],"tags":[],"class_list":["post-5774","post","type-post","status-publish","format-standard","hentry","category-okategoriserade"],"acf":[],"yoast_head":"<!-- This site is optimized with the Yoast SEO plugin v26.8 - https:\/\/yoast.com\/product\/yoast-seo-wordpress\/ -->\n<title>Alicia Edin avslutade karri\u00e4ren med ett EM-brons - Svenska Budo &amp; Kampsportsf\u00f6rbundet<\/title>\n<meta name=\"description\" content=\"En stor svensk idrottskarri\u00e4r tog slut i Tbilisi i Georgien ikv\u00e4ll. Efter tio framg\u00e5ngsrika t\u00e4vlings\u00e5r blev det ikv\u00e4ll ett EM-brons f\u00f6r Edin i kata.\u00a0\u00a0 -\" \/>\n<meta name=\"robots\" content=\"index, follow, max-snippet:-1, max-image-preview:large, max-video-preview:-1\" \/>\n<link rel=\"canonical\" href=\"https:\/\/www.budokampsport.se\/2016\/05\/13\/alicia-edin-avslutade-karriaren-med-ett-em-brons\/\" \/>\n<meta property=\"og:locale\" content=\"sv_SE\" \/>\n<meta property=\"og:type\" content=\"article\" \/>\n<meta property=\"og:title\" content=\"Alicia Edin avslutade karri\u00e4ren med ett EM-brons - Svenska Budo &amp; Kampsportsf\u00f6rbundet\" \/>\n<meta property=\"og:description\" content=\"En stor svensk idrottskarri\u00e4r tog slut i Tbilisi i Georgien ikv\u00e4ll. Efter tio framg\u00e5ngsrika t\u00e4vlings\u00e5r blev det ikv\u00e4ll ett EM-brons f\u00f6r Edin i kata.\u00a0\u00a0 -\" \/>\n<meta property=\"og:url\" content=\"https:\/\/www.budokampsport.se\/2016\/05\/13\/alicia-edin-avslutade-karriaren-med-ett-em-brons\/\" \/>\n<meta property=\"og:site_name\" content=\"Svenska Budo &amp; Kampsportsf\u00f6rbundet\" \/>\n<meta property=\"article:author\" content=\"https:\/\/www.facebook.com\/jonathan.broberg.7\" \/>\n<meta property=\"article:published_time\" content=\"2016-05-13T18:55:39+00:00\" \/>\n<meta property=\"article:modified_time\" content=\"2016-12-06T21:39:53+00:00\" \/>\n<meta name=\"author\" content=\"Jonathan Broberg\" \/>\n<meta name=\"twitter:card\" content=\"summary_large_image\" \/>\n<meta name=\"twitter:label1\" content=\"Skriven av\" \/>\n\t<meta name=\"twitter:data1\" content=\"Jonathan Broberg\" \/>\n\t<meta name=\"twitter:label2\" content=\"Ber\u00e4knad l\u00e4stid\" \/>\n\t<meta name=\"twitter:data2\" content=\"1 minut\" \/>\n<script type=\"application\/ld+json\" class=\"yoast-schema-graph\">{\"@context\":\"https:\/\/schema.org\",\"@graph\":[{\"@type\":\"Article\",\"@id\":\"https:\/\/www.budokampsport.se\/2016\/05\/13\/alicia-edin-avslutade-karriaren-med-ett-em-brons\/#article\",\"isPartOf\":{\"@id\":\"https:\/\/www.budokampsport.se\/2016\/05\/13\/alicia-edin-avslutade-karriaren-med-ett-em-brons\/\"},\"author\":{\"name\":\"Jonathan Broberg\",\"@id\":\"https:\/\/www.budokampsport.se\/#\/schema\/person\/5c06d81d14850e2a8ce5493386560145\"},\"headline\":\"Alicia Edin avslutade karri\u00e4ren med ett EM-brons\",\"datePublished\":\"2016-05-13T18:55:39+00:00\",\"dateModified\":\"2016-12-06T21:39:53+00:00\",\"mainEntityOfPage\":{\"@id\":\"https:\/\/www.budokampsport.se\/2016\/05\/13\/alicia-edin-avslutade-karriaren-med-ett-em-brons\/\"},\"wordCount\":159,\"inLanguage\":\"sv-SE\"},{\"@type\":\"WebPage\",\"@id\":\"https:\/\/www.budokampsport.se\/2016\/05\/13\/alicia-edin-avslutade-karriaren-med-ett-em-brons\/\",\"url\":\"https:\/\/www.budokampsport.se\/2016\/05\/13\/alicia-edin-avslutade-karriaren-med-ett-em-brons\/\",\"name\":\"Alicia Edin avslutade karri\u00e4ren med ett EM-brons - Svenska Budo &amp; Kampsportsf\u00f6rbundet\",\"isPartOf\":{\"@id\":\"https:\/\/www.budokampsport.se\/#website\"},\"datePublished\":\"2016-05-13T18:55:39+00:00\",\"dateModified\":\"2016-12-06T21:39:53+00:00\",\"author\":{\"@id\":\"https:\/\/www.budokampsport.se\/#\/schema\/person\/5c06d81d14850e2a8ce5493386560145\"},\"description\":\"En stor svensk idrottskarri\u00e4r tog slut i Tbilisi i Georgien ikv\u00e4ll. Efter tio framg\u00e5ngsrika t\u00e4vlings\u00e5r blev det ikv\u00e4ll ett EM-brons f\u00f6r Edin i kata.\u00a0\u00a0 -\",\"breadcrumb\":{\"@id\":\"https:\/\/www.budokampsport.se\/2016\/05\/13\/alicia-edin-avslutade-karriaren-med-ett-em-brons\/#breadcrumb\"},\"inLanguage\":\"sv-SE\",\"potentialAction\":[{\"@type\":\"ReadAction\",\"target\":[\"https:\/\/www.budokampsport.se\/2016\/05\/13\/alicia-edin-avslutade-karriaren-med-ett-em-brons\/\"]}]},{\"@type\":\"BreadcrumbList\",\"@id\":\"https:\/\/www.budokampsport.se\/2016\/05\/13\/alicia-edin-avslutade-karriaren-med-ett-em-brons\/#breadcrumb\",\"itemListElement\":[{\"@type\":\"ListItem\",\"position\":1,\"name\":\"Hem\",\"item\":\"https:\/\/www.budokampsport.se\/\"},{\"@type\":\"ListItem\",\"position\":2,\"name\":\"Alicia Edin avslutade karri\u00e4ren med ett EM-brons\"}]},{\"@type\":\"WebSite\",\"@id\":\"https:\/\/www.budokampsport.se\/#website\",\"url\":\"https:\/\/www.budokampsport.se\/\",\"name\":\"Svenska Budo &amp; Kampsportsf\u00f6rbundet\",\"description\":\"T\u00e4vling, Tr\u00e4ning, Tradition\",\"potentialAction\":[{\"@type\":\"SearchAction\",\"target\":{\"@type\":\"EntryPoint\",\"urlTemplate\":\"https:\/\/www.budokampsport.se\/?s={search_term_string}\"},\"query-input\":{\"@type\":\"PropertyValueSpecification\",\"valueRequired\":true,\"valueName\":\"search_term_string\"}}],\"inLanguage\":\"sv-SE\"},{\"@type\":\"Person\",\"@id\":\"https:\/\/www.budokampsport.se\/#\/schema\/person\/5c06d81d14850e2a8ce5493386560145\",\"name\":\"Jonathan Broberg\",\"image\":{\"@type\":\"ImageObject\",\"inLanguage\":\"sv-SE\",\"@id\":\"https:\/\/www.budokampsport.se\/#\/schema\/person\/image\/\",\"url\":\"https:\/\/secure.gravatar.com\/avatar\/a58041c6cea9128bd9c40ee2f26d4136?s=96&d=blank&r=g\",\"contentUrl\":\"https:\/\/secure.gravatar.com\/avatar\/a58041c6cea9128bd9c40ee2f26d4136?s=96&d=blank&r=g\",\"caption\":\"Jonathan Broberg\"},\"sameAs\":[\"https:\/\/www.facebook.com\/jonathan.broberg.7\"],\"url\":\"https:\/\/www.budokampsport.se\/author\/jonathan\/\"}]}<\/script>\n<!-- \/ Yoast SEO plugin. -->","yoast_head_json":{"title":"Alicia Edin avslutade karri\u00e4ren med ett EM-brons - Svenska Budo &amp; Kampsportsf\u00f6rbundet","description":"En stor svensk idrottskarri\u00e4r tog slut i Tbilisi i Georgien ikv\u00e4ll. Efter tio framg\u00e5ngsrika t\u00e4vlings\u00e5r blev det ikv\u00e4ll ett EM-brons f\u00f6r Edin i kata.\u00a0\u00a0 -","robots":{"index":"index","follow":"follow","max-snippet":"max-snippet:-1","max-image-preview":"max-image-preview:large","max-video-preview":"max-video-preview:-1"},"canonical":"https:\/\/www.budokampsport.se\/2016\/05\/13\/alicia-edin-avslutade-karriaren-med-ett-em-brons\/","og_locale":"sv_SE","og_type":"article","og_title":"Alicia Edin avslutade karri\u00e4ren med ett EM-brons - Svenska Budo &amp; Kampsportsf\u00f6rbundet","og_description":"En stor svensk idrottskarri\u00e4r tog slut i Tbilisi i Georgien ikv\u00e4ll. Efter tio framg\u00e5ngsrika t\u00e4vlings\u00e5r blev det ikv\u00e4ll ett EM-brons f\u00f6r Edin i kata.\u00a0\u00a0 -","og_url":"https:\/\/www.budokampsport.se\/2016\/05\/13\/alicia-edin-avslutade-karriaren-med-ett-em-brons\/","og_site_name":"Svenska Budo &amp; Kampsportsf\u00f6rbundet","article_author":"https:\/\/www.facebook.com\/jonathan.broberg.7","article_published_time":"2016-05-13T18:55:39+00:00","article_modified_time":"2016-12-06T21:39:53+00:00","author":"Jonathan Broberg","twitter_card":"summary_large_image","twitter_misc":{"Skriven av":"Jonathan Broberg","Ber\u00e4knad l\u00e4stid":"1 minut"},"schema":{"@context":"https:\/\/schema.org","@graph":[{"@type":"Article","@id":"https:\/\/www.budokampsport.se\/2016\/05\/13\/alicia-edin-avslutade-karriaren-med-ett-em-brons\/#article","isPartOf":{"@id":"https:\/\/www.budokampsport.se\/2016\/05\/13\/alicia-edin-avslutade-karriaren-med-ett-em-brons\/"},"author":{"name":"Jonathan Broberg","@id":"https:\/\/www.budokampsport.se\/#\/schema\/person\/5c06d81d14850e2a8ce5493386560145"},"headline":"Alicia Edin avslutade karri\u00e4ren med ett EM-brons","datePublished":"2016-05-13T18:55:39+00:00","dateModified":"2016-12-06T21:39:53+00:00","mainEntityOfPage":{"@id":"https:\/\/www.budokampsport.se\/2016\/05\/13\/alicia-edin-avslutade-karriaren-med-ett-em-brons\/"},"wordCount":159,"inLanguage":"sv-SE"},{"@type":"WebPage","@id":"https:\/\/www.budokampsport.se\/2016\/05\/13\/alicia-edin-avslutade-karriaren-med-ett-em-brons\/","url":"https:\/\/www.budokampsport.se\/2016\/05\/13\/alicia-edin-avslutade-karriaren-med-ett-em-brons\/","name":"Alicia Edin avslutade karri\u00e4ren med ett EM-brons - Svenska Budo &amp; Kampsportsf\u00f6rbundet","isPartOf":{"@id":"https:\/\/www.budokampsport.se\/#website"},"datePublished":"2016-05-13T18:55:39+00:00","dateModified":"2016-12-06T21:39:53+00:00","author":{"@id":"https:\/\/www.budokampsport.se\/#\/schema\/person\/5c06d81d14850e2a8ce5493386560145"},"description":"En stor svensk idrottskarri\u00e4r tog slut i Tbilisi i Georgien ikv\u00e4ll. Efter tio framg\u00e5ngsrika t\u00e4vlings\u00e5r blev det ikv\u00e4ll ett EM-brons f\u00f6r Edin i kata.\u00a0\u00a0 -","breadcrumb":{"@id":"https:\/\/www.budokampsport.se\/2016\/05\/13\/alicia-edin-avslutade-karriaren-med-ett-em-brons\/#breadcrumb"},"inLanguage":"sv-SE","potentialAction":[{"@type":"ReadAction","target":["https:\/\/www.budokampsport.se\/2016\/05\/13\/alicia-edin-avslutade-karriaren-med-ett-em-brons\/"]}]},{"@type":"BreadcrumbList","@id":"https:\/\/www.budokampsport.se\/2016\/05\/13\/alicia-edin-avslutade-karriaren-med-ett-em-brons\/#breadcrumb","itemListElement":[{"@type":"ListItem","position":1,"name":"Hem","item":"https:\/\/www.budokampsport.se\/"},{"@type":"ListItem","position":2,"name":"Alicia Edin avslutade karri\u00e4ren med ett EM-brons"}]},{"@type":"WebSite","@id":"https:\/\/www.budokampsport.se\/#website","url":"https:\/\/www.budokampsport.se\/","name":"Svenska Budo &amp; Kampsportsf\u00f6rbundet","description":"T\u00e4vling, Tr\u00e4ning, Tradition","potentialAction":[{"@type":"SearchAction","target":{"@type":"EntryPoint","urlTemplate":"https:\/\/www.budokampsport.se\/?s={search_term_string}"},"query-input":{"@type":"PropertyValueSpecification","valueRequired":true,"valueName":"search_term_string"}}],"inLanguage":"sv-SE"},{"@type":"Person","@id":"https:\/\/www.budokampsport.se\/#\/schema\/person\/5c06d81d14850e2a8ce5493386560145","name":"Jonathan Broberg","image":{"@type":"ImageObject","inLanguage":"sv-SE","@id":"https:\/\/www.budokampsport.se\/#\/schema\/person\/image\/","url":"https:\/\/secure.gravatar.com\/avatar\/a58041c6cea9128bd9c40ee2f26d4136?s=96&d=blank&r=g","contentUrl":"https:\/\/secure.gravatar.com\/avatar\/a58041c6cea9128bd9c40ee2f26d4136?s=96&d=blank&r=g","caption":"Jonathan Broberg"},"sameAs":["https:\/\/www.facebook.com\/jonathan.broberg.7"],"url":"https:\/\/www.budokampsport.se\/author\/jonathan\/"}]}},"_links":{"self":[{"href":"https:\/\/www.budokampsport.se\/api\/wp\/v2\/posts\/5774","targetHints":{"allow":["GET"]}}],"collection":[{"href":"https:\/\/www.budokampsport.se\/api\/wp\/v2\/posts"}],"about":[{"href":"https:\/\/www.budokampsport.se\/api\/wp\/v2\/types\/post"}],"author":[{"embeddable":true,"href":"https:\/\/www.budokampsport.se\/api\/wp\/v2\/users\/7"}],"replies":[{"embeddable":true,"href":"https:\/\/www.budokampsport.se\/api\/wp\/v2\/comments?post=5774"}],"version-history":[{"count":0,"href":"https:\/\/www.budokampsport.se\/api\/wp\/v2\/posts\/5774\/revisions"}],"wp:attachment":[{"href":"https:\/\/www.budokampsport.se\/api\/wp\/v2\/media?parent=5774"}],"wp:term":[{"taxonomy":"category","embeddable":true,"href":"https:\/\/www.budokampsport.se\/api\/wp\/v2\/categories?post=5774"},{"taxonomy":"post_tag","embeddable":true,"href":"https:\/\/www.budokampsport.se\/api\/wp\/v2\/tags?post=5774"}],"curies":[{"name":"wp","href":"https:\/\/api.w.org\/{rel}","templated":true}]}}