{"id":5832,"date":"2016-05-26T20:07:46","date_gmt":"2016-05-26T18:07:46","guid":{"rendered":"http:\/\/budo.wordpress.dev\/2016\/05\/26\/anna-strandbergs-skona-revansch\/"},"modified":"2016-12-06T22:40:06","modified_gmt":"2016-12-06T21:40:06","slug":"anna-strandbergs-skona-revansch","status":"publish","type":"post","link":"https:\/\/www.budokampsport.se\/2016\/05\/26\/anna-strandbergs-skona-revansch\/","title":{"rendered":"Anna Strandbergs sk\u00f6na revansch"},"content":{"rendered":"<p><strong><img decoding=\"async\" alt=\"\" src=\"\/sites\/default\/files\/anna_strandberg.gif\" style=\"height:290px; width:435px\"><br \/>Ifjol f\u00f6rlorade Anna Strandberg mot kroatiskan Andreja Ivas i finalen i World cup. Idag i VM i J\u00f6nk\u00f6ping kom revanschen. Strandberg \u00e4r klar f\u00f6r VM-final p\u00e5 l\u00f6rdag.<br \/>\u00a0\u00a0 &#8211; Jag \u00e4r j\u00e4vligt glad, s\u00e4ger hon till budokampsport.se.<\/strong><!--break--><\/p>\n<p>Men Strandberg inledde lite krampaktigt och Ivas vann den f\u00f6rsta ronden. Strandberg kom emellertid ut i den andra ronden med ny kraft och matchbilden sv\u00e4ngde.<\/p>\n<p>Svenskan hittade m\u00e5nga fina l\u00e5nga tekniker som tydligt st\u00f6rde Ivas.<br \/>\u00a0\u00a0 &#8211; Jag \u00e4ndrade lite taktik efter f\u00f6rsta ronden och det blev en sk\u00f6n f\u00f6rb\u00e4ttring. Helt overkligt. Nu j\u00e4vlar ska jag ha guldet med mig hem.<\/p>\n<p>Text och foto: Jonathan Broberg<br \/>\u00a0<\/p>\n","protected":false},"excerpt":{"rendered":"<p>Ifjol f\u00f6rlorade Anna Strandberg mot kroatiskan Andreja Ivas i finalen [&#8230;]<\/p><br>","protected":false},"author":7,"featured_media":0,"comment_status":"closed","ping_status":"closed","sticky":false,"template":"","format":"standard","meta":{"_acf_changed":false,"footnotes":""},"categories":[1],"tags":[],"class_list":["post-5832","post","type-post","status-publish","format-standard","hentry","category-okategoriserade"],"acf":[],"yoast_head":"<!-- This site is optimized with the Yoast SEO plugin v26.8 - https:\/\/yoast.com\/product\/yoast-seo-wordpress\/ -->\n<title>Anna Strandbergs sk\u00f6na revansch - Svenska Budo &amp; Kampsportsf\u00f6rbundet<\/title>\n<meta name=\"description\" content=\"Ifjol f\u00f6rlorade Anna Strandberg mot kroatiskan Andreja Ivas i finalen i World cup. Idag i VM i J\u00f6nk\u00f6ping kom revanschen. Strandberg \u00e4r klar f\u00f6r VM-final\" \/>\n<meta name=\"robots\" content=\"index, follow, max-snippet:-1, max-image-preview:large, max-video-preview:-1\" \/>\n<link rel=\"canonical\" href=\"https:\/\/www.budokampsport.se\/2016\/05\/26\/anna-strandbergs-skona-revansch\/\" \/>\n<meta property=\"og:locale\" content=\"sv_SE\" \/>\n<meta property=\"og:type\" content=\"article\" \/>\n<meta property=\"og:title\" content=\"Anna Strandbergs sk\u00f6na revansch - Svenska Budo &amp; Kampsportsf\u00f6rbundet\" \/>\n<meta property=\"og:description\" content=\"Ifjol f\u00f6rlorade Anna Strandberg mot kroatiskan Andreja Ivas i finalen i World cup. Idag i VM i J\u00f6nk\u00f6ping kom revanschen. Strandberg \u00e4r klar f\u00f6r VM-final\" \/>\n<meta property=\"og:url\" content=\"https:\/\/www.budokampsport.se\/2016\/05\/26\/anna-strandbergs-skona-revansch\/\" \/>\n<meta property=\"og:site_name\" content=\"Svenska Budo &amp; Kampsportsf\u00f6rbundet\" \/>\n<meta property=\"article:author\" content=\"https:\/\/www.facebook.com\/jonathan.broberg.7\" \/>\n<meta property=\"article:published_time\" content=\"2016-05-26T18:07:46+00:00\" \/>\n<meta property=\"article:modified_time\" content=\"2016-12-06T21:40:06+00:00\" \/>\n<meta name=\"author\" content=\"Jonathan Broberg\" \/>\n<meta name=\"twitter:card\" content=\"summary_large_image\" \/>\n<meta name=\"twitter:label1\" content=\"Skriven av\" \/>\n\t<meta name=\"twitter:data1\" content=\"Jonathan Broberg\" \/>\n\t<meta name=\"twitter:label2\" content=\"Ber\u00e4knad l\u00e4stid\" \/>\n\t<meta name=\"twitter:data2\" content=\"1 minut\" \/>\n<script type=\"application\/ld+json\" class=\"yoast-schema-graph\">{\"@context\":\"https:\/\/schema.org\",\"@graph\":[{\"@type\":\"Article\",\"@id\":\"https:\/\/www.budokampsport.se\/2016\/05\/26\/anna-strandbergs-skona-revansch\/#article\",\"isPartOf\":{\"@id\":\"https:\/\/www.budokampsport.se\/2016\/05\/26\/anna-strandbergs-skona-revansch\/\"},\"author\":{\"name\":\"Jonathan Broberg\",\"@id\":\"https:\/\/www.budokampsport.se\/#\/schema\/person\/5c06d81d14850e2a8ce5493386560145\"},\"headline\":\"Anna Strandbergs sk\u00f6na revansch\",\"datePublished\":\"2016-05-26T18:07:46+00:00\",\"dateModified\":\"2016-12-06T21:40:06+00:00\",\"mainEntityOfPage\":{\"@id\":\"https:\/\/www.budokampsport.se\/2016\/05\/26\/anna-strandbergs-skona-revansch\/\"},\"wordCount\":124,\"inLanguage\":\"sv-SE\"},{\"@type\":\"WebPage\",\"@id\":\"https:\/\/www.budokampsport.se\/2016\/05\/26\/anna-strandbergs-skona-revansch\/\",\"url\":\"https:\/\/www.budokampsport.se\/2016\/05\/26\/anna-strandbergs-skona-revansch\/\",\"name\":\"Anna Strandbergs sk\u00f6na revansch - Svenska Budo &amp; Kampsportsf\u00f6rbundet\",\"isPartOf\":{\"@id\":\"https:\/\/www.budokampsport.se\/#website\"},\"datePublished\":\"2016-05-26T18:07:46+00:00\",\"dateModified\":\"2016-12-06T21:40:06+00:00\",\"author\":{\"@id\":\"https:\/\/www.budokampsport.se\/#\/schema\/person\/5c06d81d14850e2a8ce5493386560145\"},\"description\":\"Ifjol f\u00f6rlorade Anna Strandberg mot kroatiskan Andreja Ivas i finalen i World cup. Idag i VM i J\u00f6nk\u00f6ping kom revanschen. Strandberg \u00e4r klar f\u00f6r VM-final\",\"breadcrumb\":{\"@id\":\"https:\/\/www.budokampsport.se\/2016\/05\/26\/anna-strandbergs-skona-revansch\/#breadcrumb\"},\"inLanguage\":\"sv-SE\",\"potentialAction\":[{\"@type\":\"ReadAction\",\"target\":[\"https:\/\/www.budokampsport.se\/2016\/05\/26\/anna-strandbergs-skona-revansch\/\"]}]},{\"@type\":\"BreadcrumbList\",\"@id\":\"https:\/\/www.budokampsport.se\/2016\/05\/26\/anna-strandbergs-skona-revansch\/#breadcrumb\",\"itemListElement\":[{\"@type\":\"ListItem\",\"position\":1,\"name\":\"Hem\",\"item\":\"https:\/\/www.budokampsport.se\/\"},{\"@type\":\"ListItem\",\"position\":2,\"name\":\"Anna Strandbergs sk\u00f6na revansch\"}]},{\"@type\":\"WebSite\",\"@id\":\"https:\/\/www.budokampsport.se\/#website\",\"url\":\"https:\/\/www.budokampsport.se\/\",\"name\":\"Svenska Budo &amp; Kampsportsf\u00f6rbundet\",\"description\":\"T\u00e4vling, Tr\u00e4ning, Tradition\",\"potentialAction\":[{\"@type\":\"SearchAction\",\"target\":{\"@type\":\"EntryPoint\",\"urlTemplate\":\"https:\/\/www.budokampsport.se\/?s={search_term_string}\"},\"query-input\":{\"@type\":\"PropertyValueSpecification\",\"valueRequired\":true,\"valueName\":\"search_term_string\"}}],\"inLanguage\":\"sv-SE\"},{\"@type\":\"Person\",\"@id\":\"https:\/\/www.budokampsport.se\/#\/schema\/person\/5c06d81d14850e2a8ce5493386560145\",\"name\":\"Jonathan Broberg\",\"image\":{\"@type\":\"ImageObject\",\"inLanguage\":\"sv-SE\",\"@id\":\"https:\/\/www.budokampsport.se\/#\/schema\/person\/image\/\",\"url\":\"https:\/\/secure.gravatar.com\/avatar\/a58041c6cea9128bd9c40ee2f26d4136?s=96&d=blank&r=g\",\"contentUrl\":\"https:\/\/secure.gravatar.com\/avatar\/a58041c6cea9128bd9c40ee2f26d4136?s=96&d=blank&r=g\",\"caption\":\"Jonathan Broberg\"},\"sameAs\":[\"https:\/\/www.facebook.com\/jonathan.broberg.7\"],\"url\":\"https:\/\/www.budokampsport.se\/author\/jonathan\/\"}]}<\/script>\n<!-- \/ Yoast SEO plugin. -->","yoast_head_json":{"title":"Anna Strandbergs sk\u00f6na revansch - Svenska Budo &amp; Kampsportsf\u00f6rbundet","description":"Ifjol f\u00f6rlorade Anna Strandberg mot kroatiskan Andreja Ivas i finalen i World cup. Idag i VM i J\u00f6nk\u00f6ping kom revanschen. Strandberg \u00e4r klar f\u00f6r VM-final","robots":{"index":"index","follow":"follow","max-snippet":"max-snippet:-1","max-image-preview":"max-image-preview:large","max-video-preview":"max-video-preview:-1"},"canonical":"https:\/\/www.budokampsport.se\/2016\/05\/26\/anna-strandbergs-skona-revansch\/","og_locale":"sv_SE","og_type":"article","og_title":"Anna Strandbergs sk\u00f6na revansch - Svenska Budo &amp; Kampsportsf\u00f6rbundet","og_description":"Ifjol f\u00f6rlorade Anna Strandberg mot kroatiskan Andreja Ivas i finalen i World cup. Idag i VM i J\u00f6nk\u00f6ping kom revanschen. Strandberg \u00e4r klar f\u00f6r VM-final","og_url":"https:\/\/www.budokampsport.se\/2016\/05\/26\/anna-strandbergs-skona-revansch\/","og_site_name":"Svenska Budo &amp; Kampsportsf\u00f6rbundet","article_author":"https:\/\/www.facebook.com\/jonathan.broberg.7","article_published_time":"2016-05-26T18:07:46+00:00","article_modified_time":"2016-12-06T21:40:06+00:00","author":"Jonathan Broberg","twitter_card":"summary_large_image","twitter_misc":{"Skriven av":"Jonathan Broberg","Ber\u00e4knad l\u00e4stid":"1 minut"},"schema":{"@context":"https:\/\/schema.org","@graph":[{"@type":"Article","@id":"https:\/\/www.budokampsport.se\/2016\/05\/26\/anna-strandbergs-skona-revansch\/#article","isPartOf":{"@id":"https:\/\/www.budokampsport.se\/2016\/05\/26\/anna-strandbergs-skona-revansch\/"},"author":{"name":"Jonathan Broberg","@id":"https:\/\/www.budokampsport.se\/#\/schema\/person\/5c06d81d14850e2a8ce5493386560145"},"headline":"Anna Strandbergs sk\u00f6na revansch","datePublished":"2016-05-26T18:07:46+00:00","dateModified":"2016-12-06T21:40:06+00:00","mainEntityOfPage":{"@id":"https:\/\/www.budokampsport.se\/2016\/05\/26\/anna-strandbergs-skona-revansch\/"},"wordCount":124,"inLanguage":"sv-SE"},{"@type":"WebPage","@id":"https:\/\/www.budokampsport.se\/2016\/05\/26\/anna-strandbergs-skona-revansch\/","url":"https:\/\/www.budokampsport.se\/2016\/05\/26\/anna-strandbergs-skona-revansch\/","name":"Anna Strandbergs sk\u00f6na revansch - Svenska Budo &amp; Kampsportsf\u00f6rbundet","isPartOf":{"@id":"https:\/\/www.budokampsport.se\/#website"},"datePublished":"2016-05-26T18:07:46+00:00","dateModified":"2016-12-06T21:40:06+00:00","author":{"@id":"https:\/\/www.budokampsport.se\/#\/schema\/person\/5c06d81d14850e2a8ce5493386560145"},"description":"Ifjol f\u00f6rlorade Anna Strandberg mot kroatiskan Andreja Ivas i finalen i World cup. Idag i VM i J\u00f6nk\u00f6ping kom revanschen. Strandberg \u00e4r klar f\u00f6r VM-final","breadcrumb":{"@id":"https:\/\/www.budokampsport.se\/2016\/05\/26\/anna-strandbergs-skona-revansch\/#breadcrumb"},"inLanguage":"sv-SE","potentialAction":[{"@type":"ReadAction","target":["https:\/\/www.budokampsport.se\/2016\/05\/26\/anna-strandbergs-skona-revansch\/"]}]},{"@type":"BreadcrumbList","@id":"https:\/\/www.budokampsport.se\/2016\/05\/26\/anna-strandbergs-skona-revansch\/#breadcrumb","itemListElement":[{"@type":"ListItem","position":1,"name":"Hem","item":"https:\/\/www.budokampsport.se\/"},{"@type":"ListItem","position":2,"name":"Anna Strandbergs sk\u00f6na revansch"}]},{"@type":"WebSite","@id":"https:\/\/www.budokampsport.se\/#website","url":"https:\/\/www.budokampsport.se\/","name":"Svenska Budo &amp; Kampsportsf\u00f6rbundet","description":"T\u00e4vling, Tr\u00e4ning, Tradition","potentialAction":[{"@type":"SearchAction","target":{"@type":"EntryPoint","urlTemplate":"https:\/\/www.budokampsport.se\/?s={search_term_string}"},"query-input":{"@type":"PropertyValueSpecification","valueRequired":true,"valueName":"search_term_string"}}],"inLanguage":"sv-SE"},{"@type":"Person","@id":"https:\/\/www.budokampsport.se\/#\/schema\/person\/5c06d81d14850e2a8ce5493386560145","name":"Jonathan Broberg","image":{"@type":"ImageObject","inLanguage":"sv-SE","@id":"https:\/\/www.budokampsport.se\/#\/schema\/person\/image\/","url":"https:\/\/secure.gravatar.com\/avatar\/a58041c6cea9128bd9c40ee2f26d4136?s=96&d=blank&r=g","contentUrl":"https:\/\/secure.gravatar.com\/avatar\/a58041c6cea9128bd9c40ee2f26d4136?s=96&d=blank&r=g","caption":"Jonathan Broberg"},"sameAs":["https:\/\/www.facebook.com\/jonathan.broberg.7"],"url":"https:\/\/www.budokampsport.se\/author\/jonathan\/"}]}},"_links":{"self":[{"href":"https:\/\/www.budokampsport.se\/api\/wp\/v2\/posts\/5832","targetHints":{"allow":["GET"]}}],"collection":[{"href":"https:\/\/www.budokampsport.se\/api\/wp\/v2\/posts"}],"about":[{"href":"https:\/\/www.budokampsport.se\/api\/wp\/v2\/types\/post"}],"author":[{"embeddable":true,"href":"https:\/\/www.budokampsport.se\/api\/wp\/v2\/users\/7"}],"replies":[{"embeddable":true,"href":"https:\/\/www.budokampsport.se\/api\/wp\/v2\/comments?post=5832"}],"version-history":[{"count":0,"href":"https:\/\/www.budokampsport.se\/api\/wp\/v2\/posts\/5832\/revisions"}],"wp:attachment":[{"href":"https:\/\/www.budokampsport.se\/api\/wp\/v2\/media?parent=5832"}],"wp:term":[{"taxonomy":"category","embeddable":true,"href":"https:\/\/www.budokampsport.se\/api\/wp\/v2\/categories?post=5832"},{"taxonomy":"post_tag","embeddable":true,"href":"https:\/\/www.budokampsport.se\/api\/wp\/v2\/tags?post=5832"}],"curies":[{"name":"wp","href":"https:\/\/api.w.org\/{rel}","templated":true}]}}