{"id":5837,"date":"2016-05-27T21:56:43","date_gmt":"2016-05-27T19:56:43","guid":{"rendered":"http:\/\/budo.wordpress.dev\/2016\/05\/27\/forna-varldsmastarens-lyckonskning-till-finalisterna\/"},"modified":"2016-12-06T22:40:07","modified_gmt":"2016-12-06T21:40:07","slug":"forna-varldsmastarens-lyckonskning-till-finalisterna","status":"publish","type":"post","link":"https:\/\/www.budokampsport.se\/2016\/05\/27\/forna-varldsmastarens-lyckonskning-till-finalisterna\/","title":{"rendered":"Forna v\u00e4rldsm\u00e4starens lyck\u00f6nskning till finalisterna"},"content":{"rendered":"<p><strong><img decoding=\"async\" alt=\"\" src=\"\/sites\/default\/files\/elina.gif\" style=\"height:290px; width:435px\"><br \/>Tidigare i \u00e5r tackade Elina Nilsson f\u00f6r sig. Den tv\u00e5faldige VM-guldmedalj\u00f6ren vet vad som v\u00e4ntar de svenska VM-finalisterna \u2013 och hon skickar med sina b\u00e4sta lyck\u00f6nskningar.<br \/>\u00a0\u00a0 &#8211; Jag tror p\u00e5 er, stort lycka till, s\u00e4ger hon till budokampsport.se.<\/strong><!--break--><\/p>\n<p>2011 och 2012 vann Elina Nilsson VM-guld i thaiboxning. Och ifjol i Bangkok under World cup vann Nilsson ett brons.<\/p>\n<p>Hon har faktiskt vunnit medalj i varje stort m\u00e4sterskap hon st\u00e4llt upp i och hon vet mycket v\u00e4l vad som h\u00e4nder och sker inf\u00f6r en VM-final.<br \/>\u00a0\u00a0 &#8211; Inv\u00e4gningarna g\u00e5r l\u00e4ttare och l\u00e4ttare under turneringens g\u00e5ng, s\u00e5 ofta har i alla fall jag k\u00e4nt mig ganska fr\u00e4sch kv\u00e4llen innan sista matchen. S\u00e5klart har man blessyrer och \u00f6mma muskler och kroppsdelar fr\u00e5n tidigare fighter, men det ing\u00e5r i gamet och de &#8220;st\u00f6r&#8221;, &#8220;oroar&#8221; mer under turneringen \u00e4n inf\u00f6r finalen.<\/p>\n<p>Om det rent emotionella s\u00e4ger hon s\u00e5 h\u00e4r.<br \/>\u00a0\u00a0 &#8211; Mentalt \u00e4r man lugn f\u00f6r att rutinen man skaffat sig under veckan sitter d\u00e4r. Samtidigt \u00e4r man sp\u00e4nd och nerv\u00f6s. Det \u00e4r ju nu det verkligen g\u00e4ller och man vill s\u00e5 oerh\u00f6rt, v\u00e4ldigt, mycket, g\u00e4rna ha guldet. St\u00e5 \u00f6verst p\u00e5 pallen. Vara b\u00e4st. Jag vet precis vad resan kr\u00e4vt. Jag vet precis hur g\u00e4rna man vill ha guldet och hur mycket det betyder.<\/p>\n<p><strong>&#8220;Jag tror p\u00e5 er!&#8221;<\/strong><br \/>Hennes tips och lycka till-\u00f6nskning \u00e4r:<br \/>\u00a0\u00a0 &#8211; Ta inget f\u00f6r givet, h\u00e5ll fokus trots motg\u00e5ngar, tr\u00f6tthet och oflyt. Sluta aldrig och fokusera hela matchen till sista sekund, och ge allt. Like there is no tomorrow.<br \/>\u00a0\u00a0 &#8211; Jag tror p\u00e5 er! Stort lycka till!<\/p>\n<p>Text och foto: Jonathan Broberg<\/p>\n","protected":false},"excerpt":{"rendered":"<p>Tidigare i \u00e5r tackade Elina Nilsson f\u00f6r sig. Den tv\u00e5faldige [&#8230;]<\/p><br>","protected":false},"author":7,"featured_media":0,"comment_status":"closed","ping_status":"closed","sticky":false,"template":"","format":"standard","meta":{"_acf_changed":false,"footnotes":""},"categories":[1],"tags":[],"class_list":["post-5837","post","type-post","status-publish","format-standard","hentry","category-okategoriserade"],"acf":[],"yoast_head":"<!-- This site is optimized with the Yoast SEO plugin v26.8 - https:\/\/yoast.com\/product\/yoast-seo-wordpress\/ -->\n<title>Forna v\u00e4rldsm\u00e4starens lyck\u00f6nskning till finalisterna - Svenska Budo &amp; Kampsportsf\u00f6rbundet<\/title>\n<meta name=\"description\" content=\"Tidigare i \u00e5r tackade Elina Nilsson f\u00f6r sig. Den tv\u00e5faldige VM-guldmedalj\u00f6ren vet vad som v\u00e4ntar de svenska VM-finalisterna \u2013 och hon skickar med sina\" \/>\n<meta name=\"robots\" content=\"index, follow, max-snippet:-1, max-image-preview:large, max-video-preview:-1\" \/>\n<link rel=\"canonical\" href=\"https:\/\/www.budokampsport.se\/2016\/05\/27\/forna-varldsmastarens-lyckonskning-till-finalisterna\/\" \/>\n<meta property=\"og:locale\" content=\"sv_SE\" \/>\n<meta property=\"og:type\" content=\"article\" \/>\n<meta property=\"og:title\" content=\"Forna v\u00e4rldsm\u00e4starens lyck\u00f6nskning till finalisterna - Svenska Budo &amp; Kampsportsf\u00f6rbundet\" \/>\n<meta property=\"og:description\" content=\"Tidigare i \u00e5r tackade Elina Nilsson f\u00f6r sig. Den tv\u00e5faldige VM-guldmedalj\u00f6ren vet vad som v\u00e4ntar de svenska VM-finalisterna \u2013 och hon skickar med sina\" \/>\n<meta property=\"og:url\" content=\"https:\/\/www.budokampsport.se\/2016\/05\/27\/forna-varldsmastarens-lyckonskning-till-finalisterna\/\" \/>\n<meta property=\"og:site_name\" content=\"Svenska Budo &amp; Kampsportsf\u00f6rbundet\" \/>\n<meta property=\"article:author\" content=\"https:\/\/www.facebook.com\/jonathan.broberg.7\" \/>\n<meta property=\"article:published_time\" content=\"2016-05-27T19:56:43+00:00\" \/>\n<meta property=\"article:modified_time\" content=\"2016-12-06T21:40:07+00:00\" \/>\n<meta name=\"author\" content=\"Jonathan Broberg\" \/>\n<meta name=\"twitter:card\" content=\"summary_large_image\" \/>\n<meta name=\"twitter:label1\" content=\"Skriven av\" \/>\n\t<meta name=\"twitter:data1\" content=\"Jonathan Broberg\" \/>\n\t<meta name=\"twitter:label2\" content=\"Ber\u00e4knad l\u00e4stid\" \/>\n\t<meta name=\"twitter:data2\" content=\"2 minuter\" \/>\n<script type=\"application\/ld+json\" class=\"yoast-schema-graph\">{\"@context\":\"https:\/\/schema.org\",\"@graph\":[{\"@type\":\"Article\",\"@id\":\"https:\/\/www.budokampsport.se\/2016\/05\/27\/forna-varldsmastarens-lyckonskning-till-finalisterna\/#article\",\"isPartOf\":{\"@id\":\"https:\/\/www.budokampsport.se\/2016\/05\/27\/forna-varldsmastarens-lyckonskning-till-finalisterna\/\"},\"author\":{\"name\":\"Jonathan Broberg\",\"@id\":\"https:\/\/www.budokampsport.se\/#\/schema\/person\/5c06d81d14850e2a8ce5493386560145\"},\"headline\":\"Forna v\u00e4rldsm\u00e4starens lyck\u00f6nskning till finalisterna\",\"datePublished\":\"2016-05-27T19:56:43+00:00\",\"dateModified\":\"2016-12-06T21:40:07+00:00\",\"mainEntityOfPage\":{\"@id\":\"https:\/\/www.budokampsport.se\/2016\/05\/27\/forna-varldsmastarens-lyckonskning-till-finalisterna\/\"},\"wordCount\":308,\"inLanguage\":\"sv-SE\"},{\"@type\":\"WebPage\",\"@id\":\"https:\/\/www.budokampsport.se\/2016\/05\/27\/forna-varldsmastarens-lyckonskning-till-finalisterna\/\",\"url\":\"https:\/\/www.budokampsport.se\/2016\/05\/27\/forna-varldsmastarens-lyckonskning-till-finalisterna\/\",\"name\":\"Forna v\u00e4rldsm\u00e4starens lyck\u00f6nskning till finalisterna - Svenska Budo &amp; Kampsportsf\u00f6rbundet\",\"isPartOf\":{\"@id\":\"https:\/\/www.budokampsport.se\/#website\"},\"datePublished\":\"2016-05-27T19:56:43+00:00\",\"dateModified\":\"2016-12-06T21:40:07+00:00\",\"author\":{\"@id\":\"https:\/\/www.budokampsport.se\/#\/schema\/person\/5c06d81d14850e2a8ce5493386560145\"},\"description\":\"Tidigare i \u00e5r tackade Elina Nilsson f\u00f6r sig. Den tv\u00e5faldige VM-guldmedalj\u00f6ren vet vad som v\u00e4ntar de svenska VM-finalisterna \u2013 och hon skickar med sina\",\"breadcrumb\":{\"@id\":\"https:\/\/www.budokampsport.se\/2016\/05\/27\/forna-varldsmastarens-lyckonskning-till-finalisterna\/#breadcrumb\"},\"inLanguage\":\"sv-SE\",\"potentialAction\":[{\"@type\":\"ReadAction\",\"target\":[\"https:\/\/www.budokampsport.se\/2016\/05\/27\/forna-varldsmastarens-lyckonskning-till-finalisterna\/\"]}]},{\"@type\":\"BreadcrumbList\",\"@id\":\"https:\/\/www.budokampsport.se\/2016\/05\/27\/forna-varldsmastarens-lyckonskning-till-finalisterna\/#breadcrumb\",\"itemListElement\":[{\"@type\":\"ListItem\",\"position\":1,\"name\":\"Hem\",\"item\":\"https:\/\/www.budokampsport.se\/\"},{\"@type\":\"ListItem\",\"position\":2,\"name\":\"Forna v\u00e4rldsm\u00e4starens lyck\u00f6nskning till finalisterna\"}]},{\"@type\":\"WebSite\",\"@id\":\"https:\/\/www.budokampsport.se\/#website\",\"url\":\"https:\/\/www.budokampsport.se\/\",\"name\":\"Svenska Budo &amp; Kampsportsf\u00f6rbundet\",\"description\":\"T\u00e4vling, Tr\u00e4ning, Tradition\",\"potentialAction\":[{\"@type\":\"SearchAction\",\"target\":{\"@type\":\"EntryPoint\",\"urlTemplate\":\"https:\/\/www.budokampsport.se\/?s={search_term_string}\"},\"query-input\":{\"@type\":\"PropertyValueSpecification\",\"valueRequired\":true,\"valueName\":\"search_term_string\"}}],\"inLanguage\":\"sv-SE\"},{\"@type\":\"Person\",\"@id\":\"https:\/\/www.budokampsport.se\/#\/schema\/person\/5c06d81d14850e2a8ce5493386560145\",\"name\":\"Jonathan Broberg\",\"image\":{\"@type\":\"ImageObject\",\"inLanguage\":\"sv-SE\",\"@id\":\"https:\/\/www.budokampsport.se\/#\/schema\/person\/image\/\",\"url\":\"https:\/\/secure.gravatar.com\/avatar\/a58041c6cea9128bd9c40ee2f26d4136?s=96&d=blank&r=g\",\"contentUrl\":\"https:\/\/secure.gravatar.com\/avatar\/a58041c6cea9128bd9c40ee2f26d4136?s=96&d=blank&r=g\",\"caption\":\"Jonathan Broberg\"},\"sameAs\":[\"https:\/\/www.facebook.com\/jonathan.broberg.7\"],\"url\":\"https:\/\/www.budokampsport.se\/author\/jonathan\/\"}]}<\/script>\n<!-- \/ Yoast SEO plugin. -->","yoast_head_json":{"title":"Forna v\u00e4rldsm\u00e4starens lyck\u00f6nskning till finalisterna - Svenska Budo &amp; Kampsportsf\u00f6rbundet","description":"Tidigare i \u00e5r tackade Elina Nilsson f\u00f6r sig. Den tv\u00e5faldige VM-guldmedalj\u00f6ren vet vad som v\u00e4ntar de svenska VM-finalisterna \u2013 och hon skickar med sina","robots":{"index":"index","follow":"follow","max-snippet":"max-snippet:-1","max-image-preview":"max-image-preview:large","max-video-preview":"max-video-preview:-1"},"canonical":"https:\/\/www.budokampsport.se\/2016\/05\/27\/forna-varldsmastarens-lyckonskning-till-finalisterna\/","og_locale":"sv_SE","og_type":"article","og_title":"Forna v\u00e4rldsm\u00e4starens lyck\u00f6nskning till finalisterna - Svenska Budo &amp; Kampsportsf\u00f6rbundet","og_description":"Tidigare i \u00e5r tackade Elina Nilsson f\u00f6r sig. Den tv\u00e5faldige VM-guldmedalj\u00f6ren vet vad som v\u00e4ntar de svenska VM-finalisterna \u2013 och hon skickar med sina","og_url":"https:\/\/www.budokampsport.se\/2016\/05\/27\/forna-varldsmastarens-lyckonskning-till-finalisterna\/","og_site_name":"Svenska Budo &amp; Kampsportsf\u00f6rbundet","article_author":"https:\/\/www.facebook.com\/jonathan.broberg.7","article_published_time":"2016-05-27T19:56:43+00:00","article_modified_time":"2016-12-06T21:40:07+00:00","author":"Jonathan Broberg","twitter_card":"summary_large_image","twitter_misc":{"Skriven av":"Jonathan Broberg","Ber\u00e4knad l\u00e4stid":"2 minuter"},"schema":{"@context":"https:\/\/schema.org","@graph":[{"@type":"Article","@id":"https:\/\/www.budokampsport.se\/2016\/05\/27\/forna-varldsmastarens-lyckonskning-till-finalisterna\/#article","isPartOf":{"@id":"https:\/\/www.budokampsport.se\/2016\/05\/27\/forna-varldsmastarens-lyckonskning-till-finalisterna\/"},"author":{"name":"Jonathan Broberg","@id":"https:\/\/www.budokampsport.se\/#\/schema\/person\/5c06d81d14850e2a8ce5493386560145"},"headline":"Forna v\u00e4rldsm\u00e4starens lyck\u00f6nskning till finalisterna","datePublished":"2016-05-27T19:56:43+00:00","dateModified":"2016-12-06T21:40:07+00:00","mainEntityOfPage":{"@id":"https:\/\/www.budokampsport.se\/2016\/05\/27\/forna-varldsmastarens-lyckonskning-till-finalisterna\/"},"wordCount":308,"inLanguage":"sv-SE"},{"@type":"WebPage","@id":"https:\/\/www.budokampsport.se\/2016\/05\/27\/forna-varldsmastarens-lyckonskning-till-finalisterna\/","url":"https:\/\/www.budokampsport.se\/2016\/05\/27\/forna-varldsmastarens-lyckonskning-till-finalisterna\/","name":"Forna v\u00e4rldsm\u00e4starens lyck\u00f6nskning till finalisterna - Svenska Budo &amp; Kampsportsf\u00f6rbundet","isPartOf":{"@id":"https:\/\/www.budokampsport.se\/#website"},"datePublished":"2016-05-27T19:56:43+00:00","dateModified":"2016-12-06T21:40:07+00:00","author":{"@id":"https:\/\/www.budokampsport.se\/#\/schema\/person\/5c06d81d14850e2a8ce5493386560145"},"description":"Tidigare i \u00e5r tackade Elina Nilsson f\u00f6r sig. Den tv\u00e5faldige VM-guldmedalj\u00f6ren vet vad som v\u00e4ntar de svenska VM-finalisterna \u2013 och hon skickar med sina","breadcrumb":{"@id":"https:\/\/www.budokampsport.se\/2016\/05\/27\/forna-varldsmastarens-lyckonskning-till-finalisterna\/#breadcrumb"},"inLanguage":"sv-SE","potentialAction":[{"@type":"ReadAction","target":["https:\/\/www.budokampsport.se\/2016\/05\/27\/forna-varldsmastarens-lyckonskning-till-finalisterna\/"]}]},{"@type":"BreadcrumbList","@id":"https:\/\/www.budokampsport.se\/2016\/05\/27\/forna-varldsmastarens-lyckonskning-till-finalisterna\/#breadcrumb","itemListElement":[{"@type":"ListItem","position":1,"name":"Hem","item":"https:\/\/www.budokampsport.se\/"},{"@type":"ListItem","position":2,"name":"Forna v\u00e4rldsm\u00e4starens lyck\u00f6nskning till finalisterna"}]},{"@type":"WebSite","@id":"https:\/\/www.budokampsport.se\/#website","url":"https:\/\/www.budokampsport.se\/","name":"Svenska Budo &amp; Kampsportsf\u00f6rbundet","description":"T\u00e4vling, Tr\u00e4ning, Tradition","potentialAction":[{"@type":"SearchAction","target":{"@type":"EntryPoint","urlTemplate":"https:\/\/www.budokampsport.se\/?s={search_term_string}"},"query-input":{"@type":"PropertyValueSpecification","valueRequired":true,"valueName":"search_term_string"}}],"inLanguage":"sv-SE"},{"@type":"Person","@id":"https:\/\/www.budokampsport.se\/#\/schema\/person\/5c06d81d14850e2a8ce5493386560145","name":"Jonathan Broberg","image":{"@type":"ImageObject","inLanguage":"sv-SE","@id":"https:\/\/www.budokampsport.se\/#\/schema\/person\/image\/","url":"https:\/\/secure.gravatar.com\/avatar\/a58041c6cea9128bd9c40ee2f26d4136?s=96&d=blank&r=g","contentUrl":"https:\/\/secure.gravatar.com\/avatar\/a58041c6cea9128bd9c40ee2f26d4136?s=96&d=blank&r=g","caption":"Jonathan Broberg"},"sameAs":["https:\/\/www.facebook.com\/jonathan.broberg.7"],"url":"https:\/\/www.budokampsport.se\/author\/jonathan\/"}]}},"_links":{"self":[{"href":"https:\/\/www.budokampsport.se\/api\/wp\/v2\/posts\/5837","targetHints":{"allow":["GET"]}}],"collection":[{"href":"https:\/\/www.budokampsport.se\/api\/wp\/v2\/posts"}],"about":[{"href":"https:\/\/www.budokampsport.se\/api\/wp\/v2\/types\/post"}],"author":[{"embeddable":true,"href":"https:\/\/www.budokampsport.se\/api\/wp\/v2\/users\/7"}],"replies":[{"embeddable":true,"href":"https:\/\/www.budokampsport.se\/api\/wp\/v2\/comments?post=5837"}],"version-history":[{"count":0,"href":"https:\/\/www.budokampsport.se\/api\/wp\/v2\/posts\/5837\/revisions"}],"wp:attachment":[{"href":"https:\/\/www.budokampsport.se\/api\/wp\/v2\/media?parent=5837"}],"wp:term":[{"taxonomy":"category","embeddable":true,"href":"https:\/\/www.budokampsport.se\/api\/wp\/v2\/categories?post=5837"},{"taxonomy":"post_tag","embeddable":true,"href":"https:\/\/www.budokampsport.se\/api\/wp\/v2\/tags?post=5837"}],"curies":[{"name":"wp","href":"https:\/\/api.w.org\/{rel}","templated":true}]}}