{"id":5845,"date":"2016-06-03T13:30:20","date_gmt":"2016-06-03T11:30:20","guid":{"rendered":"http:\/\/budo.wordpress.dev\/2016\/06\/03\/jag-har-fatt-en-andra-karlek\/"},"modified":"2016-12-06T22:40:09","modified_gmt":"2016-12-06T21:40:09","slug":"jag-har-fatt-en-andra-karlek","status":"publish","type":"post","link":"https:\/\/www.budokampsport.se\/2016\/06\/03\/jag-har-fatt-en-andra-karlek\/","title":{"rendered":"\u201dJag har f\u00e5tt en andra k\u00e4rlek\u201d"},"content":{"rendered":"<p><strong><img decoding=\"async\" alt=\"\" src=\"\/sites\/default\/files\/hamza_3.gif\" style=\"height:290px; width:435px\"><br \/>Hamza Bougamza har just klarat av sin f\u00f6rsta inv\u00e4gning som MMA-proffs. Den forne VM-bronsmedalj\u00f6ren i thaiboxning ska g\u00f6ra sin MMA-debut imorgon i Solnahallen p\u00e5 Scandinavian Fight Nights. Och han \u00e4r glad, rent av lycklig.<br \/>\u00a0\u00a0 &#8211; Jag har f\u00e5tt en nyt\u00e4ndning, jag \u00e4r k\u00e4r i kampsporten igen. Thaiboxning var min f\u00f6rsta k\u00e4rlek, MMA \u00e4r min andra, s\u00e4ger han till budokampsport.se.<\/strong><br \/><!--break--><br \/>Inv\u00e4gningen och den d\u00e4rp\u00e5 f\u00f6ljande staredownen \u00e4r avklarad. Med bravur dessutom. Hamza Bougamza var lugn, utstr\u00e5lade sj\u00e4lvs\u00e4kerhet och g\u00f6r en mycket sp\u00e4nnande MMA-debut imorgon.<br \/>\u00a0\u00a0 &#8211; Jag k\u00e4nner mig j\u00e4ttebekv\u00e4m, det ska bli kul att f\u00e5 visa mina f\u00e4rdigheter \u00e4ven i MMA. Det har jag l\u00e4ngtat efter.<\/p>\n<p>Och han \u00e4r ocks\u00e5 upprymd av att l\u00e4ra sig nya saker, nya tekniker.<br \/>\u00a0\u00a0\u00a0 &#8211; Allts\u00e5, du vet, i b\u00f6rjan hade jag sv\u00e5rt att st\u00e5 emot nedtagningar. Men jag har tr\u00e4nat och tr\u00e4nat och nu k\u00e4nner jag mig trygg ocks\u00e5 p\u00e5 golvet. Det st\u00e5ende kan jag, men det \u00e4r teknikerna p\u00e5 golvet som b\u00e5de varit roligt och sv\u00e5rt att l\u00e4ra sig.<\/p>\n<p>Han har \u00e4nd\u00e5 inte helt l\u00e4mnat thaiboxning, som han fortfarande tr\u00e4nar n\u00e5gra pass i veckan.<br \/>\u00a0\u00a0 &#8211; Jag h\u00e5ller i g\u00e5ng, men jag har f\u00e5tt en nyt\u00e4ndning, jag \u00e4r k\u00e4r i kampsporten igen. Det s\u00e4gs att man bara kan ha en k\u00e4rlek i livet, jag har tv\u00e5. Thaiboxningen var min f\u00f6rsta k\u00e4rlek, MMA \u00e4r min andra.<\/p>\n<p>Scandinavian Fight Nights h\u00e5lls i Solnahallen i morgon med start 17.00.<\/p>\n<p><img decoding=\"async\" alt=\"\" src=\"\/sites\/default\/files\/hamza_igen_0.gif\" style=\"height:290px; width:435px\"><\/p>\n<p>Text och foto: Jonathan Broberg<\/p>\n","protected":false},"excerpt":{"rendered":"<p>Hamza Bougamza har just klarat av sin f\u00f6rsta inv\u00e4gning som [&#8230;]<\/p><br>","protected":false},"author":7,"featured_media":0,"comment_status":"closed","ping_status":"closed","sticky":false,"template":"","format":"standard","meta":{"_acf_changed":false,"footnotes":""},"categories":[1],"tags":[],"class_list":["post-5845","post","type-post","status-publish","format-standard","hentry","category-okategoriserade"],"acf":[],"yoast_head":"<!-- This site is optimized with the Yoast SEO plugin v26.8 - https:\/\/yoast.com\/product\/yoast-seo-wordpress\/ -->\n<title>\u201dJag har f\u00e5tt en andra k\u00e4rlek\u201d - Svenska Budo &amp; Kampsportsf\u00f6rbundet<\/title>\n<meta name=\"description\" content=\"Hamza Bougamza har just klarat av sin f\u00f6rsta inv\u00e4gning som MMA-proffs. Den forne VM-bronsmedalj\u00f6ren i thaiboxning ska g\u00f6ra sin MMA-debut imorgon i\" \/>\n<meta name=\"robots\" content=\"index, follow, max-snippet:-1, max-image-preview:large, max-video-preview:-1\" \/>\n<link rel=\"canonical\" href=\"https:\/\/www.budokampsport.se\/2016\/06\/03\/jag-har-fatt-en-andra-karlek\/\" \/>\n<meta property=\"og:locale\" content=\"sv_SE\" \/>\n<meta property=\"og:type\" content=\"article\" \/>\n<meta property=\"og:title\" content=\"\u201dJag har f\u00e5tt en andra k\u00e4rlek\u201d - Svenska Budo &amp; Kampsportsf\u00f6rbundet\" \/>\n<meta property=\"og:description\" content=\"Hamza Bougamza har just klarat av sin f\u00f6rsta inv\u00e4gning som MMA-proffs. Den forne VM-bronsmedalj\u00f6ren i thaiboxning ska g\u00f6ra sin MMA-debut imorgon i\" \/>\n<meta property=\"og:url\" content=\"https:\/\/www.budokampsport.se\/2016\/06\/03\/jag-har-fatt-en-andra-karlek\/\" \/>\n<meta property=\"og:site_name\" content=\"Svenska Budo &amp; Kampsportsf\u00f6rbundet\" \/>\n<meta property=\"article:author\" content=\"https:\/\/www.facebook.com\/jonathan.broberg.7\" \/>\n<meta property=\"article:published_time\" content=\"2016-06-03T11:30:20+00:00\" \/>\n<meta property=\"article:modified_time\" content=\"2016-12-06T21:40:09+00:00\" \/>\n<meta name=\"author\" content=\"Jonathan Broberg\" \/>\n<meta name=\"twitter:card\" content=\"summary_large_image\" \/>\n<meta name=\"twitter:label1\" content=\"Skriven av\" \/>\n\t<meta name=\"twitter:data1\" content=\"Jonathan Broberg\" \/>\n\t<meta name=\"twitter:label2\" content=\"Ber\u00e4knad l\u00e4stid\" \/>\n\t<meta name=\"twitter:data2\" content=\"1 minut\" \/>\n<script type=\"application\/ld+json\" class=\"yoast-schema-graph\">{\"@context\":\"https:\/\/schema.org\",\"@graph\":[{\"@type\":\"Article\",\"@id\":\"https:\/\/www.budokampsport.se\/2016\/06\/03\/jag-har-fatt-en-andra-karlek\/#article\",\"isPartOf\":{\"@id\":\"https:\/\/www.budokampsport.se\/2016\/06\/03\/jag-har-fatt-en-andra-karlek\/\"},\"author\":{\"name\":\"Jonathan Broberg\",\"@id\":\"https:\/\/www.budokampsport.se\/#\/schema\/person\/5c06d81d14850e2a8ce5493386560145\"},\"headline\":\"\u201dJag har f\u00e5tt en andra k\u00e4rlek\u201d\",\"datePublished\":\"2016-06-03T11:30:20+00:00\",\"dateModified\":\"2016-12-06T21:40:09+00:00\",\"mainEntityOfPage\":{\"@id\":\"https:\/\/www.budokampsport.se\/2016\/06\/03\/jag-har-fatt-en-andra-karlek\/\"},\"wordCount\":290,\"inLanguage\":\"sv-SE\"},{\"@type\":\"WebPage\",\"@id\":\"https:\/\/www.budokampsport.se\/2016\/06\/03\/jag-har-fatt-en-andra-karlek\/\",\"url\":\"https:\/\/www.budokampsport.se\/2016\/06\/03\/jag-har-fatt-en-andra-karlek\/\",\"name\":\"\u201dJag har f\u00e5tt en andra k\u00e4rlek\u201d - Svenska Budo &amp; Kampsportsf\u00f6rbundet\",\"isPartOf\":{\"@id\":\"https:\/\/www.budokampsport.se\/#website\"},\"datePublished\":\"2016-06-03T11:30:20+00:00\",\"dateModified\":\"2016-12-06T21:40:09+00:00\",\"author\":{\"@id\":\"https:\/\/www.budokampsport.se\/#\/schema\/person\/5c06d81d14850e2a8ce5493386560145\"},\"description\":\"Hamza Bougamza har just klarat av sin f\u00f6rsta inv\u00e4gning som MMA-proffs. Den forne VM-bronsmedalj\u00f6ren i thaiboxning ska g\u00f6ra sin MMA-debut imorgon i\",\"breadcrumb\":{\"@id\":\"https:\/\/www.budokampsport.se\/2016\/06\/03\/jag-har-fatt-en-andra-karlek\/#breadcrumb\"},\"inLanguage\":\"sv-SE\",\"potentialAction\":[{\"@type\":\"ReadAction\",\"target\":[\"https:\/\/www.budokampsport.se\/2016\/06\/03\/jag-har-fatt-en-andra-karlek\/\"]}]},{\"@type\":\"BreadcrumbList\",\"@id\":\"https:\/\/www.budokampsport.se\/2016\/06\/03\/jag-har-fatt-en-andra-karlek\/#breadcrumb\",\"itemListElement\":[{\"@type\":\"ListItem\",\"position\":1,\"name\":\"Hem\",\"item\":\"https:\/\/www.budokampsport.se\/\"},{\"@type\":\"ListItem\",\"position\":2,\"name\":\"\u201dJag har f\u00e5tt en andra k\u00e4rlek\u201d\"}]},{\"@type\":\"WebSite\",\"@id\":\"https:\/\/www.budokampsport.se\/#website\",\"url\":\"https:\/\/www.budokampsport.se\/\",\"name\":\"Svenska Budo &amp; Kampsportsf\u00f6rbundet\",\"description\":\"T\u00e4vling, Tr\u00e4ning, Tradition\",\"potentialAction\":[{\"@type\":\"SearchAction\",\"target\":{\"@type\":\"EntryPoint\",\"urlTemplate\":\"https:\/\/www.budokampsport.se\/?s={search_term_string}\"},\"query-input\":{\"@type\":\"PropertyValueSpecification\",\"valueRequired\":true,\"valueName\":\"search_term_string\"}}],\"inLanguage\":\"sv-SE\"},{\"@type\":\"Person\",\"@id\":\"https:\/\/www.budokampsport.se\/#\/schema\/person\/5c06d81d14850e2a8ce5493386560145\",\"name\":\"Jonathan Broberg\",\"image\":{\"@type\":\"ImageObject\",\"inLanguage\":\"sv-SE\",\"@id\":\"https:\/\/www.budokampsport.se\/#\/schema\/person\/image\/\",\"url\":\"https:\/\/secure.gravatar.com\/avatar\/a58041c6cea9128bd9c40ee2f26d4136?s=96&d=blank&r=g\",\"contentUrl\":\"https:\/\/secure.gravatar.com\/avatar\/a58041c6cea9128bd9c40ee2f26d4136?s=96&d=blank&r=g\",\"caption\":\"Jonathan Broberg\"},\"sameAs\":[\"https:\/\/www.facebook.com\/jonathan.broberg.7\"],\"url\":\"https:\/\/www.budokampsport.se\/author\/jonathan\/\"}]}<\/script>\n<!-- \/ Yoast SEO plugin. -->","yoast_head_json":{"title":"\u201dJag har f\u00e5tt en andra k\u00e4rlek\u201d - Svenska Budo &amp; Kampsportsf\u00f6rbundet","description":"Hamza Bougamza har just klarat av sin f\u00f6rsta inv\u00e4gning som MMA-proffs. Den forne VM-bronsmedalj\u00f6ren i thaiboxning ska g\u00f6ra sin MMA-debut imorgon i","robots":{"index":"index","follow":"follow","max-snippet":"max-snippet:-1","max-image-preview":"max-image-preview:large","max-video-preview":"max-video-preview:-1"},"canonical":"https:\/\/www.budokampsport.se\/2016\/06\/03\/jag-har-fatt-en-andra-karlek\/","og_locale":"sv_SE","og_type":"article","og_title":"\u201dJag har f\u00e5tt en andra k\u00e4rlek\u201d - Svenska Budo &amp; Kampsportsf\u00f6rbundet","og_description":"Hamza Bougamza har just klarat av sin f\u00f6rsta inv\u00e4gning som MMA-proffs. Den forne VM-bronsmedalj\u00f6ren i thaiboxning ska g\u00f6ra sin MMA-debut imorgon i","og_url":"https:\/\/www.budokampsport.se\/2016\/06\/03\/jag-har-fatt-en-andra-karlek\/","og_site_name":"Svenska Budo &amp; Kampsportsf\u00f6rbundet","article_author":"https:\/\/www.facebook.com\/jonathan.broberg.7","article_published_time":"2016-06-03T11:30:20+00:00","article_modified_time":"2016-12-06T21:40:09+00:00","author":"Jonathan Broberg","twitter_card":"summary_large_image","twitter_misc":{"Skriven av":"Jonathan Broberg","Ber\u00e4knad l\u00e4stid":"1 minut"},"schema":{"@context":"https:\/\/schema.org","@graph":[{"@type":"Article","@id":"https:\/\/www.budokampsport.se\/2016\/06\/03\/jag-har-fatt-en-andra-karlek\/#article","isPartOf":{"@id":"https:\/\/www.budokampsport.se\/2016\/06\/03\/jag-har-fatt-en-andra-karlek\/"},"author":{"name":"Jonathan Broberg","@id":"https:\/\/www.budokampsport.se\/#\/schema\/person\/5c06d81d14850e2a8ce5493386560145"},"headline":"\u201dJag har f\u00e5tt en andra k\u00e4rlek\u201d","datePublished":"2016-06-03T11:30:20+00:00","dateModified":"2016-12-06T21:40:09+00:00","mainEntityOfPage":{"@id":"https:\/\/www.budokampsport.se\/2016\/06\/03\/jag-har-fatt-en-andra-karlek\/"},"wordCount":290,"inLanguage":"sv-SE"},{"@type":"WebPage","@id":"https:\/\/www.budokampsport.se\/2016\/06\/03\/jag-har-fatt-en-andra-karlek\/","url":"https:\/\/www.budokampsport.se\/2016\/06\/03\/jag-har-fatt-en-andra-karlek\/","name":"\u201dJag har f\u00e5tt en andra k\u00e4rlek\u201d - Svenska Budo &amp; Kampsportsf\u00f6rbundet","isPartOf":{"@id":"https:\/\/www.budokampsport.se\/#website"},"datePublished":"2016-06-03T11:30:20+00:00","dateModified":"2016-12-06T21:40:09+00:00","author":{"@id":"https:\/\/www.budokampsport.se\/#\/schema\/person\/5c06d81d14850e2a8ce5493386560145"},"description":"Hamza Bougamza har just klarat av sin f\u00f6rsta inv\u00e4gning som MMA-proffs. Den forne VM-bronsmedalj\u00f6ren i thaiboxning ska g\u00f6ra sin MMA-debut imorgon i","breadcrumb":{"@id":"https:\/\/www.budokampsport.se\/2016\/06\/03\/jag-har-fatt-en-andra-karlek\/#breadcrumb"},"inLanguage":"sv-SE","potentialAction":[{"@type":"ReadAction","target":["https:\/\/www.budokampsport.se\/2016\/06\/03\/jag-har-fatt-en-andra-karlek\/"]}]},{"@type":"BreadcrumbList","@id":"https:\/\/www.budokampsport.se\/2016\/06\/03\/jag-har-fatt-en-andra-karlek\/#breadcrumb","itemListElement":[{"@type":"ListItem","position":1,"name":"Hem","item":"https:\/\/www.budokampsport.se\/"},{"@type":"ListItem","position":2,"name":"\u201dJag har f\u00e5tt en andra k\u00e4rlek\u201d"}]},{"@type":"WebSite","@id":"https:\/\/www.budokampsport.se\/#website","url":"https:\/\/www.budokampsport.se\/","name":"Svenska Budo &amp; Kampsportsf\u00f6rbundet","description":"T\u00e4vling, Tr\u00e4ning, Tradition","potentialAction":[{"@type":"SearchAction","target":{"@type":"EntryPoint","urlTemplate":"https:\/\/www.budokampsport.se\/?s={search_term_string}"},"query-input":{"@type":"PropertyValueSpecification","valueRequired":true,"valueName":"search_term_string"}}],"inLanguage":"sv-SE"},{"@type":"Person","@id":"https:\/\/www.budokampsport.se\/#\/schema\/person\/5c06d81d14850e2a8ce5493386560145","name":"Jonathan Broberg","image":{"@type":"ImageObject","inLanguage":"sv-SE","@id":"https:\/\/www.budokampsport.se\/#\/schema\/person\/image\/","url":"https:\/\/secure.gravatar.com\/avatar\/a58041c6cea9128bd9c40ee2f26d4136?s=96&d=blank&r=g","contentUrl":"https:\/\/secure.gravatar.com\/avatar\/a58041c6cea9128bd9c40ee2f26d4136?s=96&d=blank&r=g","caption":"Jonathan Broberg"},"sameAs":["https:\/\/www.facebook.com\/jonathan.broberg.7"],"url":"https:\/\/www.budokampsport.se\/author\/jonathan\/"}]}},"_links":{"self":[{"href":"https:\/\/www.budokampsport.se\/api\/wp\/v2\/posts\/5845","targetHints":{"allow":["GET"]}}],"collection":[{"href":"https:\/\/www.budokampsport.se\/api\/wp\/v2\/posts"}],"about":[{"href":"https:\/\/www.budokampsport.se\/api\/wp\/v2\/types\/post"}],"author":[{"embeddable":true,"href":"https:\/\/www.budokampsport.se\/api\/wp\/v2\/users\/7"}],"replies":[{"embeddable":true,"href":"https:\/\/www.budokampsport.se\/api\/wp\/v2\/comments?post=5845"}],"version-history":[{"count":0,"href":"https:\/\/www.budokampsport.se\/api\/wp\/v2\/posts\/5845\/revisions"}],"wp:attachment":[{"href":"https:\/\/www.budokampsport.se\/api\/wp\/v2\/media?parent=5845"}],"wp:term":[{"taxonomy":"category","embeddable":true,"href":"https:\/\/www.budokampsport.se\/api\/wp\/v2\/categories?post=5845"},{"taxonomy":"post_tag","embeddable":true,"href":"https:\/\/www.budokampsport.se\/api\/wp\/v2\/tags?post=5845"}],"curies":[{"name":"wp","href":"https:\/\/api.w.org\/{rel}","templated":true}]}}