{"id":5855,"date":"2016-06-13T10:34:21","date_gmt":"2016-06-13T08:34:21","guid":{"rendered":"http:\/\/budo.wordpress.dev\/2016\/06\/13\/hylla-de-svenska-thaiboxningsvarldsmastarna-under-tjejkampen\/"},"modified":"2016-12-06T22:40:11","modified_gmt":"2016-12-06T21:40:11","slug":"hylla-de-svenska-thaiboxningsvarldsmastarna-under-tjejkampen","status":"publish","type":"post","link":"https:\/\/www.budokampsport.se\/2016\/06\/13\/hylla-de-svenska-thaiboxningsvarldsmastarna-under-tjejkampen\/","title":{"rendered":"Hylla de svenska thaiboxningsv\u00e4rldsm\u00e4starna under Tjejkampen"},"content":{"rendered":"<p><strong><img decoding=\"async\" alt=\"\" src=\"\/sites\/default\/files\/guldtjejer.gif\" style=\"height:290px; width:435px\"><br \/>I slutet av maj fick Sverige fyra v\u00e4rldsm\u00e4starinnor i thaiboxning och under Tjejkampen p\u00e5 torsdag kommer dessa att hyllas p\u00e5 plats. Det handlar om Sofia Olofsson, Bea Malecki, Patricia Axling och Anna Strandberg.<\/strong><!--break--><\/p>\n<p><em><strong>Kom till Le Bon Palais p\u00e5 torsdag och hylla v\u00e4rldsm\u00e4starna.<\/strong><\/em><br \/><strong><em>Intr\u00e4det \u00e4r gratis, det \u00e4r f\u00f6rst-till-kvarn-principen som g\u00e4ller.<\/em><\/strong><\/p>\n<p>Under kv\u00e4llen kommer ocks\u00e5 en (gratis) f\u00f6rel\u00e4sning med kickboxningsstj\u00e4rnan Caroline Ek att h\u00e5llas, h\u00e4r anm\u00e4ler du dig dit.<\/p>\n<p>Dessutom blir det en gala med matcher och uppvisningar.<\/p>\n<p><strong>Kickboxningsuppvisning<\/strong><br \/>En av landets mest lovande kickboxare, <em><strong>Wilma H\u00e5kans<\/strong><\/em>, fr\u00e5n V\u00e4ster\u00e5s Kampsportscenter kommer att ha en uppvisning i kickboxning.<\/p>\n<p><strong>Jujutsumatch<\/strong><br \/>20-\u00e5riga VM-femman <strong><em>Isabella Vistam<\/em>,<\/strong> fr\u00e5n Nacka Dojo IF, m\u00f6ter den danska landslagsfightern <strong><em>Rebekka Dahl<\/em>.<\/strong><\/p>\n<p><strong>Brasiliansk jujutsu-match (BJJ)<\/strong><br \/><strong><em>Martina Gramenius<\/em>,<\/strong> VM-guldmedalj\u00f6r i bl\u00e5b\u00e4ltesklassen 2014, st\u00e4lls mot en av svensk submission wrestlings st\u00f6rsta stj\u00e4rnor och landslagstjejen i BJJ, <em><strong>Sophia Norden\u00f6.<\/strong><\/em><br \/>\u00a0<br \/><strong>Kyokushinuppvisning<\/strong><br \/><strong>Cecilia Wallin,<\/strong> EM-bronsmedalj\u00f6r och landslagmedlem visar upp kyokushin tillsammans med JEM-bronsmedalj\u00f6ren <strong>Sanne Larsson.<\/strong><\/p>\n<p><strong>Shootfightingmatch<\/strong><br \/>Kickboxningsstj\u00e4rnan <em><strong>Camila Rivarola<\/strong><\/em>, som nu satsar mot MMA, st\u00e4lls mot SM-silvermedalj\u00f6ren i shootfighting <em><strong>Anna Astvik<\/strong><\/em>.<\/p>\n<p><strong>MMA-match<\/strong><br \/>VM-silvermedalj\u00f6ren <em><strong>Jill Holmstr\u00f6m<\/strong><\/em> tar emot den regerande svenska m\u00e4staren i shootfighting <strong><em>Eva-My Persson<\/em>.<\/strong><\/p>\n<p><strong>Iaido-uppvisning<\/strong><br \/><em><strong>Maria Engqvist<\/strong><\/em> har varit en av Sveriges mest framst\u00e5ende i iaido och jodo under flera \u00e5r. 2012 vann hon EM-guld i jodo och \u00e5ret innan vann hon ett EM-brons i iaido.<\/p>\n<p><strong>Armbrytningsmatch<\/strong><br \/>Kv\u00e4llens match i armbrytning blir en repris p\u00e5 v\u00e5rens SM-final i -80-kilosklassen n\u00e4r <em><strong>Agnes \u00c5kerlund <\/strong><\/em>fr\u00e5n Hammarby Armbrytning m\u00f6ter <em><strong>Cecilia Pettersson-Ericsson<\/strong><\/em> fr\u00e5n Active Kampsport.<\/p>\n<p>Text och foto: Jonathan Broberg<\/p>\n","protected":false},"excerpt":{"rendered":"<p>I slutet av maj fick Sverige fyra v\u00e4rldsm\u00e4starinnor i thaiboxning [&#8230;]<\/p><br>","protected":false},"author":7,"featured_media":0,"comment_status":"closed","ping_status":"closed","sticky":false,"template":"","format":"standard","meta":{"_acf_changed":false,"footnotes":""},"categories":[1],"tags":[],"class_list":["post-5855","post","type-post","status-publish","format-standard","hentry","category-okategoriserade"],"acf":[],"yoast_head":"<!-- This site is optimized with the Yoast SEO plugin v26.8 - https:\/\/yoast.com\/product\/yoast-seo-wordpress\/ -->\n<title>Hylla de svenska thaiboxningsv\u00e4rldsm\u00e4starna under Tjejkampen - Svenska Budo &amp; Kampsportsf\u00f6rbundet<\/title>\n<meta name=\"description\" content=\"I slutet av maj fick Sverige fyra v\u00e4rldsm\u00e4starinnor i thaiboxning och under Tjejkampen p\u00e5 torsdag kommer dessa att hyllas p\u00e5 plats. Det handlar om Sofia\" \/>\n<meta name=\"robots\" content=\"index, follow, max-snippet:-1, max-image-preview:large, max-video-preview:-1\" \/>\n<link rel=\"canonical\" href=\"https:\/\/www.budokampsport.se\/2016\/06\/13\/hylla-de-svenska-thaiboxningsvarldsmastarna-under-tjejkampen\/\" \/>\n<meta property=\"og:locale\" content=\"sv_SE\" \/>\n<meta property=\"og:type\" content=\"article\" \/>\n<meta property=\"og:title\" content=\"Hylla de svenska thaiboxningsv\u00e4rldsm\u00e4starna under Tjejkampen - Svenska Budo &amp; Kampsportsf\u00f6rbundet\" \/>\n<meta property=\"og:description\" content=\"I slutet av maj fick Sverige fyra v\u00e4rldsm\u00e4starinnor i thaiboxning och under Tjejkampen p\u00e5 torsdag kommer dessa att hyllas p\u00e5 plats. Det handlar om Sofia\" \/>\n<meta property=\"og:url\" content=\"https:\/\/www.budokampsport.se\/2016\/06\/13\/hylla-de-svenska-thaiboxningsvarldsmastarna-under-tjejkampen\/\" \/>\n<meta property=\"og:site_name\" content=\"Svenska Budo &amp; Kampsportsf\u00f6rbundet\" \/>\n<meta property=\"article:author\" content=\"https:\/\/www.facebook.com\/jonathan.broberg.7\" \/>\n<meta property=\"article:published_time\" content=\"2016-06-13T08:34:21+00:00\" \/>\n<meta property=\"article:modified_time\" content=\"2016-12-06T21:40:11+00:00\" \/>\n<meta name=\"author\" content=\"Jonathan Broberg\" \/>\n<meta name=\"twitter:card\" content=\"summary_large_image\" \/>\n<meta name=\"twitter:label1\" content=\"Skriven av\" \/>\n\t<meta name=\"twitter:data1\" content=\"Jonathan Broberg\" \/>\n\t<meta name=\"twitter:label2\" content=\"Ber\u00e4knad l\u00e4stid\" \/>\n\t<meta name=\"twitter:data2\" content=\"1 minut\" \/>\n<script type=\"application\/ld+json\" class=\"yoast-schema-graph\">{\"@context\":\"https:\/\/schema.org\",\"@graph\":[{\"@type\":\"Article\",\"@id\":\"https:\/\/www.budokampsport.se\/2016\/06\/13\/hylla-de-svenska-thaiboxningsvarldsmastarna-under-tjejkampen\/#article\",\"isPartOf\":{\"@id\":\"https:\/\/www.budokampsport.se\/2016\/06\/13\/hylla-de-svenska-thaiboxningsvarldsmastarna-under-tjejkampen\/\"},\"author\":{\"name\":\"Jonathan Broberg\",\"@id\":\"https:\/\/www.budokampsport.se\/#\/schema\/person\/5c06d81d14850e2a8ce5493386560145\"},\"headline\":\"Hylla de svenska thaiboxningsv\u00e4rldsm\u00e4starna under Tjejkampen\",\"datePublished\":\"2016-06-13T08:34:21+00:00\",\"dateModified\":\"2016-12-06T21:40:11+00:00\",\"mainEntityOfPage\":{\"@id\":\"https:\/\/www.budokampsport.se\/2016\/06\/13\/hylla-de-svenska-thaiboxningsvarldsmastarna-under-tjejkampen\/\"},\"wordCount\":291,\"inLanguage\":\"sv-SE\"},{\"@type\":\"WebPage\",\"@id\":\"https:\/\/www.budokampsport.se\/2016\/06\/13\/hylla-de-svenska-thaiboxningsvarldsmastarna-under-tjejkampen\/\",\"url\":\"https:\/\/www.budokampsport.se\/2016\/06\/13\/hylla-de-svenska-thaiboxningsvarldsmastarna-under-tjejkampen\/\",\"name\":\"Hylla de svenska thaiboxningsv\u00e4rldsm\u00e4starna under Tjejkampen - Svenska Budo &amp; Kampsportsf\u00f6rbundet\",\"isPartOf\":{\"@id\":\"https:\/\/www.budokampsport.se\/#website\"},\"datePublished\":\"2016-06-13T08:34:21+00:00\",\"dateModified\":\"2016-12-06T21:40:11+00:00\",\"author\":{\"@id\":\"https:\/\/www.budokampsport.se\/#\/schema\/person\/5c06d81d14850e2a8ce5493386560145\"},\"description\":\"I slutet av maj fick Sverige fyra v\u00e4rldsm\u00e4starinnor i thaiboxning och under Tjejkampen p\u00e5 torsdag kommer dessa att hyllas p\u00e5 plats. Det handlar om Sofia\",\"breadcrumb\":{\"@id\":\"https:\/\/www.budokampsport.se\/2016\/06\/13\/hylla-de-svenska-thaiboxningsvarldsmastarna-under-tjejkampen\/#breadcrumb\"},\"inLanguage\":\"sv-SE\",\"potentialAction\":[{\"@type\":\"ReadAction\",\"target\":[\"https:\/\/www.budokampsport.se\/2016\/06\/13\/hylla-de-svenska-thaiboxningsvarldsmastarna-under-tjejkampen\/\"]}]},{\"@type\":\"BreadcrumbList\",\"@id\":\"https:\/\/www.budokampsport.se\/2016\/06\/13\/hylla-de-svenska-thaiboxningsvarldsmastarna-under-tjejkampen\/#breadcrumb\",\"itemListElement\":[{\"@type\":\"ListItem\",\"position\":1,\"name\":\"Hem\",\"item\":\"https:\/\/www.budokampsport.se\/\"},{\"@type\":\"ListItem\",\"position\":2,\"name\":\"Hylla de svenska thaiboxningsv\u00e4rldsm\u00e4starna under Tjejkampen\"}]},{\"@type\":\"WebSite\",\"@id\":\"https:\/\/www.budokampsport.se\/#website\",\"url\":\"https:\/\/www.budokampsport.se\/\",\"name\":\"Svenska Budo &amp; Kampsportsf\u00f6rbundet\",\"description\":\"T\u00e4vling, Tr\u00e4ning, Tradition\",\"potentialAction\":[{\"@type\":\"SearchAction\",\"target\":{\"@type\":\"EntryPoint\",\"urlTemplate\":\"https:\/\/www.budokampsport.se\/?s={search_term_string}\"},\"query-input\":{\"@type\":\"PropertyValueSpecification\",\"valueRequired\":true,\"valueName\":\"search_term_string\"}}],\"inLanguage\":\"sv-SE\"},{\"@type\":\"Person\",\"@id\":\"https:\/\/www.budokampsport.se\/#\/schema\/person\/5c06d81d14850e2a8ce5493386560145\",\"name\":\"Jonathan Broberg\",\"image\":{\"@type\":\"ImageObject\",\"inLanguage\":\"sv-SE\",\"@id\":\"https:\/\/www.budokampsport.se\/#\/schema\/person\/image\/\",\"url\":\"https:\/\/secure.gravatar.com\/avatar\/a58041c6cea9128bd9c40ee2f26d4136?s=96&d=blank&r=g\",\"contentUrl\":\"https:\/\/secure.gravatar.com\/avatar\/a58041c6cea9128bd9c40ee2f26d4136?s=96&d=blank&r=g\",\"caption\":\"Jonathan Broberg\"},\"sameAs\":[\"https:\/\/www.facebook.com\/jonathan.broberg.7\"],\"url\":\"https:\/\/www.budokampsport.se\/author\/jonathan\/\"}]}<\/script>\n<!-- \/ Yoast SEO plugin. -->","yoast_head_json":{"title":"Hylla de svenska thaiboxningsv\u00e4rldsm\u00e4starna under Tjejkampen - Svenska Budo &amp; Kampsportsf\u00f6rbundet","description":"I slutet av maj fick Sverige fyra v\u00e4rldsm\u00e4starinnor i thaiboxning och under Tjejkampen p\u00e5 torsdag kommer dessa att hyllas p\u00e5 plats. Det handlar om Sofia","robots":{"index":"index","follow":"follow","max-snippet":"max-snippet:-1","max-image-preview":"max-image-preview:large","max-video-preview":"max-video-preview:-1"},"canonical":"https:\/\/www.budokampsport.se\/2016\/06\/13\/hylla-de-svenska-thaiboxningsvarldsmastarna-under-tjejkampen\/","og_locale":"sv_SE","og_type":"article","og_title":"Hylla de svenska thaiboxningsv\u00e4rldsm\u00e4starna under Tjejkampen - Svenska Budo &amp; Kampsportsf\u00f6rbundet","og_description":"I slutet av maj fick Sverige fyra v\u00e4rldsm\u00e4starinnor i thaiboxning och under Tjejkampen p\u00e5 torsdag kommer dessa att hyllas p\u00e5 plats. Det handlar om Sofia","og_url":"https:\/\/www.budokampsport.se\/2016\/06\/13\/hylla-de-svenska-thaiboxningsvarldsmastarna-under-tjejkampen\/","og_site_name":"Svenska Budo &amp; Kampsportsf\u00f6rbundet","article_author":"https:\/\/www.facebook.com\/jonathan.broberg.7","article_published_time":"2016-06-13T08:34:21+00:00","article_modified_time":"2016-12-06T21:40:11+00:00","author":"Jonathan Broberg","twitter_card":"summary_large_image","twitter_misc":{"Skriven av":"Jonathan Broberg","Ber\u00e4knad l\u00e4stid":"1 minut"},"schema":{"@context":"https:\/\/schema.org","@graph":[{"@type":"Article","@id":"https:\/\/www.budokampsport.se\/2016\/06\/13\/hylla-de-svenska-thaiboxningsvarldsmastarna-under-tjejkampen\/#article","isPartOf":{"@id":"https:\/\/www.budokampsport.se\/2016\/06\/13\/hylla-de-svenska-thaiboxningsvarldsmastarna-under-tjejkampen\/"},"author":{"name":"Jonathan Broberg","@id":"https:\/\/www.budokampsport.se\/#\/schema\/person\/5c06d81d14850e2a8ce5493386560145"},"headline":"Hylla de svenska thaiboxningsv\u00e4rldsm\u00e4starna under Tjejkampen","datePublished":"2016-06-13T08:34:21+00:00","dateModified":"2016-12-06T21:40:11+00:00","mainEntityOfPage":{"@id":"https:\/\/www.budokampsport.se\/2016\/06\/13\/hylla-de-svenska-thaiboxningsvarldsmastarna-under-tjejkampen\/"},"wordCount":291,"inLanguage":"sv-SE"},{"@type":"WebPage","@id":"https:\/\/www.budokampsport.se\/2016\/06\/13\/hylla-de-svenska-thaiboxningsvarldsmastarna-under-tjejkampen\/","url":"https:\/\/www.budokampsport.se\/2016\/06\/13\/hylla-de-svenska-thaiboxningsvarldsmastarna-under-tjejkampen\/","name":"Hylla de svenska thaiboxningsv\u00e4rldsm\u00e4starna under Tjejkampen - Svenska Budo &amp; Kampsportsf\u00f6rbundet","isPartOf":{"@id":"https:\/\/www.budokampsport.se\/#website"},"datePublished":"2016-06-13T08:34:21+00:00","dateModified":"2016-12-06T21:40:11+00:00","author":{"@id":"https:\/\/www.budokampsport.se\/#\/schema\/person\/5c06d81d14850e2a8ce5493386560145"},"description":"I slutet av maj fick Sverige fyra v\u00e4rldsm\u00e4starinnor i thaiboxning och under Tjejkampen p\u00e5 torsdag kommer dessa att hyllas p\u00e5 plats. Det handlar om Sofia","breadcrumb":{"@id":"https:\/\/www.budokampsport.se\/2016\/06\/13\/hylla-de-svenska-thaiboxningsvarldsmastarna-under-tjejkampen\/#breadcrumb"},"inLanguage":"sv-SE","potentialAction":[{"@type":"ReadAction","target":["https:\/\/www.budokampsport.se\/2016\/06\/13\/hylla-de-svenska-thaiboxningsvarldsmastarna-under-tjejkampen\/"]}]},{"@type":"BreadcrumbList","@id":"https:\/\/www.budokampsport.se\/2016\/06\/13\/hylla-de-svenska-thaiboxningsvarldsmastarna-under-tjejkampen\/#breadcrumb","itemListElement":[{"@type":"ListItem","position":1,"name":"Hem","item":"https:\/\/www.budokampsport.se\/"},{"@type":"ListItem","position":2,"name":"Hylla de svenska thaiboxningsv\u00e4rldsm\u00e4starna under Tjejkampen"}]},{"@type":"WebSite","@id":"https:\/\/www.budokampsport.se\/#website","url":"https:\/\/www.budokampsport.se\/","name":"Svenska Budo &amp; Kampsportsf\u00f6rbundet","description":"T\u00e4vling, Tr\u00e4ning, Tradition","potentialAction":[{"@type":"SearchAction","target":{"@type":"EntryPoint","urlTemplate":"https:\/\/www.budokampsport.se\/?s={search_term_string}"},"query-input":{"@type":"PropertyValueSpecification","valueRequired":true,"valueName":"search_term_string"}}],"inLanguage":"sv-SE"},{"@type":"Person","@id":"https:\/\/www.budokampsport.se\/#\/schema\/person\/5c06d81d14850e2a8ce5493386560145","name":"Jonathan Broberg","image":{"@type":"ImageObject","inLanguage":"sv-SE","@id":"https:\/\/www.budokampsport.se\/#\/schema\/person\/image\/","url":"https:\/\/secure.gravatar.com\/avatar\/a58041c6cea9128bd9c40ee2f26d4136?s=96&d=blank&r=g","contentUrl":"https:\/\/secure.gravatar.com\/avatar\/a58041c6cea9128bd9c40ee2f26d4136?s=96&d=blank&r=g","caption":"Jonathan Broberg"},"sameAs":["https:\/\/www.facebook.com\/jonathan.broberg.7"],"url":"https:\/\/www.budokampsport.se\/author\/jonathan\/"}]}},"_links":{"self":[{"href":"https:\/\/www.budokampsport.se\/api\/wp\/v2\/posts\/5855","targetHints":{"allow":["GET"]}}],"collection":[{"href":"https:\/\/www.budokampsport.se\/api\/wp\/v2\/posts"}],"about":[{"href":"https:\/\/www.budokampsport.se\/api\/wp\/v2\/types\/post"}],"author":[{"embeddable":true,"href":"https:\/\/www.budokampsport.se\/api\/wp\/v2\/users\/7"}],"replies":[{"embeddable":true,"href":"https:\/\/www.budokampsport.se\/api\/wp\/v2\/comments?post=5855"}],"version-history":[{"count":0,"href":"https:\/\/www.budokampsport.se\/api\/wp\/v2\/posts\/5855\/revisions"}],"wp:attachment":[{"href":"https:\/\/www.budokampsport.se\/api\/wp\/v2\/media?parent=5855"}],"wp:term":[{"taxonomy":"category","embeddable":true,"href":"https:\/\/www.budokampsport.se\/api\/wp\/v2\/categories?post=5855"},{"taxonomy":"post_tag","embeddable":true,"href":"https:\/\/www.budokampsport.se\/api\/wp\/v2\/tags?post=5855"}],"curies":[{"name":"wp","href":"https:\/\/api.w.org\/{rel}","templated":true}]}}