{"id":5861,"date":"2016-06-16T23:07:50","date_gmt":"2016-06-16T21:07:50","guid":{"rendered":"http:\/\/budo.wordpress.dev\/2016\/06\/16\/leendes-holmstrom-vann-pa-tjejkampen\/"},"modified":"2016-12-06T22:40:12","modified_gmt":"2016-12-06T21:40:12","slug":"leendes-holmstrom-vann-pa-tjejkampen","status":"publish","type":"post","link":"https:\/\/www.budokampsport.se\/2016\/06\/16\/leendes-holmstrom-vann-pa-tjejkampen\/","title":{"rendered":"Leendes Holmstr\u00f6m vann p\u00e5 Tjejkampen"},"content":{"rendered":"<p><iframe loading=\"lazy\" frameborder=\"0\" height=\"290\" id=\"sgEmbed\" scrolling=\"no\" src=\"http:\/\/streaming.sportsground.tv\/embed\/?cid=9588&#038;pid=6250&#038;showSupport=0\" width=\"435\"><\/iframe><br \/><strong><span style=\"line-height:1.6em\">I en h\u00e4rligt underh\u00e5llande och bra MMA-match vann Jill Holmstr\u00f6m \u00f6ver Eva-My Persson p\u00e5 Tjejkampen p\u00e5 Le Bon Palais ikv\u00e4ll. Holmstr\u00f6m passade ocks\u00e5 p\u00e5 att mitt under match bjuda p\u00e5 ett \u2013 leende.<\/span><br \/><span style=\"line-height:1.6em\">\u00a0 \u00a0&#8211; Det var s\u00e5 roligt att g\u00e5 match igen, jag \u00e4lskar ju det h\u00e4r, s\u00e4ger hon till budkampsport.se.<\/span><\/strong><!--break--><\/p>\n<p>En av idrotterna under Tjejkampen p\u00e5 Le Bon Palais ikv\u00e4ll var MMA. Och vilken match Eva-My Persson och Jill Holmstr\u00f6m bj\u00f6d p\u00e5.<\/p>\n<p>Det var tempofyllt, det var h\u00e5rda, varierade tekniker och det var en match helt i den m\u00e5ngh\u00f6vdade och r\u00f6ststarka publikens smak.<\/p>\n<p>Holmstr\u00f6m vann tillslut med 2-1 och var str\u00e5lande glad efter matchen.<br \/>\u00a0\u00a0 &#8211; En oerh\u00f6rd gl\u00e4dje, det var s\u00e5 sjukt kul. Det var s\u00e5dant j\u00e4kla tryck h\u00e4r inne, det var sv\u00e5rt att h\u00f6ra min ringh\u00f6rna. Det \u00e4r faktiskt f\u00f6rsta g\u00e5ngen det h\u00e4nder. S\u00e5 det k\u00e4ndes fantastiskt att f\u00e5 g\u00e5 match h\u00e4r.<\/p>\n<p>Eva-My Persson satte emellertid Holmstr\u00f6m under press och det blev alls inte n\u00e5gon enkel match f\u00f6r den forne VM-silvermedalj\u00f6ren.<br \/>\u00a0\u00a0 &#8211; Jag var lite ringrostig s\u00e5 det finns mycket finlir att slipa vidare p\u00e5, men det var j\u00e4tteroligt att g\u00e5 match igen. F\u00f6rhoppningsvis upplevdes matchen som underh\u00e5llande. Sj\u00e4lvklart fick hon in tr\u00e4ffar p\u00e5 mig, men det var aldrig n\u00e5gra som skakade mig, samtidigt k\u00e4nde jag att jag fick in n\u00e5gra h\u00e5rda p\u00e5 henne. Men Eva-My ska ha mycket cred, tycker jag, f\u00f6r hon gjorde en otrolig prestation.<\/p>\n<p><em>Se hela matchen igen ovan. MMA-matchen startar ungef\u00e4r 1:05 in i s\u00e4ndningen.<\/em><\/p>\n<p>Text: Jonathan Broberg<\/p>\n","protected":false},"excerpt":{"rendered":"<p>I en h\u00e4rligt underh\u00e5llande och bra MMA-match vann Jill Holmstr\u00f6m [&#8230;]<\/p><br>","protected":false},"author":7,"featured_media":0,"comment_status":"closed","ping_status":"closed","sticky":false,"template":"","format":"standard","meta":{"_acf_changed":false,"footnotes":""},"categories":[1],"tags":[],"class_list":["post-5861","post","type-post","status-publish","format-standard","hentry","category-okategoriserade"],"acf":[],"yoast_head":"<!-- This site is optimized with the Yoast SEO plugin v26.8 - https:\/\/yoast.com\/product\/yoast-seo-wordpress\/ -->\n<title>Leendes Holmstr\u00f6m vann p\u00e5 Tjejkampen - Svenska Budo &amp; Kampsportsf\u00f6rbundet<\/title>\n<meta name=\"description\" content=\"I en h\u00e4rligt underh\u00e5llande och bra MMA-match vann Jill Holmstr\u00f6m \u00f6ver Eva-My Persson p\u00e5 Tjejkampen p\u00e5 Le Bon Palais ikv\u00e4ll. Holmstr\u00f6m passade ocks\u00e5 p\u00e5 att\" \/>\n<meta name=\"robots\" content=\"index, follow, max-snippet:-1, max-image-preview:large, max-video-preview:-1\" \/>\n<link rel=\"canonical\" href=\"https:\/\/www.budokampsport.se\/2016\/06\/16\/leendes-holmstrom-vann-pa-tjejkampen\/\" \/>\n<meta property=\"og:locale\" content=\"sv_SE\" \/>\n<meta property=\"og:type\" content=\"article\" \/>\n<meta property=\"og:title\" content=\"Leendes Holmstr\u00f6m vann p\u00e5 Tjejkampen - Svenska Budo &amp; Kampsportsf\u00f6rbundet\" \/>\n<meta property=\"og:description\" content=\"I en h\u00e4rligt underh\u00e5llande och bra MMA-match vann Jill Holmstr\u00f6m \u00f6ver Eva-My Persson p\u00e5 Tjejkampen p\u00e5 Le Bon Palais ikv\u00e4ll. Holmstr\u00f6m passade ocks\u00e5 p\u00e5 att\" \/>\n<meta property=\"og:url\" content=\"https:\/\/www.budokampsport.se\/2016\/06\/16\/leendes-holmstrom-vann-pa-tjejkampen\/\" \/>\n<meta property=\"og:site_name\" content=\"Svenska Budo &amp; Kampsportsf\u00f6rbundet\" \/>\n<meta property=\"article:author\" content=\"https:\/\/www.facebook.com\/jonathan.broberg.7\" \/>\n<meta property=\"article:published_time\" content=\"2016-06-16T21:07:50+00:00\" \/>\n<meta property=\"article:modified_time\" content=\"2016-12-06T21:40:12+00:00\" \/>\n<meta name=\"author\" content=\"Jonathan Broberg\" \/>\n<meta name=\"twitter:card\" content=\"summary_large_image\" \/>\n<meta name=\"twitter:label1\" content=\"Skriven av\" \/>\n\t<meta name=\"twitter:data1\" content=\"Jonathan Broberg\" \/>\n\t<meta name=\"twitter:label2\" content=\"Ber\u00e4knad l\u00e4stid\" \/>\n\t<meta name=\"twitter:data2\" content=\"1 minut\" \/>\n<script type=\"application\/ld+json\" class=\"yoast-schema-graph\">{\"@context\":\"https:\/\/schema.org\",\"@graph\":[{\"@type\":\"Article\",\"@id\":\"https:\/\/www.budokampsport.se\/2016\/06\/16\/leendes-holmstrom-vann-pa-tjejkampen\/#article\",\"isPartOf\":{\"@id\":\"https:\/\/www.budokampsport.se\/2016\/06\/16\/leendes-holmstrom-vann-pa-tjejkampen\/\"},\"author\":{\"name\":\"Jonathan Broberg\",\"@id\":\"https:\/\/www.budokampsport.se\/#\/schema\/person\/5c06d81d14850e2a8ce5493386560145\"},\"headline\":\"Leendes Holmstr\u00f6m vann p\u00e5 Tjejkampen\",\"datePublished\":\"2016-06-16T21:07:50+00:00\",\"dateModified\":\"2016-12-06T21:40:12+00:00\",\"mainEntityOfPage\":{\"@id\":\"https:\/\/www.budokampsport.se\/2016\/06\/16\/leendes-holmstrom-vann-pa-tjejkampen\/\"},\"wordCount\":295,\"inLanguage\":\"sv-SE\"},{\"@type\":\"WebPage\",\"@id\":\"https:\/\/www.budokampsport.se\/2016\/06\/16\/leendes-holmstrom-vann-pa-tjejkampen\/\",\"url\":\"https:\/\/www.budokampsport.se\/2016\/06\/16\/leendes-holmstrom-vann-pa-tjejkampen\/\",\"name\":\"Leendes Holmstr\u00f6m vann p\u00e5 Tjejkampen - Svenska Budo &amp; Kampsportsf\u00f6rbundet\",\"isPartOf\":{\"@id\":\"https:\/\/www.budokampsport.se\/#website\"},\"datePublished\":\"2016-06-16T21:07:50+00:00\",\"dateModified\":\"2016-12-06T21:40:12+00:00\",\"author\":{\"@id\":\"https:\/\/www.budokampsport.se\/#\/schema\/person\/5c06d81d14850e2a8ce5493386560145\"},\"description\":\"I en h\u00e4rligt underh\u00e5llande och bra MMA-match vann Jill Holmstr\u00f6m \u00f6ver Eva-My Persson p\u00e5 Tjejkampen p\u00e5 Le Bon Palais ikv\u00e4ll. Holmstr\u00f6m passade ocks\u00e5 p\u00e5 att\",\"breadcrumb\":{\"@id\":\"https:\/\/www.budokampsport.se\/2016\/06\/16\/leendes-holmstrom-vann-pa-tjejkampen\/#breadcrumb\"},\"inLanguage\":\"sv-SE\",\"potentialAction\":[{\"@type\":\"ReadAction\",\"target\":[\"https:\/\/www.budokampsport.se\/2016\/06\/16\/leendes-holmstrom-vann-pa-tjejkampen\/\"]}]},{\"@type\":\"BreadcrumbList\",\"@id\":\"https:\/\/www.budokampsport.se\/2016\/06\/16\/leendes-holmstrom-vann-pa-tjejkampen\/#breadcrumb\",\"itemListElement\":[{\"@type\":\"ListItem\",\"position\":1,\"name\":\"Hem\",\"item\":\"https:\/\/www.budokampsport.se\/\"},{\"@type\":\"ListItem\",\"position\":2,\"name\":\"Leendes Holmstr\u00f6m vann p\u00e5 Tjejkampen\"}]},{\"@type\":\"WebSite\",\"@id\":\"https:\/\/www.budokampsport.se\/#website\",\"url\":\"https:\/\/www.budokampsport.se\/\",\"name\":\"Svenska Budo &amp; Kampsportsf\u00f6rbundet\",\"description\":\"T\u00e4vling, Tr\u00e4ning, Tradition\",\"potentialAction\":[{\"@type\":\"SearchAction\",\"target\":{\"@type\":\"EntryPoint\",\"urlTemplate\":\"https:\/\/www.budokampsport.se\/?s={search_term_string}\"},\"query-input\":{\"@type\":\"PropertyValueSpecification\",\"valueRequired\":true,\"valueName\":\"search_term_string\"}}],\"inLanguage\":\"sv-SE\"},{\"@type\":\"Person\",\"@id\":\"https:\/\/www.budokampsport.se\/#\/schema\/person\/5c06d81d14850e2a8ce5493386560145\",\"name\":\"Jonathan Broberg\",\"image\":{\"@type\":\"ImageObject\",\"inLanguage\":\"sv-SE\",\"@id\":\"https:\/\/www.budokampsport.se\/#\/schema\/person\/image\/\",\"url\":\"https:\/\/secure.gravatar.com\/avatar\/a58041c6cea9128bd9c40ee2f26d4136?s=96&d=blank&r=g\",\"contentUrl\":\"https:\/\/secure.gravatar.com\/avatar\/a58041c6cea9128bd9c40ee2f26d4136?s=96&d=blank&r=g\",\"caption\":\"Jonathan Broberg\"},\"sameAs\":[\"https:\/\/www.facebook.com\/jonathan.broberg.7\"],\"url\":\"https:\/\/www.budokampsport.se\/author\/jonathan\/\"}]}<\/script>\n<!-- \/ Yoast SEO plugin. -->","yoast_head_json":{"title":"Leendes Holmstr\u00f6m vann p\u00e5 Tjejkampen - Svenska Budo &amp; Kampsportsf\u00f6rbundet","description":"I en h\u00e4rligt underh\u00e5llande och bra MMA-match vann Jill Holmstr\u00f6m \u00f6ver Eva-My Persson p\u00e5 Tjejkampen p\u00e5 Le Bon Palais ikv\u00e4ll. Holmstr\u00f6m passade ocks\u00e5 p\u00e5 att","robots":{"index":"index","follow":"follow","max-snippet":"max-snippet:-1","max-image-preview":"max-image-preview:large","max-video-preview":"max-video-preview:-1"},"canonical":"https:\/\/www.budokampsport.se\/2016\/06\/16\/leendes-holmstrom-vann-pa-tjejkampen\/","og_locale":"sv_SE","og_type":"article","og_title":"Leendes Holmstr\u00f6m vann p\u00e5 Tjejkampen - Svenska Budo &amp; Kampsportsf\u00f6rbundet","og_description":"I en h\u00e4rligt underh\u00e5llande och bra MMA-match vann Jill Holmstr\u00f6m \u00f6ver Eva-My Persson p\u00e5 Tjejkampen p\u00e5 Le Bon Palais ikv\u00e4ll. Holmstr\u00f6m passade ocks\u00e5 p\u00e5 att","og_url":"https:\/\/www.budokampsport.se\/2016\/06\/16\/leendes-holmstrom-vann-pa-tjejkampen\/","og_site_name":"Svenska Budo &amp; Kampsportsf\u00f6rbundet","article_author":"https:\/\/www.facebook.com\/jonathan.broberg.7","article_published_time":"2016-06-16T21:07:50+00:00","article_modified_time":"2016-12-06T21:40:12+00:00","author":"Jonathan Broberg","twitter_card":"summary_large_image","twitter_misc":{"Skriven av":"Jonathan Broberg","Ber\u00e4knad l\u00e4stid":"1 minut"},"schema":{"@context":"https:\/\/schema.org","@graph":[{"@type":"Article","@id":"https:\/\/www.budokampsport.se\/2016\/06\/16\/leendes-holmstrom-vann-pa-tjejkampen\/#article","isPartOf":{"@id":"https:\/\/www.budokampsport.se\/2016\/06\/16\/leendes-holmstrom-vann-pa-tjejkampen\/"},"author":{"name":"Jonathan Broberg","@id":"https:\/\/www.budokampsport.se\/#\/schema\/person\/5c06d81d14850e2a8ce5493386560145"},"headline":"Leendes Holmstr\u00f6m vann p\u00e5 Tjejkampen","datePublished":"2016-06-16T21:07:50+00:00","dateModified":"2016-12-06T21:40:12+00:00","mainEntityOfPage":{"@id":"https:\/\/www.budokampsport.se\/2016\/06\/16\/leendes-holmstrom-vann-pa-tjejkampen\/"},"wordCount":295,"inLanguage":"sv-SE"},{"@type":"WebPage","@id":"https:\/\/www.budokampsport.se\/2016\/06\/16\/leendes-holmstrom-vann-pa-tjejkampen\/","url":"https:\/\/www.budokampsport.se\/2016\/06\/16\/leendes-holmstrom-vann-pa-tjejkampen\/","name":"Leendes Holmstr\u00f6m vann p\u00e5 Tjejkampen - Svenska Budo &amp; Kampsportsf\u00f6rbundet","isPartOf":{"@id":"https:\/\/www.budokampsport.se\/#website"},"datePublished":"2016-06-16T21:07:50+00:00","dateModified":"2016-12-06T21:40:12+00:00","author":{"@id":"https:\/\/www.budokampsport.se\/#\/schema\/person\/5c06d81d14850e2a8ce5493386560145"},"description":"I en h\u00e4rligt underh\u00e5llande och bra MMA-match vann Jill Holmstr\u00f6m \u00f6ver Eva-My Persson p\u00e5 Tjejkampen p\u00e5 Le Bon Palais ikv\u00e4ll. Holmstr\u00f6m passade ocks\u00e5 p\u00e5 att","breadcrumb":{"@id":"https:\/\/www.budokampsport.se\/2016\/06\/16\/leendes-holmstrom-vann-pa-tjejkampen\/#breadcrumb"},"inLanguage":"sv-SE","potentialAction":[{"@type":"ReadAction","target":["https:\/\/www.budokampsport.se\/2016\/06\/16\/leendes-holmstrom-vann-pa-tjejkampen\/"]}]},{"@type":"BreadcrumbList","@id":"https:\/\/www.budokampsport.se\/2016\/06\/16\/leendes-holmstrom-vann-pa-tjejkampen\/#breadcrumb","itemListElement":[{"@type":"ListItem","position":1,"name":"Hem","item":"https:\/\/www.budokampsport.se\/"},{"@type":"ListItem","position":2,"name":"Leendes Holmstr\u00f6m vann p\u00e5 Tjejkampen"}]},{"@type":"WebSite","@id":"https:\/\/www.budokampsport.se\/#website","url":"https:\/\/www.budokampsport.se\/","name":"Svenska Budo &amp; Kampsportsf\u00f6rbundet","description":"T\u00e4vling, Tr\u00e4ning, Tradition","potentialAction":[{"@type":"SearchAction","target":{"@type":"EntryPoint","urlTemplate":"https:\/\/www.budokampsport.se\/?s={search_term_string}"},"query-input":{"@type":"PropertyValueSpecification","valueRequired":true,"valueName":"search_term_string"}}],"inLanguage":"sv-SE"},{"@type":"Person","@id":"https:\/\/www.budokampsport.se\/#\/schema\/person\/5c06d81d14850e2a8ce5493386560145","name":"Jonathan Broberg","image":{"@type":"ImageObject","inLanguage":"sv-SE","@id":"https:\/\/www.budokampsport.se\/#\/schema\/person\/image\/","url":"https:\/\/secure.gravatar.com\/avatar\/a58041c6cea9128bd9c40ee2f26d4136?s=96&d=blank&r=g","contentUrl":"https:\/\/secure.gravatar.com\/avatar\/a58041c6cea9128bd9c40ee2f26d4136?s=96&d=blank&r=g","caption":"Jonathan Broberg"},"sameAs":["https:\/\/www.facebook.com\/jonathan.broberg.7"],"url":"https:\/\/www.budokampsport.se\/author\/jonathan\/"}]}},"_links":{"self":[{"href":"https:\/\/www.budokampsport.se\/api\/wp\/v2\/posts\/5861","targetHints":{"allow":["GET"]}}],"collection":[{"href":"https:\/\/www.budokampsport.se\/api\/wp\/v2\/posts"}],"about":[{"href":"https:\/\/www.budokampsport.se\/api\/wp\/v2\/types\/post"}],"author":[{"embeddable":true,"href":"https:\/\/www.budokampsport.se\/api\/wp\/v2\/users\/7"}],"replies":[{"embeddable":true,"href":"https:\/\/www.budokampsport.se\/api\/wp\/v2\/comments?post=5861"}],"version-history":[{"count":0,"href":"https:\/\/www.budokampsport.se\/api\/wp\/v2\/posts\/5861\/revisions"}],"wp:attachment":[{"href":"https:\/\/www.budokampsport.se\/api\/wp\/v2\/media?parent=5861"}],"wp:term":[{"taxonomy":"category","embeddable":true,"href":"https:\/\/www.budokampsport.se\/api\/wp\/v2\/categories?post=5861"},{"taxonomy":"post_tag","embeddable":true,"href":"https:\/\/www.budokampsport.se\/api\/wp\/v2\/tags?post=5861"}],"curies":[{"name":"wp","href":"https:\/\/api.w.org\/{rel}","templated":true}]}}