{"id":5905,"date":"2016-07-11T00:01:34","date_gmt":"2016-07-10T22:01:34","guid":{"rendered":"http:\/\/budo.wordpress.dev\/2016\/07\/11\/smajic-fullbordade-den-svenska-guldsuccen\/"},"modified":"2016-12-06T22:40:20","modified_gmt":"2016-12-06T21:40:20","slug":"smajic-fullbordade-den-svenska-guldsuccen","status":"publish","type":"post","link":"https:\/\/www.budokampsport.se\/2016\/07\/11\/smajic-fullbordade-den-svenska-guldsuccen\/","title":{"rendered":"Smajic fullbordade den svenska guldsucc\u00e9n"},"content":{"rendered":"<p><strong><img decoding=\"async\" alt=\"\" src=\"\/sites\/default\/files\/irman_smajic_guld_ett.gif\" style=\"height:290px; width:435px\"><br \/>Ett. Tv\u00e5. Tre. Det blev triss i guld f\u00f6r Sverige i VM i MMA i Las Vegas. Irman Smajic vann tungviktsfinalen \u00f6ver fransmannen Allan Guichard p\u00e5 delat domslut, 2-1.<br \/>\u00a0\u00a0 &#8211; Det h\u00e4r \u00e4r enormt stort f\u00f6r den h\u00e4r lille killen fr\u00e5n V\u00e4stervik. Det h\u00e4r kommer ta l\u00e5ng tid att f\u00f6rst\u00e5, s\u00e4ger han till budokampsport.se.<\/strong><!--break--><\/p>\n<p>Tungviktsfinalen mellan Irman Smajic och Allan Guichard var VM:s sista match. Och en av de kanske allra b\u00e4sta.<\/p>\n<p>Guichard kopplade ett tidigt tag om guldet d\u00e5 han b\u00f6rjade med att ta ner Smajic p\u00e5 marken och d\u00e4rifr\u00e5n styrde han n\u00e4stan hela f\u00f6rsta ronden. Smajic gav emellertid inte vika och k\u00e4ndes hela tiden farlig.<br \/>\u00a0\u00a0 &#8211; Jag h\u00e4mtade kraft fr\u00e5n havets botten, jag gav allt. Allt.<\/p>\n<p>I den andra ronden sv\u00e4ngde matchen. Smajic hittade n\u00e5gra h\u00e5rda projektiler fr\u00e5n distans som v\u00e5llade fransmannen enorma bekymmer. Dessutom jobbade Smajic mot en giljotin som ocks\u00e5 s\u00f6g musten ur Guichard.<\/p>\n<p>I den tredje ronden var det bara Smajic i buren. Han tog ned fransmannen, och hade god kontroll p\u00e5 Guichards f\u00f6rs\u00f6k att ta sig loss.<br \/>\u00a0\u00a0 &#8211; Att vara h\u00e4r p\u00e5 VM, fr\u00e5n att ha varit kraftigt \u00f6verviktigt f\u00f6r n\u00e5gra \u00e5r sedan, att st\u00e5 i samma bur som de b\u00e4sta har t\u00e4vlat i. Det \u00e4r j\u00e4vligt stort f\u00f6r den h\u00e4r lille killen fr\u00e5n V\u00e4stervik. Jag \u00e4r s\u00e5 glad att jag exploderar.<\/p>\n<p><img decoding=\"async\" alt=\"\" src=\"\/sites\/default\/files\/irman_smajic_guld_tva.gif\" style=\"height:290px; width:435px\"><\/p>\n<p><img decoding=\"async\" alt=\"\" src=\"\/sites\/default\/files\/irman_smajic_guld_tre_0.gif\" style=\"height:290px; width:435px\"><\/p>\n<p>Text och foto: Jonathan Broberg \u00a0<\/p>\n","protected":false},"excerpt":{"rendered":"<p>Ett. Tv\u00e5. Tre. Det blev triss i guld f\u00f6r Sverige [&#8230;]<\/p><br>","protected":false},"author":7,"featured_media":0,"comment_status":"closed","ping_status":"closed","sticky":false,"template":"","format":"standard","meta":{"_acf_changed":false,"footnotes":""},"categories":[1],"tags":[],"class_list":["post-5905","post","type-post","status-publish","format-standard","hentry","category-okategoriserade"],"acf":[],"yoast_head":"<!-- This site is optimized with the Yoast SEO plugin v26.8 - https:\/\/yoast.com\/product\/yoast-seo-wordpress\/ -->\n<title>Smajic fullbordade den svenska guldsucc\u00e9n - Svenska Budo &amp; Kampsportsf\u00f6rbundet<\/title>\n<meta name=\"description\" content=\"Ett. Tv\u00e5. Tre. Det blev triss i guld f\u00f6r Sverige i VM i MMA i Las Vegas. Irman Smajic vann tungviktsfinalen \u00f6ver fransmannen Allan Guichard p\u00e5 delat\" \/>\n<meta name=\"robots\" content=\"index, follow, max-snippet:-1, max-image-preview:large, max-video-preview:-1\" \/>\n<link rel=\"canonical\" href=\"https:\/\/www.budokampsport.se\/2016\/07\/11\/smajic-fullbordade-den-svenska-guldsuccen\/\" \/>\n<meta property=\"og:locale\" content=\"sv_SE\" \/>\n<meta property=\"og:type\" content=\"article\" \/>\n<meta property=\"og:title\" content=\"Smajic fullbordade den svenska guldsucc\u00e9n - Svenska Budo &amp; Kampsportsf\u00f6rbundet\" \/>\n<meta property=\"og:description\" content=\"Ett. Tv\u00e5. Tre. Det blev triss i guld f\u00f6r Sverige i VM i MMA i Las Vegas. Irman Smajic vann tungviktsfinalen \u00f6ver fransmannen Allan Guichard p\u00e5 delat\" \/>\n<meta property=\"og:url\" content=\"https:\/\/www.budokampsport.se\/2016\/07\/11\/smajic-fullbordade-den-svenska-guldsuccen\/\" \/>\n<meta property=\"og:site_name\" content=\"Svenska Budo &amp; Kampsportsf\u00f6rbundet\" \/>\n<meta property=\"article:author\" content=\"https:\/\/www.facebook.com\/jonathan.broberg.7\" \/>\n<meta property=\"article:published_time\" content=\"2016-07-10T22:01:34+00:00\" \/>\n<meta property=\"article:modified_time\" content=\"2016-12-06T21:40:20+00:00\" \/>\n<meta name=\"author\" content=\"Jonathan Broberg\" \/>\n<meta name=\"twitter:card\" content=\"summary_large_image\" \/>\n<meta name=\"twitter:label1\" content=\"Skriven av\" \/>\n\t<meta name=\"twitter:data1\" content=\"Jonathan Broberg\" \/>\n\t<meta name=\"twitter:label2\" content=\"Ber\u00e4knad l\u00e4stid\" \/>\n\t<meta name=\"twitter:data2\" content=\"1 minut\" \/>\n<script type=\"application\/ld+json\" class=\"yoast-schema-graph\">{\"@context\":\"https:\/\/schema.org\",\"@graph\":[{\"@type\":\"Article\",\"@id\":\"https:\/\/www.budokampsport.se\/2016\/07\/11\/smajic-fullbordade-den-svenska-guldsuccen\/#article\",\"isPartOf\":{\"@id\":\"https:\/\/www.budokampsport.se\/2016\/07\/11\/smajic-fullbordade-den-svenska-guldsuccen\/\"},\"author\":{\"name\":\"Jonathan Broberg\",\"@id\":\"https:\/\/www.budokampsport.se\/#\/schema\/person\/5c06d81d14850e2a8ce5493386560145\"},\"headline\":\"Smajic fullbordade den svenska guldsucc\u00e9n\",\"datePublished\":\"2016-07-10T22:01:34+00:00\",\"dateModified\":\"2016-12-06T21:40:20+00:00\",\"mainEntityOfPage\":{\"@id\":\"https:\/\/www.budokampsport.se\/2016\/07\/11\/smajic-fullbordade-den-svenska-guldsuccen\/\"},\"wordCount\":269,\"inLanguage\":\"sv-SE\"},{\"@type\":\"WebPage\",\"@id\":\"https:\/\/www.budokampsport.se\/2016\/07\/11\/smajic-fullbordade-den-svenska-guldsuccen\/\",\"url\":\"https:\/\/www.budokampsport.se\/2016\/07\/11\/smajic-fullbordade-den-svenska-guldsuccen\/\",\"name\":\"Smajic fullbordade den svenska guldsucc\u00e9n - Svenska Budo &amp; Kampsportsf\u00f6rbundet\",\"isPartOf\":{\"@id\":\"https:\/\/www.budokampsport.se\/#website\"},\"datePublished\":\"2016-07-10T22:01:34+00:00\",\"dateModified\":\"2016-12-06T21:40:20+00:00\",\"author\":{\"@id\":\"https:\/\/www.budokampsport.se\/#\/schema\/person\/5c06d81d14850e2a8ce5493386560145\"},\"description\":\"Ett. Tv\u00e5. Tre. Det blev triss i guld f\u00f6r Sverige i VM i MMA i Las Vegas. Irman Smajic vann tungviktsfinalen \u00f6ver fransmannen Allan Guichard p\u00e5 delat\",\"breadcrumb\":{\"@id\":\"https:\/\/www.budokampsport.se\/2016\/07\/11\/smajic-fullbordade-den-svenska-guldsuccen\/#breadcrumb\"},\"inLanguage\":\"sv-SE\",\"potentialAction\":[{\"@type\":\"ReadAction\",\"target\":[\"https:\/\/www.budokampsport.se\/2016\/07\/11\/smajic-fullbordade-den-svenska-guldsuccen\/\"]}]},{\"@type\":\"BreadcrumbList\",\"@id\":\"https:\/\/www.budokampsport.se\/2016\/07\/11\/smajic-fullbordade-den-svenska-guldsuccen\/#breadcrumb\",\"itemListElement\":[{\"@type\":\"ListItem\",\"position\":1,\"name\":\"Hem\",\"item\":\"https:\/\/www.budokampsport.se\/\"},{\"@type\":\"ListItem\",\"position\":2,\"name\":\"Smajic fullbordade den svenska guldsucc\u00e9n\"}]},{\"@type\":\"WebSite\",\"@id\":\"https:\/\/www.budokampsport.se\/#website\",\"url\":\"https:\/\/www.budokampsport.se\/\",\"name\":\"Svenska Budo &amp; Kampsportsf\u00f6rbundet\",\"description\":\"T\u00e4vling, Tr\u00e4ning, Tradition\",\"potentialAction\":[{\"@type\":\"SearchAction\",\"target\":{\"@type\":\"EntryPoint\",\"urlTemplate\":\"https:\/\/www.budokampsport.se\/?s={search_term_string}\"},\"query-input\":{\"@type\":\"PropertyValueSpecification\",\"valueRequired\":true,\"valueName\":\"search_term_string\"}}],\"inLanguage\":\"sv-SE\"},{\"@type\":\"Person\",\"@id\":\"https:\/\/www.budokampsport.se\/#\/schema\/person\/5c06d81d14850e2a8ce5493386560145\",\"name\":\"Jonathan Broberg\",\"image\":{\"@type\":\"ImageObject\",\"inLanguage\":\"sv-SE\",\"@id\":\"https:\/\/www.budokampsport.se\/#\/schema\/person\/image\/\",\"url\":\"https:\/\/secure.gravatar.com\/avatar\/a58041c6cea9128bd9c40ee2f26d4136?s=96&d=blank&r=g\",\"contentUrl\":\"https:\/\/secure.gravatar.com\/avatar\/a58041c6cea9128bd9c40ee2f26d4136?s=96&d=blank&r=g\",\"caption\":\"Jonathan Broberg\"},\"sameAs\":[\"https:\/\/www.facebook.com\/jonathan.broberg.7\"],\"url\":\"https:\/\/www.budokampsport.se\/author\/jonathan\/\"}]}<\/script>\n<!-- \/ Yoast SEO plugin. -->","yoast_head_json":{"title":"Smajic fullbordade den svenska guldsucc\u00e9n - Svenska Budo &amp; Kampsportsf\u00f6rbundet","description":"Ett. Tv\u00e5. Tre. Det blev triss i guld f\u00f6r Sverige i VM i MMA i Las Vegas. Irman Smajic vann tungviktsfinalen \u00f6ver fransmannen Allan Guichard p\u00e5 delat","robots":{"index":"index","follow":"follow","max-snippet":"max-snippet:-1","max-image-preview":"max-image-preview:large","max-video-preview":"max-video-preview:-1"},"canonical":"https:\/\/www.budokampsport.se\/2016\/07\/11\/smajic-fullbordade-den-svenska-guldsuccen\/","og_locale":"sv_SE","og_type":"article","og_title":"Smajic fullbordade den svenska guldsucc\u00e9n - Svenska Budo &amp; Kampsportsf\u00f6rbundet","og_description":"Ett. Tv\u00e5. Tre. Det blev triss i guld f\u00f6r Sverige i VM i MMA i Las Vegas. Irman Smajic vann tungviktsfinalen \u00f6ver fransmannen Allan Guichard p\u00e5 delat","og_url":"https:\/\/www.budokampsport.se\/2016\/07\/11\/smajic-fullbordade-den-svenska-guldsuccen\/","og_site_name":"Svenska Budo &amp; Kampsportsf\u00f6rbundet","article_author":"https:\/\/www.facebook.com\/jonathan.broberg.7","article_published_time":"2016-07-10T22:01:34+00:00","article_modified_time":"2016-12-06T21:40:20+00:00","author":"Jonathan Broberg","twitter_card":"summary_large_image","twitter_misc":{"Skriven av":"Jonathan Broberg","Ber\u00e4knad l\u00e4stid":"1 minut"},"schema":{"@context":"https:\/\/schema.org","@graph":[{"@type":"Article","@id":"https:\/\/www.budokampsport.se\/2016\/07\/11\/smajic-fullbordade-den-svenska-guldsuccen\/#article","isPartOf":{"@id":"https:\/\/www.budokampsport.se\/2016\/07\/11\/smajic-fullbordade-den-svenska-guldsuccen\/"},"author":{"name":"Jonathan Broberg","@id":"https:\/\/www.budokampsport.se\/#\/schema\/person\/5c06d81d14850e2a8ce5493386560145"},"headline":"Smajic fullbordade den svenska guldsucc\u00e9n","datePublished":"2016-07-10T22:01:34+00:00","dateModified":"2016-12-06T21:40:20+00:00","mainEntityOfPage":{"@id":"https:\/\/www.budokampsport.se\/2016\/07\/11\/smajic-fullbordade-den-svenska-guldsuccen\/"},"wordCount":269,"inLanguage":"sv-SE"},{"@type":"WebPage","@id":"https:\/\/www.budokampsport.se\/2016\/07\/11\/smajic-fullbordade-den-svenska-guldsuccen\/","url":"https:\/\/www.budokampsport.se\/2016\/07\/11\/smajic-fullbordade-den-svenska-guldsuccen\/","name":"Smajic fullbordade den svenska guldsucc\u00e9n - Svenska Budo &amp; Kampsportsf\u00f6rbundet","isPartOf":{"@id":"https:\/\/www.budokampsport.se\/#website"},"datePublished":"2016-07-10T22:01:34+00:00","dateModified":"2016-12-06T21:40:20+00:00","author":{"@id":"https:\/\/www.budokampsport.se\/#\/schema\/person\/5c06d81d14850e2a8ce5493386560145"},"description":"Ett. Tv\u00e5. Tre. Det blev triss i guld f\u00f6r Sverige i VM i MMA i Las Vegas. Irman Smajic vann tungviktsfinalen \u00f6ver fransmannen Allan Guichard p\u00e5 delat","breadcrumb":{"@id":"https:\/\/www.budokampsport.se\/2016\/07\/11\/smajic-fullbordade-den-svenska-guldsuccen\/#breadcrumb"},"inLanguage":"sv-SE","potentialAction":[{"@type":"ReadAction","target":["https:\/\/www.budokampsport.se\/2016\/07\/11\/smajic-fullbordade-den-svenska-guldsuccen\/"]}]},{"@type":"BreadcrumbList","@id":"https:\/\/www.budokampsport.se\/2016\/07\/11\/smajic-fullbordade-den-svenska-guldsuccen\/#breadcrumb","itemListElement":[{"@type":"ListItem","position":1,"name":"Hem","item":"https:\/\/www.budokampsport.se\/"},{"@type":"ListItem","position":2,"name":"Smajic fullbordade den svenska guldsucc\u00e9n"}]},{"@type":"WebSite","@id":"https:\/\/www.budokampsport.se\/#website","url":"https:\/\/www.budokampsport.se\/","name":"Svenska Budo &amp; Kampsportsf\u00f6rbundet","description":"T\u00e4vling, Tr\u00e4ning, Tradition","potentialAction":[{"@type":"SearchAction","target":{"@type":"EntryPoint","urlTemplate":"https:\/\/www.budokampsport.se\/?s={search_term_string}"},"query-input":{"@type":"PropertyValueSpecification","valueRequired":true,"valueName":"search_term_string"}}],"inLanguage":"sv-SE"},{"@type":"Person","@id":"https:\/\/www.budokampsport.se\/#\/schema\/person\/5c06d81d14850e2a8ce5493386560145","name":"Jonathan Broberg","image":{"@type":"ImageObject","inLanguage":"sv-SE","@id":"https:\/\/www.budokampsport.se\/#\/schema\/person\/image\/","url":"https:\/\/secure.gravatar.com\/avatar\/a58041c6cea9128bd9c40ee2f26d4136?s=96&d=blank&r=g","contentUrl":"https:\/\/secure.gravatar.com\/avatar\/a58041c6cea9128bd9c40ee2f26d4136?s=96&d=blank&r=g","caption":"Jonathan Broberg"},"sameAs":["https:\/\/www.facebook.com\/jonathan.broberg.7"],"url":"https:\/\/www.budokampsport.se\/author\/jonathan\/"}]}},"_links":{"self":[{"href":"https:\/\/www.budokampsport.se\/api\/wp\/v2\/posts\/5905","targetHints":{"allow":["GET"]}}],"collection":[{"href":"https:\/\/www.budokampsport.se\/api\/wp\/v2\/posts"}],"about":[{"href":"https:\/\/www.budokampsport.se\/api\/wp\/v2\/types\/post"}],"author":[{"embeddable":true,"href":"https:\/\/www.budokampsport.se\/api\/wp\/v2\/users\/7"}],"replies":[{"embeddable":true,"href":"https:\/\/www.budokampsport.se\/api\/wp\/v2\/comments?post=5905"}],"version-history":[{"count":0,"href":"https:\/\/www.budokampsport.se\/api\/wp\/v2\/posts\/5905\/revisions"}],"wp:attachment":[{"href":"https:\/\/www.budokampsport.se\/api\/wp\/v2\/media?parent=5905"}],"wp:term":[{"taxonomy":"category","embeddable":true,"href":"https:\/\/www.budokampsport.se\/api\/wp\/v2\/categories?post=5905"},{"taxonomy":"post_tag","embeddable":true,"href":"https:\/\/www.budokampsport.se\/api\/wp\/v2\/tags?post=5905"}],"curies":[{"name":"wp","href":"https:\/\/api.w.org\/{rel}","templated":true}]}}