{"id":5942,"date":"2016-09-19T11:35:11","date_gmt":"2016-09-19T09:35:11","guid":{"rendered":"http:\/\/budo.wordpress.dev\/2016\/09\/19\/apotekaren-med-sikte-pa-em-medalj\/"},"modified":"2016-12-06T22:40:28","modified_gmt":"2016-12-06T21:40:28","slug":"apotekaren-med-sikte-pa-em-medalj","status":"publish","type":"post","link":"https:\/\/www.budokampsport.se\/2016\/09\/19\/apotekaren-med-sikte-pa-em-medalj\/","title":{"rendered":"Apotekaren med sikte p\u00e5 EM-medalj"},"content":{"rendered":"<p><strong><img decoding=\"async\" alt=\"\" src=\"\/sites\/default\/files\/anna-lena_olsson.gif\" style=\"height:287px; width:430px\"><br \/>Sverige \u00e4r medaljm\u00e4ssigt en stormakt inom jodo, trots att medlemsantalet de senaste sex \u00e5ren aldrig stigit \u00f6ver 80 personer. En av de som vunnit medalj, och som g\u00e4rna g\u00f6r det igen, \u00e4r Anna-Lena Olsson, 36, fr\u00e5n G\u00f6teborg. I helgen b\u00f6rjar EM i Schweiz.<br \/>\u00a0 \u00a0&#8211; Det ska bli j\u00e4tteroligt att f\u00e5 m\u00e4ta sig med Europaeliten igen, s\u00e4ger hon till budokampsport.se.<\/strong><!--break--><\/p>\n<p>Det var under EM 2013 som Anna-Lena Olsson svarade f\u00f6r sin hittills st\u00f6rsta jodoframg\u00e5ng, d\u00e5 hon vann ett silver i mudanklassen.<\/p>\n<p>Men en envis tennisarmb\u00e5ge har h\u00e4mmat henne under de tv\u00e5 senaste \u00e5ren. Nu \u00e4r Olsson skadefri och \u00e5terigen med i landslaget som i helgen t\u00e4vlar i EM i Schweiz.<br \/>\u00a0 \u00a0&#8211; Det \u00e4r kul att f\u00e5 vara tillbaka i landslaget och f\u00f6rhoppningsvis lyckas jag g\u00f6ra ett bra EM. Det \u00e4r h\u00e5rt motst\u00e5nd med m\u00e5nga duktiga ut\u00f6vare i min klass. Jag har t\u00e4vlat de senaste tv\u00e5 \u00e5ren men inte kunnat tr\u00e4na ordentligt p\u00e5 grund av skadan. I \u00e5r \u00e4r f\u00f6rsta g\u00e5ngen jag kunnat tr\u00e4na lite mer d\u00e5 min skada blivit b\u00e4ttre. Tr\u00e4nar kortare pass men oftare och det verkar funka d\u00e5 skadan inte blir v\u00e4rre.<\/p>\n<p>Hon ber\u00e4ttar att det framf\u00f6r allt \u00e4r det sm\u00e5 detaljerna som har finslipats inf\u00f6r \u00e5rets EM.<br \/>\u00a0 \u00a0&#8211; Jag har f\u00e5tt lite mer tryck i teknikerna \u00e4n f\u00f6rr, och har jobbat mycket med sm\u00e5 enskilda tekniker. Det kanske skiljer sig lite fr\u00e5n tidigare uppladdningar. Det blir kul att se hur det g\u00e5r.<\/p>\n<p>Hon har allts\u00e5 f\u00f6rr vunnit medalj och vet vad som kommer att kr\u00e4vas f\u00f6r att g\u00f6ra det igen.<br \/>\u00a0 \u00a0&#8211; Det g\u00e4ller att h\u00e5lla nerverna under kontroll, ha lite j\u00e4klar anamma \u00a0och ha en god dagsform.\u00a0<\/p>\n<p>Svensk jodo har de senaste sex \u00e5ren vunnit 20 EM-medaljer. Anna-Lena tror det dels beror p\u00e5 en gyllene generation.<br \/>\u00a0 \u00a0&#8211; Kikar du p\u00e5 de namn som varit med \u00e4r det s\u00e5dana som Sida Yin, Jesper Waldest\u00e5l och Christian Strandberg. De \u00e4r alla otroligt duktiga och ocks\u00e5 v\u00e4ldigt aktiva. De l\u00e4r ut jodo sj\u00e4lva till andra och vi inom svensk jodo ser d\u00e5 konkret vad som beh\u00f6vs f\u00f6r att bli riktigt bra. Man kan absolut anv\u00e4nda termen gyllene generation.<br \/>\u00a0 \u00a0&#8211; Sedan har vi ocks\u00e5 Momiyama sensei som coach som leder oss med fast hand. Vi \u00e4r ett v\u00e4ldigt bra jodo-land.<\/p>\n<p><u><strong>Fakta om Anna-Lena Olsson<\/strong><\/u><br \/><strong>\u00c5lder:<\/strong> 36<br \/><strong>Jobb<\/strong>: Apotekare hos landstinget<br \/><strong>Bor:<\/strong> G\u00f6teborg<br \/><strong>Familj:<\/strong> F\u00f6rlovad med sin sambo<br \/><strong>Aktuell:<\/strong> G\u00f6r f\u00f6rsta landslagsstarten p\u00e5 tv\u00e5 \u00e5r i EM i helgen\u00a0<\/p>\n<p>Text och foto: Jonathan Broberg<\/p>\n","protected":false},"excerpt":{"rendered":"<p>Sverige \u00e4r medaljm\u00e4ssigt en stormakt inom jodo, trots att medlemsantalet [&#8230;]<\/p><br>","protected":false},"author":7,"featured_media":0,"comment_status":"closed","ping_status":"closed","sticky":false,"template":"","format":"standard","meta":{"_acf_changed":false,"footnotes":""},"categories":[1],"tags":[],"class_list":["post-5942","post","type-post","status-publish","format-standard","hentry","category-okategoriserade"],"acf":[],"yoast_head":"<!-- This site is optimized with the Yoast SEO plugin v26.8 - https:\/\/yoast.com\/product\/yoast-seo-wordpress\/ -->\n<title>Apotekaren med sikte p\u00e5 EM-medalj - Svenska Budo &amp; Kampsportsf\u00f6rbundet<\/title>\n<meta name=\"description\" content=\"Sverige \u00e4r medaljm\u00e4ssigt en stormakt inom jodo, trots att medlemsantalet de senaste sex \u00e5ren aldrig stigit \u00f6ver 80 personer. En av de som vunnit medalj,\" \/>\n<meta name=\"robots\" content=\"index, follow, max-snippet:-1, max-image-preview:large, max-video-preview:-1\" \/>\n<link rel=\"canonical\" href=\"https:\/\/www.budokampsport.se\/2016\/09\/19\/apotekaren-med-sikte-pa-em-medalj\/\" \/>\n<meta property=\"og:locale\" content=\"sv_SE\" \/>\n<meta property=\"og:type\" content=\"article\" \/>\n<meta property=\"og:title\" content=\"Apotekaren med sikte p\u00e5 EM-medalj - Svenska Budo &amp; Kampsportsf\u00f6rbundet\" \/>\n<meta property=\"og:description\" content=\"Sverige \u00e4r medaljm\u00e4ssigt en stormakt inom jodo, trots att medlemsantalet de senaste sex \u00e5ren aldrig stigit \u00f6ver 80 personer. En av de som vunnit medalj,\" \/>\n<meta property=\"og:url\" content=\"https:\/\/www.budokampsport.se\/2016\/09\/19\/apotekaren-med-sikte-pa-em-medalj\/\" \/>\n<meta property=\"og:site_name\" content=\"Svenska Budo &amp; Kampsportsf\u00f6rbundet\" \/>\n<meta property=\"article:author\" content=\"https:\/\/www.facebook.com\/jonathan.broberg.7\" \/>\n<meta property=\"article:published_time\" content=\"2016-09-19T09:35:11+00:00\" \/>\n<meta property=\"article:modified_time\" content=\"2016-12-06T21:40:28+00:00\" \/>\n<meta name=\"author\" content=\"Jonathan Broberg\" \/>\n<meta name=\"twitter:card\" content=\"summary_large_image\" \/>\n<meta name=\"twitter:label1\" content=\"Skriven av\" \/>\n\t<meta name=\"twitter:data1\" content=\"Jonathan Broberg\" \/>\n\t<meta name=\"twitter:label2\" content=\"Ber\u00e4knad l\u00e4stid\" \/>\n\t<meta name=\"twitter:data2\" content=\"2 minuter\" \/>\n<script type=\"application\/ld+json\" class=\"yoast-schema-graph\">{\"@context\":\"https:\/\/schema.org\",\"@graph\":[{\"@type\":\"Article\",\"@id\":\"https:\/\/www.budokampsport.se\/2016\/09\/19\/apotekaren-med-sikte-pa-em-medalj\/#article\",\"isPartOf\":{\"@id\":\"https:\/\/www.budokampsport.se\/2016\/09\/19\/apotekaren-med-sikte-pa-em-medalj\/\"},\"author\":{\"name\":\"Jonathan Broberg\",\"@id\":\"https:\/\/www.budokampsport.se\/#\/schema\/person\/5c06d81d14850e2a8ce5493386560145\"},\"headline\":\"Apotekaren med sikte p\u00e5 EM-medalj\",\"datePublished\":\"2016-09-19T09:35:11+00:00\",\"dateModified\":\"2016-12-06T21:40:28+00:00\",\"mainEntityOfPage\":{\"@id\":\"https:\/\/www.budokampsport.se\/2016\/09\/19\/apotekaren-med-sikte-pa-em-medalj\/\"},\"wordCount\":458,\"inLanguage\":\"sv-SE\"},{\"@type\":\"WebPage\",\"@id\":\"https:\/\/www.budokampsport.se\/2016\/09\/19\/apotekaren-med-sikte-pa-em-medalj\/\",\"url\":\"https:\/\/www.budokampsport.se\/2016\/09\/19\/apotekaren-med-sikte-pa-em-medalj\/\",\"name\":\"Apotekaren med sikte p\u00e5 EM-medalj - Svenska Budo &amp; Kampsportsf\u00f6rbundet\",\"isPartOf\":{\"@id\":\"https:\/\/www.budokampsport.se\/#website\"},\"datePublished\":\"2016-09-19T09:35:11+00:00\",\"dateModified\":\"2016-12-06T21:40:28+00:00\",\"author\":{\"@id\":\"https:\/\/www.budokampsport.se\/#\/schema\/person\/5c06d81d14850e2a8ce5493386560145\"},\"description\":\"Sverige \u00e4r medaljm\u00e4ssigt en stormakt inom jodo, trots att medlemsantalet de senaste sex \u00e5ren aldrig stigit \u00f6ver 80 personer. En av de som vunnit medalj,\",\"breadcrumb\":{\"@id\":\"https:\/\/www.budokampsport.se\/2016\/09\/19\/apotekaren-med-sikte-pa-em-medalj\/#breadcrumb\"},\"inLanguage\":\"sv-SE\",\"potentialAction\":[{\"@type\":\"ReadAction\",\"target\":[\"https:\/\/www.budokampsport.se\/2016\/09\/19\/apotekaren-med-sikte-pa-em-medalj\/\"]}]},{\"@type\":\"BreadcrumbList\",\"@id\":\"https:\/\/www.budokampsport.se\/2016\/09\/19\/apotekaren-med-sikte-pa-em-medalj\/#breadcrumb\",\"itemListElement\":[{\"@type\":\"ListItem\",\"position\":1,\"name\":\"Hem\",\"item\":\"https:\/\/www.budokampsport.se\/\"},{\"@type\":\"ListItem\",\"position\":2,\"name\":\"Apotekaren med sikte p\u00e5 EM-medalj\"}]},{\"@type\":\"WebSite\",\"@id\":\"https:\/\/www.budokampsport.se\/#website\",\"url\":\"https:\/\/www.budokampsport.se\/\",\"name\":\"Svenska Budo &amp; Kampsportsf\u00f6rbundet\",\"description\":\"T\u00e4vling, Tr\u00e4ning, Tradition\",\"potentialAction\":[{\"@type\":\"SearchAction\",\"target\":{\"@type\":\"EntryPoint\",\"urlTemplate\":\"https:\/\/www.budokampsport.se\/?s={search_term_string}\"},\"query-input\":{\"@type\":\"PropertyValueSpecification\",\"valueRequired\":true,\"valueName\":\"search_term_string\"}}],\"inLanguage\":\"sv-SE\"},{\"@type\":\"Person\",\"@id\":\"https:\/\/www.budokampsport.se\/#\/schema\/person\/5c06d81d14850e2a8ce5493386560145\",\"name\":\"Jonathan Broberg\",\"image\":{\"@type\":\"ImageObject\",\"inLanguage\":\"sv-SE\",\"@id\":\"https:\/\/www.budokampsport.se\/#\/schema\/person\/image\/\",\"url\":\"https:\/\/secure.gravatar.com\/avatar\/a58041c6cea9128bd9c40ee2f26d4136?s=96&d=blank&r=g\",\"contentUrl\":\"https:\/\/secure.gravatar.com\/avatar\/a58041c6cea9128bd9c40ee2f26d4136?s=96&d=blank&r=g\",\"caption\":\"Jonathan Broberg\"},\"sameAs\":[\"https:\/\/www.facebook.com\/jonathan.broberg.7\"],\"url\":\"https:\/\/www.budokampsport.se\/author\/jonathan\/\"}]}<\/script>\n<!-- \/ Yoast SEO plugin. -->","yoast_head_json":{"title":"Apotekaren med sikte p\u00e5 EM-medalj - Svenska Budo &amp; Kampsportsf\u00f6rbundet","description":"Sverige \u00e4r medaljm\u00e4ssigt en stormakt inom jodo, trots att medlemsantalet de senaste sex \u00e5ren aldrig stigit \u00f6ver 80 personer. En av de som vunnit medalj,","robots":{"index":"index","follow":"follow","max-snippet":"max-snippet:-1","max-image-preview":"max-image-preview:large","max-video-preview":"max-video-preview:-1"},"canonical":"https:\/\/www.budokampsport.se\/2016\/09\/19\/apotekaren-med-sikte-pa-em-medalj\/","og_locale":"sv_SE","og_type":"article","og_title":"Apotekaren med sikte p\u00e5 EM-medalj - Svenska Budo &amp; Kampsportsf\u00f6rbundet","og_description":"Sverige \u00e4r medaljm\u00e4ssigt en stormakt inom jodo, trots att medlemsantalet de senaste sex \u00e5ren aldrig stigit \u00f6ver 80 personer. En av de som vunnit medalj,","og_url":"https:\/\/www.budokampsport.se\/2016\/09\/19\/apotekaren-med-sikte-pa-em-medalj\/","og_site_name":"Svenska Budo &amp; Kampsportsf\u00f6rbundet","article_author":"https:\/\/www.facebook.com\/jonathan.broberg.7","article_published_time":"2016-09-19T09:35:11+00:00","article_modified_time":"2016-12-06T21:40:28+00:00","author":"Jonathan Broberg","twitter_card":"summary_large_image","twitter_misc":{"Skriven av":"Jonathan Broberg","Ber\u00e4knad l\u00e4stid":"2 minuter"},"schema":{"@context":"https:\/\/schema.org","@graph":[{"@type":"Article","@id":"https:\/\/www.budokampsport.se\/2016\/09\/19\/apotekaren-med-sikte-pa-em-medalj\/#article","isPartOf":{"@id":"https:\/\/www.budokampsport.se\/2016\/09\/19\/apotekaren-med-sikte-pa-em-medalj\/"},"author":{"name":"Jonathan Broberg","@id":"https:\/\/www.budokampsport.se\/#\/schema\/person\/5c06d81d14850e2a8ce5493386560145"},"headline":"Apotekaren med sikte p\u00e5 EM-medalj","datePublished":"2016-09-19T09:35:11+00:00","dateModified":"2016-12-06T21:40:28+00:00","mainEntityOfPage":{"@id":"https:\/\/www.budokampsport.se\/2016\/09\/19\/apotekaren-med-sikte-pa-em-medalj\/"},"wordCount":458,"inLanguage":"sv-SE"},{"@type":"WebPage","@id":"https:\/\/www.budokampsport.se\/2016\/09\/19\/apotekaren-med-sikte-pa-em-medalj\/","url":"https:\/\/www.budokampsport.se\/2016\/09\/19\/apotekaren-med-sikte-pa-em-medalj\/","name":"Apotekaren med sikte p\u00e5 EM-medalj - Svenska Budo &amp; Kampsportsf\u00f6rbundet","isPartOf":{"@id":"https:\/\/www.budokampsport.se\/#website"},"datePublished":"2016-09-19T09:35:11+00:00","dateModified":"2016-12-06T21:40:28+00:00","author":{"@id":"https:\/\/www.budokampsport.se\/#\/schema\/person\/5c06d81d14850e2a8ce5493386560145"},"description":"Sverige \u00e4r medaljm\u00e4ssigt en stormakt inom jodo, trots att medlemsantalet de senaste sex \u00e5ren aldrig stigit \u00f6ver 80 personer. En av de som vunnit medalj,","breadcrumb":{"@id":"https:\/\/www.budokampsport.se\/2016\/09\/19\/apotekaren-med-sikte-pa-em-medalj\/#breadcrumb"},"inLanguage":"sv-SE","potentialAction":[{"@type":"ReadAction","target":["https:\/\/www.budokampsport.se\/2016\/09\/19\/apotekaren-med-sikte-pa-em-medalj\/"]}]},{"@type":"BreadcrumbList","@id":"https:\/\/www.budokampsport.se\/2016\/09\/19\/apotekaren-med-sikte-pa-em-medalj\/#breadcrumb","itemListElement":[{"@type":"ListItem","position":1,"name":"Hem","item":"https:\/\/www.budokampsport.se\/"},{"@type":"ListItem","position":2,"name":"Apotekaren med sikte p\u00e5 EM-medalj"}]},{"@type":"WebSite","@id":"https:\/\/www.budokampsport.se\/#website","url":"https:\/\/www.budokampsport.se\/","name":"Svenska Budo &amp; Kampsportsf\u00f6rbundet","description":"T\u00e4vling, Tr\u00e4ning, Tradition","potentialAction":[{"@type":"SearchAction","target":{"@type":"EntryPoint","urlTemplate":"https:\/\/www.budokampsport.se\/?s={search_term_string}"},"query-input":{"@type":"PropertyValueSpecification","valueRequired":true,"valueName":"search_term_string"}}],"inLanguage":"sv-SE"},{"@type":"Person","@id":"https:\/\/www.budokampsport.se\/#\/schema\/person\/5c06d81d14850e2a8ce5493386560145","name":"Jonathan Broberg","image":{"@type":"ImageObject","inLanguage":"sv-SE","@id":"https:\/\/www.budokampsport.se\/#\/schema\/person\/image\/","url":"https:\/\/secure.gravatar.com\/avatar\/a58041c6cea9128bd9c40ee2f26d4136?s=96&d=blank&r=g","contentUrl":"https:\/\/secure.gravatar.com\/avatar\/a58041c6cea9128bd9c40ee2f26d4136?s=96&d=blank&r=g","caption":"Jonathan Broberg"},"sameAs":["https:\/\/www.facebook.com\/jonathan.broberg.7"],"url":"https:\/\/www.budokampsport.se\/author\/jonathan\/"}]}},"_links":{"self":[{"href":"https:\/\/www.budokampsport.se\/api\/wp\/v2\/posts\/5942","targetHints":{"allow":["GET"]}}],"collection":[{"href":"https:\/\/www.budokampsport.se\/api\/wp\/v2\/posts"}],"about":[{"href":"https:\/\/www.budokampsport.se\/api\/wp\/v2\/types\/post"}],"author":[{"embeddable":true,"href":"https:\/\/www.budokampsport.se\/api\/wp\/v2\/users\/7"}],"replies":[{"embeddable":true,"href":"https:\/\/www.budokampsport.se\/api\/wp\/v2\/comments?post=5942"}],"version-history":[{"count":0,"href":"https:\/\/www.budokampsport.se\/api\/wp\/v2\/posts\/5942\/revisions"}],"wp:attachment":[{"href":"https:\/\/www.budokampsport.se\/api\/wp\/v2\/media?parent=5942"}],"wp:term":[{"taxonomy":"category","embeddable":true,"href":"https:\/\/www.budokampsport.se\/api\/wp\/v2\/categories?post=5942"},{"taxonomy":"post_tag","embeddable":true,"href":"https:\/\/www.budokampsport.se\/api\/wp\/v2\/tags?post=5942"}],"curies":[{"name":"wp","href":"https:\/\/api.w.org\/{rel}","templated":true}]}}