{"id":5946,"date":"2016-09-21T09:29:35","date_gmt":"2016-09-21T07:29:35","guid":{"rendered":"http:\/\/budo.wordpress.dev\/2016\/09\/21\/svenska-storstjarnan-om-vm-pa-hemmaplan\/"},"modified":"2016-12-06T22:40:29","modified_gmt":"2016-12-06T21:40:29","slug":"svenska-storstjarnan-om-vm-pa-hemmaplan","status":"publish","type":"post","link":"https:\/\/www.budokampsport.se\/2016\/09\/21\/svenska-storstjarnan-om-vm-pa-hemmaplan\/","title":{"rendered":"Svenska storstj\u00e4rnan om VM p\u00e5 hemmaplan"},"content":{"rendered":"<p><strong><img decoding=\"async\" alt=\"\" src=\"\/sites\/default\/files\/fredrik_guld.gif\" style=\"height:290px; width:435px\"><br \/>I morse kom beskedet om att Sverige f\u00e5r arrangera VM i jujutsu 2018. N\u00e5got som sannerligen gl\u00e4djer den svenska v\u00e4rldsstj\u00e4rnan Fredrik Widgren.<br \/>\u00a0\u00a0 &#8211; Det \u00e4r fanstatiskt kul att vi fick VM hit, s\u00e4ger han till budokampsport.se.<\/strong><!--break--><\/p>\n<p>Fredrik Widgren,22, \u00e4r Sveriges st\u00f6rsta jujutsustj\u00e4rna p\u00e5 herrsidan och har vunnit tre VM-medaljer f\u00f6rut. Han blev mycket glad \u00f6ver beskedet att Sverige f\u00e5r arrangera VM p\u00e5 hemmaplan, i Malm\u00f6.<br \/>\u00a0\u00a0 &#8211; Jag s\u00e5g det i morse och blev v\u00e4ldigt glad. Jag vet hur mycket jobb Micke och Emil har lagt ner p\u00e5 detta.<\/p>\n<p>2008 arrangerades VM i jujutsu i Sverige senast. D\u00e5 var Widgren 14 \u00e5r gammal.<br \/>\u00a0\u00a0 &#8211; Jag minns att jag satt hemma och kollade VM p\u00e5 datorn. Helt klart, ett VM p\u00e5 hemmaplan \u00e4r n\u00e5got speciellt. Jag \u00e4r j\u00e4tteglad f\u00f6r att vi har f\u00e5tt VM hit och jag tror att det blir v\u00e4ldigt bra f\u00f6r svensk jujutsu. Vi f\u00e5r chansen att visa upp hos h\u00e4r hemma. Det \u00e4r coolt.<\/p>\n<p><img decoding=\"async\" alt=\"\" src=\"\/sites\/default\/files\/fredrik_1.gif\" style=\"height:290px; width:435px\"><\/p>\n<p>Text och foto: Jonathan Broberg<\/p>\n","protected":false},"excerpt":{"rendered":"<p>I morse kom beskedet om att Sverige f\u00e5r arrangera VM [&#8230;]<\/p><br>","protected":false},"author":7,"featured_media":0,"comment_status":"closed","ping_status":"closed","sticky":false,"template":"","format":"standard","meta":{"_acf_changed":false,"footnotes":""},"categories":[1],"tags":[],"class_list":["post-5946","post","type-post","status-publish","format-standard","hentry","category-okategoriserade"],"acf":[],"yoast_head":"<!-- This site is optimized with the Yoast SEO plugin v26.8 - https:\/\/yoast.com\/product\/yoast-seo-wordpress\/ -->\n<title>Svenska storstj\u00e4rnan om VM p\u00e5 hemmaplan - Svenska Budo &amp; Kampsportsf\u00f6rbundet<\/title>\n<meta name=\"description\" content=\"I morse kom beskedet om att Sverige f\u00e5r arrangera VM i jujutsu 2018. N\u00e5got som sannerligen gl\u00e4djer den svenska v\u00e4rldsstj\u00e4rnan Fredrik Widgren.\u00a0\u00a0 - Det \u00e4r\" \/>\n<meta name=\"robots\" content=\"index, follow, max-snippet:-1, max-image-preview:large, max-video-preview:-1\" \/>\n<link rel=\"canonical\" href=\"https:\/\/www.budokampsport.se\/2016\/09\/21\/svenska-storstjarnan-om-vm-pa-hemmaplan\/\" \/>\n<meta property=\"og:locale\" content=\"sv_SE\" \/>\n<meta property=\"og:type\" content=\"article\" \/>\n<meta property=\"og:title\" content=\"Svenska storstj\u00e4rnan om VM p\u00e5 hemmaplan - Svenska Budo &amp; Kampsportsf\u00f6rbundet\" \/>\n<meta property=\"og:description\" content=\"I morse kom beskedet om att Sverige f\u00e5r arrangera VM i jujutsu 2018. N\u00e5got som sannerligen gl\u00e4djer den svenska v\u00e4rldsstj\u00e4rnan Fredrik Widgren.\u00a0\u00a0 - Det \u00e4r\" \/>\n<meta property=\"og:url\" content=\"https:\/\/www.budokampsport.se\/2016\/09\/21\/svenska-storstjarnan-om-vm-pa-hemmaplan\/\" \/>\n<meta property=\"og:site_name\" content=\"Svenska Budo &amp; Kampsportsf\u00f6rbundet\" \/>\n<meta property=\"article:author\" content=\"https:\/\/www.facebook.com\/jonathan.broberg.7\" \/>\n<meta property=\"article:published_time\" content=\"2016-09-21T07:29:35+00:00\" \/>\n<meta property=\"article:modified_time\" content=\"2016-12-06T21:40:29+00:00\" \/>\n<meta name=\"author\" content=\"Jonathan Broberg\" \/>\n<meta name=\"twitter:card\" content=\"summary_large_image\" \/>\n<meta name=\"twitter:label1\" content=\"Skriven av\" \/>\n\t<meta name=\"twitter:data1\" content=\"Jonathan Broberg\" \/>\n\t<meta name=\"twitter:label2\" content=\"Ber\u00e4knad l\u00e4stid\" \/>\n\t<meta name=\"twitter:data2\" content=\"1 minut\" \/>\n<script type=\"application\/ld+json\" class=\"yoast-schema-graph\">{\"@context\":\"https:\/\/schema.org\",\"@graph\":[{\"@type\":\"Article\",\"@id\":\"https:\/\/www.budokampsport.se\/2016\/09\/21\/svenska-storstjarnan-om-vm-pa-hemmaplan\/#article\",\"isPartOf\":{\"@id\":\"https:\/\/www.budokampsport.se\/2016\/09\/21\/svenska-storstjarnan-om-vm-pa-hemmaplan\/\"},\"author\":{\"name\":\"Jonathan Broberg\",\"@id\":\"https:\/\/www.budokampsport.se\/#\/schema\/person\/5c06d81d14850e2a8ce5493386560145\"},\"headline\":\"Svenska storstj\u00e4rnan om VM p\u00e5 hemmaplan\",\"datePublished\":\"2016-09-21T07:29:35+00:00\",\"dateModified\":\"2016-12-06T21:40:29+00:00\",\"mainEntityOfPage\":{\"@id\":\"https:\/\/www.budokampsport.se\/2016\/09\/21\/svenska-storstjarnan-om-vm-pa-hemmaplan\/\"},\"wordCount\":186,\"inLanguage\":\"sv-SE\"},{\"@type\":\"WebPage\",\"@id\":\"https:\/\/www.budokampsport.se\/2016\/09\/21\/svenska-storstjarnan-om-vm-pa-hemmaplan\/\",\"url\":\"https:\/\/www.budokampsport.se\/2016\/09\/21\/svenska-storstjarnan-om-vm-pa-hemmaplan\/\",\"name\":\"Svenska storstj\u00e4rnan om VM p\u00e5 hemmaplan - Svenska Budo &amp; Kampsportsf\u00f6rbundet\",\"isPartOf\":{\"@id\":\"https:\/\/www.budokampsport.se\/#website\"},\"datePublished\":\"2016-09-21T07:29:35+00:00\",\"dateModified\":\"2016-12-06T21:40:29+00:00\",\"author\":{\"@id\":\"https:\/\/www.budokampsport.se\/#\/schema\/person\/5c06d81d14850e2a8ce5493386560145\"},\"description\":\"I morse kom beskedet om att Sverige f\u00e5r arrangera VM i jujutsu 2018. N\u00e5got som sannerligen gl\u00e4djer den svenska v\u00e4rldsstj\u00e4rnan Fredrik Widgren.\u00a0\u00a0 - Det \u00e4r\",\"breadcrumb\":{\"@id\":\"https:\/\/www.budokampsport.se\/2016\/09\/21\/svenska-storstjarnan-om-vm-pa-hemmaplan\/#breadcrumb\"},\"inLanguage\":\"sv-SE\",\"potentialAction\":[{\"@type\":\"ReadAction\",\"target\":[\"https:\/\/www.budokampsport.se\/2016\/09\/21\/svenska-storstjarnan-om-vm-pa-hemmaplan\/\"]}]},{\"@type\":\"BreadcrumbList\",\"@id\":\"https:\/\/www.budokampsport.se\/2016\/09\/21\/svenska-storstjarnan-om-vm-pa-hemmaplan\/#breadcrumb\",\"itemListElement\":[{\"@type\":\"ListItem\",\"position\":1,\"name\":\"Hem\",\"item\":\"https:\/\/www.budokampsport.se\/\"},{\"@type\":\"ListItem\",\"position\":2,\"name\":\"Svenska storstj\u00e4rnan om VM p\u00e5 hemmaplan\"}]},{\"@type\":\"WebSite\",\"@id\":\"https:\/\/www.budokampsport.se\/#website\",\"url\":\"https:\/\/www.budokampsport.se\/\",\"name\":\"Svenska Budo &amp; Kampsportsf\u00f6rbundet\",\"description\":\"T\u00e4vling, Tr\u00e4ning, Tradition\",\"potentialAction\":[{\"@type\":\"SearchAction\",\"target\":{\"@type\":\"EntryPoint\",\"urlTemplate\":\"https:\/\/www.budokampsport.se\/?s={search_term_string}\"},\"query-input\":{\"@type\":\"PropertyValueSpecification\",\"valueRequired\":true,\"valueName\":\"search_term_string\"}}],\"inLanguage\":\"sv-SE\"},{\"@type\":\"Person\",\"@id\":\"https:\/\/www.budokampsport.se\/#\/schema\/person\/5c06d81d14850e2a8ce5493386560145\",\"name\":\"Jonathan Broberg\",\"image\":{\"@type\":\"ImageObject\",\"inLanguage\":\"sv-SE\",\"@id\":\"https:\/\/www.budokampsport.se\/#\/schema\/person\/image\/\",\"url\":\"https:\/\/secure.gravatar.com\/avatar\/a58041c6cea9128bd9c40ee2f26d4136?s=96&d=blank&r=g\",\"contentUrl\":\"https:\/\/secure.gravatar.com\/avatar\/a58041c6cea9128bd9c40ee2f26d4136?s=96&d=blank&r=g\",\"caption\":\"Jonathan Broberg\"},\"sameAs\":[\"https:\/\/www.facebook.com\/jonathan.broberg.7\"],\"url\":\"https:\/\/www.budokampsport.se\/author\/jonathan\/\"}]}<\/script>\n<!-- \/ Yoast SEO plugin. -->","yoast_head_json":{"title":"Svenska storstj\u00e4rnan om VM p\u00e5 hemmaplan - Svenska Budo &amp; Kampsportsf\u00f6rbundet","description":"I morse kom beskedet om att Sverige f\u00e5r arrangera VM i jujutsu 2018. N\u00e5got som sannerligen gl\u00e4djer den svenska v\u00e4rldsstj\u00e4rnan Fredrik Widgren.\u00a0\u00a0 - Det \u00e4r","robots":{"index":"index","follow":"follow","max-snippet":"max-snippet:-1","max-image-preview":"max-image-preview:large","max-video-preview":"max-video-preview:-1"},"canonical":"https:\/\/www.budokampsport.se\/2016\/09\/21\/svenska-storstjarnan-om-vm-pa-hemmaplan\/","og_locale":"sv_SE","og_type":"article","og_title":"Svenska storstj\u00e4rnan om VM p\u00e5 hemmaplan - Svenska Budo &amp; Kampsportsf\u00f6rbundet","og_description":"I morse kom beskedet om att Sverige f\u00e5r arrangera VM i jujutsu 2018. N\u00e5got som sannerligen gl\u00e4djer den svenska v\u00e4rldsstj\u00e4rnan Fredrik Widgren.\u00a0\u00a0 - Det \u00e4r","og_url":"https:\/\/www.budokampsport.se\/2016\/09\/21\/svenska-storstjarnan-om-vm-pa-hemmaplan\/","og_site_name":"Svenska Budo &amp; Kampsportsf\u00f6rbundet","article_author":"https:\/\/www.facebook.com\/jonathan.broberg.7","article_published_time":"2016-09-21T07:29:35+00:00","article_modified_time":"2016-12-06T21:40:29+00:00","author":"Jonathan Broberg","twitter_card":"summary_large_image","twitter_misc":{"Skriven av":"Jonathan Broberg","Ber\u00e4knad l\u00e4stid":"1 minut"},"schema":{"@context":"https:\/\/schema.org","@graph":[{"@type":"Article","@id":"https:\/\/www.budokampsport.se\/2016\/09\/21\/svenska-storstjarnan-om-vm-pa-hemmaplan\/#article","isPartOf":{"@id":"https:\/\/www.budokampsport.se\/2016\/09\/21\/svenska-storstjarnan-om-vm-pa-hemmaplan\/"},"author":{"name":"Jonathan Broberg","@id":"https:\/\/www.budokampsport.se\/#\/schema\/person\/5c06d81d14850e2a8ce5493386560145"},"headline":"Svenska storstj\u00e4rnan om VM p\u00e5 hemmaplan","datePublished":"2016-09-21T07:29:35+00:00","dateModified":"2016-12-06T21:40:29+00:00","mainEntityOfPage":{"@id":"https:\/\/www.budokampsport.se\/2016\/09\/21\/svenska-storstjarnan-om-vm-pa-hemmaplan\/"},"wordCount":186,"inLanguage":"sv-SE"},{"@type":"WebPage","@id":"https:\/\/www.budokampsport.se\/2016\/09\/21\/svenska-storstjarnan-om-vm-pa-hemmaplan\/","url":"https:\/\/www.budokampsport.se\/2016\/09\/21\/svenska-storstjarnan-om-vm-pa-hemmaplan\/","name":"Svenska storstj\u00e4rnan om VM p\u00e5 hemmaplan - Svenska Budo &amp; Kampsportsf\u00f6rbundet","isPartOf":{"@id":"https:\/\/www.budokampsport.se\/#website"},"datePublished":"2016-09-21T07:29:35+00:00","dateModified":"2016-12-06T21:40:29+00:00","author":{"@id":"https:\/\/www.budokampsport.se\/#\/schema\/person\/5c06d81d14850e2a8ce5493386560145"},"description":"I morse kom beskedet om att Sverige f\u00e5r arrangera VM i jujutsu 2018. N\u00e5got som sannerligen gl\u00e4djer den svenska v\u00e4rldsstj\u00e4rnan Fredrik Widgren.\u00a0\u00a0 - Det \u00e4r","breadcrumb":{"@id":"https:\/\/www.budokampsport.se\/2016\/09\/21\/svenska-storstjarnan-om-vm-pa-hemmaplan\/#breadcrumb"},"inLanguage":"sv-SE","potentialAction":[{"@type":"ReadAction","target":["https:\/\/www.budokampsport.se\/2016\/09\/21\/svenska-storstjarnan-om-vm-pa-hemmaplan\/"]}]},{"@type":"BreadcrumbList","@id":"https:\/\/www.budokampsport.se\/2016\/09\/21\/svenska-storstjarnan-om-vm-pa-hemmaplan\/#breadcrumb","itemListElement":[{"@type":"ListItem","position":1,"name":"Hem","item":"https:\/\/www.budokampsport.se\/"},{"@type":"ListItem","position":2,"name":"Svenska storstj\u00e4rnan om VM p\u00e5 hemmaplan"}]},{"@type":"WebSite","@id":"https:\/\/www.budokampsport.se\/#website","url":"https:\/\/www.budokampsport.se\/","name":"Svenska Budo &amp; Kampsportsf\u00f6rbundet","description":"T\u00e4vling, Tr\u00e4ning, Tradition","potentialAction":[{"@type":"SearchAction","target":{"@type":"EntryPoint","urlTemplate":"https:\/\/www.budokampsport.se\/?s={search_term_string}"},"query-input":{"@type":"PropertyValueSpecification","valueRequired":true,"valueName":"search_term_string"}}],"inLanguage":"sv-SE"},{"@type":"Person","@id":"https:\/\/www.budokampsport.se\/#\/schema\/person\/5c06d81d14850e2a8ce5493386560145","name":"Jonathan Broberg","image":{"@type":"ImageObject","inLanguage":"sv-SE","@id":"https:\/\/www.budokampsport.se\/#\/schema\/person\/image\/","url":"https:\/\/secure.gravatar.com\/avatar\/a58041c6cea9128bd9c40ee2f26d4136?s=96&d=blank&r=g","contentUrl":"https:\/\/secure.gravatar.com\/avatar\/a58041c6cea9128bd9c40ee2f26d4136?s=96&d=blank&r=g","caption":"Jonathan Broberg"},"sameAs":["https:\/\/www.facebook.com\/jonathan.broberg.7"],"url":"https:\/\/www.budokampsport.se\/author\/jonathan\/"}]}},"_links":{"self":[{"href":"https:\/\/www.budokampsport.se\/api\/wp\/v2\/posts\/5946","targetHints":{"allow":["GET"]}}],"collection":[{"href":"https:\/\/www.budokampsport.se\/api\/wp\/v2\/posts"}],"about":[{"href":"https:\/\/www.budokampsport.se\/api\/wp\/v2\/types\/post"}],"author":[{"embeddable":true,"href":"https:\/\/www.budokampsport.se\/api\/wp\/v2\/users\/7"}],"replies":[{"embeddable":true,"href":"https:\/\/www.budokampsport.se\/api\/wp\/v2\/comments?post=5946"}],"version-history":[{"count":0,"href":"https:\/\/www.budokampsport.se\/api\/wp\/v2\/posts\/5946\/revisions"}],"wp:attachment":[{"href":"https:\/\/www.budokampsport.se\/api\/wp\/v2\/media?parent=5946"}],"wp:term":[{"taxonomy":"category","embeddable":true,"href":"https:\/\/www.budokampsport.se\/api\/wp\/v2\/categories?post=5946"},{"taxonomy":"post_tag","embeddable":true,"href":"https:\/\/www.budokampsport.se\/api\/wp\/v2\/tags?post=5946"}],"curies":[{"name":"wp","href":"https:\/\/api.w.org\/{rel}","templated":true}]}}